{"id":914061,"date":"2020-03-25T15:54:36","date_gmt":"2020-03-25T14:54:36","guid":{"rendered":"https:\/\/www.varesenews.it\/?p=914061"},"modified":"2020-03-25T15:59:44","modified_gmt":"2020-03-25T14:59:44","slug":"gia-875-pratiche-la-cassa-integrazione-salviamo-le-pmi","status":"publish","type":"post","link":"https:\/\/staging.varesenews.it\/2020\/03\/gia-875-pratiche-la-cassa-integrazione-salviamo-le-pmi\/914061\/","title":{"rendered":"Gi\u00e0 875 pratiche per la cassa integrazione. &#8220;Salviamo le pmi&#8221;"},"content":{"rendered":"<p>\u00abDa domani tutto cambier\u00e0, niente sar\u00e0 pi\u00f9 come prima. Per le nostre vite, ma questa \u00e8 una condizione che sperimentiamo da oltre un mese, e per il nostro sistema economico, composto perlopi\u00f9 da piccole e medie imprese che dovranno sospendere la produzione per rispettare le prescrizioni del Governo\u00bb. Una svolta. Di pi\u00f9, una \u201cinversione a u\u201d, al di l\u00e0 della quale il <strong>direttore generale<\/strong> di <strong>Confartigianato Varese<\/strong>, <strong>Mauro Colombo <\/strong>(Foto), fatica a vedere con chiarezza un orizzonte che cela rischi gravissimi: \u00abMolti analisti economici stimano che il <strong>70% delle Pmi<\/strong> <strong>italiane<\/strong> sar\u00e0 a rischio default, con conseguenze terribili su occupazione, benessere e risorse per la collettivit\u00e0\u00bb.<\/p>\n<p>I numeri certificano la gravit\u00e0 della situazione in provincia di Varese, un territorio ricco grazie alla <strong>50,1 imprese a chilometro quadrato<\/strong> contro le 34,2 in Lombardia e le 17,1 italiane. Delle quasi <strong>70mila attivit\u00e0 registrate<\/strong>, quelle micro costituiscono il <strong>94% del totale e occupano il 45% degli addetti.<\/strong> Allargando il perimetro fino a 5<strong>0 dipendenti, la percentuale raggiunge il 99%<\/strong>. \u00abEcco spiegato il motivo dei nostri timori: questo virus, oltre che intaccare il bene pi\u00f9 prezioso per ciascuno, ovvero la salute, rischia di erodere una immensa ricchezza di professionalit\u00e0, saper fare, responsabilit\u00e0 e occupazione\u00bb. Colombo non vuole raccogliere macerie: l\u2019estate non dovr\u00e0 trascorrere nel disarmo ma servir\u00e0 un impegno collettivo finalizzato a ricostruire un tessuto che, nel frattempo, \u00abf<strong>aremo di tutto per mantenere sano\u00bb<\/strong>. Prosegue il direttore generale di Confartigianato Varese: \u00abL\u2019emergenza non finir\u00e0 con il Coronavirus ma proseguir\u00e0 a lungo. Sono necessari, pertanto, interventi urgenti e rilevanti da concordare con <strong>l\u2019Eurozona<\/strong>. Da sola l\u2019Italia non sar\u00e0 in grado di affrontare tutto questo\u00bb.<\/p>\n<p>Queste le politiche a sostegno dell\u2019economia che chiediamo: &#8211; attivazione di misure straordinarie di credito garantite dallo Stato per la liquidit\u00e0 delle imprese per fronteggiare la situazione attuale &#8211; sospensione di tutti i versamenti fiscali e contributivi per tutte le imprese anche sopra il <strong>2 milioni di euro di fatturato<\/strong> e adozione per tutti di misure di decontribuzione e di riduzione degli impatti fiscali per tutto il 2020 restante &#8211; <strong>aumentare le risorse a disposizione degli ammortizzatori sociali<\/strong>, semplificando le procedure di accesso e rinnovo, per sostenere li posti di lavoro nelle imprese.<\/p>\n<p>L\u2019urgenza della situazione lo testimoniano le<strong> pratiche Fsba<\/strong> (Fondo di solidariet\u00e0 bilaterale per l&#8217;artigianato, la \u201c<strong>cassa integrazione dell\u2019artigianato<\/strong>\u201d) gi\u00e0 salite a quota <strong>875 in provincia, per un totale di 3.337 lavoratori:<\/strong> \u00abA ciascuno di questi numeri \u2013 rammenta Colombo \u2013 corrisponde una realt\u00e0 economica connessa con le altre, a ogni l<strong>avoratore corrisponde una famiglia<\/strong> e, ad ogni famiglia, corrispondono altre persone che da essa dipendono\u00bb.<\/p>\n<p>Una catena che nell\u2019ordinariet\u00e0 si fatica e individuare ma che, nella straordinariet\u00e0 del <strong>Coronavirus<\/strong>, rischia di rompersi producendo danni incalcolabili: \u00ab<strong>Per questo dobbiamo sostenere le aziende chiuse e preoccuparci<\/strong> di quelle che proseguiranno <strong>ad operare<\/strong> per assicurare la continuit\u00e0 dei servizi indispensabili a ciascuno di noi\u00bb.<\/p>\n<p><strong>Confartigianato Varese<\/strong> si \u00e8 data questo obiettivo: tutelare la salute dell\u2019economia per il bene del nostro territorio: \u00ab<strong>Con i nostri operatori, 230 persone distribuite tra smart working e presenza minima necessaria nelle sei sedi principali, siamo fianco a fianco da settimane con le imprese e i loro lavoratori<\/strong>, con tutte le nostre forze e i mezzi a disposizione. Mezzi gi\u00e0 utilizzati e strumenti nuovi, da sperimentare, decisivi per fronteggiare l\u2019emergenza\u00bb. \u00abE\u2019 il momento come Confartigianato della massima operativit\u00e0 ma anche della solidariet\u00e0, della comunit\u00e0 e del nostro essere punto di riferimento e guida non solo per le imprese, ma anche per le persone che vi operano e per le quali chi continuer\u00e0 a lavorare sta responsabilmente adottando, insieme a noi, tutte le misure di sicurezza indispensabili ad affrontare il Covid-19\u00bb.<\/p>\n<p>Colombo avverte l\u2019importanza del ruolo e del momento: \u00ab<strong>Salvaguardare le imprese che lavorano, e quelle che da domani dovranno fermarsi, \u00e8 un impegno che ci assumiamo nel massimo della consapevolezza<\/strong>. Nessuno, in questo frangente, deve restare solo\u00bb. Si spera che tutti possano fermarsi con l\u2019obiettivo di ripartire o che riescano a proseguire nel lavoro in un contesto di massima sicurezza: la posta in gioco \u00e8 la salute degli imprenditori, dei loro familiari e di lavoratori che in molte aziende sono amici, componenti di una stessa grande famiglia imprenditoriale. Una famiglia da proteggere, da ora in poi, con sempre maggiore convinzione.<\/p>\n","protected":false},"excerpt":{"rendered":"<p>Colombo (Coonfartigianato): \u00abSalvaguardare le imprese che lavorano e quelle che da domani dovranno fermarsi \u00e8 un impegno che ci assumiamo nel massimo della consapevolezza\u00bb<\/p>\n","protected":false},"author":45,"featured_media":0,"comment_status":"open","ping_status":"open","sticky":false,"template":"","format":"standard","meta":{"footnotes":""},"categories":[4,3,5,2],"tags":[562,103242],"acf":[],"yoast_head":"<!-- This site is optimized with the Yoast SEO plugin v20.1 - https:\/\/yoast.com\/wordpress\/plugins\/seo\/ -->\n<title>Gi\u00e0 875 pratiche per la cassa integrazione. &quot;Salviamo le pmi&quot;<\/title>\n<meta name=\"description\" content=\"Colombo (Coonfartigianato): \u00abSalvaguardare le imprese che lavorano e quelle che da domani dovranno fermarsi \u00e8 un impegno che ci assumiamo nel massimo della consapevolezza\u00bb\" \/>\n<meta name=\"robots\" content=\"noindex, follow, max-snippet:-1, max-image-preview:large, max-video-preview:-1\" \/>\n<meta property=\"og:locale\" content=\"it_IT\" \/>\n<meta property=\"og:type\" content=\"article\" \/>\n<meta property=\"og:title\" content=\"Gi\u00e0 875 pratiche per la cassa integrazione. &quot;Salviamo le pmi&quot;\" \/>\n<meta property=\"og:description\" content=\"Colombo (Coonfartigianato): \u00abSalvaguardare le imprese che lavorano e quelle che da domani dovranno fermarsi \u00e8 un impegno che ci assumiamo nel massimo della consapevolezza\u00bb\" \/>\n<meta property=\"og:url\" content=\"https:\/\/staging.varesenews.it\/2020\/03\/gia-875-pratiche-la-cassa-integrazione-salviamo-le-pmi\/914061\/\" \/>\n<meta property=\"og:site_name\" content=\"VareseNews\" \/>\n<meta property=\"article:publisher\" content=\"https:\/\/www.facebook.com\/varesenews\" \/>\n<meta property=\"article:author\" content=\"https:\/\/www.facebook.com\/michele.mancino.5\" \/>\n<meta property=\"article:published_time\" content=\"2020-03-25T14:54:36+00:00\" \/>\n<meta property=\"article:modified_time\" content=\"2020-03-25T14:59:44+00:00\" \/>\n<meta name=\"author\" content=\"Michele Mancino\" \/>\n<meta name=\"twitter:card\" content=\"summary_large_image\" \/>\n<meta name=\"twitter:creator\" content=\"@micmancio\" \/>\n<meta name=\"twitter:site\" content=\"@varesenews\" \/>\n<meta name=\"twitter:label1\" content=\"Scritto da\" \/>\n\t<meta name=\"twitter:data1\" content=\"Michele Mancino\" \/>\n\t<meta name=\"twitter:label2\" content=\"Tempo di lettura stimato\" \/>\n\t<meta name=\"twitter:data2\" content=\"3 minuti\" \/>\n<script type=\"application\/ld+json\" class=\"yoast-schema-graph\">{\"@context\":\"https:\/\/schema.org\",\"@graph\":[{\"@type\":\"WebPage\",\"@id\":\"https:\/\/staging.varesenews.it\/2020\/03\/gia-875-pratiche-la-cassa-integrazione-salviamo-le-pmi\/914061\/\",\"url\":\"https:\/\/staging.varesenews.it\/2020\/03\/gia-875-pratiche-la-cassa-integrazione-salviamo-le-pmi\/914061\/\",\"name\":\"Gi\u00e0 875 pratiche per la cassa integrazione. \\\"Salviamo le pmi\\\"\",\"isPartOf\":{\"@id\":\"https:\/\/staging.varesenews.it\/#website\"},\"datePublished\":\"2020-03-25T14:54:36+00:00\",\"dateModified\":\"2020-03-25T14:59:44+00:00\",\"author\":{\"@id\":\"https:\/\/staging.varesenews.it\/#\/schema\/person\/308b491d3cb680ead199e5ff6c6ce540\"},\"description\":\"Colombo (Coonfartigianato): \u00abSalvaguardare le imprese che lavorano e quelle che da domani dovranno fermarsi \u00e8 un impegno che ci assumiamo nel massimo della consapevolezza\u00bb\",\"breadcrumb\":{\"@id\":\"https:\/\/staging.varesenews.it\/2020\/03\/gia-875-pratiche-la-cassa-integrazione-salviamo-le-pmi\/914061\/#breadcrumb\"},\"inLanguage\":\"it-IT\",\"potentialAction\":[{\"@type\":\"ReadAction\",\"target\":[\"https:\/\/staging.varesenews.it\/2020\/03\/gia-875-pratiche-la-cassa-integrazione-salviamo-le-pmi\/914061\/\"]}]},{\"@type\":\"BreadcrumbList\",\"@id\":\"https:\/\/staging.varesenews.it\/2020\/03\/gia-875-pratiche-la-cassa-integrazione-salviamo-le-pmi\/914061\/#breadcrumb\",\"itemListElement\":[{\"@type\":\"ListItem\",\"position\":1,\"name\":\"Home\",\"item\":\"https:\/\/www.varesenews.it\/\"},{\"@type\":\"ListItem\",\"position\":2,\"name\":\"Gi\u00e0 875 pratiche per la cassa integrazione. &#8220;Salviamo le pmi&#8221;\"}]},{\"@type\":\"WebSite\",\"@id\":\"https:\/\/staging.varesenews.it\/#website\",\"url\":\"https:\/\/staging.varesenews.it\/\",\"name\":\"VareseNews\",\"description\":\"\",\"potentialAction\":[{\"@type\":\"SearchAction\",\"target\":{\"@type\":\"EntryPoint\",\"urlTemplate\":\"https:\/\/staging.varesenews.it\/?s={search_term_string}\"},\"query-input\":\"required name=search_term_string\"}],\"inLanguage\":\"it-IT\"},{\"@type\":\"Person\",\"@id\":\"https:\/\/staging.varesenews.it\/#\/schema\/person\/308b491d3cb680ead199e5ff6c6ce540\",\"name\":\"Michele Mancino\",\"image\":{\"@type\":\"ImageObject\",\"inLanguage\":\"it-IT\",\"@id\":\"https:\/\/staging.varesenews.it\/#\/schema\/person\/image\/\",\"url\":\"https:\/\/staging.varesenews.it\/wp-content\/uploads\/2020\/12\/michele_mancino_colori_500.jpg\",\"contentUrl\":\"https:\/\/staging.varesenews.it\/wp-content\/uploads\/2020\/12\/michele_mancino_colori_500.jpg\",\"caption\":\"Michele Mancino\"},\"description\":\"Sono a VareseNews da prima che nascesse. Ho inserito le prime notizie in una stringa di codice html, la lingua di internet. Aprivo i computer, cambiavo schede di rete e portavo i server dal provider. A met&agrave; degli anni &rsquo;90 il giornalista online doveva saper fare anche questo. Ho vissuto gli anni drammatici della bolla speculativa di Internet e quelli entusiastici della crescita, anni in cui VareseNews era un Davide in mezzo a tanti Golia. Poi sono arrivati i social, le nuove piattaforme e soprattutto gli smartphone, una postazione di lavoro racchiusa in una mano. Una nuova rivoluzione. Insomma, &egrave; stata, ed &egrave; ancora, un&rsquo;avventura entusiasmante perch&eacute; mi insegna giorno dopo giorno che il cambiamento &egrave; l&rsquo;unica certezza di questa fragile esistenza.\",\"sameAs\":[\"https:\/\/www.facebook.com\/michele.mancino.5\",\"micmancio\",\"Aggiorna le impostazioni del tuo profilo pubblicoit.linkedin.com\/pub\/michele-mancino\/28\/b71\/890\/it\",\"https:\/\/twitter.com\/micmancio\"],\"url\":\"https:\/\/staging.varesenews.it\/persona\/michele_mancino\/\"}]}<\/script>\n<!-- \/ Yoast SEO plugin. -->","yoast_head_json":{"title":"Gi\u00e0 875 pratiche per la cassa integrazione. \"Salviamo le pmi\"","description":"Colombo (Coonfartigianato): \u00abSalvaguardare le imprese che lavorano e quelle che da domani dovranno fermarsi \u00e8 un impegno che ci assumiamo nel massimo della consapevolezza\u00bb","robots":{"index":"noindex","follow":"follow","max-snippet":"max-snippet:-1","max-image-preview":"max-image-preview:large","max-video-preview":"max-video-preview:-1"},"og_locale":"it_IT","og_type":"article","og_title":"Gi\u00e0 875 pratiche per la cassa integrazione. \"Salviamo le pmi\"","og_description":"Colombo (Coonfartigianato): \u00abSalvaguardare le imprese che lavorano e quelle che da domani dovranno fermarsi \u00e8 un impegno che ci assumiamo nel massimo della consapevolezza\u00bb","og_url":"https:\/\/staging.varesenews.it\/2020\/03\/gia-875-pratiche-la-cassa-integrazione-salviamo-le-pmi\/914061\/","og_site_name":"VareseNews","article_publisher":"https:\/\/www.facebook.com\/varesenews","article_author":"https:\/\/www.facebook.com\/michele.mancino.5","article_published_time":"2020-03-25T14:54:36+00:00","article_modified_time":"2020-03-25T14:59:44+00:00","author":"Michele Mancino","twitter_card":"summary_large_image","twitter_creator":"@micmancio","twitter_site":"@varesenews","twitter_misc":{"Scritto da":"Michele Mancino","Tempo di lettura stimato":"3 minuti"},"schema":{"@context":"https:\/\/schema.org","@graph":[{"@type":"WebPage","@id":"https:\/\/staging.varesenews.it\/2020\/03\/gia-875-pratiche-la-cassa-integrazione-salviamo-le-pmi\/914061\/","url":"https:\/\/staging.varesenews.it\/2020\/03\/gia-875-pratiche-la-cassa-integrazione-salviamo-le-pmi\/914061\/","name":"Gi\u00e0 875 pratiche per la cassa integrazione. \"Salviamo le pmi\"","isPartOf":{"@id":"https:\/\/staging.varesenews.it\/#website"},"datePublished":"2020-03-25T14:54:36+00:00","dateModified":"2020-03-25T14:59:44+00:00","author":{"@id":"https:\/\/staging.varesenews.it\/#\/schema\/person\/308b491d3cb680ead199e5ff6c6ce540"},"description":"Colombo (Coonfartigianato): \u00abSalvaguardare le imprese che lavorano e quelle che da domani dovranno fermarsi \u00e8 un impegno che ci assumiamo nel massimo della consapevolezza\u00bb","breadcrumb":{"@id":"https:\/\/staging.varesenews.it\/2020\/03\/gia-875-pratiche-la-cassa-integrazione-salviamo-le-pmi\/914061\/#breadcrumb"},"inLanguage":"it-IT","potentialAction":[{"@type":"ReadAction","target":["https:\/\/staging.varesenews.it\/2020\/03\/gia-875-pratiche-la-cassa-integrazione-salviamo-le-pmi\/914061\/"]}]},{"@type":"BreadcrumbList","@id":"https:\/\/staging.varesenews.it\/2020\/03\/gia-875-pratiche-la-cassa-integrazione-salviamo-le-pmi\/914061\/#breadcrumb","itemListElement":[{"@type":"ListItem","position":1,"name":"Home","item":"https:\/\/www.varesenews.it\/"},{"@type":"ListItem","position":2,"name":"Gi\u00e0 875 pratiche per la cassa integrazione. &#8220;Salviamo le pmi&#8221;"}]},{"@type":"WebSite","@id":"https:\/\/staging.varesenews.it\/#website","url":"https:\/\/staging.varesenews.it\/","name":"VareseNews","description":"","potentialAction":[{"@type":"SearchAction","target":{"@type":"EntryPoint","urlTemplate":"https:\/\/staging.varesenews.it\/?s={search_term_string}"},"query-input":"required name=search_term_string"}],"inLanguage":"it-IT"},{"@type":"Person","@id":"https:\/\/staging.varesenews.it\/#\/schema\/person\/308b491d3cb680ead199e5ff6c6ce540","name":"Michele Mancino","image":{"@type":"ImageObject","inLanguage":"it-IT","@id":"https:\/\/staging.varesenews.it\/#\/schema\/person\/image\/","url":"https:\/\/staging.varesenews.it\/wp-content\/uploads\/2020\/12\/michele_mancino_colori_500.jpg","contentUrl":"https:\/\/staging.varesenews.it\/wp-content\/uploads\/2020\/12\/michele_mancino_colori_500.jpg","caption":"Michele Mancino"},"description":"Sono a VareseNews da prima che nascesse. Ho inserito le prime notizie in una stringa di codice html, la lingua di internet. Aprivo i computer, cambiavo schede di rete e portavo i server dal provider. A met&agrave; degli anni &rsquo;90 il giornalista online doveva saper fare anche questo. Ho vissuto gli anni drammatici della bolla speculativa di Internet e quelli entusiastici della crescita, anni in cui VareseNews era un Davide in mezzo a tanti Golia. Poi sono arrivati i social, le nuove piattaforme e soprattutto gli smartphone, una postazione di lavoro racchiusa in una mano. Una nuova rivoluzione. Insomma, &egrave; stata, ed &egrave; ancora, un&rsquo;avventura entusiasmante perch&eacute; mi insegna giorno dopo giorno che il cambiamento &egrave; l&rsquo;unica certezza di questa fragile esistenza.","sameAs":["https:\/\/www.facebook.com\/michele.mancino.5","micmancio","Aggiorna le impostazioni del tuo profilo pubblicoit.linkedin.com\/pub\/michele-mancino\/28\/b71\/890\/it","https:\/\/twitter.com\/micmancio"],"url":"https:\/\/staging.varesenews.it\/persona\/michele_mancino\/"}]}},"post_meta":{"_edit_lock":"1585148391:45","_edit_last":"45","_category_permalink":"a:1:{s:8:\"category\";s:0:\"\";}","_yoast_wpseo_content_score":"30","_jd_tweet_this":"yes","_encloseme":"1","ratings_users":"0","ratings_score":"0","ratings_average":"0","firma_come_redazione":"1","argomento":"Economia","_wpt_short_url":"https:\/\/www.varesenews.it\/2020\/03\/gia-875-pratiche-la-cassa-integrazione-salviamo-le-pmi\/914061\/","_wp_jd_target":"https:\/\/www.varesenews.it\/2020\/03\/gia-875-pratiche-la-cassa-integrazione-salviamo-le-pmi\/914061\/","_jd_wp_twitter":"a:1:{i:0;s:176:\"\u201cGi\u00e0 875 pratiche per la cassa integrazione. Salviamo le pmi\u201d https:\/\/www.varesenews.it\/2020\/03\/gia-875-pratiche-la-cassa-integrazione-salviamo-le-pmi\/914061\/ #coronavirus\";}","_wpt_status_message":"Tweet inviato con successo.","foto":"689053"},"photos":[{"original":"https:\/\/staging.varesenews.it\/photogallery_new\/images\/2018\/08\/mauro-colombo-689053.jpg","full":"https:\/\/staging.varesenews.it\/photogallery_new\/images\/2018\/08\/mauro-colombo-689053.1024x768.jpg","large":"https:\/\/staging.varesenews.it\/photogallery_new\/images\/2018\/08\/mauro-colombo-689053.610x431.jpg"}],"_links":{"self":[{"href":"https:\/\/staging.varesenews.it\/swgapi\/v1\/wp\/v2\/posts\/914061"}],"collection":[{"href":"https:\/\/staging.varesenews.it\/swgapi\/v1\/wp\/v2\/posts"}],"about":[{"href":"https:\/\/staging.varesenews.it\/swgapi\/v1\/wp\/v2\/types\/post"}],"author":[{"embeddable":true,"href":"https:\/\/staging.varesenews.it\/swgapi\/v1\/wp\/v2\/users\/45"}],"replies":[{"embeddable":true,"href":"https:\/\/staging.varesenews.it\/swgapi\/v1\/wp\/v2\/comments?post=914061"}],"version-history":[{"count":0,"href":"https:\/\/staging.varesenews.it\/swgapi\/v1\/wp\/v2\/posts\/914061\/revisions"}],"wp:attachment":[{"href":"https:\/\/staging.varesenews.it\/swgapi\/v1\/wp\/v2\/media?parent=914061"}],"wp:term":[{"taxonomy":"category","embeddable":true,"href":"https:\/\/staging.varesenews.it\/swgapi\/v1\/wp\/v2\/categories?post=914061"},{"taxonomy":"post_tag","embeddable":true,"href":"https:\/\/staging.varesenews.it\/swgapi\/v1\/wp\/v2\/tags?post=914061"}],"curies":[{"name":"wp","href":"https:\/\/api.w.org\/{rel}","templated":true}]}}