{"id":917058,"date":"2020-04-03T14:48:33","date_gmt":"2020-04-03T12:48:33","guid":{"rendered":"https:\/\/www.varesenews.it\/?p=917058"},"modified":"2020-04-03T14:53:59","modified_gmt":"2020-04-03T12:53:59","slug":"coronavirus-malnate-ventidue-contagi-morti","status":"publish","type":"post","link":"https:\/\/staging.varesenews.it\/2020\/04\/coronavirus-malnate-ventidue-contagi-morti\/917058\/","title":{"rendered":"Coronavirus a Malnate, ventidue contagi e sei morti"},"content":{"rendered":"<p>\u00abAd oggi il numero di nostri concittadini risultati <strong>positivi al tampone e notificati da ATS \u00e8 di 22<\/strong>, e di questi <strong>6 sono tragicamente deceduti per le complicazione relative all\u2019infezione\u00bb<\/strong>. I numeri esatti, per <strong>Malnate<\/strong>, li d\u00e0 il <strong>sindaco<\/strong> Irene Bellifemine.<\/p>\n<p>\u00abPer tutta la giornata di ieri sono stata inoltre<strong> in contatto con i referenti della RSA Don Gnocchi<\/strong>, che mi hanno comunicato che 37 anziani sono attualmente positivi all\u2019interno della struttura, e vengono curati in un apposito reparto isolato creato ad hoc secondo gli standard definiti da Stato e Regione. <strong>Di questi 37, 3 sono compresi nei 22 cittadini malnatesi<\/strong>. Prossimamente, d\u2019accordo con la direzione della struttura, mi recher\u00f2 personalmente presso il Centro Don Gnocchi, per verificare la situazione\u00bb.<\/p>\n<p>\u00abCome potete ben capire &#8211; continua il sindaco &#8211; la situazione \u00e8 ancora molto complessa, sebbene diversi esperti comincino a vedere in lontananza la luce in fondo al tunnel del contagio. Per parlare della situazione a \u201c\u201dquattr\u2019occhi\u201d vi do appuntamento domani mattina alle 11.30 sulla pagina Facebook della Citt\u00e0 di Malnate per un video in diretta nel quale cercher\u00f2 di rispondere alle vostre domande. La strada \u00e8 lunga, ripida e impervia, ma mi sono resa conto in queste settimane di quanto forte sia la nostra comunit\u00e0. Credo fortemente nella forza e nella tenacia dei malnatesi, insieme, senza mollare, ce la faremo.<\/p>\n","protected":false},"excerpt":{"rendered":"<p>I numeri comunicati dal sindaco Irene Bellifemine. Sul territorio positive anche altre 34 persone, residenti di altri Comuni, ospiti della Rsa Don Gnocchi<\/p>\n","protected":false},"author":46,"featured_media":0,"comment_status":"open","ping_status":"open","sticky":false,"template":"","format":"standard","meta":{"footnotes":""},"categories":[1],"tags":[104504,103242],"acf":[],"yoast_head":"<!-- This site is optimized with the Yoast SEO plugin v20.1 - https:\/\/yoast.com\/wordpress\/plugins\/seo\/ -->\n<title>Coronavirus a Malnate, ventidue contagi e sei morti<\/title>\n<meta name=\"description\" content=\"I numeri comunicati dal sindaco Irene Bellifemine. Sul territorio positive anche altre 34 persone, residenti di altri Comuni, ospiti della Rsa Don Gnocchi\" \/>\n<meta name=\"robots\" content=\"noindex, follow, max-snippet:-1, max-image-preview:large, max-video-preview:-1\" \/>\n<meta property=\"og:locale\" content=\"it_IT\" \/>\n<meta property=\"og:type\" content=\"article\" \/>\n<meta property=\"og:title\" content=\"Coronavirus a Malnate, ventidue contagi e sei morti\" \/>\n<meta property=\"og:description\" content=\"I numeri comunicati dal sindaco Irene Bellifemine. Sul territorio positive anche altre 34 persone, residenti di altri Comuni, ospiti della Rsa Don Gnocchi\" \/>\n<meta property=\"og:url\" content=\"https:\/\/www.varesenews.it\/2020\/04\/coronavirus-malnate-ventidue-contagi-morti\/917058\/\" \/>\n<meta property=\"og:site_name\" content=\"VareseNews\" \/>\n<meta property=\"article:publisher\" content=\"https:\/\/www.facebook.com\/varesenews\" \/>\n<meta property=\"article:published_time\" content=\"2020-04-03T12:48:33+00:00\" \/>\n<meta property=\"article:modified_time\" content=\"2020-04-03T12:53:59+00:00\" \/>\n<meta name=\"author\" content=\"Roberto Morandi\" \/>\n<meta name=\"twitter:card\" content=\"summary_large_image\" \/>\n<meta name=\"twitter:creator\" content=\"@ilmorands\" \/>\n<meta name=\"twitter:site\" content=\"@varesenews\" \/>\n<meta name=\"twitter:label1\" content=\"Scritto da\" \/>\n\t<meta name=\"twitter:data1\" content=\"Roberto Morandi\" \/>\n\t<meta name=\"twitter:label2\" content=\"Tempo di lettura stimato\" \/>\n\t<meta name=\"twitter:data2\" content=\"1 minuto\" \/>\n<script type=\"application\/ld+json\" class=\"yoast-schema-graph\">{\"@context\":\"https:\/\/schema.org\",\"@graph\":[{\"@type\":\"WebPage\",\"@id\":\"https:\/\/www.varesenews.it\/2020\/04\/coronavirus-malnate-ventidue-contagi-morti\/917058\/\",\"url\":\"https:\/\/www.varesenews.it\/2020\/04\/coronavirus-malnate-ventidue-contagi-morti\/917058\/\",\"name\":\"Coronavirus a Malnate, ventidue contagi e sei morti\",\"isPartOf\":{\"@id\":\"https:\/\/staging.varesenews.it\/#website\"},\"datePublished\":\"2020-04-03T12:48:33+00:00\",\"dateModified\":\"2020-04-03T12:53:59+00:00\",\"author\":{\"@id\":\"https:\/\/staging.varesenews.it\/#\/schema\/person\/efe592ae4c76536b551f89d8b6674bc3\"},\"description\":\"I numeri comunicati dal sindaco Irene Bellifemine. Sul territorio positive anche altre 34 persone, residenti di altri Comuni, ospiti della Rsa Don Gnocchi\",\"breadcrumb\":{\"@id\":\"https:\/\/www.varesenews.it\/2020\/04\/coronavirus-malnate-ventidue-contagi-morti\/917058\/#breadcrumb\"},\"inLanguage\":\"it-IT\",\"potentialAction\":[{\"@type\":\"ReadAction\",\"target\":[\"https:\/\/www.varesenews.it\/2020\/04\/coronavirus-malnate-ventidue-contagi-morti\/917058\/\"]}]},{\"@type\":\"BreadcrumbList\",\"@id\":\"https:\/\/www.varesenews.it\/2020\/04\/coronavirus-malnate-ventidue-contagi-morti\/917058\/#breadcrumb\",\"itemListElement\":[{\"@type\":\"ListItem\",\"position\":1,\"name\":\"Home\",\"item\":\"https:\/\/www.varesenews.it\/\"},{\"@type\":\"ListItem\",\"position\":2,\"name\":\"Coronavirus a Malnate, ventidue contagi e sei morti\"}]},{\"@type\":\"WebSite\",\"@id\":\"https:\/\/staging.varesenews.it\/#website\",\"url\":\"https:\/\/staging.varesenews.it\/\",\"name\":\"VareseNews\",\"description\":\"\",\"potentialAction\":[{\"@type\":\"SearchAction\",\"target\":{\"@type\":\"EntryPoint\",\"urlTemplate\":\"https:\/\/staging.varesenews.it\/?s={search_term_string}\"},\"query-input\":\"required name=search_term_string\"}],\"inLanguage\":\"it-IT\"},{\"@type\":\"Person\",\"@id\":\"https:\/\/staging.varesenews.it\/#\/schema\/person\/efe592ae4c76536b551f89d8b6674bc3\",\"name\":\"Roberto Morandi\",\"image\":{\"@type\":\"ImageObject\",\"inLanguage\":\"it-IT\",\"@id\":\"https:\/\/staging.varesenews.it\/#\/schema\/person\/image\/\",\"url\":\"https:\/\/staging.varesenews.it\/wp-content\/uploads\/2020\/12\/roberto_morandi_colori_500.jpg\",\"contentUrl\":\"https:\/\/staging.varesenews.it\/wp-content\/uploads\/2020\/12\/roberto_morandi_colori_500.jpg\",\"caption\":\"Roberto Morandi\"},\"description\":\"Classe 1980, laureato in storia, mi occupo dell&rsquo;area di Gallarate e di Malpensa, di trasporti e mobilit&agrave;. Amo molto la dimensione della citt&agrave;, come luogo d&rsquo;incontro di persone diverse e come organismo che si trasforma costantemente. Mi piace anche raccontare le piccole e grandi vicende, anche locali, che compongono la Storia con la S maiuscola. Appassionato di bicicletta: la macchina perfetta per muoversi in citt&agrave; e per viaggiare.\",\"sameAs\":[\"https:\/\/twitter.com\/ilmorands\"],\"url\":\"https:\/\/staging.varesenews.it\/persona\/roberto-morandi1\/\"}]}<\/script>\n<!-- \/ Yoast SEO plugin. -->","yoast_head_json":{"title":"Coronavirus a Malnate, ventidue contagi e sei morti","description":"I numeri comunicati dal sindaco Irene Bellifemine. Sul territorio positive anche altre 34 persone, residenti di altri Comuni, ospiti della Rsa Don Gnocchi","robots":{"index":"noindex","follow":"follow","max-snippet":"max-snippet:-1","max-image-preview":"max-image-preview:large","max-video-preview":"max-video-preview:-1"},"og_locale":"it_IT","og_type":"article","og_title":"Coronavirus a Malnate, ventidue contagi e sei morti","og_description":"I numeri comunicati dal sindaco Irene Bellifemine. Sul territorio positive anche altre 34 persone, residenti di altri Comuni, ospiti della Rsa Don Gnocchi","og_url":"https:\/\/www.varesenews.it\/2020\/04\/coronavirus-malnate-ventidue-contagi-morti\/917058\/","og_site_name":"VareseNews","article_publisher":"https:\/\/www.facebook.com\/varesenews","article_published_time":"2020-04-03T12:48:33+00:00","article_modified_time":"2020-04-03T12:53:59+00:00","author":"Roberto Morandi","twitter_card":"summary_large_image","twitter_creator":"@ilmorands","twitter_site":"@varesenews","twitter_misc":{"Scritto da":"Roberto Morandi","Tempo di lettura stimato":"1 minuto"},"schema":{"@context":"https:\/\/schema.org","@graph":[{"@type":"WebPage","@id":"https:\/\/www.varesenews.it\/2020\/04\/coronavirus-malnate-ventidue-contagi-morti\/917058\/","url":"https:\/\/www.varesenews.it\/2020\/04\/coronavirus-malnate-ventidue-contagi-morti\/917058\/","name":"Coronavirus a Malnate, ventidue contagi e sei morti","isPartOf":{"@id":"https:\/\/staging.varesenews.it\/#website"},"datePublished":"2020-04-03T12:48:33+00:00","dateModified":"2020-04-03T12:53:59+00:00","author":{"@id":"https:\/\/staging.varesenews.it\/#\/schema\/person\/efe592ae4c76536b551f89d8b6674bc3"},"description":"I numeri comunicati dal sindaco Irene Bellifemine. Sul territorio positive anche altre 34 persone, residenti di altri Comuni, ospiti della Rsa Don Gnocchi","breadcrumb":{"@id":"https:\/\/www.varesenews.it\/2020\/04\/coronavirus-malnate-ventidue-contagi-morti\/917058\/#breadcrumb"},"inLanguage":"it-IT","potentialAction":[{"@type":"ReadAction","target":["https:\/\/www.varesenews.it\/2020\/04\/coronavirus-malnate-ventidue-contagi-morti\/917058\/"]}]},{"@type":"BreadcrumbList","@id":"https:\/\/www.varesenews.it\/2020\/04\/coronavirus-malnate-ventidue-contagi-morti\/917058\/#breadcrumb","itemListElement":[{"@type":"ListItem","position":1,"name":"Home","item":"https:\/\/www.varesenews.it\/"},{"@type":"ListItem","position":2,"name":"Coronavirus a Malnate, ventidue contagi e sei morti"}]},{"@type":"WebSite","@id":"https:\/\/staging.varesenews.it\/#website","url":"https:\/\/staging.varesenews.it\/","name":"VareseNews","description":"","potentialAction":[{"@type":"SearchAction","target":{"@type":"EntryPoint","urlTemplate":"https:\/\/staging.varesenews.it\/?s={search_term_string}"},"query-input":"required name=search_term_string"}],"inLanguage":"it-IT"},{"@type":"Person","@id":"https:\/\/staging.varesenews.it\/#\/schema\/person\/efe592ae4c76536b551f89d8b6674bc3","name":"Roberto Morandi","image":{"@type":"ImageObject","inLanguage":"it-IT","@id":"https:\/\/staging.varesenews.it\/#\/schema\/person\/image\/","url":"https:\/\/staging.varesenews.it\/wp-content\/uploads\/2020\/12\/roberto_morandi_colori_500.jpg","contentUrl":"https:\/\/staging.varesenews.it\/wp-content\/uploads\/2020\/12\/roberto_morandi_colori_500.jpg","caption":"Roberto Morandi"},"description":"Classe 1980, laureato in storia, mi occupo dell&rsquo;area di Gallarate e di Malpensa, di trasporti e mobilit&agrave;. Amo molto la dimensione della citt&agrave;, come luogo d&rsquo;incontro di persone diverse e come organismo che si trasforma costantemente. Mi piace anche raccontare le piccole e grandi vicende, anche locali, che compongono la Storia con la S maiuscola. Appassionato di bicicletta: la macchina perfetta per muoversi in citt&agrave; e per viaggiare.","sameAs":["https:\/\/twitter.com\/ilmorands"],"url":"https:\/\/staging.varesenews.it\/persona\/roberto-morandi1\/"}]}},"post_meta":{"_edit_lock":"1585920502:46","_edit_last":"46","_category_permalink":"a:1:{s:8:\"category\";s:0:\"\";}","_encloseme":"1","ratings_users":"0","ratings_score":"0","ratings_average":"0","foto":"789406","firma_come_redazione":"1","argomento":"Malnate","_yoast_wpseo_content_score":"30","_jd_tweet_this":"yes","_wpt_short_url":"https:\/\/www.varesenews.it\/2020\/04\/coronavirus-malnate-ventidue-contagi-morti\/917058\/","_wp_jd_target":"https:\/\/www.varesenews.it\/2020\/04\/coronavirus-malnate-ventidue-contagi-morti\/917058\/","_jd_wp_twitter":"a:1:{i:0;s:163:\"Coronavirus a Malnate, ventidue contagi e sei morti https:\/\/www.varesenews.it\/2020\/04\/coronavirus-malnate-ventidue-contagi-morti\/917058\/ #casediriposo #coronavirus\";}","_wpt_status_message":"Tweet inviato con successo."},"photos":[{"original":"https:\/\/staging.varesenews.it\/photogallery_new\/images\/2020\/02\/municipio-malnate-comune-789406.jpg","full":"https:\/\/staging.varesenews.it\/photogallery_new\/images\/2020\/02\/municipio-malnate-comune-789406.1024x768.jpg","large":"https:\/\/staging.varesenews.it\/photogallery_new\/images\/2020\/02\/municipio-malnate-comune-789406.610x431.jpg"}],"_links":{"self":[{"href":"https:\/\/staging.varesenews.it\/swgapi\/v1\/wp\/v2\/posts\/917058"}],"collection":[{"href":"https:\/\/staging.varesenews.it\/swgapi\/v1\/wp\/v2\/posts"}],"about":[{"href":"https:\/\/staging.varesenews.it\/swgapi\/v1\/wp\/v2\/types\/post"}],"author":[{"embeddable":true,"href":"https:\/\/staging.varesenews.it\/swgapi\/v1\/wp\/v2\/users\/46"}],"replies":[{"embeddable":true,"href":"https:\/\/staging.varesenews.it\/swgapi\/v1\/wp\/v2\/comments?post=917058"}],"version-history":[{"count":0,"href":"https:\/\/staging.varesenews.it\/swgapi\/v1\/wp\/v2\/posts\/917058\/revisions"}],"wp:attachment":[{"href":"https:\/\/staging.varesenews.it\/swgapi\/v1\/wp\/v2\/media?parent=917058"}],"wp:term":[{"taxonomy":"category","embeddable":true,"href":"https:\/\/staging.varesenews.it\/swgapi\/v1\/wp\/v2\/categories?post=917058"},{"taxonomy":"post_tag","embeddable":true,"href":"https:\/\/staging.varesenews.it\/swgapi\/v1\/wp\/v2\/tags?post=917058"}],"curies":[{"name":"wp","href":"https:\/\/api.w.org\/{rel}","templated":true}]}}