{"id":917484,"date":"2020-04-05T05:43:09","date_gmt":"2020-04-05T03:43:09","guid":{"rendered":"https:\/\/www.varesenews.it\/?p=917484"},"modified":"2020-04-05T05:47:35","modified_gmt":"2020-04-05T03:47:35","slug":"viaggio-le-nuvole","status":"publish","type":"post","link":"https:\/\/staging.varesenews.it\/2020\/04\/viaggio-le-nuvole\/917484\/","title":{"rendered":"Viaggio tra le nuvole"},"content":{"rendered":"<p><em><strong><a href=\"https:\/\/www.varesenews.it\/tag\/il-racconto-della-domenica\/\">Il racconto della domenica\u00a0<\/a><\/strong>\u00a0\u00e8 a cura della scuola di scrittura\u00a0creativa Edizioni del Cavedio coordinata da Fiorenzo Croci.<\/em><\/p>\n<p>_________________________________________________<\/p>\n<p>Da bambino mi piaceva guardare le nuvole. Passavano lente e io fantasticavo: una corsa a perdifiato, un bel salto e un rimbalzo, altissimo, fino al cielo. Come sul trampolino elastico: pi\u00f9 precipiti, pi\u00f9 vieni spinto in su. Erano belle quelle nuvole, bianche, soffici, bordate di rosa. Sorridenti.<br \/>\nAdesso \u00e8 tutto diverso. Sono su questo aereo e si avvicina il temporale. Era previsto, ma non pensavo cos\u00ec forte. Le nuvole sono grigio scuro, quasi nere. Sono cattive, minacciose, si avvicinano incalzanti. A bordo \u00e8 ricomparsa la scritta: \u201callacciate le cinture\u201d. La voce del pilota avverte che incontreremo vuoti d\u2019aria. Ho paura. Guardo dall\u2019obl\u00f2 e intravvedo il volto rugoso di una strega che ammicca.<br \/>\nAvverto una voragine allo stomaco. Sto per vomitare. L\u2019aereo scende, veloce, troppo veloce! Non star\u00e0 precipitando? Sono in preda al panico. Mi guardo attorno: anche la signora alla mia sinistra ha l\u2019aria tesa. La ragazza dietro di me urla. Sudo e ho freddo al tempo stesso. \u00c8 questo il terrore? Forse s\u00ec, non l\u2019ho mai provato prima.<br \/>\nUn\u2019altra nuvola nera \u00e8 comparsa davanti a noi. \u00c8 grossa, densa, sembra una montagna contro cui l\u2019aereo andr\u00e0 a schiantarsi. Ora un mostro si avvicina a destra e, proprio mentre sta per colpirci, sogghigna e gira di lato. Non ho il coraggio di guardare fuori.<br \/>\nMi lascio andare, i pensieri corrono pi\u00f9 di quei mostri. Mi sono appisolato? Come ho potuto, anche solo per un attimo? Mi sveglio di soprassalto, spaventato. Non muovo pi\u00f9 le gambe. Non ho sensibilit\u00e0 dalla vita in gi\u00f9. Perch\u00e9 c\u2019\u00e8 tutta questa gente attorno a me? Come sono finito a letto? C\u2019\u00e8 anche mia moglie. Sono morto? Chi l\u2019ha avvertita?<br \/>\nE l\u00e0, seduta vicino ai piedi non \u00e8 Carla, la mia dottoressa \u201cpreferita\u201d? Beh, anche qualcosa di pi\u00f9\u2026 ma questo \u00e8 un segreto tra di noi, nessuno lo deve sapere. Com\u2019\u00e8 seria!<br \/>\nCosa fanno lei e mia moglie insieme? Non si saranno parlate?<br \/>\nFolate di interrogativi si accalcano nella mia mente, non capisco dove mi trovo e perch\u00e9. C\u2019\u00e8 anche un\u2019infermiera, mi sorride mentre mi aggiusta le coperte. Ma la sua voce arriva come dal fondo di un lungo corridoio: \u201cSi \u00e8 svegliato dottore? Meno male, cominciavamo a preoccuparci, era molto agitato. Ha avuto un incubo, vero? Lei ha parlato tanto, raccontava storie strane&#8230;&#8221;.<\/p>\n<p>Di colpo sono lucido, mi torna tutto alla mente: l\u2019operazione, la peridurale, la sedazione con il valium\u2026 cos\u2019avr\u00f2 detto? Cos\u2019avr\u00e0 sentito mia moglie? Il terrore vero \u00e8 in questo momento, molto pi\u00f9 concreto di prima, quando avevo a che fare con tutte quelle nuvole mostruose.<\/p>\n<p><strong>Racconto (e foto) di Marina Mentasti<\/strong><\/p>\n<p><strong><a href=\"https:\/\/www.varesenews.it\/tag\/il-racconto-della-domenica\/\">TUTTI I RACCONTI DELLA\u00a0DOMENICA<\/a><\/strong><\/p>\n","protected":false},"excerpt":{"rendered":"<p>di Marina Mentasti<\/p>\n","protected":false},"author":45,"featured_media":0,"comment_status":"open","ping_status":"open","sticky":false,"template":"","format":"standard","meta":{"footnotes":""},"categories":[18,21,2],"tags":[2678,102400],"acf":[],"yoast_head":"<!-- This site is optimized with the Yoast SEO plugin v20.1 - https:\/\/yoast.com\/wordpress\/plugins\/seo\/ -->\n<title>Viaggio tra le nuvole<\/title>\n<meta name=\"description\" content=\"di Marina Mentasti\" \/>\n<meta name=\"robots\" content=\"noindex, follow, max-snippet:-1, max-image-preview:large, max-video-preview:-1\" \/>\n<meta property=\"og:locale\" content=\"it_IT\" \/>\n<meta property=\"og:type\" content=\"article\" \/>\n<meta property=\"og:title\" content=\"Viaggio tra le nuvole\" \/>\n<meta property=\"og:description\" content=\"di Marina Mentasti\" \/>\n<meta property=\"og:url\" content=\"https:\/\/staging.varesenews.it\/2020\/04\/viaggio-le-nuvole\/917484\/\" \/>\n<meta property=\"og:site_name\" content=\"VareseNews\" \/>\n<meta property=\"article:publisher\" content=\"https:\/\/www.facebook.com\/varesenews\" \/>\n<meta property=\"article:author\" content=\"https:\/\/www.facebook.com\/michele.mancino.5\" \/>\n<meta property=\"article:published_time\" content=\"2020-04-05T03:43:09+00:00\" \/>\n<meta property=\"article:modified_time\" content=\"2020-04-05T03:47:35+00:00\" \/>\n<meta name=\"author\" content=\"Michele Mancino\" \/>\n<meta name=\"twitter:card\" content=\"summary_large_image\" \/>\n<meta name=\"twitter:creator\" content=\"@micmancio\" \/>\n<meta name=\"twitter:site\" content=\"@varesenews\" \/>\n<meta name=\"twitter:label1\" content=\"Scritto da\" \/>\n\t<meta name=\"twitter:data1\" content=\"Michele Mancino\" \/>\n\t<meta name=\"twitter:label2\" content=\"Tempo di lettura stimato\" \/>\n\t<meta name=\"twitter:data2\" content=\"2 minuti\" \/>\n<script type=\"application\/ld+json\" class=\"yoast-schema-graph\">{\"@context\":\"https:\/\/schema.org\",\"@graph\":[{\"@type\":\"WebPage\",\"@id\":\"https:\/\/staging.varesenews.it\/2020\/04\/viaggio-le-nuvole\/917484\/\",\"url\":\"https:\/\/staging.varesenews.it\/2020\/04\/viaggio-le-nuvole\/917484\/\",\"name\":\"Viaggio tra le nuvole\",\"isPartOf\":{\"@id\":\"https:\/\/staging.varesenews.it\/#website\"},\"datePublished\":\"2020-04-05T03:43:09+00:00\",\"dateModified\":\"2020-04-05T03:47:35+00:00\",\"author\":{\"@id\":\"https:\/\/staging.varesenews.it\/#\/schema\/person\/308b491d3cb680ead199e5ff6c6ce540\"},\"description\":\"di Marina Mentasti\",\"breadcrumb\":{\"@id\":\"https:\/\/staging.varesenews.it\/2020\/04\/viaggio-le-nuvole\/917484\/#breadcrumb\"},\"inLanguage\":\"it-IT\",\"potentialAction\":[{\"@type\":\"ReadAction\",\"target\":[\"https:\/\/staging.varesenews.it\/2020\/04\/viaggio-le-nuvole\/917484\/\"]}]},{\"@type\":\"BreadcrumbList\",\"@id\":\"https:\/\/staging.varesenews.it\/2020\/04\/viaggio-le-nuvole\/917484\/#breadcrumb\",\"itemListElement\":[{\"@type\":\"ListItem\",\"position\":1,\"name\":\"Home\",\"item\":\"https:\/\/www.varesenews.it\/\"},{\"@type\":\"ListItem\",\"position\":2,\"name\":\"Viaggio tra le nuvole\"}]},{\"@type\":\"WebSite\",\"@id\":\"https:\/\/staging.varesenews.it\/#website\",\"url\":\"https:\/\/staging.varesenews.it\/\",\"name\":\"VareseNews\",\"description\":\"\",\"potentialAction\":[{\"@type\":\"SearchAction\",\"target\":{\"@type\":\"EntryPoint\",\"urlTemplate\":\"https:\/\/staging.varesenews.it\/?s={search_term_string}\"},\"query-input\":\"required name=search_term_string\"}],\"inLanguage\":\"it-IT\"},{\"@type\":\"Person\",\"@id\":\"https:\/\/staging.varesenews.it\/#\/schema\/person\/308b491d3cb680ead199e5ff6c6ce540\",\"name\":\"Michele Mancino\",\"image\":{\"@type\":\"ImageObject\",\"inLanguage\":\"it-IT\",\"@id\":\"https:\/\/staging.varesenews.it\/#\/schema\/person\/image\/\",\"url\":\"https:\/\/staging.varesenews.it\/wp-content\/uploads\/2020\/12\/michele_mancino_colori_500.jpg\",\"contentUrl\":\"https:\/\/staging.varesenews.it\/wp-content\/uploads\/2020\/12\/michele_mancino_colori_500.jpg\",\"caption\":\"Michele Mancino\"},\"description\":\"Sono a VareseNews da prima che nascesse. Ho inserito le prime notizie in una stringa di codice html, la lingua di internet. Aprivo i computer, cambiavo schede di rete e portavo i server dal provider. A met&agrave; degli anni &rsquo;90 il giornalista online doveva saper fare anche questo. Ho vissuto gli anni drammatici della bolla speculativa di Internet e quelli entusiastici della crescita, anni in cui VareseNews era un Davide in mezzo a tanti Golia. Poi sono arrivati i social, le nuove piattaforme e soprattutto gli smartphone, una postazione di lavoro racchiusa in una mano. Una nuova rivoluzione. Insomma, &egrave; stata, ed &egrave; ancora, un&rsquo;avventura entusiasmante perch&eacute; mi insegna giorno dopo giorno che il cambiamento &egrave; l&rsquo;unica certezza di questa fragile esistenza.\",\"sameAs\":[\"https:\/\/www.facebook.com\/michele.mancino.5\",\"micmancio\",\"Aggiorna le impostazioni del tuo profilo pubblicoit.linkedin.com\/pub\/michele-mancino\/28\/b71\/890\/it\",\"https:\/\/twitter.com\/micmancio\"],\"url\":\"https:\/\/staging.varesenews.it\/persona\/michele_mancino\/\"}]}<\/script>\n<!-- \/ Yoast SEO plugin. -->","yoast_head_json":{"title":"Viaggio tra le nuvole","description":"di Marina Mentasti","robots":{"index":"noindex","follow":"follow","max-snippet":"max-snippet:-1","max-image-preview":"max-image-preview:large","max-video-preview":"max-video-preview:-1"},"og_locale":"it_IT","og_type":"article","og_title":"Viaggio tra le nuvole","og_description":"di Marina Mentasti","og_url":"https:\/\/staging.varesenews.it\/2020\/04\/viaggio-le-nuvole\/917484\/","og_site_name":"VareseNews","article_publisher":"https:\/\/www.facebook.com\/varesenews","article_author":"https:\/\/www.facebook.com\/michele.mancino.5","article_published_time":"2020-04-05T03:43:09+00:00","article_modified_time":"2020-04-05T03:47:35+00:00","author":"Michele Mancino","twitter_card":"summary_large_image","twitter_creator":"@micmancio","twitter_site":"@varesenews","twitter_misc":{"Scritto da":"Michele Mancino","Tempo di lettura stimato":"2 minuti"},"schema":{"@context":"https:\/\/schema.org","@graph":[{"@type":"WebPage","@id":"https:\/\/staging.varesenews.it\/2020\/04\/viaggio-le-nuvole\/917484\/","url":"https:\/\/staging.varesenews.it\/2020\/04\/viaggio-le-nuvole\/917484\/","name":"Viaggio tra le nuvole","isPartOf":{"@id":"https:\/\/staging.varesenews.it\/#website"},"datePublished":"2020-04-05T03:43:09+00:00","dateModified":"2020-04-05T03:47:35+00:00","author":{"@id":"https:\/\/staging.varesenews.it\/#\/schema\/person\/308b491d3cb680ead199e5ff6c6ce540"},"description":"di Marina Mentasti","breadcrumb":{"@id":"https:\/\/staging.varesenews.it\/2020\/04\/viaggio-le-nuvole\/917484\/#breadcrumb"},"inLanguage":"it-IT","potentialAction":[{"@type":"ReadAction","target":["https:\/\/staging.varesenews.it\/2020\/04\/viaggio-le-nuvole\/917484\/"]}]},{"@type":"BreadcrumbList","@id":"https:\/\/staging.varesenews.it\/2020\/04\/viaggio-le-nuvole\/917484\/#breadcrumb","itemListElement":[{"@type":"ListItem","position":1,"name":"Home","item":"https:\/\/www.varesenews.it\/"},{"@type":"ListItem","position":2,"name":"Viaggio tra le nuvole"}]},{"@type":"WebSite","@id":"https:\/\/staging.varesenews.it\/#website","url":"https:\/\/staging.varesenews.it\/","name":"VareseNews","description":"","potentialAction":[{"@type":"SearchAction","target":{"@type":"EntryPoint","urlTemplate":"https:\/\/staging.varesenews.it\/?s={search_term_string}"},"query-input":"required name=search_term_string"}],"inLanguage":"it-IT"},{"@type":"Person","@id":"https:\/\/staging.varesenews.it\/#\/schema\/person\/308b491d3cb680ead199e5ff6c6ce540","name":"Michele Mancino","image":{"@type":"ImageObject","inLanguage":"it-IT","@id":"https:\/\/staging.varesenews.it\/#\/schema\/person\/image\/","url":"https:\/\/staging.varesenews.it\/wp-content\/uploads\/2020\/12\/michele_mancino_colori_500.jpg","contentUrl":"https:\/\/staging.varesenews.it\/wp-content\/uploads\/2020\/12\/michele_mancino_colori_500.jpg","caption":"Michele Mancino"},"description":"Sono a VareseNews da prima che nascesse. Ho inserito le prime notizie in una stringa di codice html, la lingua di internet. Aprivo i computer, cambiavo schede di rete e portavo i server dal provider. A met&agrave; degli anni &rsquo;90 il giornalista online doveva saper fare anche questo. Ho vissuto gli anni drammatici della bolla speculativa di Internet e quelli entusiastici della crescita, anni in cui VareseNews era un Davide in mezzo a tanti Golia. Poi sono arrivati i social, le nuove piattaforme e soprattutto gli smartphone, una postazione di lavoro racchiusa in una mano. Una nuova rivoluzione. Insomma, &egrave; stata, ed &egrave; ancora, un&rsquo;avventura entusiasmante perch&eacute; mi insegna giorno dopo giorno che il cambiamento &egrave; l&rsquo;unica certezza di questa fragile esistenza.","sameAs":["https:\/\/www.facebook.com\/michele.mancino.5","micmancio","Aggiorna le impostazioni del tuo profilo pubblicoit.linkedin.com\/pub\/michele-mancino\/28\/b71\/890\/it","https:\/\/twitter.com\/micmancio"],"url":"https:\/\/staging.varesenews.it\/persona\/michele_mancino\/"}]}},"post_meta":{"_edit_lock":"1586058817:45","_edit_last":"45","_category_permalink":"a:1:{s:8:\"category\";s:2:\"18\";}","_encloseme":"1","ratings_users":"0","ratings_score":"0","ratings_average":"0","foto":"794888","firma-personalizzata":"Marina Mentasti","argomento":"IL RACCONTO DELLA DOMENICA","_yoast_wpseo_content_score":"30","_jd_tweet_this":"yes","_wpt_short_url":"https:\/\/www.varesenews.it\/2020\/04\/viaggio-le-nuvole\/917484\/","_wp_jd_target":"https:\/\/www.varesenews.it\/2020\/04\/viaggio-le-nuvole\/917484\/","_jd_wp_twitter":"a:1:{i:0;s:92:\"Viaggio tra le nuvole https:\/\/www.varesenews.it\/2020\/04\/viaggio-le-nuvole\/917484\/ #ilcavedio\";}","_wpt_status_message":"Tweet inviato con successo."},"photos":[{"original":"https:\/\/staging.varesenews.it\/photogallery_new\/images\/2020\/04\/il-racconto-della-domenica-794888.jpg","full":"https:\/\/staging.varesenews.it\/photogallery_new\/images\/2020\/04\/il-racconto-della-domenica-794888.1024x768.jpg","large":"https:\/\/staging.varesenews.it\/photogallery_new\/images\/2020\/04\/il-racconto-della-domenica-794888.610x431.jpg"}],"_links":{"self":[{"href":"https:\/\/staging.varesenews.it\/swgapi\/v1\/wp\/v2\/posts\/917484"}],"collection":[{"href":"https:\/\/staging.varesenews.it\/swgapi\/v1\/wp\/v2\/posts"}],"about":[{"href":"https:\/\/staging.varesenews.it\/swgapi\/v1\/wp\/v2\/types\/post"}],"author":[{"embeddable":true,"href":"https:\/\/staging.varesenews.it\/swgapi\/v1\/wp\/v2\/users\/45"}],"replies":[{"embeddable":true,"href":"https:\/\/staging.varesenews.it\/swgapi\/v1\/wp\/v2\/comments?post=917484"}],"version-history":[{"count":0,"href":"https:\/\/staging.varesenews.it\/swgapi\/v1\/wp\/v2\/posts\/917484\/revisions"}],"wp:attachment":[{"href":"https:\/\/staging.varesenews.it\/swgapi\/v1\/wp\/v2\/media?parent=917484"}],"wp:term":[{"taxonomy":"category","embeddable":true,"href":"https:\/\/staging.varesenews.it\/swgapi\/v1\/wp\/v2\/categories?post=917484"},{"taxonomy":"post_tag","embeddable":true,"href":"https:\/\/staging.varesenews.it\/swgapi\/v1\/wp\/v2\/tags?post=917484"}],"curies":[{"name":"wp","href":"https:\/\/api.w.org\/{rel}","templated":true}]}}