{"id":917859,"date":"2020-04-06T16:32:29","date_gmt":"2020-04-06T14:32:29","guid":{"rendered":"https:\/\/www.varesenews.it\/?p=917859"},"modified":"2020-04-07T00:13:47","modified_gmt":"2020-04-06T22:13:47","slug":"caos-mascherine-astuti-lombardia-ordinanza-imprecisa","status":"publish","type":"post","link":"https:\/\/staging.varesenews.it\/2020\/04\/caos-mascherine-astuti-lombardia-ordinanza-imprecisa\/917859\/","title":{"rendered":"Caos mascherine, Astuti: \u201cIn Lombardia ordinanza imprecisa\u201c"},"content":{"rendered":"<p><strong>\u201cSulle mascherine Regione Lombardia sta facendo una gran confusione e su pi\u00f9 fronti\u201d<\/strong>. E\u2019 lapidario il consigliere regionale <strong>Samuele Astuti (Pd)<\/strong>. Dopo aver raccolto informazioni direttamente sul campo, Astuti fa il punto: \u201cLa Giunta dopo aver stabilito l\u2019obbligo di indossarle per chi esce di casa, ieri ha annunciato che verranno date 3 milioni di mascherine ai Comuni per i cittadini. E ha detto che altre 300mila sarebbero state disponibili oggi gratis nelle <strong>farmacie<\/strong>\u201d.<\/p>\n<p>\u201c<strong>Questa mattina fuori da queste c\u2019erano gi\u00e0 le code, mentre pare che non arriveranno che nel fine settimana<\/strong>, come ha reso noto Federfarma \u2013 continua Astuti \u2013. <strong>Intanto le mascherine continuano a scarseggiare nelle case di riposo<\/strong> dove ci sono le persone pi\u00f9 vulnerabili, mentre Fontana suggerisce di usare anche i foulard, che, al contrario, potrebbero rappresentare un ulteriore rischio di trasmissione del contagio\u201d.<\/p>\n<p><strong>Ma \u201cquand\u2019anche nelle farmacie arrivassero in settimana, considerato che in Lombardia ce ne sono 3mila , vuol dire che saranno a disposizione 100 mascherine per ogni farmacia, cio\u00e8 null<\/strong>a \u2013sottolinea l\u2019esponente dem \u2013. Per di pi\u00f9 la Regione non ha ancora stabilito i criteri per la distribuzione: i farmacisti non possono chiedere la dichiarazione dei redditi e i medici di famiglia impazzirebbero se dovesse toccare a loro determinare a quali dei loro assistiti dare questi presidi. Si potrebbe pensare innanzitutto agli over 65, ai cittadini con comorbilit\u00e0 e disabilit\u00e0, con invalidit\u00e0 superiore ai due terzi, ad esempio\u201d.<\/p>\n<p>\u201c<strong>Insomma &#8211; sintetizza Astuti,- da un lato l\u2019ordinanza regionale che impone di coprirsi il viso \u00e8 imprecisa<\/strong> perch\u00e9, se non bastassero le indicazioni dell\u2019Oms, anche lo stesso autorevole New England Journal of Medicine, in un editoriale del 2 aprile, parla di mascherine chirurgiche e non dice certo che va bene \u2018in subordine qualunque altro indumento a copertura di naso e bocca\u2019 come prevede invece l\u2019ordinanza regionale. <strong>Dall\u2019altro, le mascherine che la Regione annuncia sono in quantit\u00e0 insufficiente.<\/strong> Basta fare due elementari raffronti: 3 milioni di mascherine per 10 milioni di abitanti e 300mila mascherine per 3mila farmacie. Oltretutto, a obbligo gi\u00e0 stabilito, ovvero il contrario di quanto fa la Toscana, che prima distribuisce e poi mette l\u2019obbligo.\u201d<\/p>\n<p>\u201c<strong>Basta aggiungere confusione a confusione\u00a0<\/strong>&#8211; conclude Astuti &#8211; la Regione la smetta con gli annunci, se non ha le idee chiare e il materiale pronto. E poi diciamo anche chiaramente che questo \u00e8 ci\u00f2 che arriva in gran quantit\u00e0 dalla Protezione Civile alla Lombardia: 6,5 milioni di mascherine chirurgiche; 3 milioni di mascherine ffp2; 44mila mascherine ffp3 per un totale di oltre 9,5 milioni di mascherine. Si riconosca quanto viene fatto da Roma e si lavori in unit\u00e0 e collaborazione. Non si pu\u00f2, infine , non ringraziare i sindaci che ancora una volta, pur senza aver ricevuto chiare indicazioni , si stanno organizzando con grande fatica sui territori per contribuire alla distribuzione delle mascherine \u201d.<\/p>\n","protected":false},"excerpt":{"rendered":"<p>Cos\u00ec il consigliere regionale del Pd: \u00abLa Regione la smetta con gli annunci, se non ha le idee chiare e il materiale pronto\u00bb<\/p>\n","protected":false},"author":34,"featured_media":0,"comment_status":"open","ping_status":"open","sticky":false,"template":"","format":"standard","meta":{"footnotes":""},"categories":[7],"tags":[104544,104742],"acf":[],"yoast_head":"<!-- This site is optimized with the Yoast SEO plugin v20.1 - https:\/\/yoast.com\/wordpress\/plugins\/seo\/ -->\n<title>Caos mascherine, Astuti: \u201cIn Lombardia ordinanza imprecisa\u201c<\/title>\n<meta name=\"description\" content=\"Cos\u00ec il consigliere regionale del Pd: \u00abLa Regione la smetta con gli annunci, se non ha le idee chiare e il materiale pronto\u00bb\" \/>\n<meta name=\"robots\" content=\"noindex, follow, max-snippet:-1, max-image-preview:large, max-video-preview:-1\" \/>\n<meta property=\"og:locale\" content=\"it_IT\" \/>\n<meta property=\"og:type\" content=\"article\" \/>\n<meta property=\"og:title\" content=\"Caos mascherine, Astuti: \u201cIn Lombardia ordinanza imprecisa\u201c\" \/>\n<meta property=\"og:description\" content=\"Cos\u00ec il consigliere regionale del Pd: \u00abLa Regione la smetta con gli annunci, se non ha le idee chiare e il materiale pronto\u00bb\" \/>\n<meta property=\"og:url\" content=\"https:\/\/staging.varesenews.it\/2020\/04\/caos-mascherine-astuti-lombardia-ordinanza-imprecisa\/917859\/\" \/>\n<meta property=\"og:site_name\" content=\"VareseNews\" \/>\n<meta property=\"article:publisher\" content=\"https:\/\/www.facebook.com\/varesenews\" \/>\n<meta property=\"article:author\" content=\"https:\/\/www.facebook.com\/andrea.camurani?fref=photo\" \/>\n<meta property=\"article:published_time\" content=\"2020-04-06T14:32:29+00:00\" \/>\n<meta property=\"article:modified_time\" content=\"2020-04-06T22:13:47+00:00\" \/>\n<meta name=\"author\" content=\"Andrea Camurani\" \/>\n<meta name=\"twitter:card\" content=\"summary_large_image\" \/>\n<meta name=\"twitter:creator\" content=\"@AndreaCamurani\" \/>\n<meta name=\"twitter:site\" content=\"@varesenews\" \/>\n<meta name=\"twitter:label1\" content=\"Scritto da\" \/>\n\t<meta name=\"twitter:data1\" content=\"Andrea Camurani\" \/>\n\t<meta name=\"twitter:label2\" content=\"Tempo di lettura stimato\" \/>\n\t<meta name=\"twitter:data2\" content=\"2 minuti\" \/>\n<script type=\"application\/ld+json\" class=\"yoast-schema-graph\">{\"@context\":\"https:\/\/schema.org\",\"@graph\":[{\"@type\":\"WebPage\",\"@id\":\"https:\/\/staging.varesenews.it\/2020\/04\/caos-mascherine-astuti-lombardia-ordinanza-imprecisa\/917859\/\",\"url\":\"https:\/\/staging.varesenews.it\/2020\/04\/caos-mascherine-astuti-lombardia-ordinanza-imprecisa\/917859\/\",\"name\":\"Caos mascherine, Astuti: \u201cIn Lombardia ordinanza imprecisa\u201c\",\"isPartOf\":{\"@id\":\"https:\/\/staging.varesenews.it\/#website\"},\"datePublished\":\"2020-04-06T14:32:29+00:00\",\"dateModified\":\"2020-04-06T22:13:47+00:00\",\"author\":{\"@id\":\"https:\/\/staging.varesenews.it\/#\/schema\/person\/3eb5832c6beae763de8d9596fdbe8c49\"},\"description\":\"Cos\u00ec il consigliere regionale del Pd: \u00abLa Regione la smetta con gli annunci, se non ha le idee chiare e il materiale pronto\u00bb\",\"breadcrumb\":{\"@id\":\"https:\/\/staging.varesenews.it\/2020\/04\/caos-mascherine-astuti-lombardia-ordinanza-imprecisa\/917859\/#breadcrumb\"},\"inLanguage\":\"it-IT\",\"potentialAction\":[{\"@type\":\"ReadAction\",\"target\":[\"https:\/\/staging.varesenews.it\/2020\/04\/caos-mascherine-astuti-lombardia-ordinanza-imprecisa\/917859\/\"]}]},{\"@type\":\"BreadcrumbList\",\"@id\":\"https:\/\/staging.varesenews.it\/2020\/04\/caos-mascherine-astuti-lombardia-ordinanza-imprecisa\/917859\/#breadcrumb\",\"itemListElement\":[{\"@type\":\"ListItem\",\"position\":1,\"name\":\"Home\",\"item\":\"https:\/\/www.varesenews.it\/\"},{\"@type\":\"ListItem\",\"position\":2,\"name\":\"Caos mascherine, Astuti: \u201cIn Lombardia ordinanza imprecisa\u201c\"}]},{\"@type\":\"WebSite\",\"@id\":\"https:\/\/staging.varesenews.it\/#website\",\"url\":\"https:\/\/staging.varesenews.it\/\",\"name\":\"VareseNews\",\"description\":\"\",\"potentialAction\":[{\"@type\":\"SearchAction\",\"target\":{\"@type\":\"EntryPoint\",\"urlTemplate\":\"https:\/\/staging.varesenews.it\/?s={search_term_string}\"},\"query-input\":\"required name=search_term_string\"}],\"inLanguage\":\"it-IT\"},{\"@type\":\"Person\",\"@id\":\"https:\/\/staging.varesenews.it\/#\/schema\/person\/3eb5832c6beae763de8d9596fdbe8c49\",\"name\":\"Andrea Camurani\",\"image\":{\"@type\":\"ImageObject\",\"inLanguage\":\"it-IT\",\"@id\":\"https:\/\/staging.varesenews.it\/#\/schema\/person\/image\/\",\"url\":\"https:\/\/staging.varesenews.it\/wp-content\/uploads\/2020\/12\/andrea_camurani_colori_500.jpg\",\"contentUrl\":\"https:\/\/staging.varesenews.it\/wp-content\/uploads\/2020\/12\/andrea_camurani_colori_500.jpg\",\"caption\":\"Andrea Camurani\"},\"description\":\"Sono figlio degli anni Settanta e di Milano, dove ho imparato a riconoscere buoni e cattivi. Laurea in scienze politiche, lavoro a VareseNews dal 2000. Racconto quel che trovo quando incontro chi vuole lasciare al mondo un pezzetto di vita, che si chiama cronaca. &ldquo;...perch&eacute; &egrave; la gente il pi&ugrave; grande spettacolo del mondo. E non si paga il biglietto...&rdquo; (Charles Bukowsky)\",\"sameAs\":[\"https:\/\/www.facebook.com\/andrea.camurani?fref=photo\",\"andreacamurani\",\"https:\/\/www.linkedin.com\/hp\/?dnr=A9a84RfzsLdo9xg4NcGV4dLiMknoc9ms4WM\",\"https:\/\/twitter.com\/AndreaCamurani\"],\"url\":\"https:\/\/staging.varesenews.it\/persona\/andrea_camurani\/\"}]}<\/script>\n<!-- \/ Yoast SEO plugin. -->","yoast_head_json":{"title":"Caos mascherine, Astuti: \u201cIn Lombardia ordinanza imprecisa\u201c","description":"Cos\u00ec il consigliere regionale del Pd: \u00abLa Regione la smetta con gli annunci, se non ha le idee chiare e il materiale pronto\u00bb","robots":{"index":"noindex","follow":"follow","max-snippet":"max-snippet:-1","max-image-preview":"max-image-preview:large","max-video-preview":"max-video-preview:-1"},"og_locale":"it_IT","og_type":"article","og_title":"Caos mascherine, Astuti: \u201cIn Lombardia ordinanza imprecisa\u201c","og_description":"Cos\u00ec il consigliere regionale del Pd: \u00abLa Regione la smetta con gli annunci, se non ha le idee chiare e il materiale pronto\u00bb","og_url":"https:\/\/staging.varesenews.it\/2020\/04\/caos-mascherine-astuti-lombardia-ordinanza-imprecisa\/917859\/","og_site_name":"VareseNews","article_publisher":"https:\/\/www.facebook.com\/varesenews","article_author":"https:\/\/www.facebook.com\/andrea.camurani?fref=photo","article_published_time":"2020-04-06T14:32:29+00:00","article_modified_time":"2020-04-06T22:13:47+00:00","author":"Andrea Camurani","twitter_card":"summary_large_image","twitter_creator":"@AndreaCamurani","twitter_site":"@varesenews","twitter_misc":{"Scritto da":"Andrea Camurani","Tempo di lettura stimato":"2 minuti"},"schema":{"@context":"https:\/\/schema.org","@graph":[{"@type":"WebPage","@id":"https:\/\/staging.varesenews.it\/2020\/04\/caos-mascherine-astuti-lombardia-ordinanza-imprecisa\/917859\/","url":"https:\/\/staging.varesenews.it\/2020\/04\/caos-mascherine-astuti-lombardia-ordinanza-imprecisa\/917859\/","name":"Caos mascherine, Astuti: \u201cIn Lombardia ordinanza imprecisa\u201c","isPartOf":{"@id":"https:\/\/staging.varesenews.it\/#website"},"datePublished":"2020-04-06T14:32:29+00:00","dateModified":"2020-04-06T22:13:47+00:00","author":{"@id":"https:\/\/staging.varesenews.it\/#\/schema\/person\/3eb5832c6beae763de8d9596fdbe8c49"},"description":"Cos\u00ec il consigliere regionale del Pd: \u00abLa Regione la smetta con gli annunci, se non ha le idee chiare e il materiale pronto\u00bb","breadcrumb":{"@id":"https:\/\/staging.varesenews.it\/2020\/04\/caos-mascherine-astuti-lombardia-ordinanza-imprecisa\/917859\/#breadcrumb"},"inLanguage":"it-IT","potentialAction":[{"@type":"ReadAction","target":["https:\/\/staging.varesenews.it\/2020\/04\/caos-mascherine-astuti-lombardia-ordinanza-imprecisa\/917859\/"]}]},{"@type":"BreadcrumbList","@id":"https:\/\/staging.varesenews.it\/2020\/04\/caos-mascherine-astuti-lombardia-ordinanza-imprecisa\/917859\/#breadcrumb","itemListElement":[{"@type":"ListItem","position":1,"name":"Home","item":"https:\/\/www.varesenews.it\/"},{"@type":"ListItem","position":2,"name":"Caos mascherine, Astuti: \u201cIn Lombardia ordinanza imprecisa\u201c"}]},{"@type":"WebSite","@id":"https:\/\/staging.varesenews.it\/#website","url":"https:\/\/staging.varesenews.it\/","name":"VareseNews","description":"","potentialAction":[{"@type":"SearchAction","target":{"@type":"EntryPoint","urlTemplate":"https:\/\/staging.varesenews.it\/?s={search_term_string}"},"query-input":"required name=search_term_string"}],"inLanguage":"it-IT"},{"@type":"Person","@id":"https:\/\/staging.varesenews.it\/#\/schema\/person\/3eb5832c6beae763de8d9596fdbe8c49","name":"Andrea Camurani","image":{"@type":"ImageObject","inLanguage":"it-IT","@id":"https:\/\/staging.varesenews.it\/#\/schema\/person\/image\/","url":"https:\/\/staging.varesenews.it\/wp-content\/uploads\/2020\/12\/andrea_camurani_colori_500.jpg","contentUrl":"https:\/\/staging.varesenews.it\/wp-content\/uploads\/2020\/12\/andrea_camurani_colori_500.jpg","caption":"Andrea Camurani"},"description":"Sono figlio degli anni Settanta e di Milano, dove ho imparato a riconoscere buoni e cattivi. Laurea in scienze politiche, lavoro a VareseNews dal 2000. Racconto quel che trovo quando incontro chi vuole lasciare al mondo un pezzetto di vita, che si chiama cronaca. &ldquo;...perch&eacute; &egrave; la gente il pi&ugrave; grande spettacolo del mondo. E non si paga il biglietto...&rdquo; (Charles Bukowsky)","sameAs":["https:\/\/www.facebook.com\/andrea.camurani?fref=photo","andreacamurani","https:\/\/www.linkedin.com\/hp\/?dnr=A9a84RfzsLdo9xg4NcGV4dLiMknoc9ms4WM","https:\/\/twitter.com\/AndreaCamurani"],"url":"https:\/\/staging.varesenews.it\/persona\/andrea_camurani\/"}]}},"post_meta":{"_edit_lock":"1586245871:34","_edit_last":"34","_category_permalink":"a:1:{s:8:\"category\";s:0:\"\";}","_encloseme":"1","ratings_users":"0","ratings_score":"0","ratings_average":"0","foto":"751338","argomento":"Milano","_yoast_wpseo_content_score":"30","_jd_tweet_this":"yes","_wpt_short_url":"https:\/\/www.varesenews.it\/2020\/04\/caos-mascherine-astuti-lombardia-ordinanza-imprecisa\/917859\/","_wp_jd_target":"https:\/\/www.varesenews.it\/2020\/04\/caos-mascherine-astuti-lombardia-ordinanza-imprecisa\/917859\/","_jd_wp_twitter":"a:1:{i:0;s:179:\"Caos mascherine, Astuti: \u201cIn Lombardia ordinanza imprecisa\u201c https:\/\/www.varesenews.it\/2020\/04\/caos-mascherine-astuti-lombardia-ordinanza-imprecisa\/917859\/ #covid19 #mascherine\";}","_wpt_status_message":"Tweet inviato con successo.","firma_come_redazione":"1"},"photos":[{"original":"https:\/\/staging.varesenews.it\/photogallery_new\/images\/2019\/07\/samuele-astuti-751338.jpg","full":"https:\/\/staging.varesenews.it\/photogallery_new\/images\/2019\/07\/samuele-astuti-751338.1024x768.jpg","large":"https:\/\/staging.varesenews.it\/photogallery_new\/images\/2019\/07\/samuele-astuti-751338.610x431.jpg"}],"_links":{"self":[{"href":"https:\/\/staging.varesenews.it\/swgapi\/v1\/wp\/v2\/posts\/917859"}],"collection":[{"href":"https:\/\/staging.varesenews.it\/swgapi\/v1\/wp\/v2\/posts"}],"about":[{"href":"https:\/\/staging.varesenews.it\/swgapi\/v1\/wp\/v2\/types\/post"}],"author":[{"embeddable":true,"href":"https:\/\/staging.varesenews.it\/swgapi\/v1\/wp\/v2\/users\/34"}],"replies":[{"embeddable":true,"href":"https:\/\/staging.varesenews.it\/swgapi\/v1\/wp\/v2\/comments?post=917859"}],"version-history":[{"count":0,"href":"https:\/\/staging.varesenews.it\/swgapi\/v1\/wp\/v2\/posts\/917859\/revisions"}],"wp:attachment":[{"href":"https:\/\/staging.varesenews.it\/swgapi\/v1\/wp\/v2\/media?parent=917859"}],"wp:term":[{"taxonomy":"category","embeddable":true,"href":"https:\/\/staging.varesenews.it\/swgapi\/v1\/wp\/v2\/categories?post=917859"},{"taxonomy":"post_tag","embeddable":true,"href":"https:\/\/staging.varesenews.it\/swgapi\/v1\/wp\/v2\/tags?post=917859"}],"curies":[{"name":"wp","href":"https:\/\/api.w.org\/{rel}","templated":true}]}}