{"id":919429,"date":"2020-04-11T20:42:47","date_gmt":"2020-04-11T18:42:47","guid":{"rendered":"https:\/\/www.varesenews.it\/?p=919429"},"modified":"2020-04-11T20:42:47","modified_gmt":"2020-04-11T18:42:47","slug":"fai-volare-colomba-admo","status":"publish","type":"post","link":"https:\/\/staging.varesenews.it\/2020\/04\/fai-volare-colomba-admo\/919429\/","title":{"rendered":"\u201cFai volare una colomba Admo\u201d"},"content":{"rendered":"<p>\u201cFai volare una colomba Admo\u201d. Questo \u00e8 il titolo della campagna solidariet\u00e0 di Admo Varese verso gli Ospedali e Protezione Civile del Varesotto.<\/p>\n<p>Anche quest&#8217;anno, Admo Associazione Donatori Midollo Osseo, avrebbe dovuto essere presente in una delle piazze della nostra citt\u00e0 con i volontari di Admo Varese per proporvi nel nostro stand Pasquale colombe e cioccolatini \u201cdue volte buoni \u201c.<\/p>\n<p>Purtroppo , per le ovvie ragioni governative, l&#8217;evento \u00e8 stato annullato e l&#8217;Associazione ha aderito alla Campagna di Admo Lombardia &#8220;Fai volare una colomba Admo&#8221;.<\/p>\n<p>L&#8217;iniziativa ha permesso tramite un&#8217;area dedicata all&#8217;interno del sito web di Admo Lombardia, di donare insieme ad altre Province Lombarde le nostre colombe pasquali ad ospedali, Protezione Civile e persone in difficolt\u00e0 .<\/p>\n<p>Per la Provincia di Varese, sono stati scelti l&#8217;Ospedale di Somma Lombardo &#8220;Angelo Bellini&#8221; , l&#8217;Ospedale di Circolo Fondazione Macchi e Protezione Civile di Varese.<\/p>\n<p>Seguir\u00e0 nei prossimi giorni la consegna delle vostre colombe Admo raccolte durante la campagna agli enti indicati. I nostri Volontari e Sostenitori sono stati molto lieti di poter donare una colomba sia per ringraziarli del loro instancabile operato ma anche per lanciare un messaggio: \u201cAdmo non si ferma\u201d l&#8217;Associazione continua la sua attivit\u00e0 di ricerca di potenziali donatori di midollo osseo che potrebbero salvare una vita.<\/p>\n<p>\u00abRingraziamo i volontari Admo Varese e Admo Lombardia per l\u2019impegno nel consegnare e gestire le colombe gi\u00e0 prenotate anticipatamente a questa difficolt\u00e0 che ha coinvolto tutti. Le donazioni ricevute, nel caso sorpassino le quantit\u00e0 di colombe a disposizione, verranno comunque impiegate per altre future iniziative in collaborazione con Admo!, spiegano Fabrizio Picarelli e Alessio Soffitto, referenti Admo Varese.<\/p>\n","protected":false},"excerpt":{"rendered":"<p>Campagna solidariet\u00e0 di Admo Varese verso gli Ospedali e Protezione Civile del Varesotto<\/p>\n","protected":false},"author":39,"featured_media":0,"comment_status":"open","ping_status":"open","sticky":false,"template":"","format":"standard","meta":{"footnotes":""},"categories":[21,2],"tags":[12425,7716,130],"acf":[],"yoast_head":"<!-- This site is optimized with the Yoast SEO plugin v20.1 - https:\/\/yoast.com\/wordpress\/plugins\/seo\/ -->\n<title>\u201cFai volare una colomba Admo\u201d<\/title>\n<meta name=\"description\" content=\"Campagna solidariet\u00e0 di Admo Varese verso gli Ospedali e Protezione Civile del Varesotto\" \/>\n<meta name=\"robots\" content=\"noindex, follow, max-snippet:-1, max-image-preview:large, max-video-preview:-1\" \/>\n<meta property=\"og:locale\" content=\"it_IT\" \/>\n<meta property=\"og:type\" content=\"article\" \/>\n<meta property=\"og:title\" content=\"\u201cFai volare una colomba Admo\u201d\" \/>\n<meta property=\"og:description\" content=\"Campagna solidariet\u00e0 di Admo Varese verso gli Ospedali e Protezione Civile del Varesotto\" \/>\n<meta property=\"og:url\" content=\"https:\/\/staging.varesenews.it\/2020\/04\/fai-volare-colomba-admo\/919429\/\" \/>\n<meta property=\"og:site_name\" content=\"VareseNews\" \/>\n<meta property=\"article:publisher\" content=\"https:\/\/www.facebook.com\/varesenews\" \/>\n<meta property=\"article:author\" content=\"https:\/\/www.facebook.com\/tommaso.guidotti.7\" \/>\n<meta property=\"article:published_time\" content=\"2020-04-11T18:42:47+00:00\" \/>\n<meta name=\"author\" content=\"Tommaso Guidotti\" \/>\n<meta name=\"twitter:card\" content=\"summary_large_image\" \/>\n<meta name=\"twitter:creator\" content=\"@tomguidoz\" \/>\n<meta name=\"twitter:site\" content=\"@varesenews\" \/>\n<meta name=\"twitter:label1\" content=\"Scritto da\" \/>\n\t<meta name=\"twitter:data1\" content=\"Tommaso Guidotti\" \/>\n\t<meta name=\"twitter:label2\" content=\"Tempo di lettura stimato\" \/>\n\t<meta name=\"twitter:data2\" content=\"1 minuto\" \/>\n<script type=\"application\/ld+json\" class=\"yoast-schema-graph\">{\"@context\":\"https:\/\/schema.org\",\"@graph\":[{\"@type\":\"WebPage\",\"@id\":\"https:\/\/staging.varesenews.it\/2020\/04\/fai-volare-colomba-admo\/919429\/\",\"url\":\"https:\/\/staging.varesenews.it\/2020\/04\/fai-volare-colomba-admo\/919429\/\",\"name\":\"\u201cFai volare una colomba Admo\u201d\",\"isPartOf\":{\"@id\":\"https:\/\/staging.varesenews.it\/#website\"},\"datePublished\":\"2020-04-11T18:42:47+00:00\",\"dateModified\":\"2020-04-11T18:42:47+00:00\",\"author\":{\"@id\":\"https:\/\/staging.varesenews.it\/#\/schema\/person\/5ae9c65889c40fea73a6c40733b93f8a\"},\"description\":\"Campagna solidariet\u00e0 di Admo Varese verso gli Ospedali e Protezione Civile del Varesotto\",\"breadcrumb\":{\"@id\":\"https:\/\/staging.varesenews.it\/2020\/04\/fai-volare-colomba-admo\/919429\/#breadcrumb\"},\"inLanguage\":\"it-IT\",\"potentialAction\":[{\"@type\":\"ReadAction\",\"target\":[\"https:\/\/staging.varesenews.it\/2020\/04\/fai-volare-colomba-admo\/919429\/\"]}]},{\"@type\":\"BreadcrumbList\",\"@id\":\"https:\/\/staging.varesenews.it\/2020\/04\/fai-volare-colomba-admo\/919429\/#breadcrumb\",\"itemListElement\":[{\"@type\":\"ListItem\",\"position\":1,\"name\":\"Home\",\"item\":\"https:\/\/www.varesenews.it\/\"},{\"@type\":\"ListItem\",\"position\":2,\"name\":\"\u201cFai volare una colomba Admo\u201d\"}]},{\"@type\":\"WebSite\",\"@id\":\"https:\/\/staging.varesenews.it\/#website\",\"url\":\"https:\/\/staging.varesenews.it\/\",\"name\":\"VareseNews\",\"description\":\"\",\"potentialAction\":[{\"@type\":\"SearchAction\",\"target\":{\"@type\":\"EntryPoint\",\"urlTemplate\":\"https:\/\/staging.varesenews.it\/?s={search_term_string}\"},\"query-input\":\"required name=search_term_string\"}],\"inLanguage\":\"it-IT\"},{\"@type\":\"Person\",\"@id\":\"https:\/\/staging.varesenews.it\/#\/schema\/person\/5ae9c65889c40fea73a6c40733b93f8a\",\"name\":\"Tommaso Guidotti\",\"image\":{\"@type\":\"ImageObject\",\"inLanguage\":\"it-IT\",\"@id\":\"https:\/\/staging.varesenews.it\/#\/schema\/person\/image\/\",\"url\":\"https:\/\/staging.varesenews.it\/wp-content\/uploads\/2020\/12\/tommaso_guidotti_colori_500.jpg\",\"contentUrl\":\"https:\/\/staging.varesenews.it\/wp-content\/uploads\/2020\/12\/tommaso_guidotti_colori_500.jpg\",\"caption\":\"Tommaso Guidotti\"},\"description\":\"Nato a Milano e trasferito nel Varesotto in tenera et&agrave;, sposato con Chiara dal 2012 e padre di due figli, Lorenzo e Alice. Sono laureato in Scienze Politiche e ho nel mio bagaglio lontani studi classici al Liceo Cairoli di Varese. Amo leggere, le serie tv, i viaggi e mi piace sperimentare e conoscere. La passione pi&ugrave; grande? Il calcio, giocato, simulato e guardato: occupo parte del mio tempo libero con quella che &egrave; pi&ugrave; di una squadra di calcio, i Bidone, una vera e propria seconda famiglia con cui ho portato avanti tanti progetti sportivi e benefici. Faccio parte dal 2004 della squadra di VareseNews e sono giornalista professionista dal 2009: per dieci anni ho ricoperto il ruolo di caporedattore. Dal 2019 coordino insieme ad una redazione di giovani collaboratori il nuovo progetto del gruppo nella zona del Saronnese, il giornale SaronnoNews, spin-off di VareseNews, restando comunque radicato al territorio di Casciago, paese che mi ha adottato e che amo moltissimo come il lago di Varese e Cazzago Brabbia, il paese dove ho vissuto da giovane.\",\"sameAs\":[\"https:\/\/www.facebook.com\/tommaso.guidotti.7\",\"tomguidoz80\",\"https:\/\/www.linkedin.com\/profile\/view?id=36891883&authType=name&authToken=9pNm&locale=en_US&goback=npv_36891883_*1_*1_name_9pNm_*1_*1_*1_*1_*1_*1_*1_*1_*1_*1_*1_*1_*1_*1_*1_*1_*1_*1_*1_*1_*1_*1_*1_*1_*1_*1_*1_*1_*1_*1_*1_*1_*1\",\"https:\/\/twitter.com\/tomguidoz\"],\"url\":\"https:\/\/staging.varesenews.it\/persona\/tommaso_guidotti\/\"}]}<\/script>\n<!-- \/ Yoast SEO plugin. -->","yoast_head_json":{"title":"\u201cFai volare una colomba Admo\u201d","description":"Campagna solidariet\u00e0 di Admo Varese verso gli Ospedali e Protezione Civile del Varesotto","robots":{"index":"noindex","follow":"follow","max-snippet":"max-snippet:-1","max-image-preview":"max-image-preview:large","max-video-preview":"max-video-preview:-1"},"og_locale":"it_IT","og_type":"article","og_title":"\u201cFai volare una colomba Admo\u201d","og_description":"Campagna solidariet\u00e0 di Admo Varese verso gli Ospedali e Protezione Civile del Varesotto","og_url":"https:\/\/staging.varesenews.it\/2020\/04\/fai-volare-colomba-admo\/919429\/","og_site_name":"VareseNews","article_publisher":"https:\/\/www.facebook.com\/varesenews","article_author":"https:\/\/www.facebook.com\/tommaso.guidotti.7","article_published_time":"2020-04-11T18:42:47+00:00","author":"Tommaso Guidotti","twitter_card":"summary_large_image","twitter_creator":"@tomguidoz","twitter_site":"@varesenews","twitter_misc":{"Scritto da":"Tommaso Guidotti","Tempo di lettura stimato":"1 minuto"},"schema":{"@context":"https:\/\/schema.org","@graph":[{"@type":"WebPage","@id":"https:\/\/staging.varesenews.it\/2020\/04\/fai-volare-colomba-admo\/919429\/","url":"https:\/\/staging.varesenews.it\/2020\/04\/fai-volare-colomba-admo\/919429\/","name":"\u201cFai volare una colomba Admo\u201d","isPartOf":{"@id":"https:\/\/staging.varesenews.it\/#website"},"datePublished":"2020-04-11T18:42:47+00:00","dateModified":"2020-04-11T18:42:47+00:00","author":{"@id":"https:\/\/staging.varesenews.it\/#\/schema\/person\/5ae9c65889c40fea73a6c40733b93f8a"},"description":"Campagna solidariet\u00e0 di Admo Varese verso gli Ospedali e Protezione Civile del Varesotto","breadcrumb":{"@id":"https:\/\/staging.varesenews.it\/2020\/04\/fai-volare-colomba-admo\/919429\/#breadcrumb"},"inLanguage":"it-IT","potentialAction":[{"@type":"ReadAction","target":["https:\/\/staging.varesenews.it\/2020\/04\/fai-volare-colomba-admo\/919429\/"]}]},{"@type":"BreadcrumbList","@id":"https:\/\/staging.varesenews.it\/2020\/04\/fai-volare-colomba-admo\/919429\/#breadcrumb","itemListElement":[{"@type":"ListItem","position":1,"name":"Home","item":"https:\/\/www.varesenews.it\/"},{"@type":"ListItem","position":2,"name":"\u201cFai volare una colomba Admo\u201d"}]},{"@type":"WebSite","@id":"https:\/\/staging.varesenews.it\/#website","url":"https:\/\/staging.varesenews.it\/","name":"VareseNews","description":"","potentialAction":[{"@type":"SearchAction","target":{"@type":"EntryPoint","urlTemplate":"https:\/\/staging.varesenews.it\/?s={search_term_string}"},"query-input":"required name=search_term_string"}],"inLanguage":"it-IT"},{"@type":"Person","@id":"https:\/\/staging.varesenews.it\/#\/schema\/person\/5ae9c65889c40fea73a6c40733b93f8a","name":"Tommaso Guidotti","image":{"@type":"ImageObject","inLanguage":"it-IT","@id":"https:\/\/staging.varesenews.it\/#\/schema\/person\/image\/","url":"https:\/\/staging.varesenews.it\/wp-content\/uploads\/2020\/12\/tommaso_guidotti_colori_500.jpg","contentUrl":"https:\/\/staging.varesenews.it\/wp-content\/uploads\/2020\/12\/tommaso_guidotti_colori_500.jpg","caption":"Tommaso Guidotti"},"description":"Nato a Milano e trasferito nel Varesotto in tenera et&agrave;, sposato con Chiara dal 2012 e padre di due figli, Lorenzo e Alice. Sono laureato in Scienze Politiche e ho nel mio bagaglio lontani studi classici al Liceo Cairoli di Varese. Amo leggere, le serie tv, i viaggi e mi piace sperimentare e conoscere. La passione pi&ugrave; grande? Il calcio, giocato, simulato e guardato: occupo parte del mio tempo libero con quella che &egrave; pi&ugrave; di una squadra di calcio, i Bidone, una vera e propria seconda famiglia con cui ho portato avanti tanti progetti sportivi e benefici. Faccio parte dal 2004 della squadra di VareseNews e sono giornalista professionista dal 2009: per dieci anni ho ricoperto il ruolo di caporedattore. Dal 2019 coordino insieme ad una redazione di giovani collaboratori il nuovo progetto del gruppo nella zona del Saronnese, il giornale SaronnoNews, spin-off di VareseNews, restando comunque radicato al territorio di Casciago, paese che mi ha adottato e che amo moltissimo come il lago di Varese e Cazzago Brabbia, il paese dove ho vissuto da giovane.","sameAs":["https:\/\/www.facebook.com\/tommaso.guidotti.7","tomguidoz80","https:\/\/www.linkedin.com\/profile\/view?id=36891883&authType=name&authToken=9pNm&locale=en_US&goback=npv_36891883_*1_*1_name_9pNm_*1_*1_*1_*1_*1_*1_*1_*1_*1_*1_*1_*1_*1_*1_*1_*1_*1_*1_*1_*1_*1_*1_*1_*1_*1_*1_*1_*1_*1_*1_*1_*1_*1","https:\/\/twitter.com\/tomguidoz"],"url":"https:\/\/staging.varesenews.it\/persona\/tommaso_guidotti\/"}]}},"post_meta":{"_edit_lock":"1586630437:39","_edit_last":"39","_category_permalink":"a:1:{s:8:\"category\";s:0:\"\";}","_encloseme":"1","ratings_users":"0","ratings_score":"0","ratings_average":"0","foto":"795771","firma_come_redazione":"1","argomento":"Varese","_yoast_wpseo_content_score":"30","_jd_tweet_this":"yes","_wpt_short_url":"https:\/\/www.varesenews.it\/2020\/04\/fai-volare-colomba-admo\/919429\/","_wp_jd_target":"https:\/\/www.varesenews.it\/2020\/04\/fai-volare-colomba-admo\/919429\/","_jd_wp_twitter":"a:1:{i:0;s:127:\"\u201cFai volare una colomba Admo\u201d https:\/\/www.varesenews.it\/2020\/04\/fai-volare-colomba-admo\/919429\/ #admo #pasqua #solidariet\u00e0\";}","_wpt_status_message":"Tweet inviato con successo."},"photos":[{"original":"https:\/\/staging.varesenews.it\/photogallery_new\/images\/2020\/04\/generico-2018-795771.jpg","full":"https:\/\/staging.varesenews.it\/photogallery_new\/images\/2020\/04\/generico-2018-795771.1024x768.jpg","large":"https:\/\/staging.varesenews.it\/photogallery_new\/images\/2020\/04\/generico-2018-795771.610x431.jpg"}],"_links":{"self":[{"href":"https:\/\/staging.varesenews.it\/swgapi\/v1\/wp\/v2\/posts\/919429"}],"collection":[{"href":"https:\/\/staging.varesenews.it\/swgapi\/v1\/wp\/v2\/posts"}],"about":[{"href":"https:\/\/staging.varesenews.it\/swgapi\/v1\/wp\/v2\/types\/post"}],"author":[{"embeddable":true,"href":"https:\/\/staging.varesenews.it\/swgapi\/v1\/wp\/v2\/users\/39"}],"replies":[{"embeddable":true,"href":"https:\/\/staging.varesenews.it\/swgapi\/v1\/wp\/v2\/comments?post=919429"}],"version-history":[{"count":0,"href":"https:\/\/staging.varesenews.it\/swgapi\/v1\/wp\/v2\/posts\/919429\/revisions"}],"wp:attachment":[{"href":"https:\/\/staging.varesenews.it\/swgapi\/v1\/wp\/v2\/media?parent=919429"}],"wp:term":[{"taxonomy":"category","embeddable":true,"href":"https:\/\/staging.varesenews.it\/swgapi\/v1\/wp\/v2\/categories?post=919429"},{"taxonomy":"post_tag","embeddable":true,"href":"https:\/\/staging.varesenews.it\/swgapi\/v1\/wp\/v2\/tags?post=919429"}],"curies":[{"name":"wp","href":"https:\/\/api.w.org\/{rel}","templated":true}]}}