{"id":92057,"date":"2012-04-05T00:00:00","date_gmt":"2012-04-05T00:00:00","guid":{"rendered":""},"modified":"2012-04-05T00:00:00","modified_gmt":"2012-04-05T00:00:00","slug":"striscioni-di-casa-pound-fuori-dalla-cgil","status":"publish","type":"post","link":"https:\/\/staging.varesenews.it\/2012\/04\/striscioni-di-casa-pound-fuori-dalla-cgil\/92057\/","title":{"rendered":"Striscioni di Casa Pound fuori dalla Cgil"},"content":{"rendered":"<p><span style=\"background-color: transparent; font-variant: normal; font-style: normal; font-family: Times New Roman; color: #000000; font-size: 16px; vertical-align: baseline; font-weight: normal; text-decoration: none\" id=\"internal-source-marker_0.6558047346741671\"><img loading=\"lazy\" decoding=\"async\" style=\"width: 284px; height: 185px\" border=\"1\" hspace=\"5\" alt=\"\" vspace=\"5\" align=\"left\" width=\"300\" height=\"203\" src=\"https:\/\/www3.varesenews.it\/immagini_articoli\/201204\/blu_casa_pound.jpg\" \/>Questa mattina &egrave; stato trovato affisso uno striscione all&rsquo;esterno della sede di Varese della Cgil, <strong>firmato&nbsp;Blu <\/strong>&ldquo;<strong>blocco lavoratori uniti<\/strong>&rdquo;, braccio sindacale&nbsp;riconducibile all&rsquo;associazione <strong>Casa Pound<\/strong>. Lo striscione prende <strong>posizioni a favore dei lavoratori sull&rsquo;articolo 18<\/strong>. Immediate le reazioni del segretario Cgil di Varese, <strong>Franco Stasi<\/strong>: &laquo;Consideriamo questo gesto una grave provocazione, e poich&eacute; lo striscione &egrave; abusivo, abbiamo avvisato le autorit&agrave; competenti.&nbsp;&Egrave; inammissibile che un&rsquo;associazione filo-fascista dichiari simili posizioni proprio al di fuori della nostra sede&raquo;.&nbsp;<\/span><\/p>\n","protected":false},"excerpt":{"rendered":"<p>Franco Stasi: \u00abConsideriamo questo gesto una grave provocazione, e poich\u00e9 lo striscione \u00e8 abusivo, abbiamo avvisato le autorit\u00e0 competenti\u00bb<\/p>\n","protected":false},"author":10,"featured_media":0,"comment_status":"open","ping_status":"open","sticky":false,"template":"","format":"standard","meta":{"footnotes":""},"categories":[17,2],"tags":[11108,1179,13995],"acf":[],"yoast_head":"<!-- This site is optimized with the Yoast SEO plugin v20.1 - https:\/\/yoast.com\/wordpress\/plugins\/seo\/ -->\n<title>Striscioni di Casa Pound fuori dalla Cgil<\/title>\n<meta name=\"description\" content=\"Franco Stasi: \u00abConsideriamo questo gesto una grave provocazione, e poich\u00e9 lo striscione \u00e8 abusivo, abbiamo avvisato le autorit\u00e0 competenti\u00bb\" \/>\n<meta name=\"robots\" content=\"noindex, follow, max-snippet:-1, max-image-preview:large, max-video-preview:-1\" \/>\n<meta property=\"og:locale\" content=\"it_IT\" \/>\n<meta property=\"og:type\" content=\"article\" \/>\n<meta property=\"og:title\" content=\"Striscioni di Casa Pound fuori dalla Cgil\" \/>\n<meta property=\"og:description\" content=\"Franco Stasi: \u00abConsideriamo questo gesto una grave provocazione, e poich\u00e9 lo striscione \u00e8 abusivo, abbiamo avvisato le autorit\u00e0 competenti\u00bb\" \/>\n<meta property=\"og:url\" content=\"https:\/\/staging.varesenews.it\/2012\/04\/striscioni-di-casa-pound-fuori-dalla-cgil\/92057\/\" \/>\n<meta property=\"og:site_name\" content=\"VareseNews\" \/>\n<meta property=\"article:publisher\" content=\"https:\/\/www.facebook.com\/varesenews\" \/>\n<meta property=\"article:published_time\" content=\"2012-04-05T00:00:00+00:00\" \/>\n<meta property=\"og:image\" content=\"https:\/\/www3.varesenews.it\/immagini_articoli\/201204\/blu_casa_pound.jpg\" \/>\n<meta name=\"author\" content=\"Redazione VareseNews\" \/>\n<meta name=\"twitter:card\" content=\"summary_large_image\" \/>\n<meta name=\"twitter:creator\" content=\"@varesenews\" \/>\n<meta name=\"twitter:site\" content=\"@varesenews\" \/>\n<meta name=\"twitter:label1\" content=\"Scritto da\" \/>\n\t<meta name=\"twitter:data1\" content=\"Redazione VareseNews\" \/>\n<script type=\"application\/ld+json\" class=\"yoast-schema-graph\">{\"@context\":\"https:\/\/schema.org\",\"@graph\":[{\"@type\":\"WebPage\",\"@id\":\"https:\/\/staging.varesenews.it\/2012\/04\/striscioni-di-casa-pound-fuori-dalla-cgil\/92057\/\",\"url\":\"https:\/\/staging.varesenews.it\/2012\/04\/striscioni-di-casa-pound-fuori-dalla-cgil\/92057\/\",\"name\":\"Striscioni di Casa Pound fuori dalla Cgil\",\"isPartOf\":{\"@id\":\"https:\/\/staging.varesenews.it\/#website\"},\"datePublished\":\"2012-04-05T00:00:00+00:00\",\"dateModified\":\"2012-04-05T00:00:00+00:00\",\"author\":{\"@id\":\"https:\/\/staging.varesenews.it\/#\/schema\/person\/fb20c4da0b7b16c291707a20db73e169\"},\"description\":\"Franco Stasi: \u00abConsideriamo questo gesto una grave provocazione, e poich\u00e9 lo striscione \u00e8 abusivo, abbiamo avvisato le autorit\u00e0 competenti\u00bb\",\"breadcrumb\":{\"@id\":\"https:\/\/staging.varesenews.it\/2012\/04\/striscioni-di-casa-pound-fuori-dalla-cgil\/92057\/#breadcrumb\"},\"inLanguage\":\"it-IT\",\"potentialAction\":[{\"@type\":\"ReadAction\",\"target\":[\"https:\/\/staging.varesenews.it\/2012\/04\/striscioni-di-casa-pound-fuori-dalla-cgil\/92057\/\"]}]},{\"@type\":\"BreadcrumbList\",\"@id\":\"https:\/\/staging.varesenews.it\/2012\/04\/striscioni-di-casa-pound-fuori-dalla-cgil\/92057\/#breadcrumb\",\"itemListElement\":[{\"@type\":\"ListItem\",\"position\":1,\"name\":\"Home\",\"item\":\"https:\/\/www.varesenews.it\/\"},{\"@type\":\"ListItem\",\"position\":2,\"name\":\"Striscioni di Casa Pound fuori dalla Cgil\"}]},{\"@type\":\"WebSite\",\"@id\":\"https:\/\/staging.varesenews.it\/#website\",\"url\":\"https:\/\/staging.varesenews.it\/\",\"name\":\"VareseNews\",\"description\":\"\",\"potentialAction\":[{\"@type\":\"SearchAction\",\"target\":{\"@type\":\"EntryPoint\",\"urlTemplate\":\"https:\/\/staging.varesenews.it\/?s={search_term_string}\"},\"query-input\":\"required name=search_term_string\"}],\"inLanguage\":\"it-IT\"},{\"@type\":\"Person\",\"@id\":\"https:\/\/staging.varesenews.it\/#\/schema\/person\/fb20c4da0b7b16c291707a20db73e169\",\"name\":\"Redazione VareseNews\",\"image\":{\"@type\":\"ImageObject\",\"inLanguage\":\"it-IT\",\"@id\":\"https:\/\/staging.varesenews.it\/#\/schema\/person\/image\/\",\"url\":\"https:\/\/staging.varesenews.it\/wp-content\/uploads\/2020\/12\/logo_VN_colori_500.png\",\"contentUrl\":\"https:\/\/staging.varesenews.it\/wp-content\/uploads\/2020\/12\/logo_VN_colori_500.png\",\"caption\":\"Redazione VareseNews\"},\"url\":\"https:\/\/staging.varesenews.it\/persona\/redazione1\/\"}]}<\/script>\n<!-- \/ Yoast SEO plugin. -->","yoast_head_json":{"title":"Striscioni di Casa Pound fuori dalla Cgil","description":"Franco Stasi: \u00abConsideriamo questo gesto una grave provocazione, e poich\u00e9 lo striscione \u00e8 abusivo, abbiamo avvisato le autorit\u00e0 competenti\u00bb","robots":{"index":"noindex","follow":"follow","max-snippet":"max-snippet:-1","max-image-preview":"max-image-preview:large","max-video-preview":"max-video-preview:-1"},"og_locale":"it_IT","og_type":"article","og_title":"Striscioni di Casa Pound fuori dalla Cgil","og_description":"Franco Stasi: \u00abConsideriamo questo gesto una grave provocazione, e poich\u00e9 lo striscione \u00e8 abusivo, abbiamo avvisato le autorit\u00e0 competenti\u00bb","og_url":"https:\/\/staging.varesenews.it\/2012\/04\/striscioni-di-casa-pound-fuori-dalla-cgil\/92057\/","og_site_name":"VareseNews","article_publisher":"https:\/\/www.facebook.com\/varesenews","article_published_time":"2012-04-05T00:00:00+00:00","og_image":[{"url":"https:\/\/www3.varesenews.it\/immagini_articoli\/201204\/blu_casa_pound.jpg"}],"author":"Redazione VareseNews","twitter_card":"summary_large_image","twitter_creator":"@varesenews","twitter_site":"@varesenews","twitter_misc":{"Scritto da":"Redazione VareseNews"},"schema":{"@context":"https:\/\/schema.org","@graph":[{"@type":"WebPage","@id":"https:\/\/staging.varesenews.it\/2012\/04\/striscioni-di-casa-pound-fuori-dalla-cgil\/92057\/","url":"https:\/\/staging.varesenews.it\/2012\/04\/striscioni-di-casa-pound-fuori-dalla-cgil\/92057\/","name":"Striscioni di Casa Pound fuori dalla Cgil","isPartOf":{"@id":"https:\/\/staging.varesenews.it\/#website"},"datePublished":"2012-04-05T00:00:00+00:00","dateModified":"2012-04-05T00:00:00+00:00","author":{"@id":"https:\/\/staging.varesenews.it\/#\/schema\/person\/fb20c4da0b7b16c291707a20db73e169"},"description":"Franco Stasi: \u00abConsideriamo questo gesto una grave provocazione, e poich\u00e9 lo striscione \u00e8 abusivo, abbiamo avvisato le autorit\u00e0 competenti\u00bb","breadcrumb":{"@id":"https:\/\/staging.varesenews.it\/2012\/04\/striscioni-di-casa-pound-fuori-dalla-cgil\/92057\/#breadcrumb"},"inLanguage":"it-IT","potentialAction":[{"@type":"ReadAction","target":["https:\/\/staging.varesenews.it\/2012\/04\/striscioni-di-casa-pound-fuori-dalla-cgil\/92057\/"]}]},{"@type":"BreadcrumbList","@id":"https:\/\/staging.varesenews.it\/2012\/04\/striscioni-di-casa-pound-fuori-dalla-cgil\/92057\/#breadcrumb","itemListElement":[{"@type":"ListItem","position":1,"name":"Home","item":"https:\/\/www.varesenews.it\/"},{"@type":"ListItem","position":2,"name":"Striscioni di Casa Pound fuori dalla Cgil"}]},{"@type":"WebSite","@id":"https:\/\/staging.varesenews.it\/#website","url":"https:\/\/staging.varesenews.it\/","name":"VareseNews","description":"","potentialAction":[{"@type":"SearchAction","target":{"@type":"EntryPoint","urlTemplate":"https:\/\/staging.varesenews.it\/?s={search_term_string}"},"query-input":"required name=search_term_string"}],"inLanguage":"it-IT"},{"@type":"Person","@id":"https:\/\/staging.varesenews.it\/#\/schema\/person\/fb20c4da0b7b16c291707a20db73e169","name":"Redazione VareseNews","image":{"@type":"ImageObject","inLanguage":"it-IT","@id":"https:\/\/staging.varesenews.it\/#\/schema\/person\/image\/","url":"https:\/\/staging.varesenews.it\/wp-content\/uploads\/2020\/12\/logo_VN_colori_500.png","contentUrl":"https:\/\/staging.varesenews.it\/wp-content\/uploads\/2020\/12\/logo_VN_colori_500.png","caption":"Redazione VareseNews"},"url":"https:\/\/staging.varesenews.it\/persona\/redazione1\/"}]}},"post_meta":{"id_old":"230533","argomento":"Varese"},"photos":[],"_links":{"self":[{"href":"https:\/\/staging.varesenews.it\/swgapi\/v1\/wp\/v2\/posts\/92057"}],"collection":[{"href":"https:\/\/staging.varesenews.it\/swgapi\/v1\/wp\/v2\/posts"}],"about":[{"href":"https:\/\/staging.varesenews.it\/swgapi\/v1\/wp\/v2\/types\/post"}],"author":[{"embeddable":true,"href":"https:\/\/staging.varesenews.it\/swgapi\/v1\/wp\/v2\/users\/10"}],"replies":[{"embeddable":true,"href":"https:\/\/staging.varesenews.it\/swgapi\/v1\/wp\/v2\/comments?post=92057"}],"version-history":[{"count":0,"href":"https:\/\/staging.varesenews.it\/swgapi\/v1\/wp\/v2\/posts\/92057\/revisions"}],"wp:attachment":[{"href":"https:\/\/staging.varesenews.it\/swgapi\/v1\/wp\/v2\/media?parent=92057"}],"wp:term":[{"taxonomy":"category","embeddable":true,"href":"https:\/\/staging.varesenews.it\/swgapi\/v1\/wp\/v2\/categories?post=92057"},{"taxonomy":"post_tag","embeddable":true,"href":"https:\/\/staging.varesenews.it\/swgapi\/v1\/wp\/v2\/tags?post=92057"}],"curies":[{"name":"wp","href":"https:\/\/api.w.org\/{rel}","templated":true}]}}