{"id":920734,"date":"2020-04-16T19:14:10","date_gmt":"2020-04-16T17:14:10","guid":{"rendered":"https:\/\/www.varesenews.it\/?p=920734"},"modified":"2020-04-16T19:14:10","modified_gmt":"2020-04-16T17:14:10","slug":"augusta-celada-direttore-dellufficio-scolastico-lombardo","status":"publish","type":"post","link":"https:\/\/staging.varesenews.it\/2020\/04\/augusta-celada-direttore-dellufficio-scolastico-lombardo\/920734\/","title":{"rendered":"\u00c8 Augusta Celada il nuovo direttore dell&#8217;Ufficio scolastico lombardo"},"content":{"rendered":"<p><strong>\u00c8 Augusta Celada, 63 anni, una laurea in lettere classiche<\/strong>, il nuovo direttore dell\u2019Ufficio scolastico lombardo.<br \/>\nLa nomina \u00e8 stata ufficializzata oggi dal Ministro Lucia Azzolina che ha individuato i direttori di tutti gli uffici regionali vacanti. Oltre alla Lombardia, mancavano le figure apicali degli Uffici di Lazio, Liguria e Sicilia.<\/p>\n<p>La <strong>dottoressa Celada succede, dunque, a Delia Campanelli andata in pensione lo scorso 31 ottobr<\/strong>e.<br \/>\nLe altre nomine: nel Lazio arriva, dagli Uffici di Gabinetto del Ministero, Rocco Pinneri. Il nuovo Direttore Generale della Liguria \u00e8 Ettore Acerra, fino ad oggi a capo della Struttura che si occupa degli Esami di Stato a Roma. In Sicilia ci sar\u00e0 Stefano Suraniti, gi\u00e0 Dirigente dell\u2019Ambito territoriale di Torino.<\/p>\n<p>\u201cDa troppo tempo &#8211; <strong>sottolinea il Ministro dell&#8217;Istruzione, Lucia Azzolina<\/strong> &#8211; questi posti erano scoperti. Finalmente questi Uffici avranno una guida. Oggi pi\u00f9 necessaria che mai in questo particolare momento di emergenza in cui le nostre scuole hanno bisogno di supporto nei territori. Ai nuovi Direttori Generali vanno i miei auguri di buon lavoro\u201d.<\/p>\n","protected":false},"excerpt":{"rendered":"<p>La nomina del Ministro Azzolina per la sostituta di Delia Campanelli andata in pensione lo scorso 31 ottobre. 63 anni, ricopriva lo stesso incarico in Veneto<\/p>\n","protected":false},"author":33,"featured_media":0,"comment_status":"open","ping_status":"open","sticky":false,"template":"","format":"standard","meta":{"footnotes":""},"categories":[9,7,90],"tags":[19796,100985],"acf":[],"yoast_head":"<!-- This site is optimized with the Yoast SEO plugin v20.1 - https:\/\/yoast.com\/wordpress\/plugins\/seo\/ -->\n<title>\u00c8 Augusta Celada il nuovo direttore dell&#039;Ufficio scolastico lombardo<\/title>\n<meta name=\"description\" content=\"La nomina del Ministro Azzolina per la sostituta di Delia Campanelli andata in pensione lo scorso 31 ottobre. 63 anni, ricopriva lo stesso incarico in Veneto\" \/>\n<meta name=\"robots\" content=\"noindex, follow, max-snippet:-1, max-image-preview:large, max-video-preview:-1\" \/>\n<meta property=\"og:locale\" content=\"it_IT\" \/>\n<meta property=\"og:type\" content=\"article\" \/>\n<meta property=\"og:title\" content=\"\u00c8 Augusta Celada il nuovo direttore dell&#039;Ufficio scolastico lombardo\" \/>\n<meta property=\"og:description\" content=\"La nomina del Ministro Azzolina per la sostituta di Delia Campanelli andata in pensione lo scorso 31 ottobre. 63 anni, ricopriva lo stesso incarico in Veneto\" \/>\n<meta property=\"og:url\" content=\"https:\/\/staging.varesenews.it\/2020\/04\/augusta-celada-direttore-dellufficio-scolastico-lombardo\/920734\/\" \/>\n<meta property=\"og:site_name\" content=\"VareseNews\" \/>\n<meta property=\"article:publisher\" content=\"https:\/\/www.facebook.com\/varesenews\" \/>\n<meta property=\"article:author\" content=\"alessandra.toni7\" \/>\n<meta property=\"article:published_time\" content=\"2020-04-16T17:14:10+00:00\" \/>\n<meta name=\"author\" content=\"Alessandra Toni\" \/>\n<meta name=\"twitter:card\" content=\"summary_large_image\" \/>\n<meta name=\"twitter:creator\" content=\"@alessandra_toni\" \/>\n<meta name=\"twitter:site\" content=\"@varesenews\" \/>\n<meta name=\"twitter:label1\" content=\"Scritto da\" \/>\n\t<meta name=\"twitter:data1\" content=\"Alessandra Toni\" \/>\n\t<meta name=\"twitter:label2\" content=\"Tempo di lettura stimato\" \/>\n\t<meta name=\"twitter:data2\" content=\"1 minuto\" \/>\n<script type=\"application\/ld+json\" class=\"yoast-schema-graph\">{\"@context\":\"https:\/\/schema.org\",\"@graph\":[{\"@type\":\"WebPage\",\"@id\":\"https:\/\/staging.varesenews.it\/2020\/04\/augusta-celada-direttore-dellufficio-scolastico-lombardo\/920734\/\",\"url\":\"https:\/\/staging.varesenews.it\/2020\/04\/augusta-celada-direttore-dellufficio-scolastico-lombardo\/920734\/\",\"name\":\"\u00c8 Augusta Celada il nuovo direttore dell'Ufficio scolastico lombardo\",\"isPartOf\":{\"@id\":\"https:\/\/staging.varesenews.it\/#website\"},\"datePublished\":\"2020-04-16T17:14:10+00:00\",\"dateModified\":\"2020-04-16T17:14:10+00:00\",\"author\":{\"@id\":\"https:\/\/staging.varesenews.it\/#\/schema\/person\/2643ce123d4a3c9511e015dc548779b8\"},\"description\":\"La nomina del Ministro Azzolina per la sostituta di Delia Campanelli andata in pensione lo scorso 31 ottobre. 63 anni, ricopriva lo stesso incarico in Veneto\",\"breadcrumb\":{\"@id\":\"https:\/\/staging.varesenews.it\/2020\/04\/augusta-celada-direttore-dellufficio-scolastico-lombardo\/920734\/#breadcrumb\"},\"inLanguage\":\"it-IT\",\"potentialAction\":[{\"@type\":\"ReadAction\",\"target\":[\"https:\/\/staging.varesenews.it\/2020\/04\/augusta-celada-direttore-dellufficio-scolastico-lombardo\/920734\/\"]}]},{\"@type\":\"BreadcrumbList\",\"@id\":\"https:\/\/staging.varesenews.it\/2020\/04\/augusta-celada-direttore-dellufficio-scolastico-lombardo\/920734\/#breadcrumb\",\"itemListElement\":[{\"@type\":\"ListItem\",\"position\":1,\"name\":\"Home\",\"item\":\"https:\/\/www.varesenews.it\/\"},{\"@type\":\"ListItem\",\"position\":2,\"name\":\"\u00c8 Augusta Celada il nuovo direttore dell&#8217;Ufficio scolastico lombardo\"}]},{\"@type\":\"WebSite\",\"@id\":\"https:\/\/staging.varesenews.it\/#website\",\"url\":\"https:\/\/staging.varesenews.it\/\",\"name\":\"VareseNews\",\"description\":\"\",\"potentialAction\":[{\"@type\":\"SearchAction\",\"target\":{\"@type\":\"EntryPoint\",\"urlTemplate\":\"https:\/\/staging.varesenews.it\/?s={search_term_string}\"},\"query-input\":\"required name=search_term_string\"}],\"inLanguage\":\"it-IT\"},{\"@type\":\"Person\",\"@id\":\"https:\/\/staging.varesenews.it\/#\/schema\/person\/2643ce123d4a3c9511e015dc548779b8\",\"name\":\"Alessandra Toni\",\"image\":{\"@type\":\"ImageObject\",\"inLanguage\":\"it-IT\",\"@id\":\"https:\/\/staging.varesenews.it\/#\/schema\/person\/image\/\",\"url\":\"https:\/\/staging.varesenews.it\/wp-content\/uploads\/2020\/12\/alessandra_toni_colori_500.jpg\",\"contentUrl\":\"https:\/\/staging.varesenews.it\/wp-content\/uploads\/2020\/12\/alessandra_toni_colori_500.jpg\",\"caption\":\"Alessandra Toni\"},\"description\":\"Sono entrata nella redazione di VareseNews nel lontano anno 2000. Ero reduce da una bellissima esperienza nella redazione giornalistica della TV Nuova Antennatre, sotto la direzione dell'indimenticabile direttore Adolfo Caldarini. Sono arrivata quando era ancora una piccola realt\u00e0 editoriale e insieme abbiamo fatto un lungo ed entusiasmante lavoro. Mi occupo prevalentemente di scuola e di sanit\u00e0, settori impegnativi di grande valore sociale.\u00a0\",\"sameAs\":[\"alessandra.toni7\",\"alessandra.toni\",\"https:\/\/twitter.com\/alessandra_toni\"],\"url\":\"https:\/\/staging.varesenews.it\/persona\/alessandra_toni1\/\"}]}<\/script>\n<!-- \/ Yoast SEO plugin. -->","yoast_head_json":{"title":"\u00c8 Augusta Celada il nuovo direttore dell'Ufficio scolastico lombardo","description":"La nomina del Ministro Azzolina per la sostituta di Delia Campanelli andata in pensione lo scorso 31 ottobre. 63 anni, ricopriva lo stesso incarico in Veneto","robots":{"index":"noindex","follow":"follow","max-snippet":"max-snippet:-1","max-image-preview":"max-image-preview:large","max-video-preview":"max-video-preview:-1"},"og_locale":"it_IT","og_type":"article","og_title":"\u00c8 Augusta Celada il nuovo direttore dell'Ufficio scolastico lombardo","og_description":"La nomina del Ministro Azzolina per la sostituta di Delia Campanelli andata in pensione lo scorso 31 ottobre. 63 anni, ricopriva lo stesso incarico in Veneto","og_url":"https:\/\/staging.varesenews.it\/2020\/04\/augusta-celada-direttore-dellufficio-scolastico-lombardo\/920734\/","og_site_name":"VareseNews","article_publisher":"https:\/\/www.facebook.com\/varesenews","article_author":"alessandra.toni7","article_published_time":"2020-04-16T17:14:10+00:00","author":"Alessandra Toni","twitter_card":"summary_large_image","twitter_creator":"@alessandra_toni","twitter_site":"@varesenews","twitter_misc":{"Scritto da":"Alessandra Toni","Tempo di lettura stimato":"1 minuto"},"schema":{"@context":"https:\/\/schema.org","@graph":[{"@type":"WebPage","@id":"https:\/\/staging.varesenews.it\/2020\/04\/augusta-celada-direttore-dellufficio-scolastico-lombardo\/920734\/","url":"https:\/\/staging.varesenews.it\/2020\/04\/augusta-celada-direttore-dellufficio-scolastico-lombardo\/920734\/","name":"\u00c8 Augusta Celada il nuovo direttore dell'Ufficio scolastico lombardo","isPartOf":{"@id":"https:\/\/staging.varesenews.it\/#website"},"datePublished":"2020-04-16T17:14:10+00:00","dateModified":"2020-04-16T17:14:10+00:00","author":{"@id":"https:\/\/staging.varesenews.it\/#\/schema\/person\/2643ce123d4a3c9511e015dc548779b8"},"description":"La nomina del Ministro Azzolina per la sostituta di Delia Campanelli andata in pensione lo scorso 31 ottobre. 63 anni, ricopriva lo stesso incarico in Veneto","breadcrumb":{"@id":"https:\/\/staging.varesenews.it\/2020\/04\/augusta-celada-direttore-dellufficio-scolastico-lombardo\/920734\/#breadcrumb"},"inLanguage":"it-IT","potentialAction":[{"@type":"ReadAction","target":["https:\/\/staging.varesenews.it\/2020\/04\/augusta-celada-direttore-dellufficio-scolastico-lombardo\/920734\/"]}]},{"@type":"BreadcrumbList","@id":"https:\/\/staging.varesenews.it\/2020\/04\/augusta-celada-direttore-dellufficio-scolastico-lombardo\/920734\/#breadcrumb","itemListElement":[{"@type":"ListItem","position":1,"name":"Home","item":"https:\/\/www.varesenews.it\/"},{"@type":"ListItem","position":2,"name":"\u00c8 Augusta Celada il nuovo direttore dell&#8217;Ufficio scolastico lombardo"}]},{"@type":"WebSite","@id":"https:\/\/staging.varesenews.it\/#website","url":"https:\/\/staging.varesenews.it\/","name":"VareseNews","description":"","potentialAction":[{"@type":"SearchAction","target":{"@type":"EntryPoint","urlTemplate":"https:\/\/staging.varesenews.it\/?s={search_term_string}"},"query-input":"required name=search_term_string"}],"inLanguage":"it-IT"},{"@type":"Person","@id":"https:\/\/staging.varesenews.it\/#\/schema\/person\/2643ce123d4a3c9511e015dc548779b8","name":"Alessandra Toni","image":{"@type":"ImageObject","inLanguage":"it-IT","@id":"https:\/\/staging.varesenews.it\/#\/schema\/person\/image\/","url":"https:\/\/staging.varesenews.it\/wp-content\/uploads\/2020\/12\/alessandra_toni_colori_500.jpg","contentUrl":"https:\/\/staging.varesenews.it\/wp-content\/uploads\/2020\/12\/alessandra_toni_colori_500.jpg","caption":"Alessandra Toni"},"description":"Sono entrata nella redazione di VareseNews nel lontano anno 2000. Ero reduce da una bellissima esperienza nella redazione giornalistica della TV Nuova Antennatre, sotto la direzione dell'indimenticabile direttore Adolfo Caldarini. Sono arrivata quando era ancora una piccola realt\u00e0 editoriale e insieme abbiamo fatto un lungo ed entusiasmante lavoro. Mi occupo prevalentemente di scuola e di sanit\u00e0, settori impegnativi di grande valore sociale.\u00a0","sameAs":["alessandra.toni7","alessandra.toni","https:\/\/twitter.com\/alessandra_toni"],"url":"https:\/\/staging.varesenews.it\/persona\/alessandra_toni1\/"}]}},"post_meta":{"_edit_lock":"1587058376:33","_edit_last":"33","_category_permalink":"a:1:{s:8:\"category\";s:2:\"90\";}","foto":"796285","firma_come_redazione":"1","argomento":"Scuola","_yoast_wpseo_content_score":"30","_jd_tweet_this":"yes","_encloseme":"1","ratings_users":"0","ratings_score":"0","ratings_average":"0","_wpt_short_url":"https:\/\/www.varesenews.it\/2020\/04\/augusta-celada-direttore-dellufficio-scolastico-lombardo\/920734\/","_wp_jd_target":"https:\/\/www.varesenews.it\/2020\/04\/augusta-celada-direttore-dellufficio-scolastico-lombardo\/920734\/","_jd_wp_twitter":"a:1:{i:0;s:176:\"\u00c8 Augusta Celada il nuovo direttore dell\u2019Ufficio scolastico lombardo https:\/\/www.varesenews.it\/2020\/04\/augusta-celada-direttore-dellufficio-scolastico-lombardo\/920734\/ #miur\";}","_wpt_status_message":"Tweet inviato con successo."},"photos":[{"original":"https:\/\/staging.varesenews.it\/photogallery_new\/images\/2020\/04\/augusta-celada-direttore-ufficio-scolastico-lombardia-796285.jpg","full":"https:\/\/staging.varesenews.it\/photogallery_new\/images\/2020\/04\/augusta-celada-direttore-ufficio-scolastico-lombardia-796285.1024x768.jpg","large":"https:\/\/staging.varesenews.it\/photogallery_new\/images\/2020\/04\/augusta-celada-direttore-ufficio-scolastico-lombardia-796285.610x431.jpg"}],"_links":{"self":[{"href":"https:\/\/staging.varesenews.it\/swgapi\/v1\/wp\/v2\/posts\/920734"}],"collection":[{"href":"https:\/\/staging.varesenews.it\/swgapi\/v1\/wp\/v2\/posts"}],"about":[{"href":"https:\/\/staging.varesenews.it\/swgapi\/v1\/wp\/v2\/types\/post"}],"author":[{"embeddable":true,"href":"https:\/\/staging.varesenews.it\/swgapi\/v1\/wp\/v2\/users\/33"}],"replies":[{"embeddable":true,"href":"https:\/\/staging.varesenews.it\/swgapi\/v1\/wp\/v2\/comments?post=920734"}],"version-history":[{"count":0,"href":"https:\/\/staging.varesenews.it\/swgapi\/v1\/wp\/v2\/posts\/920734\/revisions"}],"wp:attachment":[{"href":"https:\/\/staging.varesenews.it\/swgapi\/v1\/wp\/v2\/media?parent=920734"}],"wp:term":[{"taxonomy":"category","embeddable":true,"href":"https:\/\/staging.varesenews.it\/swgapi\/v1\/wp\/v2\/categories?post=920734"},{"taxonomy":"post_tag","embeddable":true,"href":"https:\/\/staging.varesenews.it\/swgapi\/v1\/wp\/v2\/tags?post=920734"}],"curies":[{"name":"wp","href":"https:\/\/api.w.org\/{rel}","templated":true}]}}