{"id":922247,"date":"2020-04-22T18:10:40","date_gmt":"2020-04-22T16:10:40","guid":{"rendered":"https:\/\/www.varesenews.it\/?p=922247"},"modified":"2020-04-22T18:12:03","modified_gmt":"2020-04-22T16:12:03","slug":"bimbi-sperduti-dimenticati-della-scuola-non-ce","status":"publish","type":"post","link":"https:\/\/staging.varesenews.it\/2020\/04\/bimbi-sperduti-dimenticati-della-scuola-non-ce\/922247\/","title":{"rendered":"I bimbi sperduti e dimenticati della scuola che non c&#8217;\u00e8"},"content":{"rendered":"<p><strong>I bambini sono a casa da due mesi e di riapertura delle scuole, forse, se ne parla a settembre. Cosa faranno nei prossimi quattro mesi?<\/strong>\u00a0Sempre a casa con mamma e pap\u00e0? E se i genitori intanto devono tornare a lavorare?<br \/>\nA porre questi problemi \u00e8 <strong>Gabriella Lavarda<\/strong>, educatrice del nido Il paese dei bimbi di Arsago Seprio in una lettera (pubblicata di seguito) in cui chiede di porre maggiore attenzione ai bambini e di cominciare a ripensare a una riapertura delle strutture educative rivolte ai pi\u00f9 piccoli su modello europeo, puntando su norme igieniche e spazi aperti.<\/p>\n<blockquote><p>In questo momento epocale i bimbi dove sono? Anch&#8217;essi messi in disparte e dimenticati sull&#8217;isola che non c&#8217;\u00e8? Eppure senza di loro niente isola e niente futuro&#8230;e <strong>nessuno ne parla, gi\u00e0, loro sono bravissimi, da ben due mesi sono in casa con mamma e pap\u00e0 e chiss\u00e0 per quanto tempo ancora dovranno restarci&#8230;ma quando mamma \u00e8 pap\u00e0 torneranno al lavoro, dove andranno?<\/strong> Dai nonni? No, non \u00e8 possibile perch\u00e9 sono fragili e potrebbero ammalarsi&#8230; Avranno una baby sitter?<\/p>\n<p>Perch\u00e9 nessuno parla dei pi\u00f9 piccini, <strong>anche loro hanno diritto di giocare con i loro amichetti, di tornare alla loro routine, alla loro quotidianit\u00e0<\/strong>&#8230;Si parla di riapertura delle scuole a settembre ma, abbiamo ben 4 mesi davanti e, i bambini come li trascorreranno? P<strong>erch\u00e9 non si possono iniziare a fare delle prove? Aprire le strutture mettendo a disposizione spazi interni ed esterni, insegnare ai piccini le norme igieniche indispensabili, giocare stando all&#8217;aria aperta&#8230; Seguiamo anche il modello degli altri paesi europei<\/strong> che la scuola non la considerano come un fanalino di coda&#8230; Purtroppo sono sempre i grandi a decidere ma, anche i grandi sono stati piccoli&#8230;<br \/>\nNon dimenticatevi dei bambini&#8230;<\/p><\/blockquote>\n","protected":false},"excerpt":{"rendered":"<p>Dal nido la proposta di riaprire le strutture educative dei piccoli su modello europeo, puntando sul gioco all&#8217;aperto ed educazione all&#8217;igiene<\/p>\n","protected":false},"author":14095,"featured_media":0,"comment_status":"open","ping_status":"open","sticky":false,"template":"","format":"standard","meta":{"footnotes":""},"categories":[23,3,90],"tags":[6870,191,105418],"acf":[],"yoast_head":"<!-- This site is optimized with the Yoast SEO plugin v20.1 - https:\/\/yoast.com\/wordpress\/plugins\/seo\/ -->\n<title>I bimbi sperduti e dimenticati della scuola che non c&#039;\u00e8<\/title>\n<meta name=\"description\" content=\"Dal nido la proposta di riaprire le strutture educative dei piccoli su modello europeo, puntando sul gioco all&#039;aperto ed educazione all&#039;igiene\" \/>\n<meta name=\"robots\" content=\"noindex, follow, max-snippet:-1, max-image-preview:large, max-video-preview:-1\" \/>\n<meta property=\"og:locale\" content=\"it_IT\" \/>\n<meta property=\"og:type\" content=\"article\" \/>\n<meta property=\"og:title\" content=\"I bimbi sperduti e dimenticati della scuola che non c&#039;\u00e8\" \/>\n<meta property=\"og:description\" content=\"Dal nido la proposta di riaprire le strutture educative dei piccoli su modello europeo, puntando sul gioco all&#039;aperto ed educazione all&#039;igiene\" \/>\n<meta property=\"og:url\" content=\"https:\/\/staging.varesenews.it\/2020\/04\/bimbi-sperduti-dimenticati-della-scuola-non-ce\/922247\/\" \/>\n<meta property=\"og:site_name\" content=\"VareseNews\" \/>\n<meta property=\"article:publisher\" content=\"https:\/\/www.facebook.com\/varesenews\" \/>\n<meta property=\"article:published_time\" content=\"2020-04-22T16:10:40+00:00\" \/>\n<meta property=\"article:modified_time\" content=\"2020-04-22T16:12:03+00:00\" \/>\n<meta name=\"author\" content=\"Lidia Romeo\" \/>\n<meta name=\"twitter:card\" content=\"summary_large_image\" \/>\n<meta name=\"twitter:creator\" content=\"@varesenews\" \/>\n<meta name=\"twitter:site\" content=\"@varesenews\" \/>\n<meta name=\"twitter:label1\" content=\"Scritto da\" \/>\n\t<meta name=\"twitter:data1\" content=\"Lidia Romeo\" \/>\n\t<meta name=\"twitter:label2\" content=\"Tempo di lettura stimato\" \/>\n\t<meta name=\"twitter:data2\" content=\"1 minuto\" \/>\n<script type=\"application\/ld+json\" class=\"yoast-schema-graph\">{\"@context\":\"https:\/\/schema.org\",\"@graph\":[{\"@type\":\"WebPage\",\"@id\":\"https:\/\/staging.varesenews.it\/2020\/04\/bimbi-sperduti-dimenticati-della-scuola-non-ce\/922247\/\",\"url\":\"https:\/\/staging.varesenews.it\/2020\/04\/bimbi-sperduti-dimenticati-della-scuola-non-ce\/922247\/\",\"name\":\"I bimbi sperduti e dimenticati della scuola che non c'\u00e8\",\"isPartOf\":{\"@id\":\"https:\/\/staging.varesenews.it\/#website\"},\"datePublished\":\"2020-04-22T16:10:40+00:00\",\"dateModified\":\"2020-04-22T16:12:03+00:00\",\"author\":{\"@id\":\"https:\/\/staging.varesenews.it\/#\/schema\/person\/83b39e5ac77662e18c07cdb07f0b4e7a\"},\"description\":\"Dal nido la proposta di riaprire le strutture educative dei piccoli su modello europeo, puntando sul gioco all'aperto ed educazione all'igiene\",\"breadcrumb\":{\"@id\":\"https:\/\/staging.varesenews.it\/2020\/04\/bimbi-sperduti-dimenticati-della-scuola-non-ce\/922247\/#breadcrumb\"},\"inLanguage\":\"it-IT\",\"potentialAction\":[{\"@type\":\"ReadAction\",\"target\":[\"https:\/\/staging.varesenews.it\/2020\/04\/bimbi-sperduti-dimenticati-della-scuola-non-ce\/922247\/\"]}]},{\"@type\":\"BreadcrumbList\",\"@id\":\"https:\/\/staging.varesenews.it\/2020\/04\/bimbi-sperduti-dimenticati-della-scuola-non-ce\/922247\/#breadcrumb\",\"itemListElement\":[{\"@type\":\"ListItem\",\"position\":1,\"name\":\"Home\",\"item\":\"https:\/\/www.varesenews.it\/\"},{\"@type\":\"ListItem\",\"position\":2,\"name\":\"I bimbi sperduti e dimenticati della scuola che non c&#8217;\u00e8\"}]},{\"@type\":\"WebSite\",\"@id\":\"https:\/\/staging.varesenews.it\/#website\",\"url\":\"https:\/\/staging.varesenews.it\/\",\"name\":\"VareseNews\",\"description\":\"\",\"potentialAction\":[{\"@type\":\"SearchAction\",\"target\":{\"@type\":\"EntryPoint\",\"urlTemplate\":\"https:\/\/staging.varesenews.it\/?s={search_term_string}\"},\"query-input\":\"required name=search_term_string\"}],\"inLanguage\":\"it-IT\"},{\"@type\":\"Person\",\"@id\":\"https:\/\/staging.varesenews.it\/#\/schema\/person\/83b39e5ac77662e18c07cdb07f0b4e7a\",\"name\":\"Lidia Romeo\",\"image\":{\"@type\":\"ImageObject\",\"inLanguage\":\"it-IT\",\"@id\":\"https:\/\/staging.varesenews.it\/#\/schema\/person\/image\/\",\"url\":\"https:\/\/staging.varesenews.it\/wp-content\/uploads\/2020\/12\/lidia_romeo_colori_500.jpg\",\"contentUrl\":\"https:\/\/staging.varesenews.it\/wp-content\/uploads\/2020\/12\/lidia_romeo_colori_500.jpg\",\"caption\":\"Lidia Romeo\"},\"description\":\"Giornalista professionista dal 2010, una laurea in Scienze politiche e tante, tantissime domande. Ascolto risposte, ne cerco altre e alcune le scrivo. Mi piacciono le chiacchiere, le idee capaci di guardare lontano e camminare in spazi aperti senza altra meta che l&rsquo;orizzonte.&nbsp;Per VareseNews sono responsabile del canale Bambini, a proposito di orizzonti ampi... quanto il futuro. &nbsp;\",\"url\":\"https:\/\/staging.varesenews.it\/persona\/lidia-romeo-a\/\"}]}<\/script>\n<!-- \/ Yoast SEO plugin. -->","yoast_head_json":{"title":"I bimbi sperduti e dimenticati della scuola che non c'\u00e8","description":"Dal nido la proposta di riaprire le strutture educative dei piccoli su modello europeo, puntando sul gioco all'aperto ed educazione all'igiene","robots":{"index":"noindex","follow":"follow","max-snippet":"max-snippet:-1","max-image-preview":"max-image-preview:large","max-video-preview":"max-video-preview:-1"},"og_locale":"it_IT","og_type":"article","og_title":"I bimbi sperduti e dimenticati della scuola che non c'\u00e8","og_description":"Dal nido la proposta di riaprire le strutture educative dei piccoli su modello europeo, puntando sul gioco all'aperto ed educazione all'igiene","og_url":"https:\/\/staging.varesenews.it\/2020\/04\/bimbi-sperduti-dimenticati-della-scuola-non-ce\/922247\/","og_site_name":"VareseNews","article_publisher":"https:\/\/www.facebook.com\/varesenews","article_published_time":"2020-04-22T16:10:40+00:00","article_modified_time":"2020-04-22T16:12:03+00:00","author":"Lidia Romeo","twitter_card":"summary_large_image","twitter_creator":"@varesenews","twitter_site":"@varesenews","twitter_misc":{"Scritto da":"Lidia Romeo","Tempo di lettura stimato":"1 minuto"},"schema":{"@context":"https:\/\/schema.org","@graph":[{"@type":"WebPage","@id":"https:\/\/staging.varesenews.it\/2020\/04\/bimbi-sperduti-dimenticati-della-scuola-non-ce\/922247\/","url":"https:\/\/staging.varesenews.it\/2020\/04\/bimbi-sperduti-dimenticati-della-scuola-non-ce\/922247\/","name":"I bimbi sperduti e dimenticati della scuola che non c'\u00e8","isPartOf":{"@id":"https:\/\/staging.varesenews.it\/#website"},"datePublished":"2020-04-22T16:10:40+00:00","dateModified":"2020-04-22T16:12:03+00:00","author":{"@id":"https:\/\/staging.varesenews.it\/#\/schema\/person\/83b39e5ac77662e18c07cdb07f0b4e7a"},"description":"Dal nido la proposta di riaprire le strutture educative dei piccoli su modello europeo, puntando sul gioco all'aperto ed educazione all'igiene","breadcrumb":{"@id":"https:\/\/staging.varesenews.it\/2020\/04\/bimbi-sperduti-dimenticati-della-scuola-non-ce\/922247\/#breadcrumb"},"inLanguage":"it-IT","potentialAction":[{"@type":"ReadAction","target":["https:\/\/staging.varesenews.it\/2020\/04\/bimbi-sperduti-dimenticati-della-scuola-non-ce\/922247\/"]}]},{"@type":"BreadcrumbList","@id":"https:\/\/staging.varesenews.it\/2020\/04\/bimbi-sperduti-dimenticati-della-scuola-non-ce\/922247\/#breadcrumb","itemListElement":[{"@type":"ListItem","position":1,"name":"Home","item":"https:\/\/www.varesenews.it\/"},{"@type":"ListItem","position":2,"name":"I bimbi sperduti e dimenticati della scuola che non c&#8217;\u00e8"}]},{"@type":"WebSite","@id":"https:\/\/staging.varesenews.it\/#website","url":"https:\/\/staging.varesenews.it\/","name":"VareseNews","description":"","potentialAction":[{"@type":"SearchAction","target":{"@type":"EntryPoint","urlTemplate":"https:\/\/staging.varesenews.it\/?s={search_term_string}"},"query-input":"required name=search_term_string"}],"inLanguage":"it-IT"},{"@type":"Person","@id":"https:\/\/staging.varesenews.it\/#\/schema\/person\/83b39e5ac77662e18c07cdb07f0b4e7a","name":"Lidia Romeo","image":{"@type":"ImageObject","inLanguage":"it-IT","@id":"https:\/\/staging.varesenews.it\/#\/schema\/person\/image\/","url":"https:\/\/staging.varesenews.it\/wp-content\/uploads\/2020\/12\/lidia_romeo_colori_500.jpg","contentUrl":"https:\/\/staging.varesenews.it\/wp-content\/uploads\/2020\/12\/lidia_romeo_colori_500.jpg","caption":"Lidia Romeo"},"description":"Giornalista professionista dal 2010, una laurea in Scienze politiche e tante, tantissime domande. Ascolto risposte, ne cerco altre e alcune le scrivo. Mi piacciono le chiacchiere, le idee capaci di guardare lontano e camminare in spazi aperti senza altra meta che l&rsquo;orizzonte.&nbsp;Per VareseNews sono responsabile del canale Bambini, a proposito di orizzonti ampi... quanto il futuro. &nbsp;","url":"https:\/\/staging.varesenews.it\/persona\/lidia-romeo-a\/"}]}},"post_meta":{"_edit_lock":"1587574378:14095","_edit_last":"14095","_category_permalink":"a:1:{s:8:\"category\";s:2:\"23\";}","_encloseme":"1","ratings_users":"0","ratings_score":"0","ratings_average":"0","foto":"744188","firma-personalizzata":"bambini@varesenews.it","nascondi_adsense":"1","argomento":"Arsago Seprio","_yoast_wpseo_content_score":"60","_jd_tweet_this":"yes","_wpt_short_url":"https:\/\/www.varesenews.it\/2020\/04\/bimbi-sperduti-dimenticati-della-scuola-non-ce\/922247\/","_wp_jd_target":"https:\/\/www.varesenews.it\/2020\/04\/bimbi-sperduti-dimenticati-della-scuola-non-ce\/922247\/","_jd_wp_twitter":"a:1:{i:0;s:179:\"I bimbi sperduti e dimenticati della scuola che non c\u2019\u00e8 https:\/\/www.varesenews.it\/2020\/04\/bimbi-sperduti-dimenticati-della-scuola-non-ce\/922247\/ #asilinido #bambini #riaperture\";}","_wpt_status_message":"Tweet inviato con successo.","id_leggi_anche":"921826,930846,933308,938275"},"photos":[{"original":"https:\/\/staging.varesenews.it\/photogallery_new\/images\/2019\/06\/gioco-bambini-744188.jpg","full":"https:\/\/staging.varesenews.it\/photogallery_new\/images\/2019\/06\/gioco-bambini-744188.1024x768.jpg","large":"https:\/\/staging.varesenews.it\/photogallery_new\/images\/2019\/06\/gioco-bambini-744188.610x431.jpg"}],"_links":{"self":[{"href":"https:\/\/staging.varesenews.it\/swgapi\/v1\/wp\/v2\/posts\/922247"}],"collection":[{"href":"https:\/\/staging.varesenews.it\/swgapi\/v1\/wp\/v2\/posts"}],"about":[{"href":"https:\/\/staging.varesenews.it\/swgapi\/v1\/wp\/v2\/types\/post"}],"author":[{"embeddable":true,"href":"https:\/\/staging.varesenews.it\/swgapi\/v1\/wp\/v2\/users\/14095"}],"replies":[{"embeddable":true,"href":"https:\/\/staging.varesenews.it\/swgapi\/v1\/wp\/v2\/comments?post=922247"}],"version-history":[{"count":0,"href":"https:\/\/staging.varesenews.it\/swgapi\/v1\/wp\/v2\/posts\/922247\/revisions"}],"wp:attachment":[{"href":"https:\/\/staging.varesenews.it\/swgapi\/v1\/wp\/v2\/media?parent=922247"}],"wp:term":[{"taxonomy":"category","embeddable":true,"href":"https:\/\/staging.varesenews.it\/swgapi\/v1\/wp\/v2\/categories?post=922247"},{"taxonomy":"post_tag","embeddable":true,"href":"https:\/\/staging.varesenews.it\/swgapi\/v1\/wp\/v2\/tags?post=922247"}],"curies":[{"name":"wp","href":"https:\/\/api.w.org\/{rel}","templated":true}]}}