{"id":922877,"date":"2020-04-24T16:35:22","date_gmt":"2020-04-24T14:35:22","guid":{"rendered":"https:\/\/www.varesenews.it\/?p=922877"},"modified":"2020-04-24T16:35:22","modified_gmt":"2020-04-24T14:35:22","slug":"linsubria-stanzia-un-fondo-emergenza-studenti-difficolta","status":"publish","type":"post","link":"https:\/\/staging.varesenews.it\/2020\/04\/linsubria-stanzia-un-fondo-emergenza-studenti-difficolta\/922877\/","title":{"rendered":"L&#8217;Insubria stanzia un fondo di emergenza per studenti in difficolt\u00e0"},"content":{"rendered":"<p class=\"p1\"><span class=\"s1\">Un <strong>fondo di emergenza a sostegno degli studenti di famiglie in difficolt\u00e0<\/strong> per il coronavirus \u00e8 la novit\u00e0 pi\u00f9 significativa del nuovo\u00a0<b>piano di misure economiche<\/b>\u00a0dell\u2019Universit\u00e0 dell\u2019Insubria. La manovra \u00e8 stata discussa e ratificata dal\u00a0<b>Consiglio di amministrazione<\/b>\u00a0e dal\u00a0<b>Senato accademico<\/b>, che si sono riuniti a distanza il 22 aprile: nella sede varesina dell\u2019ateneo erano presenti soltanto, nel rispetto delle norme di sicurezza, il rettore\u00a0<b>Angelo Tagliabue<\/b>, il prorettore\u00a0<b>Stefano Serra Capizzano<\/b>\u00a0e il direttore generale\u00a0<b>Marco Cavallotti<\/b>, mentre tutti gli altri membri delle due assemblee erano collegati con Microsoft Teams dalle loro case.<\/span><\/p>\n<p class=\"p1\"><span class=\"s1\">\u00c8 stato stanziato un\u00a0<b>fondo di emergenza<\/b>\u00a0che prevede una riduzione, fino a un massimo di 1000 euro, del saldo del contributo per l\u2019anno accademico 2019-2020. Possono farne richiesta tutti gli studenti che si trovino ad affrontare serie difficolt\u00e0 economiche a seguito dell\u2019<b>epidemia Covid19<\/b>, per esempio la cassa integrazione di un genitore, la perdita di un reddito legato ad attivit\u00e0 professionali o commerciali sospese o, nei casi pi\u00f9 gravi, il decesso di un familiare per coronavirus. Le domande vanno presentate sul\u00a0<b>portale dei servizi web<\/b>\u00a0del diritto allo studio dal 27 aprile al 29 maggio; la scadenza del saldo \u00e8 stata posticipata al 3 giugno.<\/span><\/p>\n<p class=\"p1\"><span class=\"s1\">\u00abIn questo momento di incertezza e di difficolt\u00e0 che il nostro Paese sta vivendo \u2013 commenta\u00a0<b>il rettore Angelo Tagliabue<\/b>\u00a0\u2013, abbiamo scelto di tutelare per primi gli studenti e il loro futuro e di farlo subito, con azioni concrete. Con il fondo di emergenza e le altre agevolazioni\u00a0<b>a sostegno delle famiglie<\/b>, l\u2019Universit\u00e0 dell\u2019Insubria vuole operare responsabilmente in questo scenario macro economico tutto da scrivere, in cui bisogna cogliere con prontezza le nuove sfide mettendo in campo la forza del sapere e la capacit\u00e0 di innovazione\u00bb.<\/span><\/p>\n<p class=\"p1\"><span class=\"s1\">Tra i provvedimenti pi\u00f9 importanti della manovra appena approvata ci sono anche l\u2019innalzamento\u00a0della soglia della\u00a0<b>No Tax Area\u00a0da\u00a013mila a 20mila euro<\/b>,<b>\u00a0<\/b>la sospensione del pagamento delle\u00a0<b>rette dei collegi<\/b>\u00a0a partire da marzo per tutti gli studenti che hanno lasciato temporaneamente le strutture, la\u00a0<b>rateizzazione<\/b>\u00a0del contributo universitario senza obbligo di documentazione, il pagamento anticipato del saldo della\u00a0<b>borsa di studio regionale<\/b>\u00a0che sarebbe stato in programma a luglio.<\/span><\/p>\n<p class=\"p1\"><span class=\"s1\">Intanto l\u2019ateneo prosegue tutte le sue\u00a0<b>attivit\u00e0 a distanza<\/b>. La didattica fa\u00a0registrare circa 9mila accessi al giorno\u00a0con\u00a0l\u201985 per cento degli insegnamenti a pieno regime online, si sono gi\u00e0 laureati da casa\u00a0653\u00a0studenti e sono iniziati\u00a0<b>gli esami, sia orali che scritti<\/b>. Anche i servizi di segreteria e le pratiche amministrative sono assicurati, con il personale che \u00e8 stato rapidamente dotato dei mezzi tecnologici per lo\u00a0smart working. E sar\u00e0 virtuale anche\u00a0<b>l\u2019open day, in programma venerd\u00ec 15 maggio<\/b>\u00a0sul sito\u00a0<a href=\"http:\/\/www.uninsubria.it\/\"><span class=\"s2\">www.uninsubria.it<\/span><\/a>, con una serie di incontri e proposte online che proseguir\u00e0 per tutta la settimana successiva.<\/span><\/p>\n","protected":false},"excerpt":{"rendered":"<p>Nel nuovo\u00a0piano di misure economiche\u00a0approvato dell\u2019Universit\u00e0 previsto un\u00a0fondo di emergenza\u00a0con una riduzione, fino a un massimo di 1000 euro, del saldo del contributo per l\u2019anno accademico 2019-2020<\/p>\n","protected":false},"author":33,"featured_media":0,"comment_status":"open","ping_status":"open","sticky":false,"template":"","format":"standard","meta":{"footnotes":""},"categories":[9,7,22,2],"tags":[202],"acf":[],"yoast_head":"<!-- This site is optimized with the Yoast SEO plugin v20.1 - https:\/\/yoast.com\/wordpress\/plugins\/seo\/ -->\n<title>L&#039;Insubria stanzia un fondo di emergenza per studenti in difficolt\u00e0<\/title>\n<meta name=\"description\" content=\"Nel nuovo\u00a0piano di misure economiche\u00a0approvato dell\u2019Universit\u00e0 previsto un\u00a0fondo di emergenza\u00a0con una riduzione, fino a un massimo di 1000 euro, del saldo del contributo per l\u2019anno accademico 2019-2020\" \/>\n<meta name=\"robots\" content=\"noindex, follow, max-snippet:-1, max-image-preview:large, max-video-preview:-1\" \/>\n<meta property=\"og:locale\" content=\"it_IT\" \/>\n<meta property=\"og:type\" content=\"article\" \/>\n<meta property=\"og:title\" content=\"L&#039;Insubria stanzia un fondo di emergenza per studenti in difficolt\u00e0\" \/>\n<meta property=\"og:description\" content=\"Nel nuovo\u00a0piano di misure economiche\u00a0approvato dell\u2019Universit\u00e0 previsto un\u00a0fondo di emergenza\u00a0con una riduzione, fino a un massimo di 1000 euro, del saldo del contributo per l\u2019anno accademico 2019-2020\" \/>\n<meta property=\"og:url\" content=\"https:\/\/staging.varesenews.it\/2020\/04\/linsubria-stanzia-un-fondo-emergenza-studenti-difficolta\/922877\/\" \/>\n<meta property=\"og:site_name\" content=\"VareseNews\" \/>\n<meta property=\"article:publisher\" content=\"https:\/\/www.facebook.com\/varesenews\" \/>\n<meta property=\"article:author\" content=\"alessandra.toni7\" \/>\n<meta property=\"article:published_time\" content=\"2020-04-24T14:35:22+00:00\" \/>\n<meta name=\"author\" content=\"Alessandra Toni\" \/>\n<meta name=\"twitter:card\" content=\"summary_large_image\" \/>\n<meta name=\"twitter:creator\" content=\"@alessandra_toni\" \/>\n<meta name=\"twitter:site\" content=\"@varesenews\" \/>\n<meta name=\"twitter:label1\" content=\"Scritto da\" \/>\n\t<meta name=\"twitter:data1\" content=\"Alessandra Toni\" \/>\n\t<meta name=\"twitter:label2\" content=\"Tempo di lettura stimato\" \/>\n\t<meta name=\"twitter:data2\" content=\"2 minuti\" \/>\n<script type=\"application\/ld+json\" class=\"yoast-schema-graph\">{\"@context\":\"https:\/\/schema.org\",\"@graph\":[{\"@type\":\"WebPage\",\"@id\":\"https:\/\/staging.varesenews.it\/2020\/04\/linsubria-stanzia-un-fondo-emergenza-studenti-difficolta\/922877\/\",\"url\":\"https:\/\/staging.varesenews.it\/2020\/04\/linsubria-stanzia-un-fondo-emergenza-studenti-difficolta\/922877\/\",\"name\":\"L'Insubria stanzia un fondo di emergenza per studenti in difficolt\u00e0\",\"isPartOf\":{\"@id\":\"https:\/\/staging.varesenews.it\/#website\"},\"datePublished\":\"2020-04-24T14:35:22+00:00\",\"dateModified\":\"2020-04-24T14:35:22+00:00\",\"author\":{\"@id\":\"https:\/\/staging.varesenews.it\/#\/schema\/person\/2643ce123d4a3c9511e015dc548779b8\"},\"description\":\"Nel nuovo\u00a0piano di misure economiche\u00a0approvato dell\u2019Universit\u00e0 previsto un\u00a0fondo di emergenza\u00a0con una riduzione, fino a un massimo di 1000 euro, del saldo del contributo per l\u2019anno accademico 2019-2020\",\"breadcrumb\":{\"@id\":\"https:\/\/staging.varesenews.it\/2020\/04\/linsubria-stanzia-un-fondo-emergenza-studenti-difficolta\/922877\/#breadcrumb\"},\"inLanguage\":\"it-IT\",\"potentialAction\":[{\"@type\":\"ReadAction\",\"target\":[\"https:\/\/staging.varesenews.it\/2020\/04\/linsubria-stanzia-un-fondo-emergenza-studenti-difficolta\/922877\/\"]}]},{\"@type\":\"BreadcrumbList\",\"@id\":\"https:\/\/staging.varesenews.it\/2020\/04\/linsubria-stanzia-un-fondo-emergenza-studenti-difficolta\/922877\/#breadcrumb\",\"itemListElement\":[{\"@type\":\"ListItem\",\"position\":1,\"name\":\"Home\",\"item\":\"https:\/\/www.varesenews.it\/\"},{\"@type\":\"ListItem\",\"position\":2,\"name\":\"L&#8217;Insubria stanzia un fondo di emergenza per studenti in difficolt\u00e0\"}]},{\"@type\":\"WebSite\",\"@id\":\"https:\/\/staging.varesenews.it\/#website\",\"url\":\"https:\/\/staging.varesenews.it\/\",\"name\":\"VareseNews\",\"description\":\"\",\"potentialAction\":[{\"@type\":\"SearchAction\",\"target\":{\"@type\":\"EntryPoint\",\"urlTemplate\":\"https:\/\/staging.varesenews.it\/?s={search_term_string}\"},\"query-input\":\"required name=search_term_string\"}],\"inLanguage\":\"it-IT\"},{\"@type\":\"Person\",\"@id\":\"https:\/\/staging.varesenews.it\/#\/schema\/person\/2643ce123d4a3c9511e015dc548779b8\",\"name\":\"Alessandra Toni\",\"image\":{\"@type\":\"ImageObject\",\"inLanguage\":\"it-IT\",\"@id\":\"https:\/\/staging.varesenews.it\/#\/schema\/person\/image\/\",\"url\":\"https:\/\/staging.varesenews.it\/wp-content\/uploads\/2020\/12\/alessandra_toni_colori_500.jpg\",\"contentUrl\":\"https:\/\/staging.varesenews.it\/wp-content\/uploads\/2020\/12\/alessandra_toni_colori_500.jpg\",\"caption\":\"Alessandra Toni\"},\"description\":\"Sono entrata nella redazione di VareseNews nel lontano anno 2000. Ero reduce da una bellissima esperienza nella redazione giornalistica della TV Nuova Antennatre, sotto la direzione dell'indimenticabile direttore Adolfo Caldarini. Sono arrivata quando era ancora una piccola realt\u00e0 editoriale e insieme abbiamo fatto un lungo ed entusiasmante lavoro. Mi occupo prevalentemente di scuola e di sanit\u00e0, settori impegnativi di grande valore sociale.\u00a0\",\"sameAs\":[\"alessandra.toni7\",\"alessandra.toni\",\"https:\/\/twitter.com\/alessandra_toni\"],\"url\":\"https:\/\/staging.varesenews.it\/persona\/alessandra_toni1\/\"}]}<\/script>\n<!-- \/ Yoast SEO plugin. -->","yoast_head_json":{"title":"L'Insubria stanzia un fondo di emergenza per studenti in difficolt\u00e0","description":"Nel nuovo\u00a0piano di misure economiche\u00a0approvato dell\u2019Universit\u00e0 previsto un\u00a0fondo di emergenza\u00a0con una riduzione, fino a un massimo di 1000 euro, del saldo del contributo per l\u2019anno accademico 2019-2020","robots":{"index":"noindex","follow":"follow","max-snippet":"max-snippet:-1","max-image-preview":"max-image-preview:large","max-video-preview":"max-video-preview:-1"},"og_locale":"it_IT","og_type":"article","og_title":"L'Insubria stanzia un fondo di emergenza per studenti in difficolt\u00e0","og_description":"Nel nuovo\u00a0piano di misure economiche\u00a0approvato dell\u2019Universit\u00e0 previsto un\u00a0fondo di emergenza\u00a0con una riduzione, fino a un massimo di 1000 euro, del saldo del contributo per l\u2019anno accademico 2019-2020","og_url":"https:\/\/staging.varesenews.it\/2020\/04\/linsubria-stanzia-un-fondo-emergenza-studenti-difficolta\/922877\/","og_site_name":"VareseNews","article_publisher":"https:\/\/www.facebook.com\/varesenews","article_author":"alessandra.toni7","article_published_time":"2020-04-24T14:35:22+00:00","author":"Alessandra Toni","twitter_card":"summary_large_image","twitter_creator":"@alessandra_toni","twitter_site":"@varesenews","twitter_misc":{"Scritto da":"Alessandra Toni","Tempo di lettura stimato":"2 minuti"},"schema":{"@context":"https:\/\/schema.org","@graph":[{"@type":"WebPage","@id":"https:\/\/staging.varesenews.it\/2020\/04\/linsubria-stanzia-un-fondo-emergenza-studenti-difficolta\/922877\/","url":"https:\/\/staging.varesenews.it\/2020\/04\/linsubria-stanzia-un-fondo-emergenza-studenti-difficolta\/922877\/","name":"L'Insubria stanzia un fondo di emergenza per studenti in difficolt\u00e0","isPartOf":{"@id":"https:\/\/staging.varesenews.it\/#website"},"datePublished":"2020-04-24T14:35:22+00:00","dateModified":"2020-04-24T14:35:22+00:00","author":{"@id":"https:\/\/staging.varesenews.it\/#\/schema\/person\/2643ce123d4a3c9511e015dc548779b8"},"description":"Nel nuovo\u00a0piano di misure economiche\u00a0approvato dell\u2019Universit\u00e0 previsto un\u00a0fondo di emergenza\u00a0con una riduzione, fino a un massimo di 1000 euro, del saldo del contributo per l\u2019anno accademico 2019-2020","breadcrumb":{"@id":"https:\/\/staging.varesenews.it\/2020\/04\/linsubria-stanzia-un-fondo-emergenza-studenti-difficolta\/922877\/#breadcrumb"},"inLanguage":"it-IT","potentialAction":[{"@type":"ReadAction","target":["https:\/\/staging.varesenews.it\/2020\/04\/linsubria-stanzia-un-fondo-emergenza-studenti-difficolta\/922877\/"]}]},{"@type":"BreadcrumbList","@id":"https:\/\/staging.varesenews.it\/2020\/04\/linsubria-stanzia-un-fondo-emergenza-studenti-difficolta\/922877\/#breadcrumb","itemListElement":[{"@type":"ListItem","position":1,"name":"Home","item":"https:\/\/www.varesenews.it\/"},{"@type":"ListItem","position":2,"name":"L&#8217;Insubria stanzia un fondo di emergenza per studenti in difficolt\u00e0"}]},{"@type":"WebSite","@id":"https:\/\/staging.varesenews.it\/#website","url":"https:\/\/staging.varesenews.it\/","name":"VareseNews","description":"","potentialAction":[{"@type":"SearchAction","target":{"@type":"EntryPoint","urlTemplate":"https:\/\/staging.varesenews.it\/?s={search_term_string}"},"query-input":"required name=search_term_string"}],"inLanguage":"it-IT"},{"@type":"Person","@id":"https:\/\/staging.varesenews.it\/#\/schema\/person\/2643ce123d4a3c9511e015dc548779b8","name":"Alessandra Toni","image":{"@type":"ImageObject","inLanguage":"it-IT","@id":"https:\/\/staging.varesenews.it\/#\/schema\/person\/image\/","url":"https:\/\/staging.varesenews.it\/wp-content\/uploads\/2020\/12\/alessandra_toni_colori_500.jpg","contentUrl":"https:\/\/staging.varesenews.it\/wp-content\/uploads\/2020\/12\/alessandra_toni_colori_500.jpg","caption":"Alessandra Toni"},"description":"Sono entrata nella redazione di VareseNews nel lontano anno 2000. Ero reduce da una bellissima esperienza nella redazione giornalistica della TV Nuova Antennatre, sotto la direzione dell'indimenticabile direttore Adolfo Caldarini. Sono arrivata quando era ancora una piccola realt\u00e0 editoriale e insieme abbiamo fatto un lungo ed entusiasmante lavoro. Mi occupo prevalentemente di scuola e di sanit\u00e0, settori impegnativi di grande valore sociale.\u00a0","sameAs":["alessandra.toni7","alessandra.toni","https:\/\/twitter.com\/alessandra_toni"],"url":"https:\/\/staging.varesenews.it\/persona\/alessandra_toni1\/"}]}},"post_meta":{"_edit_lock":"1587738839:33","_edit_last":"33","_category_permalink":"a:1:{s:8:\"category\";s:2:\"22\";}","foto":"797293","firma_come_redazione":"1","argomento":"Varese","_yoast_wpseo_content_score":"30","_jd_tweet_this":"yes","_encloseme":"1","ratings_users":"0","ratings_score":"0","ratings_average":"0","_wpt_short_url":"https:\/\/www.varesenews.it\/2020\/04\/linsubria-stanzia-un-fondo-emergenza-studenti-difficolta\/922877\/","_wp_jd_target":"https:\/\/www.varesenews.it\/2020\/04\/linsubria-stanzia-un-fondo-emergenza-studenti-difficolta\/922877\/","_jd_wp_twitter":"a:1:{i:0;s:170:\"L\u2019Insubria stanzia un fondo di emergenza per studenti in difficolt\u00e0 https:\/\/www.varesenews.it\/2020\/04\/linsubria-stanzia-un-fondo-emergenza-studenti-difficolta\/922877\/ \";}","_wpt_status_message":"Tweet inviato con successo."},"photos":[{"original":"https:\/\/staging.varesenews.it\/photogallery_new\/images\/2020\/04\/consiglio-aministrazione-con-mascherina-797293.jpg","full":"https:\/\/staging.varesenews.it\/photogallery_new\/images\/2020\/04\/consiglio-aministrazione-con-mascherina-797293.1024x768.jpg","large":"https:\/\/staging.varesenews.it\/photogallery_new\/images\/2020\/04\/consiglio-aministrazione-con-mascherina-797293.610x431.jpg"}],"_links":{"self":[{"href":"https:\/\/staging.varesenews.it\/swgapi\/v1\/wp\/v2\/posts\/922877"}],"collection":[{"href":"https:\/\/staging.varesenews.it\/swgapi\/v1\/wp\/v2\/posts"}],"about":[{"href":"https:\/\/staging.varesenews.it\/swgapi\/v1\/wp\/v2\/types\/post"}],"author":[{"embeddable":true,"href":"https:\/\/staging.varesenews.it\/swgapi\/v1\/wp\/v2\/users\/33"}],"replies":[{"embeddable":true,"href":"https:\/\/staging.varesenews.it\/swgapi\/v1\/wp\/v2\/comments?post=922877"}],"version-history":[{"count":0,"href":"https:\/\/staging.varesenews.it\/swgapi\/v1\/wp\/v2\/posts\/922877\/revisions"}],"wp:attachment":[{"href":"https:\/\/staging.varesenews.it\/swgapi\/v1\/wp\/v2\/media?parent=922877"}],"wp:term":[{"taxonomy":"category","embeddable":true,"href":"https:\/\/staging.varesenews.it\/swgapi\/v1\/wp\/v2\/categories?post=922877"},{"taxonomy":"post_tag","embeddable":true,"href":"https:\/\/staging.varesenews.it\/swgapi\/v1\/wp\/v2\/tags?post=922877"}],"curies":[{"name":"wp","href":"https:\/\/api.w.org\/{rel}","templated":true}]}}