{"id":923214,"date":"2020-04-26T09:36:18","date_gmt":"2020-04-26T07:36:18","guid":{"rendered":"https:\/\/www.varesenews.it\/?p=923214"},"modified":"2020-04-26T09:45:09","modified_gmt":"2020-04-26T07:45:09","slug":"gira-calumet-gira","status":"publish","type":"post","link":"https:\/\/staging.varesenews.it\/2020\/04\/gira-calumet-gira\/923214\/","title":{"rendered":"Gira, calumet gira"},"content":{"rendered":"<p><a href=\"https:\/\/www.varesenews.it\/tag\/il-racconto-della-domenica\/\"><strong><em>Il racconto della domenica<\/em><\/strong><\/a><em>\u00a0\u00a0\u00e8 a cura della scuola di scrittura\u00a0creativa Edizioni del Cavedio coordinata da Fiorenzo Croci.<\/em><\/p>\n<p>_________________________________________________<\/p>\n<p>Accovacciati a cerchio, ci passiamo il calumet in senso orario e poi, al cenno di Ganascia Asimmetrica, in senso antiorario, giusto per evitare che l\u2019ultimo giro risulti fatale ad Argano Sedentario, imbolsito dallo sniffare e insofferente per il gran gesticolare di Mimo Mutevole dei Choctaw.<br \/>\nL\u2019unico viso pallido ammesso al Gran Consiglio sono io, Joe Perfiumi, per via della amicizia di sangue che mi lega a Poco Che Vaga dei Pawnee, giunto al campo con un cavallo senza i colori di guerra avendo inteso, dai segnali di fumo, che l\u2019incontro fosse del tutto informale, senza vernice finale.<br \/>\nNella tenda il fumo si \u00e8 fatto coagulo e accorpa l\u2019oppiaceo odore di erbe aromatiche al colloso sentore di tabacco di bufalo.<br \/>\nIl calumet passa di mano in mano e il fornello rovente, di argilla nerastra e a T rovesciata, accentra le rituali riflessioni.<br \/>\n\u201cLa guerra \u00e8 guerra, se pace non \u00e8\u201d. Chi potrebbe dissentire?<br \/>\n\u201cGli indiani dei laghi vogliono che l\u2019arco inarchi le canoe contro il nemico\u201d, mormora Anatra Spalmata , gi\u00e0 nipote di Anatra Palmata, ultimo baluardo spianato dal Settimo Cavalleria. \u201cGli indiani delle foreste hanno infatuato di quarzo le punte delle frecce\u201d. \u201cGli indiani dei fiumi stanno cotonando le criniere dei mustangs\u201d.<br \/>\n\u201cPer tirare, tira. Ma avrei preferito il cannello di legno bombato\u201d, commenta Ganascia Asimmetrica.<br \/>\nL\u2019annotazione impone attimi di silenzio, ma qualcuno abbozza il refrain del tormentone &#8220;Chi dissotterra l\u2019ascia?\u201d<br \/>\n\u201cI tendini disseccati del Maggiore Pearson sono ali per i mocassini\u201d. \u201cGli indiani delle colline hanno appeso le faretre ai rami degli ontani. Quelli vicini\u201d.<br \/>\n\u201cGuerra chiama guerra\u201d.<br \/>\n\u201cSe nel deretano del nemico infilo radici di tamarack, che dir\u00e0 poi la mia donna che invoca pace?\u201d<br \/>\nIl calumet si \u00e8 fatto ustionante e le perle di vetro aggiunte al cannello si sono liquefatte.<br \/>\n\u201cNon ci sono pi\u00f9 i corsetti di ermellino di una volta\u201d.<br \/>\n\u201cLo scalpo ben acconciato \u00e8 terapeutico come l\u2019ipnosi del gufo\u201d.<br \/>\n\u201cGuaina stretta, guaito di cane reietto\u201d.<br \/>\n\u201cSe rimetto il tomahawk nella rastrelliera, mia suocera mi chieder\u00e0 perch\u00e9 mai ho rimesso il tomahawk nella rastrelliera\u201d Il fornello del calumet non \u00e8 pi\u00f9 una T rovesciata.<br \/>\n\u00c8 un grumo di fuoco, una vampa che avvampa.<br \/>\nUn perdurante silenzio, il silenzio finale.<br \/>\nLa parola va al pi\u00f9 anziano, percorso dalle rughe di cento primavere spese cos\u00ec cos\u00ec.<br \/>\nRenna Centenaria \u00e8 sorda come un gufo in pastella di tufo.<br \/>\nCapisce rane per rame e allora bisogna far credere a tutti che siano la stessa cosa.<br \/>\nIl Vecchio pensa e ripensa, per poi illuminarsi negli occhi gi\u00e0 proiettati verso l\u2019oblio.<br \/>\n\u201cQuando si \u00e8 sotto vento, solo allora capisci la sagacia del fagiolo\u201d.<br \/>\nAllora guerra sar\u00e0.<\/p>\n<p><strong>Racconto di Carlo Cavalli, foto da collezione privata<\/strong><\/p>\n<p><strong><a href=\"https:\/\/www.varesenews.it\/tag\/il-racconto-della-domenica\/\">TUTTI I RACCONTI DELLA\u00a0DOMENICA<\/a><\/strong><\/p>\n","protected":false},"excerpt":{"rendered":"<p>di Carlo Cavalli<\/p>\n","protected":false},"author":45,"featured_media":0,"comment_status":"open","ping_status":"open","sticky":false,"template":"","format":"standard","meta":{"footnotes":""},"categories":[18,2],"tags":[2678,102400],"acf":[],"yoast_head":"<!-- This site is optimized with the Yoast SEO plugin v20.1 - https:\/\/yoast.com\/wordpress\/plugins\/seo\/ -->\n<title>Gira, calumet gira<\/title>\n<meta name=\"description\" content=\"di Carlo Cavalli\" \/>\n<meta name=\"robots\" content=\"noindex, follow, max-snippet:-1, max-image-preview:large, max-video-preview:-1\" \/>\n<meta property=\"og:locale\" content=\"it_IT\" \/>\n<meta property=\"og:type\" content=\"article\" \/>\n<meta property=\"og:title\" content=\"Gira, calumet gira\" \/>\n<meta property=\"og:description\" content=\"di Carlo Cavalli\" \/>\n<meta property=\"og:url\" content=\"https:\/\/staging.varesenews.it\/2020\/04\/gira-calumet-gira\/923214\/\" \/>\n<meta property=\"og:site_name\" content=\"VareseNews\" \/>\n<meta property=\"article:publisher\" content=\"https:\/\/www.facebook.com\/varesenews\" \/>\n<meta property=\"article:author\" content=\"https:\/\/www.facebook.com\/michele.mancino.5\" \/>\n<meta property=\"article:published_time\" content=\"2020-04-26T07:36:18+00:00\" \/>\n<meta property=\"article:modified_time\" content=\"2020-04-26T07:45:09+00:00\" \/>\n<meta name=\"author\" content=\"Michele Mancino\" \/>\n<meta name=\"twitter:card\" content=\"summary_large_image\" \/>\n<meta name=\"twitter:creator\" content=\"@micmancio\" \/>\n<meta name=\"twitter:site\" content=\"@varesenews\" \/>\n<meta name=\"twitter:label1\" content=\"Scritto da\" \/>\n\t<meta name=\"twitter:data1\" content=\"Michele Mancino\" \/>\n\t<meta name=\"twitter:label2\" content=\"Tempo di lettura stimato\" \/>\n\t<meta name=\"twitter:data2\" content=\"2 minuti\" \/>\n<script type=\"application\/ld+json\" class=\"yoast-schema-graph\">{\"@context\":\"https:\/\/schema.org\",\"@graph\":[{\"@type\":\"WebPage\",\"@id\":\"https:\/\/staging.varesenews.it\/2020\/04\/gira-calumet-gira\/923214\/\",\"url\":\"https:\/\/staging.varesenews.it\/2020\/04\/gira-calumet-gira\/923214\/\",\"name\":\"Gira, calumet gira\",\"isPartOf\":{\"@id\":\"https:\/\/staging.varesenews.it\/#website\"},\"datePublished\":\"2020-04-26T07:36:18+00:00\",\"dateModified\":\"2020-04-26T07:45:09+00:00\",\"author\":{\"@id\":\"https:\/\/staging.varesenews.it\/#\/schema\/person\/308b491d3cb680ead199e5ff6c6ce540\"},\"description\":\"di Carlo Cavalli\",\"breadcrumb\":{\"@id\":\"https:\/\/staging.varesenews.it\/2020\/04\/gira-calumet-gira\/923214\/#breadcrumb\"},\"inLanguage\":\"it-IT\",\"potentialAction\":[{\"@type\":\"ReadAction\",\"target\":[\"https:\/\/staging.varesenews.it\/2020\/04\/gira-calumet-gira\/923214\/\"]}]},{\"@type\":\"BreadcrumbList\",\"@id\":\"https:\/\/staging.varesenews.it\/2020\/04\/gira-calumet-gira\/923214\/#breadcrumb\",\"itemListElement\":[{\"@type\":\"ListItem\",\"position\":1,\"name\":\"Home\",\"item\":\"https:\/\/www.varesenews.it\/\"},{\"@type\":\"ListItem\",\"position\":2,\"name\":\"Gira, calumet gira\"}]},{\"@type\":\"WebSite\",\"@id\":\"https:\/\/staging.varesenews.it\/#website\",\"url\":\"https:\/\/staging.varesenews.it\/\",\"name\":\"VareseNews\",\"description\":\"\",\"potentialAction\":[{\"@type\":\"SearchAction\",\"target\":{\"@type\":\"EntryPoint\",\"urlTemplate\":\"https:\/\/staging.varesenews.it\/?s={search_term_string}\"},\"query-input\":\"required name=search_term_string\"}],\"inLanguage\":\"it-IT\"},{\"@type\":\"Person\",\"@id\":\"https:\/\/staging.varesenews.it\/#\/schema\/person\/308b491d3cb680ead199e5ff6c6ce540\",\"name\":\"Michele Mancino\",\"image\":{\"@type\":\"ImageObject\",\"inLanguage\":\"it-IT\",\"@id\":\"https:\/\/staging.varesenews.it\/#\/schema\/person\/image\/\",\"url\":\"https:\/\/staging.varesenews.it\/wp-content\/uploads\/2020\/12\/michele_mancino_colori_500.jpg\",\"contentUrl\":\"https:\/\/staging.varesenews.it\/wp-content\/uploads\/2020\/12\/michele_mancino_colori_500.jpg\",\"caption\":\"Michele Mancino\"},\"description\":\"Sono a VareseNews da prima che nascesse. Ho inserito le prime notizie in una stringa di codice html, la lingua di internet. Aprivo i computer, cambiavo schede di rete e portavo i server dal provider. A met&agrave; degli anni &rsquo;90 il giornalista online doveva saper fare anche questo. Ho vissuto gli anni drammatici della bolla speculativa di Internet e quelli entusiastici della crescita, anni in cui VareseNews era un Davide in mezzo a tanti Golia. Poi sono arrivati i social, le nuove piattaforme e soprattutto gli smartphone, una postazione di lavoro racchiusa in una mano. Una nuova rivoluzione. Insomma, &egrave; stata, ed &egrave; ancora, un&rsquo;avventura entusiasmante perch&eacute; mi insegna giorno dopo giorno che il cambiamento &egrave; l&rsquo;unica certezza di questa fragile esistenza.\",\"sameAs\":[\"https:\/\/www.facebook.com\/michele.mancino.5\",\"micmancio\",\"Aggiorna le impostazioni del tuo profilo pubblicoit.linkedin.com\/pub\/michele-mancino\/28\/b71\/890\/it\",\"https:\/\/twitter.com\/micmancio\"],\"url\":\"https:\/\/staging.varesenews.it\/persona\/michele_mancino\/\"}]}<\/script>\n<!-- \/ Yoast SEO plugin. -->","yoast_head_json":{"title":"Gira, calumet gira","description":"di Carlo Cavalli","robots":{"index":"noindex","follow":"follow","max-snippet":"max-snippet:-1","max-image-preview":"max-image-preview:large","max-video-preview":"max-video-preview:-1"},"og_locale":"it_IT","og_type":"article","og_title":"Gira, calumet gira","og_description":"di Carlo Cavalli","og_url":"https:\/\/staging.varesenews.it\/2020\/04\/gira-calumet-gira\/923214\/","og_site_name":"VareseNews","article_publisher":"https:\/\/www.facebook.com\/varesenews","article_author":"https:\/\/www.facebook.com\/michele.mancino.5","article_published_time":"2020-04-26T07:36:18+00:00","article_modified_time":"2020-04-26T07:45:09+00:00","author":"Michele Mancino","twitter_card":"summary_large_image","twitter_creator":"@micmancio","twitter_site":"@varesenews","twitter_misc":{"Scritto da":"Michele Mancino","Tempo di lettura stimato":"2 minuti"},"schema":{"@context":"https:\/\/schema.org","@graph":[{"@type":"WebPage","@id":"https:\/\/staging.varesenews.it\/2020\/04\/gira-calumet-gira\/923214\/","url":"https:\/\/staging.varesenews.it\/2020\/04\/gira-calumet-gira\/923214\/","name":"Gira, calumet gira","isPartOf":{"@id":"https:\/\/staging.varesenews.it\/#website"},"datePublished":"2020-04-26T07:36:18+00:00","dateModified":"2020-04-26T07:45:09+00:00","author":{"@id":"https:\/\/staging.varesenews.it\/#\/schema\/person\/308b491d3cb680ead199e5ff6c6ce540"},"description":"di Carlo Cavalli","breadcrumb":{"@id":"https:\/\/staging.varesenews.it\/2020\/04\/gira-calumet-gira\/923214\/#breadcrumb"},"inLanguage":"it-IT","potentialAction":[{"@type":"ReadAction","target":["https:\/\/staging.varesenews.it\/2020\/04\/gira-calumet-gira\/923214\/"]}]},{"@type":"BreadcrumbList","@id":"https:\/\/staging.varesenews.it\/2020\/04\/gira-calumet-gira\/923214\/#breadcrumb","itemListElement":[{"@type":"ListItem","position":1,"name":"Home","item":"https:\/\/www.varesenews.it\/"},{"@type":"ListItem","position":2,"name":"Gira, calumet gira"}]},{"@type":"WebSite","@id":"https:\/\/staging.varesenews.it\/#website","url":"https:\/\/staging.varesenews.it\/","name":"VareseNews","description":"","potentialAction":[{"@type":"SearchAction","target":{"@type":"EntryPoint","urlTemplate":"https:\/\/staging.varesenews.it\/?s={search_term_string}"},"query-input":"required name=search_term_string"}],"inLanguage":"it-IT"},{"@type":"Person","@id":"https:\/\/staging.varesenews.it\/#\/schema\/person\/308b491d3cb680ead199e5ff6c6ce540","name":"Michele Mancino","image":{"@type":"ImageObject","inLanguage":"it-IT","@id":"https:\/\/staging.varesenews.it\/#\/schema\/person\/image\/","url":"https:\/\/staging.varesenews.it\/wp-content\/uploads\/2020\/12\/michele_mancino_colori_500.jpg","contentUrl":"https:\/\/staging.varesenews.it\/wp-content\/uploads\/2020\/12\/michele_mancino_colori_500.jpg","caption":"Michele Mancino"},"description":"Sono a VareseNews da prima che nascesse. Ho inserito le prime notizie in una stringa di codice html, la lingua di internet. Aprivo i computer, cambiavo schede di rete e portavo i server dal provider. A met&agrave; degli anni &rsquo;90 il giornalista online doveva saper fare anche questo. Ho vissuto gli anni drammatici della bolla speculativa di Internet e quelli entusiastici della crescita, anni in cui VareseNews era un Davide in mezzo a tanti Golia. Poi sono arrivati i social, le nuove piattaforme e soprattutto gli smartphone, una postazione di lavoro racchiusa in una mano. Una nuova rivoluzione. Insomma, &egrave; stata, ed &egrave; ancora, un&rsquo;avventura entusiasmante perch&eacute; mi insegna giorno dopo giorno che il cambiamento &egrave; l&rsquo;unica certezza di questa fragile esistenza.","sameAs":["https:\/\/www.facebook.com\/michele.mancino.5","micmancio","Aggiorna le impostazioni del tuo profilo pubblicoit.linkedin.com\/pub\/michele-mancino\/28\/b71\/890\/it","https:\/\/twitter.com\/micmancio"],"url":"https:\/\/staging.varesenews.it\/persona\/michele_mancino\/"}]}},"post_meta":{"_edit_lock":"1587887078:45","_edit_last":"45","_category_permalink":"a:1:{s:8:\"category\";s:0:\"\";}","_encloseme":"1","ratings_users":"0","ratings_score":"0","ratings_average":"0","foto":"797497","firma-personalizzata":"Carlo Cavalli","argomento":"IL RACCONTO DELLA DOMENICA","_yoast_wpseo_content_score":"30","_jd_tweet_this":"yes","_wpt_short_url":"https:\/\/www.varesenews.it\/2020\/04\/gira-calumet-gira\/923214\/","_wp_jd_target":"https:\/\/www.varesenews.it\/2020\/04\/gira-calumet-gira\/923214\/","_jd_wp_twitter":"a:1:{i:0;s:89:\"Gira, calumet gira https:\/\/www.varesenews.it\/2020\/04\/gira-calumet-gira\/923214\/ #ilcavedio\";}","_wpt_status_message":"Tweet inviato con successo."},"photos":[{"original":"https:\/\/staging.varesenews.it\/photogallery_new\/images\/2020\/04\/il-racconto-della-domenica-797497.jpg","full":"https:\/\/staging.varesenews.it\/photogallery_new\/images\/2020\/04\/il-racconto-della-domenica-797497.1024x768.jpg","large":"https:\/\/staging.varesenews.it\/photogallery_new\/images\/2020\/04\/il-racconto-della-domenica-797497.610x431.jpg"}],"_links":{"self":[{"href":"https:\/\/staging.varesenews.it\/swgapi\/v1\/wp\/v2\/posts\/923214"}],"collection":[{"href":"https:\/\/staging.varesenews.it\/swgapi\/v1\/wp\/v2\/posts"}],"about":[{"href":"https:\/\/staging.varesenews.it\/swgapi\/v1\/wp\/v2\/types\/post"}],"author":[{"embeddable":true,"href":"https:\/\/staging.varesenews.it\/swgapi\/v1\/wp\/v2\/users\/45"}],"replies":[{"embeddable":true,"href":"https:\/\/staging.varesenews.it\/swgapi\/v1\/wp\/v2\/comments?post=923214"}],"version-history":[{"count":0,"href":"https:\/\/staging.varesenews.it\/swgapi\/v1\/wp\/v2\/posts\/923214\/revisions"}],"wp:attachment":[{"href":"https:\/\/staging.varesenews.it\/swgapi\/v1\/wp\/v2\/media?parent=923214"}],"wp:term":[{"taxonomy":"category","embeddable":true,"href":"https:\/\/staging.varesenews.it\/swgapi\/v1\/wp\/v2\/categories?post=923214"},{"taxonomy":"post_tag","embeddable":true,"href":"https:\/\/staging.varesenews.it\/swgapi\/v1\/wp\/v2\/tags?post=923214"}],"curies":[{"name":"wp","href":"https:\/\/api.w.org\/{rel}","templated":true}]}}