{"id":923497,"date":"2020-04-27T14:40:49","date_gmt":"2020-04-27T12:40:49","guid":{"rendered":"https:\/\/www.varesenews.it\/?p=923497"},"modified":"2020-04-27T14:40:49","modified_gmt":"2020-04-27T12:40:49","slug":"discorso-conte-speranza-disattesa","status":"publish","type":"post","link":"https:\/\/staging.varesenews.it\/2020\/04\/discorso-conte-speranza-disattesa\/923497\/","title":{"rendered":"Il discorso di Conte &#8220;una speranza disattesa&#8221;"},"content":{"rendered":"<p>C\u2019era grande fermento nell\u2019attesa di sentire quelle parole illusoriamente agognate che ci avrebbero riportato alla normalit\u00e0. Quella normalit\u00e0 cosi difficile da definire, opaca e sbiadita nella nostra mente per effetto del tempo e dalla quasi totale privazione di stimoli. Avevamo molta speranza ed \u00e8 stata disattesa. Ci sentiamo dimenticati, abbandonati e trascurati. Ci siamo abituati a considerarci vittime circostanziali di avvenimenti incomprensibili e complessi. Per\u00f2 dovremmo chiederci: chi mai ci ha fatto credere che le cose per noi sarebbero cambiate? Chi se non noi stessi, assai poco lucidi e lungimiranti, ci avrebbe ingannato promettendoci un futuro immediatamente pi\u00f9 roseo?<br \/>\nMi rivolgo a tutti i ragazzi che come me non apparteniamo alle categorie vulnerabili e tantomeno a quella forza lavoro in grado di produrre reddito. Per quale motivo eravamo convinti che saremmo stati al centro del dibattito politico? Per quale motivo le risorse dovrebbero essere convogliate a nostro vantaggio? Con quale arroganza e sicumera ci arrabbiamo manifestando la nostra delusione? Noi, che siamo abbastanza forti da essere immuni e allo stesso tempo incapaci di generare ricchezza per il nostro paese. Perch\u00e9 mai dovrebbero occuparsi di noi? Siamo intrappolati in un limbo, incapaci di ammalarci e incapaci di guarire gli altri. Non c\u2019\u00e8 bisogno di pensare a noi, non ora.<br \/>\nLe cose non sono cambiate? Oh no, al contrario, sono cambiate moltissimo. Anche se a rilento, riparte finalmente l\u2019economia, si torna a produrre ricchezza per le imprese e le famiglie. Possiamo tornare a pagare le tasse necessarie per la sanit\u00e0 pubblica e l\u2019istruzione a distanza. Quelle tasse che impediscono un indebitamento eccessivo che dovremo essere noi a estinguere in futuro. Possiamo tornare a rivedere i nostri cari. Abbiamo un pi\u00f9 ampio raggio di movimento.<br \/>\nPerch\u00e9 ci lamentiamo che le disposizioni sul comportamento siano cosi poco chiare, aleatorie e a volte controverse? Come sempre tutto si riduce alle nostre azioni. Dobbiamo appellarci alla nostra coscienza. \u00c8 straordinario che una crisi globale sia risolvibile sopratutto attraverso semplici regole di educazione e igiene. Fa riflettere. L\u2019individuo da una parte e i mondo dall\u2019altra, come somma di tutti i comportamenti. Cosa possiamo fare allora noi reietti del caso? Impariamo a pensare e riflettere, impariamo a leggere e documentarci, impariamo a discutere e argomentare. Dobbiamo essere consapevoli del nostro ruolo e della nostra rilevanza, tenerci sempre al passo per farci trovare pronti quando finalmente saremo chiamati in causa; anche questo fa parte del processo di maturazione e crescita.<br \/>\nNon dobbiamo annichilire davanti all\u2019incertezza della crisi, non possiamo farci vincere dall\u2019horror vacui della quarantena. \u00c8 facile cadere agonizzati di fronte un presente incerto e un futuro caotico e disordinato, ma non possiamo permettercelo. Nel frattempo lasciamo che gli altri facciano quello che devono fare. Cos\u2019\u00e8 cambiato dunque? Tutto, \u00e8 cambiato tutto, per\u00f2 noi per ora non ne facciamo parte ed \u00e8 giusto cos\u00ec.<\/p>\n<p>Matteo Argenti<br \/>\n<em>(Foto di Emanuele Santagostino)\u00a0<\/em><\/p>\n","protected":false},"excerpt":{"rendered":"<p>C\u2019era grande fermento nell\u2019attesa di sentire quelle parole illusoriamente agognate che ci avrebbero riportato alla normalit\u00e0. Quella normalit\u00e0 cosi difficile<\/p>\n","protected":false},"author":32,"featured_media":0,"comment_status":"open","ping_status":"open","sticky":false,"template":"","format":"standard","meta":{"footnotes":""},"categories":[2],"tags":[104579],"acf":[],"yoast_head":"<!-- This site is optimized with the Yoast SEO plugin v20.1 - https:\/\/yoast.com\/wordpress\/plugins\/seo\/ -->\n<title>Il discorso di Conte &quot;una speranza disattesa&quot;<\/title>\n<meta name=\"description\" content=\"C\u2019era grande fermento nell\u2019attesa di sentire quelle parole illusoriamente agognate che ci avrebbero riportato alla normalit\u00e0. Quella normalit\u00e0 cosi\" \/>\n<meta name=\"robots\" content=\"noindex, follow, max-snippet:-1, max-image-preview:large, max-video-preview:-1\" \/>\n<meta property=\"og:locale\" content=\"it_IT\" \/>\n<meta property=\"og:type\" content=\"article\" \/>\n<meta property=\"og:title\" content=\"Il discorso di Conte &quot;una speranza disattesa&quot;\" \/>\n<meta property=\"og:description\" content=\"C\u2019era grande fermento nell\u2019attesa di sentire quelle parole illusoriamente agognate che ci avrebbero riportato alla normalit\u00e0. Quella normalit\u00e0 cosi\" \/>\n<meta property=\"og:url\" content=\"https:\/\/staging.varesenews.it\/2020\/04\/discorso-conte-speranza-disattesa\/923497\/\" \/>\n<meta property=\"og:site_name\" content=\"VareseNews\" \/>\n<meta property=\"article:publisher\" content=\"https:\/\/www.facebook.com\/varesenews\" \/>\n<meta property=\"article:published_time\" content=\"2020-04-27T12:40:49+00:00\" \/>\n<meta name=\"author\" content=\"Adelia Brigo\" \/>\n<meta name=\"twitter:card\" content=\"summary_large_image\" \/>\n<meta name=\"twitter:creator\" content=\"@AdeliaBrigo\" \/>\n<meta name=\"twitter:site\" content=\"@varesenews\" \/>\n<meta name=\"twitter:label1\" content=\"Scritto da\" \/>\n\t<meta name=\"twitter:data1\" content=\"Adelia Brigo\" \/>\n\t<meta name=\"twitter:label2\" content=\"Tempo di lettura stimato\" \/>\n\t<meta name=\"twitter:data2\" content=\"2 minuti\" \/>\n<script type=\"application\/ld+json\" class=\"yoast-schema-graph\">{\"@context\":\"https:\/\/schema.org\",\"@graph\":[{\"@type\":\"WebPage\",\"@id\":\"https:\/\/staging.varesenews.it\/2020\/04\/discorso-conte-speranza-disattesa\/923497\/\",\"url\":\"https:\/\/staging.varesenews.it\/2020\/04\/discorso-conte-speranza-disattesa\/923497\/\",\"name\":\"Il discorso di Conte \\\"una speranza disattesa\\\"\",\"isPartOf\":{\"@id\":\"https:\/\/staging.varesenews.it\/#website\"},\"datePublished\":\"2020-04-27T12:40:49+00:00\",\"dateModified\":\"2020-04-27T12:40:49+00:00\",\"author\":{\"@id\":\"https:\/\/staging.varesenews.it\/#\/schema\/person\/272ac0f5b2dbfd572218c2d86e013f1a\"},\"description\":\"C\u2019era grande fermento nell\u2019attesa di sentire quelle parole illusoriamente agognate che ci avrebbero riportato alla normalit\u00e0. Quella normalit\u00e0 cosi\",\"breadcrumb\":{\"@id\":\"https:\/\/staging.varesenews.it\/2020\/04\/discorso-conte-speranza-disattesa\/923497\/#breadcrumb\"},\"inLanguage\":\"it-IT\",\"potentialAction\":[{\"@type\":\"ReadAction\",\"target\":[\"https:\/\/staging.varesenews.it\/2020\/04\/discorso-conte-speranza-disattesa\/923497\/\"]}]},{\"@type\":\"BreadcrumbList\",\"@id\":\"https:\/\/staging.varesenews.it\/2020\/04\/discorso-conte-speranza-disattesa\/923497\/#breadcrumb\",\"itemListElement\":[{\"@type\":\"ListItem\",\"position\":1,\"name\":\"Home\",\"item\":\"https:\/\/www.varesenews.it\/\"},{\"@type\":\"ListItem\",\"position\":2,\"name\":\"Il discorso di Conte &#8220;una speranza disattesa&#8221;\"}]},{\"@type\":\"WebSite\",\"@id\":\"https:\/\/staging.varesenews.it\/#website\",\"url\":\"https:\/\/staging.varesenews.it\/\",\"name\":\"VareseNews\",\"description\":\"\",\"potentialAction\":[{\"@type\":\"SearchAction\",\"target\":{\"@type\":\"EntryPoint\",\"urlTemplate\":\"https:\/\/staging.varesenews.it\/?s={search_term_string}\"},\"query-input\":\"required name=search_term_string\"}],\"inLanguage\":\"it-IT\"},{\"@type\":\"Person\",\"@id\":\"https:\/\/staging.varesenews.it\/#\/schema\/person\/272ac0f5b2dbfd572218c2d86e013f1a\",\"name\":\"Adelia Brigo\",\"image\":{\"@type\":\"ImageObject\",\"inLanguage\":\"it-IT\",\"@id\":\"https:\/\/staging.varesenews.it\/#\/schema\/person\/image\/\",\"url\":\"https:\/\/staging.varesenews.it\/wp-content\/uploads\/2020\/12\/adelia_brigo_colori_500.jpg\",\"contentUrl\":\"https:\/\/staging.varesenews.it\/wp-content\/uploads\/2020\/12\/adelia_brigo_colori_500.jpg\",\"caption\":\"Adelia Brigo\"},\"description\":\"Giornalista pubblicista, lavoro a VareseNews dal 2007 e mi occupo di cronaca locale e del settore dedicato alla cultura. In questi anni ho seguito diversi progetti di comunicazione, amo sperimentare strategie per i Social Network e raccontare storie. Varesina, classe 1984, sono laureata in Scienze della Comunicazione.&nbsp;\",\"sameAs\":[\"AdeliaBrigo\",\"https:\/\/twitter.com\/AdeliaBrigo\"],\"url\":\"https:\/\/staging.varesenews.it\/persona\/adelia_brigo\/\"}]}<\/script>\n<!-- \/ Yoast SEO plugin. -->","yoast_head_json":{"title":"Il discorso di Conte \"una speranza disattesa\"","description":"C\u2019era grande fermento nell\u2019attesa di sentire quelle parole illusoriamente agognate che ci avrebbero riportato alla normalit\u00e0. Quella normalit\u00e0 cosi","robots":{"index":"noindex","follow":"follow","max-snippet":"max-snippet:-1","max-image-preview":"max-image-preview:large","max-video-preview":"max-video-preview:-1"},"og_locale":"it_IT","og_type":"article","og_title":"Il discorso di Conte \"una speranza disattesa\"","og_description":"C\u2019era grande fermento nell\u2019attesa di sentire quelle parole illusoriamente agognate che ci avrebbero riportato alla normalit\u00e0. Quella normalit\u00e0 cosi","og_url":"https:\/\/staging.varesenews.it\/2020\/04\/discorso-conte-speranza-disattesa\/923497\/","og_site_name":"VareseNews","article_publisher":"https:\/\/www.facebook.com\/varesenews","article_published_time":"2020-04-27T12:40:49+00:00","author":"Adelia Brigo","twitter_card":"summary_large_image","twitter_creator":"@AdeliaBrigo","twitter_site":"@varesenews","twitter_misc":{"Scritto da":"Adelia Brigo","Tempo di lettura stimato":"2 minuti"},"schema":{"@context":"https:\/\/schema.org","@graph":[{"@type":"WebPage","@id":"https:\/\/staging.varesenews.it\/2020\/04\/discorso-conte-speranza-disattesa\/923497\/","url":"https:\/\/staging.varesenews.it\/2020\/04\/discorso-conte-speranza-disattesa\/923497\/","name":"Il discorso di Conte \"una speranza disattesa\"","isPartOf":{"@id":"https:\/\/staging.varesenews.it\/#website"},"datePublished":"2020-04-27T12:40:49+00:00","dateModified":"2020-04-27T12:40:49+00:00","author":{"@id":"https:\/\/staging.varesenews.it\/#\/schema\/person\/272ac0f5b2dbfd572218c2d86e013f1a"},"description":"C\u2019era grande fermento nell\u2019attesa di sentire quelle parole illusoriamente agognate che ci avrebbero riportato alla normalit\u00e0. Quella normalit\u00e0 cosi","breadcrumb":{"@id":"https:\/\/staging.varesenews.it\/2020\/04\/discorso-conte-speranza-disattesa\/923497\/#breadcrumb"},"inLanguage":"it-IT","potentialAction":[{"@type":"ReadAction","target":["https:\/\/staging.varesenews.it\/2020\/04\/discorso-conte-speranza-disattesa\/923497\/"]}]},{"@type":"BreadcrumbList","@id":"https:\/\/staging.varesenews.it\/2020\/04\/discorso-conte-speranza-disattesa\/923497\/#breadcrumb","itemListElement":[{"@type":"ListItem","position":1,"name":"Home","item":"https:\/\/www.varesenews.it\/"},{"@type":"ListItem","position":2,"name":"Il discorso di Conte &#8220;una speranza disattesa&#8221;"}]},{"@type":"WebSite","@id":"https:\/\/staging.varesenews.it\/#website","url":"https:\/\/staging.varesenews.it\/","name":"VareseNews","description":"","potentialAction":[{"@type":"SearchAction","target":{"@type":"EntryPoint","urlTemplate":"https:\/\/staging.varesenews.it\/?s={search_term_string}"},"query-input":"required name=search_term_string"}],"inLanguage":"it-IT"},{"@type":"Person","@id":"https:\/\/staging.varesenews.it\/#\/schema\/person\/272ac0f5b2dbfd572218c2d86e013f1a","name":"Adelia Brigo","image":{"@type":"ImageObject","inLanguage":"it-IT","@id":"https:\/\/staging.varesenews.it\/#\/schema\/person\/image\/","url":"https:\/\/staging.varesenews.it\/wp-content\/uploads\/2020\/12\/adelia_brigo_colori_500.jpg","contentUrl":"https:\/\/staging.varesenews.it\/wp-content\/uploads\/2020\/12\/adelia_brigo_colori_500.jpg","caption":"Adelia Brigo"},"description":"Giornalista pubblicista, lavoro a VareseNews dal 2007 e mi occupo di cronaca locale e del settore dedicato alla cultura. In questi anni ho seguito diversi progetti di comunicazione, amo sperimentare strategie per i Social Network e raccontare storie. Varesina, classe 1984, sono laureata in Scienze della Comunicazione.&nbsp;","sameAs":["AdeliaBrigo","https:\/\/twitter.com\/AdeliaBrigo"],"url":"https:\/\/staging.varesenews.it\/persona\/adelia_brigo\/"}]}},"post_meta":{"_edit_lock":"1587991154:32","_edit_last":"32","_category_permalink":"a:1:{s:8:\"category\";s:0:\"\";}","_encloseme":"1","ratings_users":"0","ratings_score":"0","ratings_average":"0","foto":"797585","firma_come_redazione":"1","argomento":"LETTERE AL TEMPO DEL CORONAVIRUS","_yoast_wpseo_content_score":"30","_jd_tweet_this":"yes","_wpt_short_url":"https:\/\/www.varesenews.it\/2020\/04\/discorso-conte-speranza-disattesa\/923497\/","_wp_jd_target":"https:\/\/www.varesenews.it\/2020\/04\/discorso-conte-speranza-disattesa\/923497\/","_jd_wp_twitter":"a:1:{i:0;s:126:\"Il discorso di Conte \u201cuna speranza disattesa\u201d https:\/\/www.varesenews.it\/2020\/04\/discorso-conte-speranza-disattesa\/923497\/ \";}","_wpt_status_message":"Tweet inviato con successo."},"photos":[{"original":"https:\/\/staging.varesenews.it\/photogallery_new\/images\/2020\/04\/saronno-immagini-della-citta-in-quarantena-foto-di-emanuele-santagostino-797585.jpg","full":"https:\/\/staging.varesenews.it\/photogallery_new\/images\/2020\/04\/saronno-immagini-della-citta-in-quarantena-foto-di-emanuele-santagostino-797585.1024x768.jpg","large":"https:\/\/staging.varesenews.it\/photogallery_new\/images\/2020\/04\/saronno-immagini-della-citta-in-quarantena-foto-di-emanuele-santagostino-797585.610x431.jpg"}],"_links":{"self":[{"href":"https:\/\/staging.varesenews.it\/swgapi\/v1\/wp\/v2\/posts\/923497"}],"collection":[{"href":"https:\/\/staging.varesenews.it\/swgapi\/v1\/wp\/v2\/posts"}],"about":[{"href":"https:\/\/staging.varesenews.it\/swgapi\/v1\/wp\/v2\/types\/post"}],"author":[{"embeddable":true,"href":"https:\/\/staging.varesenews.it\/swgapi\/v1\/wp\/v2\/users\/32"}],"replies":[{"embeddable":true,"href":"https:\/\/staging.varesenews.it\/swgapi\/v1\/wp\/v2\/comments?post=923497"}],"version-history":[{"count":0,"href":"https:\/\/staging.varesenews.it\/swgapi\/v1\/wp\/v2\/posts\/923497\/revisions"}],"wp:attachment":[{"href":"https:\/\/staging.varesenews.it\/swgapi\/v1\/wp\/v2\/media?parent=923497"}],"wp:term":[{"taxonomy":"category","embeddable":true,"href":"https:\/\/staging.varesenews.it\/swgapi\/v1\/wp\/v2\/categories?post=923497"},{"taxonomy":"post_tag","embeddable":true,"href":"https:\/\/staging.varesenews.it\/swgapi\/v1\/wp\/v2\/tags?post=923497"}],"curies":[{"name":"wp","href":"https:\/\/api.w.org\/{rel}","templated":true}]}}