{"id":925352,"date":"2020-05-04T15:18:34","date_gmt":"2020-05-04T13:18:34","guid":{"rendered":"https:\/\/www.varesenews.it\/?p=925352"},"modified":"2020-05-04T15:18:34","modified_gmt":"2020-05-04T13:18:34","slug":"jennifer-pier-sposi-diretta-youtube","status":"publish","type":"post","link":"https:\/\/staging.varesenews.it\/2020\/05\/jennifer-pier-sposi-diretta-youtube\/925352\/","title":{"rendered":"Jennifer e Pier, sposi in diretta su Youtube"},"content":{"rendered":"<p class=\"p1\">Anche i matrimoni devono piegarsi alle regole sanitarie imposte dal Coronavirus. Ecco perch\u00e9<strong> il \u201cgiorno pi\u00f9 bello\u201d di Pier e Jennifer,<\/strong> due giovani malnatesi, non \u00e8 stato come tutti gli altri.<\/p>\n<p class=\"p1\">Sabato 2 maggio i due innamorati <strong>si sono detti \u201cs\u00ec\u201d al municipio di Malnate<\/strong> con la celebrazione svolta dal sindaco Irene Bellifemine. E fin qui tutto secondo tradizione. Le norme anti-contagio hanno per\u00f2 modificato il resto: presenti in sala della giunta &#8211; dove si svolgono i matrimoni nel municipio malnatese -, oltre agli sposi e al sindaco, solo i testimoni, anche loro esclusivamente da Malnate. <strong>Mascherine davanti alla bocca e \u201cinvitati\u201d collegati via Youtube ad assistere commossi e divertiti.<\/strong><\/p>\n<p class=\"p1\">Caso ancora pi\u00f9 singolare perch\u00e9 Jennifer \u00e8 olandese, con parenti e amici collegati direttamente dai Paesi Bassi.<\/p>\n<p class=\"p1\">A raccontare il suo matrimonio \u00e8 lo stesso Pier: \u00abDovevamo sposarci il 2 maggio. Quando sono iniziate le misure anti-contagio non sapevamo per quanto potessero andare avanti, quindi abbiamo deciso di confermare comunque la data, attenendoci alle misure sanitarie in vigore. <strong>Abbiamo pensato di spostare il giorno, ovviamente, ma in Olanda saranno bloccati fino a settembre,<\/strong> quindi si andava troppo in l\u00e0 e fare una cerimonia senza i parenti dalla parte di lei non ci sembrava giusto. Abbiamo cos\u00ec deciso di fare la parte \u201cburocratica\u201d. I festeggiamenti per\u00f2 non mancheranno: faremo una festa il primo maggio dell\u2019anno prossimo, sperando che tra per quella data non ci saranno altri problemi\u00bb.<\/p>\n<div class=\"photo-inside-post\"><img decoding=\"async\" loading=\"lazy\" fetchpriority=\"low\" width=\"610\" height=\"431\" src=\"https:\/\/staging.varesenews.it\/photogallery_new\/images\/2020\/05\/caricamento-temporaneo-per-contributo-1588597867soov0ifyeqneclvc-798724.610x431.jpg\" alt=\"Jen e Pier, sposi su Youtube\"><\/div>\n<p class=\"p1\">Il giorno del matrimonio non sono per\u00f2 mancate le sorprese: \u00abAbbiamo organizzato una call su Zoom, ma <strong>quando siamo arrivati in municipio abbiamo trovato telecamere e lo schermo con tutti gli invitati connessi con un live di Youtube<\/strong>. Ad organizzare tutto \u00e8 stata la sorella di Jennifer, direttamente dai Paesi Bassi, con il supporto di mia sorella. Non sapevamo nulla e<strong> la sorpresa \u00e8 stata molto bella<\/strong>, anche perch\u00e9 \u00e8 stata accompagnata da un video di auguri da parte dei nostri amici e parenti. \u00c8 uscita una cosa molto carina anche perch\u00e9 in questo modo anche gli invitati hanno potuto interagire con il matrimonio pi\u00f9 direttamente. Tornati a casa, inoltre, i nostri vicini ci hanno fatto trovare i palloncini, fatti con i guanti di lattice perch\u00e9 non hanno trovato i palloncini, e la scritta in giardino <strong>\u201cW gli sposi\u201d\u00bb.<\/strong><\/p>\n<div class=\"responsive-video\"><iframe loading=\"lazy\" width=\"500\" height=\"281\" src=\"https:\/\/www.youtube.com\/embed\/iFq81vWqKkE?feature=oembed\" frameborder=\"0\" allow=\"accelerometer; autoplay; encrypted-media; gyroscope; picture-in-picture\" allowfullscreen><\/iframe><\/div>\n","protected":false},"excerpt":{"rendered":"<p>Sabato 2 maggio al municipio di Malnate si \u00e8 svolto un matrimonio molto particolare<\/p>\n","protected":false},"author":37,"featured_media":0,"comment_status":"open","ping_status":"open","sticky":false,"template":"","format":"standard","meta":{"footnotes":""},"categories":[2],"tags":[103242,105702],"acf":[],"yoast_head":"<!-- This site is optimized with the Yoast SEO plugin v20.1 - https:\/\/yoast.com\/wordpress\/plugins\/seo\/ -->\n<title>Jennifer e Pier, sposi in diretta su Youtube<\/title>\n<meta name=\"description\" content=\"Sabato 2 maggio al municipio di Malnate si \u00e8 svolto un matrimonio molto particolare\" \/>\n<meta name=\"robots\" content=\"noindex, follow, max-snippet:-1, max-image-preview:large, max-video-preview:-1\" \/>\n<meta property=\"og:locale\" content=\"it_IT\" \/>\n<meta property=\"og:type\" content=\"article\" \/>\n<meta property=\"og:title\" content=\"Jennifer e Pier, sposi in diretta su Youtube\" \/>\n<meta property=\"og:description\" content=\"Sabato 2 maggio al municipio di Malnate si \u00e8 svolto un matrimonio molto particolare\" \/>\n<meta property=\"og:url\" content=\"https:\/\/staging.varesenews.it\/2020\/05\/jennifer-pier-sposi-diretta-youtube\/925352\/\" \/>\n<meta property=\"og:site_name\" content=\"VareseNews\" \/>\n<meta property=\"article:publisher\" content=\"https:\/\/www.facebook.com\/varesenews\" \/>\n<meta property=\"article:published_time\" content=\"2020-05-04T13:18:34+00:00\" \/>\n<meta name=\"author\" content=\"Francesco Mazzoleni\" \/>\n<meta name=\"twitter:card\" content=\"summary_large_image\" \/>\n<meta name=\"twitter:creator\" content=\"@fmazzof\" \/>\n<meta name=\"twitter:site\" content=\"@varesenews\" \/>\n<meta name=\"twitter:label1\" content=\"Scritto da\" \/>\n\t<meta name=\"twitter:data1\" content=\"Francesco Mazzoleni\" \/>\n\t<meta name=\"twitter:label2\" content=\"Tempo di lettura stimato\" \/>\n\t<meta name=\"twitter:data2\" content=\"2 minuti\" \/>\n<script type=\"application\/ld+json\" class=\"yoast-schema-graph\">{\"@context\":\"https:\/\/schema.org\",\"@graph\":[{\"@type\":\"WebPage\",\"@id\":\"https:\/\/staging.varesenews.it\/2020\/05\/jennifer-pier-sposi-diretta-youtube\/925352\/\",\"url\":\"https:\/\/staging.varesenews.it\/2020\/05\/jennifer-pier-sposi-diretta-youtube\/925352\/\",\"name\":\"Jennifer e Pier, sposi in diretta su Youtube\",\"isPartOf\":{\"@id\":\"https:\/\/staging.varesenews.it\/#website\"},\"datePublished\":\"2020-05-04T13:18:34+00:00\",\"dateModified\":\"2020-05-04T13:18:34+00:00\",\"author\":{\"@id\":\"https:\/\/staging.varesenews.it\/#\/schema\/person\/e82236e79160d30d4e1f942004ac3038\"},\"description\":\"Sabato 2 maggio al municipio di Malnate si \u00e8 svolto un matrimonio molto particolare\",\"breadcrumb\":{\"@id\":\"https:\/\/staging.varesenews.it\/2020\/05\/jennifer-pier-sposi-diretta-youtube\/925352\/#breadcrumb\"},\"inLanguage\":\"it-IT\",\"potentialAction\":[{\"@type\":\"ReadAction\",\"target\":[\"https:\/\/staging.varesenews.it\/2020\/05\/jennifer-pier-sposi-diretta-youtube\/925352\/\"]}]},{\"@type\":\"BreadcrumbList\",\"@id\":\"https:\/\/staging.varesenews.it\/2020\/05\/jennifer-pier-sposi-diretta-youtube\/925352\/#breadcrumb\",\"itemListElement\":[{\"@type\":\"ListItem\",\"position\":1,\"name\":\"Home\",\"item\":\"https:\/\/www.varesenews.it\/\"},{\"@type\":\"ListItem\",\"position\":2,\"name\":\"Jennifer e Pier, sposi in diretta su Youtube\"}]},{\"@type\":\"WebSite\",\"@id\":\"https:\/\/staging.varesenews.it\/#website\",\"url\":\"https:\/\/staging.varesenews.it\/\",\"name\":\"VareseNews\",\"description\":\"\",\"potentialAction\":[{\"@type\":\"SearchAction\",\"target\":{\"@type\":\"EntryPoint\",\"urlTemplate\":\"https:\/\/staging.varesenews.it\/?s={search_term_string}\"},\"query-input\":\"required name=search_term_string\"}],\"inLanguage\":\"it-IT\"},{\"@type\":\"Person\",\"@id\":\"https:\/\/staging.varesenews.it\/#\/schema\/person\/e82236e79160d30d4e1f942004ac3038\",\"name\":\"Francesco Mazzoleni\",\"image\":{\"@type\":\"ImageObject\",\"inLanguage\":\"it-IT\",\"@id\":\"https:\/\/staging.varesenews.it\/#\/schema\/person\/image\/\",\"url\":\"https:\/\/staging.varesenews.it\/wp-content\/uploads\/2020\/12\/francesco_mazzoleni_colori_500-1.jpg\",\"contentUrl\":\"https:\/\/staging.varesenews.it\/wp-content\/uploads\/2020\/12\/francesco_mazzoleni_colori_500-1.jpg\",\"caption\":\"Francesco Mazzoleni\"},\"description\":\"\\\"Uomo di campo\\\" della redazione sportiva. Nutro una vera passione per il calcio, che sia ad alti livelli, sui campi di provincia o in altri continenti. Sono nato a Varese nel 1984, vivo da sempre a Malnate e ho una laurea in Scienze Motorie. Ho mosso i primi passi a VareseNews da stagista nel 2002; nel 2008 ho iniziato a collaborare con maggiore continuit\u00e0 e dal 2018 sono giornalista professionista. Orgoglioso pap\u00e0 di Federico e Adelaide.\",\"sameAs\":[\"fmazzof\",\"it.linkedin.com\/in\/francescomazzolenif\",\"https:\/\/twitter.com\/fmazzof\"],\"url\":\"https:\/\/staging.varesenews.it\/persona\/francesco_mazzoleniferracini\/\"}]}<\/script>\n<!-- \/ Yoast SEO plugin. -->","yoast_head_json":{"title":"Jennifer e Pier, sposi in diretta su Youtube","description":"Sabato 2 maggio al municipio di Malnate si \u00e8 svolto un matrimonio molto particolare","robots":{"index":"noindex","follow":"follow","max-snippet":"max-snippet:-1","max-image-preview":"max-image-preview:large","max-video-preview":"max-video-preview:-1"},"og_locale":"it_IT","og_type":"article","og_title":"Jennifer e Pier, sposi in diretta su Youtube","og_description":"Sabato 2 maggio al municipio di Malnate si \u00e8 svolto un matrimonio molto particolare","og_url":"https:\/\/staging.varesenews.it\/2020\/05\/jennifer-pier-sposi-diretta-youtube\/925352\/","og_site_name":"VareseNews","article_publisher":"https:\/\/www.facebook.com\/varesenews","article_published_time":"2020-05-04T13:18:34+00:00","author":"Francesco Mazzoleni","twitter_card":"summary_large_image","twitter_creator":"@fmazzof","twitter_site":"@varesenews","twitter_misc":{"Scritto da":"Francesco Mazzoleni","Tempo di lettura stimato":"2 minuti"},"schema":{"@context":"https:\/\/schema.org","@graph":[{"@type":"WebPage","@id":"https:\/\/staging.varesenews.it\/2020\/05\/jennifer-pier-sposi-diretta-youtube\/925352\/","url":"https:\/\/staging.varesenews.it\/2020\/05\/jennifer-pier-sposi-diretta-youtube\/925352\/","name":"Jennifer e Pier, sposi in diretta su Youtube","isPartOf":{"@id":"https:\/\/staging.varesenews.it\/#website"},"datePublished":"2020-05-04T13:18:34+00:00","dateModified":"2020-05-04T13:18:34+00:00","author":{"@id":"https:\/\/staging.varesenews.it\/#\/schema\/person\/e82236e79160d30d4e1f942004ac3038"},"description":"Sabato 2 maggio al municipio di Malnate si \u00e8 svolto un matrimonio molto particolare","breadcrumb":{"@id":"https:\/\/staging.varesenews.it\/2020\/05\/jennifer-pier-sposi-diretta-youtube\/925352\/#breadcrumb"},"inLanguage":"it-IT","potentialAction":[{"@type":"ReadAction","target":["https:\/\/staging.varesenews.it\/2020\/05\/jennifer-pier-sposi-diretta-youtube\/925352\/"]}]},{"@type":"BreadcrumbList","@id":"https:\/\/staging.varesenews.it\/2020\/05\/jennifer-pier-sposi-diretta-youtube\/925352\/#breadcrumb","itemListElement":[{"@type":"ListItem","position":1,"name":"Home","item":"https:\/\/www.varesenews.it\/"},{"@type":"ListItem","position":2,"name":"Jennifer e Pier, sposi in diretta su Youtube"}]},{"@type":"WebSite","@id":"https:\/\/staging.varesenews.it\/#website","url":"https:\/\/staging.varesenews.it\/","name":"VareseNews","description":"","potentialAction":[{"@type":"SearchAction","target":{"@type":"EntryPoint","urlTemplate":"https:\/\/staging.varesenews.it\/?s={search_term_string}"},"query-input":"required name=search_term_string"}],"inLanguage":"it-IT"},{"@type":"Person","@id":"https:\/\/staging.varesenews.it\/#\/schema\/person\/e82236e79160d30d4e1f942004ac3038","name":"Francesco Mazzoleni","image":{"@type":"ImageObject","inLanguage":"it-IT","@id":"https:\/\/staging.varesenews.it\/#\/schema\/person\/image\/","url":"https:\/\/staging.varesenews.it\/wp-content\/uploads\/2020\/12\/francesco_mazzoleni_colori_500-1.jpg","contentUrl":"https:\/\/staging.varesenews.it\/wp-content\/uploads\/2020\/12\/francesco_mazzoleni_colori_500-1.jpg","caption":"Francesco Mazzoleni"},"description":"\"Uomo di campo\" della redazione sportiva. Nutro una vera passione per il calcio, che sia ad alti livelli, sui campi di provincia o in altri continenti. Sono nato a Varese nel 1984, vivo da sempre a Malnate e ho una laurea in Scienze Motorie. Ho mosso i primi passi a VareseNews da stagista nel 2002; nel 2008 ho iniziato a collaborare con maggiore continuit\u00e0 e dal 2018 sono giornalista professionista. Orgoglioso pap\u00e0 di Federico e Adelaide.","sameAs":["fmazzof","it.linkedin.com\/in\/francescomazzolenif","https:\/\/twitter.com\/fmazzof"],"url":"https:\/\/staging.varesenews.it\/persona\/francesco_mazzoleniferracini\/"}]}},"post_meta":{"_edit_lock":"1588599438:37","_edit_last":"37","_oembed_537beef960bd1b1670390be6976f10e6":"<iframe width=\"500\" height=\"281\" src=\"https:\/\/www.youtube.com\/embed\/iFq81vWqKkE?feature=oembed\" frameborder=\"0\" allow=\"accelerometer; autoplay; encrypted-media; gyroscope; picture-in-picture\" allowfullscreen><\/iframe>","_oembed_time_537beef960bd1b1670390be6976f10e6":"1588598046","_category_permalink":"a:1:{s:8:\"category\";s:1:\"2\";}","foto":"798720","id_link_fotogallery":"925355","argomento":"Malnate","_yoast_wpseo_content_score":"30","_jd_tweet_this":"yes","_encloseme":"1","ratings_users":"0","ratings_score":"0","ratings_average":"0","firma-personalizzata":"fmf","_wpt_short_url":"https:\/\/www.varesenews.it\/2020\/05\/jennifer-pier-sposi-diretta-youtube\/925352\/","_wp_jd_target":"https:\/\/www.varesenews.it\/2020\/05\/jennifer-pier-sposi-diretta-youtube\/925352\/","_jd_wp_twitter":"a:1:{i:0;s:135:\"Jennifer e Pier, sposi in diretta su Youtube https:\/\/www.varesenews.it\/2020\/05\/jennifer-pier-sposi-diretta-youtube\/925352\/ #coronavirus\";}","_wpt_status_message":"Tweet inviato con successo.","id_leggi_anche":"952037"},"photos":[{"original":"https:\/\/staging.varesenews.it\/photogallery_new\/images\/2020\/05\/caricamento-temporaneo-per-contributo-1588597867soov0ifyeqneclvc-798720.jpg","full":"https:\/\/staging.varesenews.it\/photogallery_new\/images\/2020\/05\/caricamento-temporaneo-per-contributo-1588597867soov0ifyeqneclvc-798720.1024x768.jpg","large":"https:\/\/staging.varesenews.it\/photogallery_new\/images\/2020\/05\/caricamento-temporaneo-per-contributo-1588597867soov0ifyeqneclvc-798720.610x431.jpg"}],"_links":{"self":[{"href":"https:\/\/staging.varesenews.it\/swgapi\/v1\/wp\/v2\/posts\/925352"}],"collection":[{"href":"https:\/\/staging.varesenews.it\/swgapi\/v1\/wp\/v2\/posts"}],"about":[{"href":"https:\/\/staging.varesenews.it\/swgapi\/v1\/wp\/v2\/types\/post"}],"author":[{"embeddable":true,"href":"https:\/\/staging.varesenews.it\/swgapi\/v1\/wp\/v2\/users\/37"}],"replies":[{"embeddable":true,"href":"https:\/\/staging.varesenews.it\/swgapi\/v1\/wp\/v2\/comments?post=925352"}],"version-history":[{"count":0,"href":"https:\/\/staging.varesenews.it\/swgapi\/v1\/wp\/v2\/posts\/925352\/revisions"}],"wp:attachment":[{"href":"https:\/\/staging.varesenews.it\/swgapi\/v1\/wp\/v2\/media?parent=925352"}],"wp:term":[{"taxonomy":"category","embeddable":true,"href":"https:\/\/staging.varesenews.it\/swgapi\/v1\/wp\/v2\/categories?post=925352"},{"taxonomy":"post_tag","embeddable":true,"href":"https:\/\/staging.varesenews.it\/swgapi\/v1\/wp\/v2\/tags?post=925352"}],"curies":[{"name":"wp","href":"https:\/\/api.w.org\/{rel}","templated":true}]}}