{"id":925380,"date":"2020-05-04T16:12:21","date_gmt":"2020-05-04T14:12:21","guid":{"rendered":"https:\/\/www.varesenews.it\/?p=925380"},"modified":"2020-05-04T16:12:21","modified_gmt":"2020-05-04T14:12:21","slug":"intervento-utero-correggere-la-spina-bifida","status":"publish","type":"post","link":"https:\/\/staging.varesenews.it\/2020\/05\/intervento-utero-correggere-la-spina-bifida\/925380\/","title":{"rendered":"Intervento in utero per correggere la spina bifida"},"content":{"rendered":"<p>Il <strong>Policlinico di Milano<\/strong> \u00e8 stato tra i primi in Europa a realizzare un <strong>intervento chirurgico per correggere in utero la spina bifida<\/strong>, un grave difetto della colonna vertebrale che viene diagnosticato in epoca prenatale in circa una ogni 3 mila gravidanze. E pochi giorni fa, sempre al Policlinico, \u00e8 stato portato a termine con successo il <strong>settimo intervento di questo tipo su una futura mamma proveniente da un&#8217;altra Regione<\/strong>.<\/p>\n<p>L&#8217;ultima operazione, che richiede una notevole preparazione tecnica per essere eseguita e un centro altamente specializzato, a causa dell&#8217;urgenza \u00e8 stata eseguita durante l&#8217;emergenza coronavirus: questo ha richiesto un ulteriore sforzo organizzativo sia per allestire uno spazio operatorio dedicato, sia per concentrare le figure specialistiche che in questo momento sono impegnate a gestire le tante urgenze dovute a Covid-19.<\/p>\n<p>La spina bifida \u00e8 un difetto che pu\u00f2 causare gradi variabili di disabilit\u00e0 nel nascituro: nei casi pi\u00f9 gravi pu\u00f2 portare a paralisi degli arti inferiori, a disturbi della funzione della vescica e dell\u2019intestino, ed essere addirittura fatale. <strong>L&#8217;intervento chirurgico in utero pu\u00f2 cambiare significativamente la qualit\u00e0 di vita di questi bambini.<\/strong> Il feto viene operato intorno<strong> alla 26esima settimana di gestazione<\/strong> con tecniche di <strong>chirurgia mininvasiva<\/strong>, introducendo nell&#8217;utero della madre strumenti sottilissimi (3 millimetri di spessore).<br \/>\nI chirurghi operano grazie a un costante monitoraggio ecografico, raggiungendo la colonna vertebrale del piccolo e riparando il danno causato dalla patologia.<\/p>\n<p><strong>Anche il settimo intervento, cos\u00ec come i precedenti, \u00e8 stato portato a termine con successo<\/strong>: ora bisogner\u00e0 attendere la nascita e lo sviluppo del bimbo nei primi anni di vita per poter verificare l\u2019efficacia del trattamento. I risultati preliminari riguardanti i primi cinque casi operati dall\u2019equipe del Policlinico sono stati pubblicati sulla rivista scientifica Neurosurgical Focus, e il Policlinico \u00e8 componente attiva dell\u2019International fetoscopic spina bifida repair consortium, una rete di collaborazione e condivisione di dati tra i pi\u00f9 importanti centri al mondo di medicina e chirurgia fetale e perinatale che si occupano di questi trattamenti. \u00abIn un ambito cos\u00ec delicato e con l\u2019utilizzo di tecniche sofisticate di recente introduzione &#8211; spiegano gli <strong>esperti del Policlinico di Milano<\/strong> &#8211; \u00e8 fondamentale il continuo monitoraggio degli esiti osservati e la loro condivisione con la comunit\u00e0 scientifica internazionale, con lo scopo di contribuire a un loro progressivo miglioramento e a una riduzione dei rischi associati con questo tipo di interventi, tra cui soprattutto il rischio di parto prematuro\u00bb.<\/p>\n<p>La delicatezza di un&#8217;operazione in utero \u00e8 evidente anche dal numero di specialisti che hanno lavorato in sinergia: i <strong>chirurghi fetali Nicola Persico, Isabella Fabietti e Simona Boito<\/strong>, i <strong>chirurghi pediatrici Francesco Macchini ed Ernesto Leva<\/strong>, il <strong>neurochirurgo Giorgio Carrabba<\/strong>, le <strong>anestesiste Giuliana Porro e Laura Colantonio<\/strong> di cui \u00e8 responsabile <strong>Edoardo Calderini,<\/strong> i <strong>neonatologi diretti da Fabio Mosca e i ginecologi guidati da Enrico Ferrazzi<\/strong>. A tutti loro si \u00e8 affiancato un personale infermieristico dedicato, coordinato dal caposala <strong>Carlo Scala.<br \/>\n<\/strong><br \/>\n\u00abIl trattamento in utero della spina bifida &#8211; spiega <strong>Ernesto Leva, direttore della Chirurgia pediatrica del Policlinico di Milano<\/strong> &#8211; rappresenta una frontiera della medicina fetale che in condizioni di normalit\u00e0 richiede una sinergia multidisciplinare non comune. Ma questa volta, in concomitanza con l\u2019emergenza da Covid-19, l\u2019esecuzione della procedura ha rappresentato uno sforzo organizzativo delle risorse sia umane che tecnologiche enorme. Uno sforzo che solo un Ospedale all&#8217;avanguardia come il Policlinico poteva compiere anche in questo momento di grave criticit\u00e0, garantendo ai genitori del piccolo le migliori cure che oggi possiamo offrire con la massima sicurezza\u00bb.<\/p>\n<p>\u00abL&#8217;intervento di correzione in utero della spina bifida &#8211; conclude <strong>Ezio Belleri, direttore generale del Policlinico di Milano<\/strong> &#8211; \u00e8 un&#8217;ulteriore conferma di quanto i nostri esperti siano in grado di fare la differenza nelle patologie rare, e in quelle che richiedono un approccio estremamente complesso e integrato. Con questa operazione possiamo minimizzare i danni di una patologia che rischia davvero di compromettere la qualit\u00e0 di vita di un bambino, e in diversi casi \u00e8 capace di salvare la vita di un piccolo che altrimenti potrebbe non nascere. <strong>Nel Mangiagalli Center del Policlinico c&#8217;\u00e8 un percorso dedicato alla chirurgia fetale che da tempo accoglie donne da tutta Italia<\/strong>, per intervenire con successo anche su gravi patologie come l&#8217;ernia diaframmatica e per affrontare casi che altrove non avrebbero una cura\u00bb.<\/p>\n","protected":false},"excerpt":{"rendered":"<p>\u00c8 la settima operazione condotta dai chirurghi fetali del Policlinico di Milano per correggere il grave difetto della colonna vertebrale<\/p>\n","protected":false},"author":33,"featured_media":0,"comment_status":"open","ping_status":"open","sticky":false,"template":"","format":"standard","meta":{"footnotes":""},"categories":[9,7,24],"tags":[101834],"acf":[],"yoast_head":"<!-- This site is optimized with the Yoast SEO plugin v20.1 - https:\/\/yoast.com\/wordpress\/plugins\/seo\/ -->\n<title>Intervento in utero per correggere la spina bifida<\/title>\n<meta name=\"description\" content=\"\u00c8 la settima operazione condotta dai chirurghi fetali del Policlinico di Milano per correggere il grave difetto della colonna vertebrale\" \/>\n<meta name=\"robots\" content=\"noindex, follow, max-snippet:-1, max-image-preview:large, max-video-preview:-1\" \/>\n<meta property=\"og:locale\" content=\"it_IT\" \/>\n<meta property=\"og:type\" content=\"article\" \/>\n<meta property=\"og:title\" content=\"Intervento in utero per correggere la spina bifida\" \/>\n<meta property=\"og:description\" content=\"\u00c8 la settima operazione condotta dai chirurghi fetali del Policlinico di Milano per correggere il grave difetto della colonna vertebrale\" \/>\n<meta property=\"og:url\" content=\"https:\/\/www.varesenews.it\/2020\/05\/intervento-utero-correggere-la-spina-bifida\/925380\/\" \/>\n<meta property=\"og:site_name\" content=\"VareseNews\" \/>\n<meta property=\"article:publisher\" content=\"https:\/\/www.facebook.com\/varesenews\" \/>\n<meta property=\"article:author\" content=\"alessandra.toni7\" \/>\n<meta property=\"article:published_time\" content=\"2020-05-04T14:12:21+00:00\" \/>\n<meta name=\"author\" content=\"Alessandra Toni\" \/>\n<meta name=\"twitter:card\" content=\"summary_large_image\" \/>\n<meta name=\"twitter:creator\" content=\"@alessandra_toni\" \/>\n<meta name=\"twitter:site\" content=\"@varesenews\" \/>\n<meta name=\"twitter:label1\" content=\"Scritto da\" \/>\n\t<meta name=\"twitter:data1\" content=\"Alessandra Toni\" \/>\n\t<meta name=\"twitter:label2\" content=\"Tempo di lettura stimato\" \/>\n\t<meta name=\"twitter:data2\" content=\"3 minuti\" \/>\n<script type=\"application\/ld+json\" class=\"yoast-schema-graph\">{\"@context\":\"https:\/\/schema.org\",\"@graph\":[{\"@type\":\"WebPage\",\"@id\":\"https:\/\/www.varesenews.it\/2020\/05\/intervento-utero-correggere-la-spina-bifida\/925380\/\",\"url\":\"https:\/\/www.varesenews.it\/2020\/05\/intervento-utero-correggere-la-spina-bifida\/925380\/\",\"name\":\"Intervento in utero per correggere la spina bifida\",\"isPartOf\":{\"@id\":\"https:\/\/staging.varesenews.it\/#website\"},\"datePublished\":\"2020-05-04T14:12:21+00:00\",\"dateModified\":\"2020-05-04T14:12:21+00:00\",\"author\":{\"@id\":\"https:\/\/staging.varesenews.it\/#\/schema\/person\/2643ce123d4a3c9511e015dc548779b8\"},\"description\":\"\u00c8 la settima operazione condotta dai chirurghi fetali del Policlinico di Milano per correggere il grave difetto della colonna vertebrale\",\"breadcrumb\":{\"@id\":\"https:\/\/www.varesenews.it\/2020\/05\/intervento-utero-correggere-la-spina-bifida\/925380\/#breadcrumb\"},\"inLanguage\":\"it-IT\",\"potentialAction\":[{\"@type\":\"ReadAction\",\"target\":[\"https:\/\/www.varesenews.it\/2020\/05\/intervento-utero-correggere-la-spina-bifida\/925380\/\"]}]},{\"@type\":\"BreadcrumbList\",\"@id\":\"https:\/\/www.varesenews.it\/2020\/05\/intervento-utero-correggere-la-spina-bifida\/925380\/#breadcrumb\",\"itemListElement\":[{\"@type\":\"ListItem\",\"position\":1,\"name\":\"Home\",\"item\":\"https:\/\/www.varesenews.it\/\"},{\"@type\":\"ListItem\",\"position\":2,\"name\":\"Intervento in utero per correggere la spina bifida\"}]},{\"@type\":\"WebSite\",\"@id\":\"https:\/\/staging.varesenews.it\/#website\",\"url\":\"https:\/\/staging.varesenews.it\/\",\"name\":\"VareseNews\",\"description\":\"\",\"potentialAction\":[{\"@type\":\"SearchAction\",\"target\":{\"@type\":\"EntryPoint\",\"urlTemplate\":\"https:\/\/staging.varesenews.it\/?s={search_term_string}\"},\"query-input\":\"required name=search_term_string\"}],\"inLanguage\":\"it-IT\"},{\"@type\":\"Person\",\"@id\":\"https:\/\/staging.varesenews.it\/#\/schema\/person\/2643ce123d4a3c9511e015dc548779b8\",\"name\":\"Alessandra Toni\",\"image\":{\"@type\":\"ImageObject\",\"inLanguage\":\"it-IT\",\"@id\":\"https:\/\/staging.varesenews.it\/#\/schema\/person\/image\/\",\"url\":\"https:\/\/staging.varesenews.it\/wp-content\/uploads\/2020\/12\/alessandra_toni_colori_500.jpg\",\"contentUrl\":\"https:\/\/staging.varesenews.it\/wp-content\/uploads\/2020\/12\/alessandra_toni_colori_500.jpg\",\"caption\":\"Alessandra Toni\"},\"description\":\"Sono entrata nella redazione di VareseNews nel lontano anno 2000. Ero reduce da una bellissima esperienza nella redazione giornalistica della TV Nuova Antennatre, sotto la direzione dell'indimenticabile direttore Adolfo Caldarini. Sono arrivata quando era ancora una piccola realt\u00e0 editoriale e insieme abbiamo fatto un lungo ed entusiasmante lavoro. Mi occupo prevalentemente di scuola e di sanit\u00e0, settori impegnativi di grande valore sociale.\u00a0\",\"sameAs\":[\"alessandra.toni7\",\"alessandra.toni\",\"https:\/\/twitter.com\/alessandra_toni\"],\"url\":\"https:\/\/staging.varesenews.it\/persona\/alessandra_toni1\/\"}]}<\/script>\n<!-- \/ Yoast SEO plugin. -->","yoast_head_json":{"title":"Intervento in utero per correggere la spina bifida","description":"\u00c8 la settima operazione condotta dai chirurghi fetali del Policlinico di Milano per correggere il grave difetto della colonna vertebrale","robots":{"index":"noindex","follow":"follow","max-snippet":"max-snippet:-1","max-image-preview":"max-image-preview:large","max-video-preview":"max-video-preview:-1"},"og_locale":"it_IT","og_type":"article","og_title":"Intervento in utero per correggere la spina bifida","og_description":"\u00c8 la settima operazione condotta dai chirurghi fetali del Policlinico di Milano per correggere il grave difetto della colonna vertebrale","og_url":"https:\/\/www.varesenews.it\/2020\/05\/intervento-utero-correggere-la-spina-bifida\/925380\/","og_site_name":"VareseNews","article_publisher":"https:\/\/www.facebook.com\/varesenews","article_author":"alessandra.toni7","article_published_time":"2020-05-04T14:12:21+00:00","author":"Alessandra Toni","twitter_card":"summary_large_image","twitter_creator":"@alessandra_toni","twitter_site":"@varesenews","twitter_misc":{"Scritto da":"Alessandra Toni","Tempo di lettura stimato":"3 minuti"},"schema":{"@context":"https:\/\/schema.org","@graph":[{"@type":"WebPage","@id":"https:\/\/www.varesenews.it\/2020\/05\/intervento-utero-correggere-la-spina-bifida\/925380\/","url":"https:\/\/www.varesenews.it\/2020\/05\/intervento-utero-correggere-la-spina-bifida\/925380\/","name":"Intervento in utero per correggere la spina bifida","isPartOf":{"@id":"https:\/\/staging.varesenews.it\/#website"},"datePublished":"2020-05-04T14:12:21+00:00","dateModified":"2020-05-04T14:12:21+00:00","author":{"@id":"https:\/\/staging.varesenews.it\/#\/schema\/person\/2643ce123d4a3c9511e015dc548779b8"},"description":"\u00c8 la settima operazione condotta dai chirurghi fetali del Policlinico di Milano per correggere il grave difetto della colonna vertebrale","breadcrumb":{"@id":"https:\/\/www.varesenews.it\/2020\/05\/intervento-utero-correggere-la-spina-bifida\/925380\/#breadcrumb"},"inLanguage":"it-IT","potentialAction":[{"@type":"ReadAction","target":["https:\/\/www.varesenews.it\/2020\/05\/intervento-utero-correggere-la-spina-bifida\/925380\/"]}]},{"@type":"BreadcrumbList","@id":"https:\/\/www.varesenews.it\/2020\/05\/intervento-utero-correggere-la-spina-bifida\/925380\/#breadcrumb","itemListElement":[{"@type":"ListItem","position":1,"name":"Home","item":"https:\/\/www.varesenews.it\/"},{"@type":"ListItem","position":2,"name":"Intervento in utero per correggere la spina bifida"}]},{"@type":"WebSite","@id":"https:\/\/staging.varesenews.it\/#website","url":"https:\/\/staging.varesenews.it\/","name":"VareseNews","description":"","potentialAction":[{"@type":"SearchAction","target":{"@type":"EntryPoint","urlTemplate":"https:\/\/staging.varesenews.it\/?s={search_term_string}"},"query-input":"required name=search_term_string"}],"inLanguage":"it-IT"},{"@type":"Person","@id":"https:\/\/staging.varesenews.it\/#\/schema\/person\/2643ce123d4a3c9511e015dc548779b8","name":"Alessandra Toni","image":{"@type":"ImageObject","inLanguage":"it-IT","@id":"https:\/\/staging.varesenews.it\/#\/schema\/person\/image\/","url":"https:\/\/staging.varesenews.it\/wp-content\/uploads\/2020\/12\/alessandra_toni_colori_500.jpg","contentUrl":"https:\/\/staging.varesenews.it\/wp-content\/uploads\/2020\/12\/alessandra_toni_colori_500.jpg","caption":"Alessandra Toni"},"description":"Sono entrata nella redazione di VareseNews nel lontano anno 2000. Ero reduce da una bellissima esperienza nella redazione giornalistica della TV Nuova Antennatre, sotto la direzione dell'indimenticabile direttore Adolfo Caldarini. Sono arrivata quando era ancora una piccola realt\u00e0 editoriale e insieme abbiamo fatto un lungo ed entusiasmante lavoro. Mi occupo prevalentemente di scuola e di sanit\u00e0, settori impegnativi di grande valore sociale.\u00a0","sameAs":["alessandra.toni7","alessandra.toni","https:\/\/twitter.com\/alessandra_toni"],"url":"https:\/\/staging.varesenews.it\/persona\/alessandra_toni1\/"}]}},"post_meta":{"_edit_lock":"1588601717:33","_edit_last":"33","_category_permalink":"a:1:{s:8:\"category\";s:2:\"24\";}","_encloseme":"1","ratings_users":"0","ratings_score":"0","ratings_average":"0","foto":"798748","firma_come_redazione":"1","argomento":"Milano","_yoast_wpseo_content_score":"30","_jd_tweet_this":"yes","_wpt_short_url":"https:\/\/www.varesenews.it\/2020\/05\/intervento-utero-correggere-la-spina-bifida\/925380\/","_wp_jd_target":"https:\/\/www.varesenews.it\/2020\/05\/intervento-utero-correggere-la-spina-bifida\/925380\/","_jd_wp_twitter":"a:1:{i:0;s:137:\"Intervento in utero per correggere la spina bifida https:\/\/www.varesenews.it\/2020\/05\/intervento-utero-correggere-la-spina-bifida\/925380\/ \";}","_wpt_status_message":"Tweet inviato con successo."},"photos":[{"original":"https:\/\/staging.varesenews.it\/photogallery_new\/images\/2020\/05\/policlinico-di-milano-798748.jpg","full":"https:\/\/staging.varesenews.it\/photogallery_new\/images\/2020\/05\/policlinico-di-milano-798748.1024x768.jpg","large":"https:\/\/staging.varesenews.it\/photogallery_new\/images\/2020\/05\/policlinico-di-milano-798748.610x431.jpg"}],"_links":{"self":[{"href":"https:\/\/staging.varesenews.it\/swgapi\/v1\/wp\/v2\/posts\/925380"}],"collection":[{"href":"https:\/\/staging.varesenews.it\/swgapi\/v1\/wp\/v2\/posts"}],"about":[{"href":"https:\/\/staging.varesenews.it\/swgapi\/v1\/wp\/v2\/types\/post"}],"author":[{"embeddable":true,"href":"https:\/\/staging.varesenews.it\/swgapi\/v1\/wp\/v2\/users\/33"}],"replies":[{"embeddable":true,"href":"https:\/\/staging.varesenews.it\/swgapi\/v1\/wp\/v2\/comments?post=925380"}],"version-history":[{"count":0,"href":"https:\/\/staging.varesenews.it\/swgapi\/v1\/wp\/v2\/posts\/925380\/revisions"}],"wp:attachment":[{"href":"https:\/\/staging.varesenews.it\/swgapi\/v1\/wp\/v2\/media?parent=925380"}],"wp:term":[{"taxonomy":"category","embeddable":true,"href":"https:\/\/staging.varesenews.it\/swgapi\/v1\/wp\/v2\/categories?post=925380"},{"taxonomy":"post_tag","embeddable":true,"href":"https:\/\/staging.varesenews.it\/swgapi\/v1\/wp\/v2\/tags?post=925380"}],"curies":[{"name":"wp","href":"https:\/\/api.w.org\/{rel}","templated":true}]}}