{"id":925790,"date":"2020-05-05T15:35:38","date_gmt":"2020-05-05T13:35:38","guid":{"rendered":"https:\/\/www.varesenews.it\/?p=925790"},"modified":"2020-05-05T15:35:38","modified_gmt":"2020-05-05T13:35:38","slug":"fs-potenzia-collegamenti-lunga-distanza-regionali","status":"publish","type":"post","link":"https:\/\/staging.varesenews.it\/2020\/05\/fs-potenzia-collegamenti-lunga-distanza-regionali\/925790\/","title":{"rendered":"Fs potenzia i collegamenti a lunga distanza e i regionali"},"content":{"rendered":"<p><strong>Quattordici &#8220;Frecce&#8221; e sei InterCity<\/strong>: \u00e8 la ripartenza di FS, per l\u2019inizio della Fase 2 dell\u2019emergenza sanitaria COVID-19. \u00a0Treni che possono essere presi per gli spostamenti necessari indicati dalle Autorit\u00e0 competenti.<\/p>\n<p>D\u2019accordo con le Regioni, Committenti del Servizio, l\u2019offerta regionale ha avuto <strong>un incremento di circa 25 punti percentuali rispetto alla scorsa settimana, passando da circa duemila corse a 3.800<\/strong> (il conto non comprende la Lombardia, dove il servizio \u00e8 affidato a Trenord).<\/p>\n<p>Sui treni regionali in viaggio circa 190mila persone, pi\u00f9 8 punti percentuali rispetto alla scorsa settimana che corrisponde al 13% dei passeggeri del periodo prima dell\u2019emergenza.<br \/>\n<strong>Il riempimento medio dei treni regionali \u00e8 pari al 15%<\/strong>, gi\u00e0 calcolato in base alla nuova disponibilit\u00e0 al 50% di posti a sedere.<\/p>\n<p>Le persone in viaggi, ieri, sui treni a media e lunga percorrenza, 12 Frecce e 6 InterCity, sono state circa 4.300, circa il doppio dei viaggiatori rispetto alla scorsa settimana.\u00a0Il numero dei passeggeri \u00e8 poco pi\u00f9 della met\u00e0 rispetto a quello presente sugli stessi treni prima dell\u2019emergenza sanitaria COVID-19.<br \/>\nDa oggi, 5 maggio, sono state aggiunte ulteriori due corse con Frecciarossa fra Roma e Venezia. I due treni sono gi\u00e0 acquistabili dallo scorso fine settimana.<\/p>\n<p>\u00c8 in corso l\u2019allestimento su tutta la flotta di Trenitalia di marker sui sedili da non occupare, segnaletica sulle porte per la salita e la discesa dei viaggiatori e le indicazioni a terra per indicare ai passeggeri l\u2019uscita pi\u00f9 vicina e la distanza da tenere con gli altri passeggeri. Sono state, inoltre, potenziate le attivit\u00e0 di sanificazione e igienizzazione su tutta la flotta di Trenitalia.<\/p>\n<p>&#8220;Il Gruppo FS Italiane ricorda che tutti i passeggeri devono:\u00a0&#8211; indossare sempre la mascherina protettiva;\u00a0&#8211; essere responsabili socialmente, per s\u00e9 e per gli altri, rispettando la distanza di sicurezza indicata dalle autorit\u00e0 sanitarie, le indicazioni e le informazioni presenti a bordo dei treni e nelle stazioni;\u00a0&#8211; essere collaborativi a bordo treno con il personale ferroviario, utilizzare percorsi e porte di ingresso e uscita dai treni come indicato dai pannelli informativi;\u00a0&#8211; essere collaborativi in stazione con il personale ferroviario nell\u2019entrare o uscire dai varchi, seguendo i percorsi individuati e le indicazioni dei pannelli informativi&#8221;<\/p>\n","protected":false},"excerpt":{"rendered":"<p>Servizi a lunga percorrenza ancora molto limitati: venti corse al giorno in tutta Italia. I regionali quasi raddoppiati da luned\u00ec, esclusa la Lombardia che \u00e8 gestita da Trenord. Riempimento medio: 15% dei posti<\/p>\n","protected":false},"author":46,"featured_media":0,"comment_status":"open","ping_status":"open","sticky":false,"template":"","format":"standard","meta":{"footnotes":""},"categories":[9],"tags":[2847,915],"acf":[],"yoast_head":"<!-- This site is optimized with the Yoast SEO plugin v20.1 - https:\/\/yoast.com\/wordpress\/plugins\/seo\/ -->\n<title>Fs potenzia i collegamenti a lunga distanza e i regionali<\/title>\n<meta name=\"description\" content=\"Servizi a lunga percorrenza ancora molto limitati: venti corse al giorno in tutta Italia. I regionali quasi raddoppiati da luned\u00ec, esclusa la Lombardia che \u00e8 gestita da Trenord. Riempimento medio: 15% dei posti\" \/>\n<meta name=\"robots\" content=\"noindex, follow, max-snippet:-1, max-image-preview:large, max-video-preview:-1\" \/>\n<meta property=\"og:locale\" content=\"it_IT\" \/>\n<meta property=\"og:type\" content=\"article\" \/>\n<meta property=\"og:title\" content=\"Fs potenzia i collegamenti a lunga distanza e i regionali\" \/>\n<meta property=\"og:description\" content=\"Servizi a lunga percorrenza ancora molto limitati: venti corse al giorno in tutta Italia. I regionali quasi raddoppiati da luned\u00ec, esclusa la Lombardia che \u00e8 gestita da Trenord. Riempimento medio: 15% dei posti\" \/>\n<meta property=\"og:url\" content=\"https:\/\/staging.varesenews.it\/2020\/05\/fs-potenzia-collegamenti-lunga-distanza-regionali\/925790\/\" \/>\n<meta property=\"og:site_name\" content=\"VareseNews\" \/>\n<meta property=\"article:publisher\" content=\"https:\/\/www.facebook.com\/varesenews\" \/>\n<meta property=\"article:published_time\" content=\"2020-05-05T13:35:38+00:00\" \/>\n<meta name=\"author\" content=\"Roberto Morandi\" \/>\n<meta name=\"twitter:card\" content=\"summary_large_image\" \/>\n<meta name=\"twitter:creator\" content=\"@ilmorands\" \/>\n<meta name=\"twitter:site\" content=\"@varesenews\" \/>\n<meta name=\"twitter:label1\" content=\"Scritto da\" \/>\n\t<meta name=\"twitter:data1\" content=\"Roberto Morandi\" \/>\n\t<meta name=\"twitter:label2\" content=\"Tempo di lettura stimato\" \/>\n\t<meta name=\"twitter:data2\" content=\"2 minuti\" \/>\n<script type=\"application\/ld+json\" class=\"yoast-schema-graph\">{\"@context\":\"https:\/\/schema.org\",\"@graph\":[{\"@type\":\"WebPage\",\"@id\":\"https:\/\/staging.varesenews.it\/2020\/05\/fs-potenzia-collegamenti-lunga-distanza-regionali\/925790\/\",\"url\":\"https:\/\/staging.varesenews.it\/2020\/05\/fs-potenzia-collegamenti-lunga-distanza-regionali\/925790\/\",\"name\":\"Fs potenzia i collegamenti a lunga distanza e i regionali\",\"isPartOf\":{\"@id\":\"https:\/\/staging.varesenews.it\/#website\"},\"datePublished\":\"2020-05-05T13:35:38+00:00\",\"dateModified\":\"2020-05-05T13:35:38+00:00\",\"author\":{\"@id\":\"https:\/\/staging.varesenews.it\/#\/schema\/person\/efe592ae4c76536b551f89d8b6674bc3\"},\"description\":\"Servizi a lunga percorrenza ancora molto limitati: venti corse al giorno in tutta Italia. I regionali quasi raddoppiati da luned\u00ec, esclusa la Lombardia che \u00e8 gestita da Trenord. Riempimento medio: 15% dei posti\",\"breadcrumb\":{\"@id\":\"https:\/\/staging.varesenews.it\/2020\/05\/fs-potenzia-collegamenti-lunga-distanza-regionali\/925790\/#breadcrumb\"},\"inLanguage\":\"it-IT\",\"potentialAction\":[{\"@type\":\"ReadAction\",\"target\":[\"https:\/\/staging.varesenews.it\/2020\/05\/fs-potenzia-collegamenti-lunga-distanza-regionali\/925790\/\"]}]},{\"@type\":\"BreadcrumbList\",\"@id\":\"https:\/\/staging.varesenews.it\/2020\/05\/fs-potenzia-collegamenti-lunga-distanza-regionali\/925790\/#breadcrumb\",\"itemListElement\":[{\"@type\":\"ListItem\",\"position\":1,\"name\":\"Home\",\"item\":\"https:\/\/www.varesenews.it\/\"},{\"@type\":\"ListItem\",\"position\":2,\"name\":\"Fs potenzia i collegamenti a lunga distanza e i regionali\"}]},{\"@type\":\"WebSite\",\"@id\":\"https:\/\/staging.varesenews.it\/#website\",\"url\":\"https:\/\/staging.varesenews.it\/\",\"name\":\"VareseNews\",\"description\":\"\",\"potentialAction\":[{\"@type\":\"SearchAction\",\"target\":{\"@type\":\"EntryPoint\",\"urlTemplate\":\"https:\/\/staging.varesenews.it\/?s={search_term_string}\"},\"query-input\":\"required name=search_term_string\"}],\"inLanguage\":\"it-IT\"},{\"@type\":\"Person\",\"@id\":\"https:\/\/staging.varesenews.it\/#\/schema\/person\/efe592ae4c76536b551f89d8b6674bc3\",\"name\":\"Roberto Morandi\",\"image\":{\"@type\":\"ImageObject\",\"inLanguage\":\"it-IT\",\"@id\":\"https:\/\/staging.varesenews.it\/#\/schema\/person\/image\/\",\"url\":\"https:\/\/staging.varesenews.it\/wp-content\/uploads\/2020\/12\/roberto_morandi_colori_500.jpg\",\"contentUrl\":\"https:\/\/staging.varesenews.it\/wp-content\/uploads\/2020\/12\/roberto_morandi_colori_500.jpg\",\"caption\":\"Roberto Morandi\"},\"description\":\"Classe 1980, laureato in storia, mi occupo dell&rsquo;area di Gallarate e di Malpensa, di trasporti e mobilit&agrave;. Amo molto la dimensione della citt&agrave;, come luogo d&rsquo;incontro di persone diverse e come organismo che si trasforma costantemente. Mi piace anche raccontare le piccole e grandi vicende, anche locali, che compongono la Storia con la S maiuscola. Appassionato di bicicletta: la macchina perfetta per muoversi in citt&agrave; e per viaggiare.\",\"sameAs\":[\"https:\/\/twitter.com\/ilmorands\"],\"url\":\"https:\/\/staging.varesenews.it\/persona\/roberto-morandi1\/\"}]}<\/script>\n<!-- \/ Yoast SEO plugin. -->","yoast_head_json":{"title":"Fs potenzia i collegamenti a lunga distanza e i regionali","description":"Servizi a lunga percorrenza ancora molto limitati: venti corse al giorno in tutta Italia. I regionali quasi raddoppiati da luned\u00ec, esclusa la Lombardia che \u00e8 gestita da Trenord. Riempimento medio: 15% dei posti","robots":{"index":"noindex","follow":"follow","max-snippet":"max-snippet:-1","max-image-preview":"max-image-preview:large","max-video-preview":"max-video-preview:-1"},"og_locale":"it_IT","og_type":"article","og_title":"Fs potenzia i collegamenti a lunga distanza e i regionali","og_description":"Servizi a lunga percorrenza ancora molto limitati: venti corse al giorno in tutta Italia. I regionali quasi raddoppiati da luned\u00ec, esclusa la Lombardia che \u00e8 gestita da Trenord. Riempimento medio: 15% dei posti","og_url":"https:\/\/staging.varesenews.it\/2020\/05\/fs-potenzia-collegamenti-lunga-distanza-regionali\/925790\/","og_site_name":"VareseNews","article_publisher":"https:\/\/www.facebook.com\/varesenews","article_published_time":"2020-05-05T13:35:38+00:00","author":"Roberto Morandi","twitter_card":"summary_large_image","twitter_creator":"@ilmorands","twitter_site":"@varesenews","twitter_misc":{"Scritto da":"Roberto Morandi","Tempo di lettura stimato":"2 minuti"},"schema":{"@context":"https:\/\/schema.org","@graph":[{"@type":"WebPage","@id":"https:\/\/staging.varesenews.it\/2020\/05\/fs-potenzia-collegamenti-lunga-distanza-regionali\/925790\/","url":"https:\/\/staging.varesenews.it\/2020\/05\/fs-potenzia-collegamenti-lunga-distanza-regionali\/925790\/","name":"Fs potenzia i collegamenti a lunga distanza e i regionali","isPartOf":{"@id":"https:\/\/staging.varesenews.it\/#website"},"datePublished":"2020-05-05T13:35:38+00:00","dateModified":"2020-05-05T13:35:38+00:00","author":{"@id":"https:\/\/staging.varesenews.it\/#\/schema\/person\/efe592ae4c76536b551f89d8b6674bc3"},"description":"Servizi a lunga percorrenza ancora molto limitati: venti corse al giorno in tutta Italia. I regionali quasi raddoppiati da luned\u00ec, esclusa la Lombardia che \u00e8 gestita da Trenord. Riempimento medio: 15% dei posti","breadcrumb":{"@id":"https:\/\/staging.varesenews.it\/2020\/05\/fs-potenzia-collegamenti-lunga-distanza-regionali\/925790\/#breadcrumb"},"inLanguage":"it-IT","potentialAction":[{"@type":"ReadAction","target":["https:\/\/staging.varesenews.it\/2020\/05\/fs-potenzia-collegamenti-lunga-distanza-regionali\/925790\/"]}]},{"@type":"BreadcrumbList","@id":"https:\/\/staging.varesenews.it\/2020\/05\/fs-potenzia-collegamenti-lunga-distanza-regionali\/925790\/#breadcrumb","itemListElement":[{"@type":"ListItem","position":1,"name":"Home","item":"https:\/\/www.varesenews.it\/"},{"@type":"ListItem","position":2,"name":"Fs potenzia i collegamenti a lunga distanza e i regionali"}]},{"@type":"WebSite","@id":"https:\/\/staging.varesenews.it\/#website","url":"https:\/\/staging.varesenews.it\/","name":"VareseNews","description":"","potentialAction":[{"@type":"SearchAction","target":{"@type":"EntryPoint","urlTemplate":"https:\/\/staging.varesenews.it\/?s={search_term_string}"},"query-input":"required name=search_term_string"}],"inLanguage":"it-IT"},{"@type":"Person","@id":"https:\/\/staging.varesenews.it\/#\/schema\/person\/efe592ae4c76536b551f89d8b6674bc3","name":"Roberto Morandi","image":{"@type":"ImageObject","inLanguage":"it-IT","@id":"https:\/\/staging.varesenews.it\/#\/schema\/person\/image\/","url":"https:\/\/staging.varesenews.it\/wp-content\/uploads\/2020\/12\/roberto_morandi_colori_500.jpg","contentUrl":"https:\/\/staging.varesenews.it\/wp-content\/uploads\/2020\/12\/roberto_morandi_colori_500.jpg","caption":"Roberto Morandi"},"description":"Classe 1980, laureato in storia, mi occupo dell&rsquo;area di Gallarate e di Malpensa, di trasporti e mobilit&agrave;. Amo molto la dimensione della citt&agrave;, come luogo d&rsquo;incontro di persone diverse e come organismo che si trasforma costantemente. Mi piace anche raccontare le piccole e grandi vicende, anche locali, che compongono la Storia con la S maiuscola. Appassionato di bicicletta: la macchina perfetta per muoversi in citt&agrave; e per viaggiare.","sameAs":["https:\/\/twitter.com\/ilmorands"],"url":"https:\/\/staging.varesenews.it\/persona\/roberto-morandi1\/"}]}},"post_meta":{"_edit_lock":"1588686954:46","_edit_last":"46","_category_permalink":"a:1:{s:8:\"category\";s:0:\"\";}","_encloseme":"1","ratings_users":"0","ratings_score":"0","ratings_average":"0","foto":"775826","firma_come_redazione":"1","_yoast_wpseo_content_score":"30","_jd_tweet_this":"yes","_wpt_short_url":"https:\/\/www.varesenews.it\/2020\/05\/fs-potenzia-collegamenti-lunga-distanza-regionali\/925790\/","_wp_jd_target":"https:\/\/www.varesenews.it\/2020\/05\/fs-potenzia-collegamenti-lunga-distanza-regionali\/925790\/","_jd_wp_twitter":"a:1:{i:0;s:164:\"Fs potenzia i collegamenti a lunga distanza e i regionali https:\/\/www.varesenews.it\/2020\/05\/fs-potenzia-collegamenti-lunga-distanza-regionali\/925790\/ #Fs #trasporti\";}","_wpt_status_message":"Tweet inviato con successo."},"photos":[{"original":"https:\/\/staging.varesenews.it\/photogallery_new\/images\/2019\/12\/generico-2018-775826.jpg","full":"https:\/\/staging.varesenews.it\/photogallery_new\/images\/2019\/12\/generico-2018-775826.1024x768.jpg","large":"https:\/\/staging.varesenews.it\/photogallery_new\/images\/2019\/12\/generico-2018-775826.610x431.jpg"}],"_links":{"self":[{"href":"https:\/\/staging.varesenews.it\/swgapi\/v1\/wp\/v2\/posts\/925790"}],"collection":[{"href":"https:\/\/staging.varesenews.it\/swgapi\/v1\/wp\/v2\/posts"}],"about":[{"href":"https:\/\/staging.varesenews.it\/swgapi\/v1\/wp\/v2\/types\/post"}],"author":[{"embeddable":true,"href":"https:\/\/staging.varesenews.it\/swgapi\/v1\/wp\/v2\/users\/46"}],"replies":[{"embeddable":true,"href":"https:\/\/staging.varesenews.it\/swgapi\/v1\/wp\/v2\/comments?post=925790"}],"version-history":[{"count":0,"href":"https:\/\/staging.varesenews.it\/swgapi\/v1\/wp\/v2\/posts\/925790\/revisions"}],"wp:attachment":[{"href":"https:\/\/staging.varesenews.it\/swgapi\/v1\/wp\/v2\/media?parent=925790"}],"wp:term":[{"taxonomy":"category","embeddable":true,"href":"https:\/\/staging.varesenews.it\/swgapi\/v1\/wp\/v2\/categories?post=925790"},{"taxonomy":"post_tag","embeddable":true,"href":"https:\/\/staging.varesenews.it\/swgapi\/v1\/wp\/v2\/tags?post=925790"}],"curies":[{"name":"wp","href":"https:\/\/api.w.org\/{rel}","templated":true}]}}