{"id":92630,"date":"2012-03-30T00:00:00","date_gmt":"2012-03-30T00:00:00","guid":{"rendered":""},"modified":"2012-03-30T00:00:00","modified_gmt":"2012-03-30T00:00:00","slug":"nicoletti-siamo-sempre-piu-allibiti","status":"publish","type":"post","link":"https:\/\/staging.varesenews.it\/2012\/03\/nicoletti-siamo-sempre-piu-allibiti\/92630\/","title":{"rendered":"Nicoletti: &#8220;Siamo sempre pi\u00f9 allibiti&#8221;"},"content":{"rendered":"<p><img loading=\"lazy\" decoding=\"async\" width=\"267\" height=\"200\" vspace=\"5\" hspace=\"5\" border=\"1\" align=\"left\" alt=\"\" src=\"https:\/\/www3.varesenews.it\/immagini_articoli\/200606\/ml-nicoletti.jpg\" \/>&laquo;Prendiamo atto con <strong>vivo dispiacere che la politica varesina non abbia ancora compreso  <\/strong><strong>quanto sia necessario cambiare radicalmente il modo di amministrare<\/strong>. Se le cose non dovessero cambiare in fretta,  il Comune di Varese &egrave; destinato a sprofondare riversando tutti gli oneri, come l&rsquo;aumento sproporzionato della pressione fiscale locale sui suoi inermi concittadini&raquo;. &Egrave; questo il commento di <strong>Alessio Nicoletti, leader di Movimento Libero e Consigliere Comunale di Varese<\/strong>, al voto con cui il Consiglio Comunale di Varese, con solo 2 favorevoli, 3 astenuti e 19 contrari, ha respinto ieri sera la sua proposta di uscire dall&rsquo;associazione Varese Europea.<br \/>\n&laquo;Siamo allibiti &ndash; spiega Nicoletti &#8211; nel constatare che la<strong> volont&agrave; di uscire da Varese Europea<\/strong>, espressa pubblicamente da pi&ugrave; parti, non si sia concretizzata in sede istituzionale al momento del voto. Ognuno risponder&agrave; del proprio operato quando ci saranno le elezioni&raquo;. Secondo Nicoletti si tratta di &laquo;<strong>un&rsquo;altra occasione persa<\/strong>, per&ograve;, che ci conferma l&rsquo;incapacit&agrave; dell&rsquo;intera classe politica varesina di leggere il momento difficile che stiamo attraversando. <strong>Non si pu&ograve; continuare a chiedere sacrifici ai varesini e nel contempo non rinunciare a nulla<\/strong>. Niente dovrebbe essere intoccabile. Abbiamo chiesto di varare un piano di austerit&agrave; per salvare i nstri concittadini da un&rsquo;ondata di aumenti ,  che oggi risulterebbe insostenibile. La risposta della politica varesina? Il 30 Novembre 2011 ha bocciato in Consiglio Comunale la mozione con cui Movimento Libero chiedeva la riduzione delle indennit&agrave; di Sindaco. Assessori, consiglieri e nominati nelle partecipate, la riduzione delle consulenze esterne, in particolare degli incarichi di progettazione, e lo scioglimento di AVT Spa. Ieri, ha respinto la proposta di uscire da Varese Europea che, nel solo 2011, &egrave; costata circa 60.000 euro&raquo;.<\/p>\n","protected":false},"excerpt":{"rendered":"<p>Il leader di Movimento libero: \u00abLa volont\u00e0 di uscire da Varese Europea, espressa pubblicamente da pi\u00f9 parti, non si \u00e8 concretizzata in sede istituzionale al momento del voto\u00bb<\/p>\n","protected":false},"author":10,"featured_media":0,"comment_status":"open","ping_status":"open","sticky":false,"template":"","format":"standard","meta":{"footnotes":""},"categories":[16,2],"tags":[1190,1711],"acf":[],"yoast_head":"<!-- This site is optimized with the Yoast SEO plugin v20.1 - https:\/\/yoast.com\/wordpress\/plugins\/seo\/ -->\n<title>Nicoletti: &quot;Siamo sempre pi\u00f9 allibiti&quot;<\/title>\n<meta name=\"description\" content=\"Il leader di Movimento libero: \u00abLa volont\u00e0 di uscire da Varese Europea, espressa pubblicamente da pi\u00f9 parti, non si \u00e8 concretizzata in sede istituzionale al momento del voto\u00bb\" \/>\n<meta name=\"robots\" content=\"noindex, follow, max-snippet:-1, max-image-preview:large, max-video-preview:-1\" \/>\n<meta property=\"og:locale\" content=\"it_IT\" \/>\n<meta property=\"og:type\" content=\"article\" \/>\n<meta property=\"og:title\" content=\"Nicoletti: &quot;Siamo sempre pi\u00f9 allibiti&quot;\" \/>\n<meta property=\"og:description\" content=\"Il leader di Movimento libero: \u00abLa volont\u00e0 di uscire da Varese Europea, espressa pubblicamente da pi\u00f9 parti, non si \u00e8 concretizzata in sede istituzionale al momento del voto\u00bb\" \/>\n<meta property=\"og:url\" content=\"https:\/\/staging.varesenews.it\/2012\/03\/nicoletti-siamo-sempre-piu-allibiti\/92630\/\" \/>\n<meta property=\"og:site_name\" content=\"VareseNews\" \/>\n<meta property=\"article:publisher\" content=\"https:\/\/www.facebook.com\/varesenews\" \/>\n<meta property=\"article:published_time\" content=\"2012-03-30T00:00:00+00:00\" \/>\n<meta property=\"og:image\" content=\"https:\/\/www3.varesenews.it\/immagini_articoli\/200606\/ml-nicoletti.jpg\" \/>\n<meta name=\"author\" content=\"Redazione VareseNews\" \/>\n<meta name=\"twitter:card\" content=\"summary_large_image\" \/>\n<meta name=\"twitter:creator\" content=\"@varesenews\" \/>\n<meta name=\"twitter:site\" content=\"@varesenews\" \/>\n<meta name=\"twitter:label1\" content=\"Scritto da\" \/>\n\t<meta name=\"twitter:data1\" content=\"Redazione VareseNews\" \/>\n\t<meta name=\"twitter:label2\" content=\"Tempo di lettura stimato\" \/>\n\t<meta name=\"twitter:data2\" content=\"1 minuto\" \/>\n<script type=\"application\/ld+json\" class=\"yoast-schema-graph\">{\"@context\":\"https:\/\/schema.org\",\"@graph\":[{\"@type\":\"WebPage\",\"@id\":\"https:\/\/staging.varesenews.it\/2012\/03\/nicoletti-siamo-sempre-piu-allibiti\/92630\/\",\"url\":\"https:\/\/staging.varesenews.it\/2012\/03\/nicoletti-siamo-sempre-piu-allibiti\/92630\/\",\"name\":\"Nicoletti: \\\"Siamo sempre pi\u00f9 allibiti\\\"\",\"isPartOf\":{\"@id\":\"https:\/\/staging.varesenews.it\/#website\"},\"datePublished\":\"2012-03-30T00:00:00+00:00\",\"dateModified\":\"2012-03-30T00:00:00+00:00\",\"author\":{\"@id\":\"https:\/\/staging.varesenews.it\/#\/schema\/person\/fb20c4da0b7b16c291707a20db73e169\"},\"description\":\"Il leader di Movimento libero: \u00abLa volont\u00e0 di uscire da Varese Europea, espressa pubblicamente da pi\u00f9 parti, non si \u00e8 concretizzata in sede istituzionale al momento del voto\u00bb\",\"breadcrumb\":{\"@id\":\"https:\/\/staging.varesenews.it\/2012\/03\/nicoletti-siamo-sempre-piu-allibiti\/92630\/#breadcrumb\"},\"inLanguage\":\"it-IT\",\"potentialAction\":[{\"@type\":\"ReadAction\",\"target\":[\"https:\/\/staging.varesenews.it\/2012\/03\/nicoletti-siamo-sempre-piu-allibiti\/92630\/\"]}]},{\"@type\":\"BreadcrumbList\",\"@id\":\"https:\/\/staging.varesenews.it\/2012\/03\/nicoletti-siamo-sempre-piu-allibiti\/92630\/#breadcrumb\",\"itemListElement\":[{\"@type\":\"ListItem\",\"position\":1,\"name\":\"Home\",\"item\":\"https:\/\/www.varesenews.it\/\"},{\"@type\":\"ListItem\",\"position\":2,\"name\":\"Nicoletti: &#8220;Siamo sempre pi\u00f9 allibiti&#8221;\"}]},{\"@type\":\"WebSite\",\"@id\":\"https:\/\/staging.varesenews.it\/#website\",\"url\":\"https:\/\/staging.varesenews.it\/\",\"name\":\"VareseNews\",\"description\":\"\",\"potentialAction\":[{\"@type\":\"SearchAction\",\"target\":{\"@type\":\"EntryPoint\",\"urlTemplate\":\"https:\/\/staging.varesenews.it\/?s={search_term_string}\"},\"query-input\":\"required name=search_term_string\"}],\"inLanguage\":\"it-IT\"},{\"@type\":\"Person\",\"@id\":\"https:\/\/staging.varesenews.it\/#\/schema\/person\/fb20c4da0b7b16c291707a20db73e169\",\"name\":\"Redazione VareseNews\",\"image\":{\"@type\":\"ImageObject\",\"inLanguage\":\"it-IT\",\"@id\":\"https:\/\/staging.varesenews.it\/#\/schema\/person\/image\/\",\"url\":\"https:\/\/staging.varesenews.it\/wp-content\/uploads\/2020\/12\/logo_VN_colori_500.png\",\"contentUrl\":\"https:\/\/staging.varesenews.it\/wp-content\/uploads\/2020\/12\/logo_VN_colori_500.png\",\"caption\":\"Redazione VareseNews\"},\"url\":\"https:\/\/staging.varesenews.it\/persona\/redazione1\/\"}]}<\/script>\n<!-- \/ Yoast SEO plugin. -->","yoast_head_json":{"title":"Nicoletti: \"Siamo sempre pi\u00f9 allibiti\"","description":"Il leader di Movimento libero: \u00abLa volont\u00e0 di uscire da Varese Europea, espressa pubblicamente da pi\u00f9 parti, non si \u00e8 concretizzata in sede istituzionale al momento del voto\u00bb","robots":{"index":"noindex","follow":"follow","max-snippet":"max-snippet:-1","max-image-preview":"max-image-preview:large","max-video-preview":"max-video-preview:-1"},"og_locale":"it_IT","og_type":"article","og_title":"Nicoletti: \"Siamo sempre pi\u00f9 allibiti\"","og_description":"Il leader di Movimento libero: \u00abLa volont\u00e0 di uscire da Varese Europea, espressa pubblicamente da pi\u00f9 parti, non si \u00e8 concretizzata in sede istituzionale al momento del voto\u00bb","og_url":"https:\/\/staging.varesenews.it\/2012\/03\/nicoletti-siamo-sempre-piu-allibiti\/92630\/","og_site_name":"VareseNews","article_publisher":"https:\/\/www.facebook.com\/varesenews","article_published_time":"2012-03-30T00:00:00+00:00","og_image":[{"url":"https:\/\/www3.varesenews.it\/immagini_articoli\/200606\/ml-nicoletti.jpg"}],"author":"Redazione VareseNews","twitter_card":"summary_large_image","twitter_creator":"@varesenews","twitter_site":"@varesenews","twitter_misc":{"Scritto da":"Redazione VareseNews","Tempo di lettura stimato":"1 minuto"},"schema":{"@context":"https:\/\/schema.org","@graph":[{"@type":"WebPage","@id":"https:\/\/staging.varesenews.it\/2012\/03\/nicoletti-siamo-sempre-piu-allibiti\/92630\/","url":"https:\/\/staging.varesenews.it\/2012\/03\/nicoletti-siamo-sempre-piu-allibiti\/92630\/","name":"Nicoletti: \"Siamo sempre pi\u00f9 allibiti\"","isPartOf":{"@id":"https:\/\/staging.varesenews.it\/#website"},"datePublished":"2012-03-30T00:00:00+00:00","dateModified":"2012-03-30T00:00:00+00:00","author":{"@id":"https:\/\/staging.varesenews.it\/#\/schema\/person\/fb20c4da0b7b16c291707a20db73e169"},"description":"Il leader di Movimento libero: \u00abLa volont\u00e0 di uscire da Varese Europea, espressa pubblicamente da pi\u00f9 parti, non si \u00e8 concretizzata in sede istituzionale al momento del voto\u00bb","breadcrumb":{"@id":"https:\/\/staging.varesenews.it\/2012\/03\/nicoletti-siamo-sempre-piu-allibiti\/92630\/#breadcrumb"},"inLanguage":"it-IT","potentialAction":[{"@type":"ReadAction","target":["https:\/\/staging.varesenews.it\/2012\/03\/nicoletti-siamo-sempre-piu-allibiti\/92630\/"]}]},{"@type":"BreadcrumbList","@id":"https:\/\/staging.varesenews.it\/2012\/03\/nicoletti-siamo-sempre-piu-allibiti\/92630\/#breadcrumb","itemListElement":[{"@type":"ListItem","position":1,"name":"Home","item":"https:\/\/www.varesenews.it\/"},{"@type":"ListItem","position":2,"name":"Nicoletti: &#8220;Siamo sempre pi\u00f9 allibiti&#8221;"}]},{"@type":"WebSite","@id":"https:\/\/staging.varesenews.it\/#website","url":"https:\/\/staging.varesenews.it\/","name":"VareseNews","description":"","potentialAction":[{"@type":"SearchAction","target":{"@type":"EntryPoint","urlTemplate":"https:\/\/staging.varesenews.it\/?s={search_term_string}"},"query-input":"required name=search_term_string"}],"inLanguage":"it-IT"},{"@type":"Person","@id":"https:\/\/staging.varesenews.it\/#\/schema\/person\/fb20c4da0b7b16c291707a20db73e169","name":"Redazione VareseNews","image":{"@type":"ImageObject","inLanguage":"it-IT","@id":"https:\/\/staging.varesenews.it\/#\/schema\/person\/image\/","url":"https:\/\/staging.varesenews.it\/wp-content\/uploads\/2020\/12\/logo_VN_colori_500.png","contentUrl":"https:\/\/staging.varesenews.it\/wp-content\/uploads\/2020\/12\/logo_VN_colori_500.png","caption":"Redazione VareseNews"},"url":"https:\/\/staging.varesenews.it\/persona\/redazione1\/"}]}},"post_meta":{"id_old":"229947","argomento":"Varese"},"photos":[],"_links":{"self":[{"href":"https:\/\/staging.varesenews.it\/swgapi\/v1\/wp\/v2\/posts\/92630"}],"collection":[{"href":"https:\/\/staging.varesenews.it\/swgapi\/v1\/wp\/v2\/posts"}],"about":[{"href":"https:\/\/staging.varesenews.it\/swgapi\/v1\/wp\/v2\/types\/post"}],"author":[{"embeddable":true,"href":"https:\/\/staging.varesenews.it\/swgapi\/v1\/wp\/v2\/users\/10"}],"replies":[{"embeddable":true,"href":"https:\/\/staging.varesenews.it\/swgapi\/v1\/wp\/v2\/comments?post=92630"}],"version-history":[{"count":0,"href":"https:\/\/staging.varesenews.it\/swgapi\/v1\/wp\/v2\/posts\/92630\/revisions"}],"wp:attachment":[{"href":"https:\/\/staging.varesenews.it\/swgapi\/v1\/wp\/v2\/media?parent=92630"}],"wp:term":[{"taxonomy":"category","embeddable":true,"href":"https:\/\/staging.varesenews.it\/swgapi\/v1\/wp\/v2\/categories?post=92630"},{"taxonomy":"post_tag","embeddable":true,"href":"https:\/\/staging.varesenews.it\/swgapi\/v1\/wp\/v2\/tags?post=92630"}],"curies":[{"name":"wp","href":"https:\/\/api.w.org\/{rel}","templated":true}]}}