{"id":927398,"date":"2020-05-11T09:26:17","date_gmt":"2020-05-11T07:26:17","guid":{"rendered":"https:\/\/www.varesenews.it\/?p=927398"},"modified":"2020-05-11T10:10:14","modified_gmt":"2020-05-11T08:10:14","slug":"lite-piazza-arrestato","status":"publish","type":"post","link":"https:\/\/staging.varesenews.it\/2020\/05\/lite-piazza-arrestato\/927398\/","title":{"rendered":"Lite in piazza a Varese, arrestato"},"content":{"rendered":"<p>Nel pomeriggio di domenica, i carabinieri del Nucleo operativo e radiomobile della Compagnia di Varese hanno arrestato in flagranza di reato un 26enne disoccupato cittadino nigeriano, poich\u00e9 accusato reati di <strong>resistenza a pubblico ufficiale e rifiuto d\u2019indicazioni sulla propria identit\u00e0 personale.<\/strong><\/p>\n<p>In particolare i militari in seguito a una segnalazione telefonica al 112, sono intervenuti a Varese in Piazza Repubblica, dove il soggetto \u00e8 stato bloccato in seguito a una lite con dei connazionali.<\/p>\n<p>Alla richiesta di fornire le generalit\u00e0, <strong>il 26enne \u00e8 andato in escandescenza aggredendo i militari che a quel punto l&#8217;hanno ammanettato; nelle tasche \u00e8 stata trovata della marijuana.<\/strong><\/p>\n<p>L\u2019arrestato, espletate le formalit\u00e0 di rito, \u00e8 stato <strong>trattenuto nelle camere di sicurezza della Stazione Carabinieri di Varese in attesa dell\u2019udienza di convalida.<\/strong><\/p>\n","protected":false},"excerpt":{"rendered":"<p>L&#8217;uomo accusato di resistenza a pubblico ufficiale e rifiuto d\u2019indicazioni sulla propria identit\u00e0 personale<\/p>\n","protected":false},"author":34,"featured_media":0,"comment_status":"open","ping_status":"open","sticky":false,"template":"","format":"standard","meta":{"footnotes":""},"categories":[2],"tags":[229],"acf":[],"yoast_head":"<!-- This site is optimized with the Yoast SEO plugin v20.1 - https:\/\/yoast.com\/wordpress\/plugins\/seo\/ -->\n<title>Lite in piazza a Varese, arrestato<\/title>\n<meta name=\"description\" content=\"L&#039;uomo accusato di resistenza a pubblico ufficiale e rifiuto d\u2019indicazioni sulla propria identit\u00e0 personale\" \/>\n<meta name=\"robots\" content=\"noindex, follow, max-snippet:-1, max-image-preview:large, max-video-preview:-1\" \/>\n<meta property=\"og:locale\" content=\"it_IT\" \/>\n<meta property=\"og:type\" content=\"article\" \/>\n<meta property=\"og:title\" content=\"Lite in piazza a Varese, arrestato\" \/>\n<meta property=\"og:description\" content=\"L&#039;uomo accusato di resistenza a pubblico ufficiale e rifiuto d\u2019indicazioni sulla propria identit\u00e0 personale\" \/>\n<meta property=\"og:url\" content=\"https:\/\/staging.varesenews.it\/2020\/05\/lite-piazza-arrestato\/927398\/\" \/>\n<meta property=\"og:site_name\" content=\"VareseNews\" \/>\n<meta property=\"article:publisher\" content=\"https:\/\/www.facebook.com\/varesenews\" \/>\n<meta property=\"article:author\" content=\"https:\/\/www.facebook.com\/andrea.camurani?fref=photo\" \/>\n<meta property=\"article:published_time\" content=\"2020-05-11T07:26:17+00:00\" \/>\n<meta property=\"article:modified_time\" content=\"2020-05-11T08:10:14+00:00\" \/>\n<meta name=\"author\" content=\"Andrea Camurani\" \/>\n<meta name=\"twitter:card\" content=\"summary_large_image\" \/>\n<meta name=\"twitter:creator\" content=\"@AndreaCamurani\" \/>\n<meta name=\"twitter:site\" content=\"@varesenews\" \/>\n<meta name=\"twitter:label1\" content=\"Scritto da\" \/>\n\t<meta name=\"twitter:data1\" content=\"Andrea Camurani\" \/>\n\t<meta name=\"twitter:label2\" content=\"Tempo di lettura stimato\" \/>\n\t<meta name=\"twitter:data2\" content=\"1 minuto\" \/>\n<script type=\"application\/ld+json\" class=\"yoast-schema-graph\">{\"@context\":\"https:\/\/schema.org\",\"@graph\":[{\"@type\":\"WebPage\",\"@id\":\"https:\/\/staging.varesenews.it\/2020\/05\/lite-piazza-arrestato\/927398\/\",\"url\":\"https:\/\/staging.varesenews.it\/2020\/05\/lite-piazza-arrestato\/927398\/\",\"name\":\"Lite in piazza a Varese, arrestato\",\"isPartOf\":{\"@id\":\"https:\/\/staging.varesenews.it\/#website\"},\"datePublished\":\"2020-05-11T07:26:17+00:00\",\"dateModified\":\"2020-05-11T08:10:14+00:00\",\"author\":{\"@id\":\"https:\/\/staging.varesenews.it\/#\/schema\/person\/3eb5832c6beae763de8d9596fdbe8c49\"},\"description\":\"L'uomo accusato di resistenza a pubblico ufficiale e rifiuto d\u2019indicazioni sulla propria identit\u00e0 personale\",\"breadcrumb\":{\"@id\":\"https:\/\/staging.varesenews.it\/2020\/05\/lite-piazza-arrestato\/927398\/#breadcrumb\"},\"inLanguage\":\"it-IT\",\"potentialAction\":[{\"@type\":\"ReadAction\",\"target\":[\"https:\/\/staging.varesenews.it\/2020\/05\/lite-piazza-arrestato\/927398\/\"]}]},{\"@type\":\"BreadcrumbList\",\"@id\":\"https:\/\/staging.varesenews.it\/2020\/05\/lite-piazza-arrestato\/927398\/#breadcrumb\",\"itemListElement\":[{\"@type\":\"ListItem\",\"position\":1,\"name\":\"Home\",\"item\":\"https:\/\/www.varesenews.it\/\"},{\"@type\":\"ListItem\",\"position\":2,\"name\":\"Lite in piazza a Varese, arrestato\"}]},{\"@type\":\"WebSite\",\"@id\":\"https:\/\/staging.varesenews.it\/#website\",\"url\":\"https:\/\/staging.varesenews.it\/\",\"name\":\"VareseNews\",\"description\":\"\",\"potentialAction\":[{\"@type\":\"SearchAction\",\"target\":{\"@type\":\"EntryPoint\",\"urlTemplate\":\"https:\/\/staging.varesenews.it\/?s={search_term_string}\"},\"query-input\":\"required name=search_term_string\"}],\"inLanguage\":\"it-IT\"},{\"@type\":\"Person\",\"@id\":\"https:\/\/staging.varesenews.it\/#\/schema\/person\/3eb5832c6beae763de8d9596fdbe8c49\",\"name\":\"Andrea Camurani\",\"image\":{\"@type\":\"ImageObject\",\"inLanguage\":\"it-IT\",\"@id\":\"https:\/\/staging.varesenews.it\/#\/schema\/person\/image\/\",\"url\":\"https:\/\/staging.varesenews.it\/wp-content\/uploads\/2020\/12\/andrea_camurani_colori_500.jpg\",\"contentUrl\":\"https:\/\/staging.varesenews.it\/wp-content\/uploads\/2020\/12\/andrea_camurani_colori_500.jpg\",\"caption\":\"Andrea Camurani\"},\"description\":\"Sono figlio degli anni Settanta e di Milano, dove ho imparato a riconoscere buoni e cattivi. Laurea in scienze politiche, lavoro a VareseNews dal 2000. Racconto quel che trovo quando incontro chi vuole lasciare al mondo un pezzetto di vita, che si chiama cronaca. &ldquo;...perch&eacute; &egrave; la gente il pi&ugrave; grande spettacolo del mondo. E non si paga il biglietto...&rdquo; (Charles Bukowsky)\",\"sameAs\":[\"https:\/\/www.facebook.com\/andrea.camurani?fref=photo\",\"andreacamurani\",\"https:\/\/www.linkedin.com\/hp\/?dnr=A9a84RfzsLdo9xg4NcGV4dLiMknoc9ms4WM\",\"https:\/\/twitter.com\/AndreaCamurani\"],\"url\":\"https:\/\/staging.varesenews.it\/persona\/andrea_camurani\/\"}]}<\/script>\n<!-- \/ Yoast SEO plugin. -->","yoast_head_json":{"title":"Lite in piazza a Varese, arrestato","description":"L'uomo accusato di resistenza a pubblico ufficiale e rifiuto d\u2019indicazioni sulla propria identit\u00e0 personale","robots":{"index":"noindex","follow":"follow","max-snippet":"max-snippet:-1","max-image-preview":"max-image-preview:large","max-video-preview":"max-video-preview:-1"},"og_locale":"it_IT","og_type":"article","og_title":"Lite in piazza a Varese, arrestato","og_description":"L'uomo accusato di resistenza a pubblico ufficiale e rifiuto d\u2019indicazioni sulla propria identit\u00e0 personale","og_url":"https:\/\/staging.varesenews.it\/2020\/05\/lite-piazza-arrestato\/927398\/","og_site_name":"VareseNews","article_publisher":"https:\/\/www.facebook.com\/varesenews","article_author":"https:\/\/www.facebook.com\/andrea.camurani?fref=photo","article_published_time":"2020-05-11T07:26:17+00:00","article_modified_time":"2020-05-11T08:10:14+00:00","author":"Andrea Camurani","twitter_card":"summary_large_image","twitter_creator":"@AndreaCamurani","twitter_site":"@varesenews","twitter_misc":{"Scritto da":"Andrea Camurani","Tempo di lettura stimato":"1 minuto"},"schema":{"@context":"https:\/\/schema.org","@graph":[{"@type":"WebPage","@id":"https:\/\/staging.varesenews.it\/2020\/05\/lite-piazza-arrestato\/927398\/","url":"https:\/\/staging.varesenews.it\/2020\/05\/lite-piazza-arrestato\/927398\/","name":"Lite in piazza a Varese, arrestato","isPartOf":{"@id":"https:\/\/staging.varesenews.it\/#website"},"datePublished":"2020-05-11T07:26:17+00:00","dateModified":"2020-05-11T08:10:14+00:00","author":{"@id":"https:\/\/staging.varesenews.it\/#\/schema\/person\/3eb5832c6beae763de8d9596fdbe8c49"},"description":"L'uomo accusato di resistenza a pubblico ufficiale e rifiuto d\u2019indicazioni sulla propria identit\u00e0 personale","breadcrumb":{"@id":"https:\/\/staging.varesenews.it\/2020\/05\/lite-piazza-arrestato\/927398\/#breadcrumb"},"inLanguage":"it-IT","potentialAction":[{"@type":"ReadAction","target":["https:\/\/staging.varesenews.it\/2020\/05\/lite-piazza-arrestato\/927398\/"]}]},{"@type":"BreadcrumbList","@id":"https:\/\/staging.varesenews.it\/2020\/05\/lite-piazza-arrestato\/927398\/#breadcrumb","itemListElement":[{"@type":"ListItem","position":1,"name":"Home","item":"https:\/\/www.varesenews.it\/"},{"@type":"ListItem","position":2,"name":"Lite in piazza a Varese, arrestato"}]},{"@type":"WebSite","@id":"https:\/\/staging.varesenews.it\/#website","url":"https:\/\/staging.varesenews.it\/","name":"VareseNews","description":"","potentialAction":[{"@type":"SearchAction","target":{"@type":"EntryPoint","urlTemplate":"https:\/\/staging.varesenews.it\/?s={search_term_string}"},"query-input":"required name=search_term_string"}],"inLanguage":"it-IT"},{"@type":"Person","@id":"https:\/\/staging.varesenews.it\/#\/schema\/person\/3eb5832c6beae763de8d9596fdbe8c49","name":"Andrea Camurani","image":{"@type":"ImageObject","inLanguage":"it-IT","@id":"https:\/\/staging.varesenews.it\/#\/schema\/person\/image\/","url":"https:\/\/staging.varesenews.it\/wp-content\/uploads\/2020\/12\/andrea_camurani_colori_500.jpg","contentUrl":"https:\/\/staging.varesenews.it\/wp-content\/uploads\/2020\/12\/andrea_camurani_colori_500.jpg","caption":"Andrea Camurani"},"description":"Sono figlio degli anni Settanta e di Milano, dove ho imparato a riconoscere buoni e cattivi. Laurea in scienze politiche, lavoro a VareseNews dal 2000. Racconto quel che trovo quando incontro chi vuole lasciare al mondo un pezzetto di vita, che si chiama cronaca. &ldquo;...perch&eacute; &egrave; la gente il pi&ugrave; grande spettacolo del mondo. E non si paga il biglietto...&rdquo; (Charles Bukowsky)","sameAs":["https:\/\/www.facebook.com\/andrea.camurani?fref=photo","andreacamurani","https:\/\/www.linkedin.com\/hp\/?dnr=A9a84RfzsLdo9xg4NcGV4dLiMknoc9ms4WM","https:\/\/twitter.com\/AndreaCamurani"],"url":"https:\/\/staging.varesenews.it\/persona\/andrea_camurani\/"}]}},"post_meta":{"_edit_lock":"1589639753:45","_edit_last":"52","_category_permalink":"a:1:{s:8:\"category\";s:0:\"\";}","_encloseme":"1","ratings_users":"0","ratings_score":"0","ratings_average":"0","foto":"758869","firma_come_redazione":"1","argomento":"Varese","_yoast_wpseo_content_score":"30","_jd_tweet_this":"yes","_wpt_short_url":"https:\/\/www.varesenews.it\/2020\/05\/lite-piazza-arrestato\/927398\/","_wp_jd_target":"https:\/\/www.varesenews.it\/2020\/05\/lite-piazza-arrestato\/927398\/","_jd_wp_twitter":"a:1:{i:0;s:102:\"Lite in piazza, arrestato https:\/\/www.varesenews.it\/2020\/05\/lite-piazza-arrestato\/927398\/ #carabinieri\";}","_wpt_status_message":"Tweet inviato con successo."},"photos":[{"original":"https:\/\/staging.varesenews.it\/photogallery_new\/images\/2019\/09\/carabinieri-stazione-mobile-piazza-repubblica-varese-758869.jpg","full":"https:\/\/staging.varesenews.it\/photogallery_new\/images\/2019\/09\/carabinieri-stazione-mobile-piazza-repubblica-varese-758869.1024x768.jpg","large":"https:\/\/staging.varesenews.it\/photogallery_new\/images\/2019\/09\/carabinieri-stazione-mobile-piazza-repubblica-varese-758869.610x431.jpg"}],"_links":{"self":[{"href":"https:\/\/staging.varesenews.it\/swgapi\/v1\/wp\/v2\/posts\/927398"}],"collection":[{"href":"https:\/\/staging.varesenews.it\/swgapi\/v1\/wp\/v2\/posts"}],"about":[{"href":"https:\/\/staging.varesenews.it\/swgapi\/v1\/wp\/v2\/types\/post"}],"author":[{"embeddable":true,"href":"https:\/\/staging.varesenews.it\/swgapi\/v1\/wp\/v2\/users\/34"}],"replies":[{"embeddable":true,"href":"https:\/\/staging.varesenews.it\/swgapi\/v1\/wp\/v2\/comments?post=927398"}],"version-history":[{"count":0,"href":"https:\/\/staging.varesenews.it\/swgapi\/v1\/wp\/v2\/posts\/927398\/revisions"}],"wp:attachment":[{"href":"https:\/\/staging.varesenews.it\/swgapi\/v1\/wp\/v2\/media?parent=927398"}],"wp:term":[{"taxonomy":"category","embeddable":true,"href":"https:\/\/staging.varesenews.it\/swgapi\/v1\/wp\/v2\/categories?post=927398"},{"taxonomy":"post_tag","embeddable":true,"href":"https:\/\/staging.varesenews.it\/swgapi\/v1\/wp\/v2\/tags?post=927398"}],"curies":[{"name":"wp","href":"https:\/\/api.w.org\/{rel}","templated":true}]}}