{"id":927544,"date":"2020-05-11T15:43:16","date_gmt":"2020-05-11T13:43:16","guid":{"rendered":"https:\/\/www.varesenews.it\/?p=927544"},"modified":"2020-05-11T15:43:16","modified_gmt":"2020-05-11T13:43:16","slug":"primo-consiglio-videoconfererenza-olgiate-olona","status":"publish","type":"post","link":"https:\/\/staging.varesenews.it\/2020\/05\/primo-consiglio-videoconfererenza-olgiate-olona\/927544\/","title":{"rendered":"Primo consiglio in videoconfererenza per Olgiate Olona"},"content":{"rendered":"<p>\u00abAbbiamo convocato il nostro primo consiglio comunale online ed \u00e8 andata bene, l\u2019attivit\u00e0 istituzionale della nostra amministrazione non si \u00e8 mai fermata in questa triste fase di emergenza, anzi gli sforzi sono aumentati per essere vicini a tutta la comunit\u00e0\u00bb &#8211; cos\u00ec<strong> Giovanni Montano, sindaco di Olgiate Olona<\/strong>, ha commentato l&#8217;esperienza vissuta dal sindaco e dall&#8217;intero consiglio.<\/p>\n<p>Infatti l\u2019amministrazione ha spostato tutte le attivit\u00e0 online: giunte, consigli comunali e riunioni istituzionali si svolgono regolarmente in video-collegamento per rispettare le misure anti-contagio. \u00abIo e il segretario comunale eravamo gli unici all\u2019interno della sede Municipale, gli altri membri erano tutti collegati dalle proprie abitazioni. Abbiamo discusso del bilancio comunale \u2013 continua Montano \u2013 e, sebbene creda che le sedute in loco siano insostituibili, penso che questo sistema costituisca una valida alternativa, ci\u00f2 che manterremo anche nel dopo emergenza \u00e8 la trasmissione in streaming del consiglio\u00bb.<\/p>\n<p>Le attivit\u00e0 istituzionali online a Olgiate Olona sono rese possibili grazie alla <strong>piattaforma di videoconferenze<\/strong> che <strong>ASMEL<\/strong>, l\u2019Associazione per la Sussidiariet\u00e0 e la Modernizzazione degli Enti Locali, che conta oltre 3mila Comuni soci in tutta Italia, ha messo gratuitamente a disposizione di tutti gli enti locali della Penisola proprio per evitare la paralisi dei lavori dei Comuni, oggi pi\u00f9 che mai importanti.<\/p>\n<p>La rete degli associati ASMEL si \u00e8 adoperata in questa fase d\u2019emergenza per affiancare e supportare gli enti locali non solo con il servizio di videoconferenze, ma anche fornendo la possibilit\u00e0 di usufruire di guide operative per completare le procedure di attivazione dello smart-working, svolgere le gare d\u2019appalto attraverso lo strumento del seggio telematico e il servizio per la Card gratuita per l\u2019erogazione dei buoni spesa.<\/p>\n","protected":false},"excerpt":{"rendered":"<p>Anche il comune della Valle Olona guidato da Gianni Montano ha tenuto il suo primo consiglio utilizzando una piattaforma hangout per la videoconferenza<\/p>\n","protected":false},"author":47,"featured_media":0,"comment_status":"open","ping_status":"open","sticky":false,"template":"","format":"standard","meta":{"footnotes":""},"categories":[4,16],"tags":[91988,105855],"acf":[],"yoast_head":"<!-- This site is optimized with the Yoast SEO plugin v20.1 - https:\/\/yoast.com\/wordpress\/plugins\/seo\/ -->\n<title>Primo consiglio in videoconfererenza per Olgiate Olona<\/title>\n<meta name=\"description\" content=\"Anche il comune della Valle Olona guidato da Gianni Montano ha tenuto il suo primo consiglio utilizzando una piattaforma hangout per la videoconferenza\" \/>\n<meta name=\"robots\" content=\"noindex, follow, max-snippet:-1, max-image-preview:large, max-video-preview:-1\" \/>\n<meta property=\"og:locale\" content=\"it_IT\" \/>\n<meta property=\"og:type\" content=\"article\" \/>\n<meta property=\"og:title\" content=\"Primo consiglio in videoconfererenza per Olgiate Olona\" \/>\n<meta property=\"og:description\" content=\"Anche il comune della Valle Olona guidato da Gianni Montano ha tenuto il suo primo consiglio utilizzando una piattaforma hangout per la videoconferenza\" \/>\n<meta property=\"og:url\" content=\"https:\/\/staging.varesenews.it\/2020\/05\/primo-consiglio-videoconfererenza-olgiate-olona\/927544\/\" \/>\n<meta property=\"og:site_name\" content=\"VareseNews\" \/>\n<meta property=\"article:publisher\" content=\"https:\/\/www.facebook.com\/varesenews\" \/>\n<meta property=\"article:published_time\" content=\"2020-05-11T13:43:16+00:00\" \/>\n<meta name=\"author\" content=\"Orlando Mastrillo\" \/>\n<meta name=\"twitter:card\" content=\"summary_large_image\" \/>\n<meta name=\"twitter:creator\" content=\"@nando_mastrillo\" \/>\n<meta name=\"twitter:site\" content=\"@varesenews\" \/>\n<meta name=\"twitter:label1\" content=\"Scritto da\" \/>\n\t<meta name=\"twitter:data1\" content=\"Orlando Mastrillo\" \/>\n\t<meta name=\"twitter:label2\" content=\"Tempo di lettura stimato\" \/>\n\t<meta name=\"twitter:data2\" content=\"1 minuto\" \/>\n<script type=\"application\/ld+json\" class=\"yoast-schema-graph\">{\"@context\":\"https:\/\/schema.org\",\"@graph\":[{\"@type\":\"WebPage\",\"@id\":\"https:\/\/staging.varesenews.it\/2020\/05\/primo-consiglio-videoconfererenza-olgiate-olona\/927544\/\",\"url\":\"https:\/\/staging.varesenews.it\/2020\/05\/primo-consiglio-videoconfererenza-olgiate-olona\/927544\/\",\"name\":\"Primo consiglio in videoconfererenza per Olgiate Olona\",\"isPartOf\":{\"@id\":\"https:\/\/staging.varesenews.it\/#website\"},\"datePublished\":\"2020-05-11T13:43:16+00:00\",\"dateModified\":\"2020-05-11T13:43:16+00:00\",\"author\":{\"@id\":\"https:\/\/staging.varesenews.it\/#\/schema\/person\/14c47ccce537a9058dddce296f10b296\"},\"description\":\"Anche il comune della Valle Olona guidato da Gianni Montano ha tenuto il suo primo consiglio utilizzando una piattaforma hangout per la videoconferenza\",\"breadcrumb\":{\"@id\":\"https:\/\/staging.varesenews.it\/2020\/05\/primo-consiglio-videoconfererenza-olgiate-olona\/927544\/#breadcrumb\"},\"inLanguage\":\"it-IT\",\"potentialAction\":[{\"@type\":\"ReadAction\",\"target\":[\"https:\/\/staging.varesenews.it\/2020\/05\/primo-consiglio-videoconfererenza-olgiate-olona\/927544\/\"]}]},{\"@type\":\"BreadcrumbList\",\"@id\":\"https:\/\/staging.varesenews.it\/2020\/05\/primo-consiglio-videoconfererenza-olgiate-olona\/927544\/#breadcrumb\",\"itemListElement\":[{\"@type\":\"ListItem\",\"position\":1,\"name\":\"Home\",\"item\":\"https:\/\/www.varesenews.it\/\"},{\"@type\":\"ListItem\",\"position\":2,\"name\":\"Primo consiglio in videoconfererenza per Olgiate Olona\"}]},{\"@type\":\"WebSite\",\"@id\":\"https:\/\/staging.varesenews.it\/#website\",\"url\":\"https:\/\/staging.varesenews.it\/\",\"name\":\"VareseNews\",\"description\":\"\",\"potentialAction\":[{\"@type\":\"SearchAction\",\"target\":{\"@type\":\"EntryPoint\",\"urlTemplate\":\"https:\/\/staging.varesenews.it\/?s={search_term_string}\"},\"query-input\":\"required name=search_term_string\"}],\"inLanguage\":\"it-IT\"},{\"@type\":\"Person\",\"@id\":\"https:\/\/staging.varesenews.it\/#\/schema\/person\/14c47ccce537a9058dddce296f10b296\",\"name\":\"Orlando Mastrillo\",\"image\":{\"@type\":\"ImageObject\",\"inLanguage\":\"it-IT\",\"@id\":\"https:\/\/staging.varesenews.it\/#\/schema\/person\/image\/\",\"url\":\"https:\/\/staging.varesenews.it\/wp-content\/uploads\/2020\/12\/orlando_mastrillo_colori_500.jpg\",\"contentUrl\":\"https:\/\/staging.varesenews.it\/wp-content\/uploads\/2020\/12\/orlando_mastrillo_colori_500.jpg\",\"caption\":\"Orlando Mastrillo\"},\"description\":\"Nasco a Luino nel 1981, ho iniziato questo lavoro nell'estate del 2003 nella redazione de Il Giorno di Varese e dall'anno successivo ho intrapreso la collaborazione con VareseNews. Dopo anni nell'Alto Varesotto mi sono trasferito a Busto Arsizio nel 2007, territorio che ho iniziato a seguire e che seguo tutt'oggi. Nel 2013 sono diventato giornalista professionista. Mi occupo di cronaca politica, giudiziaria e nera in una vasta area che comprende anche parte della Valle Olona e il Legnanese. Sono sposato con Valeria Arini e ho due splendide figlie.\",\"sameAs\":[\"or_ma\",\"https:\/\/twitter.com\/nando_mastrillo\"],\"url\":\"https:\/\/staging.varesenews.it\/persona\/orlando-mastrillo1\/\"}]}<\/script>\n<!-- \/ Yoast SEO plugin. -->","yoast_head_json":{"title":"Primo consiglio in videoconfererenza per Olgiate Olona","description":"Anche il comune della Valle Olona guidato da Gianni Montano ha tenuto il suo primo consiglio utilizzando una piattaforma hangout per la videoconferenza","robots":{"index":"noindex","follow":"follow","max-snippet":"max-snippet:-1","max-image-preview":"max-image-preview:large","max-video-preview":"max-video-preview:-1"},"og_locale":"it_IT","og_type":"article","og_title":"Primo consiglio in videoconfererenza per Olgiate Olona","og_description":"Anche il comune della Valle Olona guidato da Gianni Montano ha tenuto il suo primo consiglio utilizzando una piattaforma hangout per la videoconferenza","og_url":"https:\/\/staging.varesenews.it\/2020\/05\/primo-consiglio-videoconfererenza-olgiate-olona\/927544\/","og_site_name":"VareseNews","article_publisher":"https:\/\/www.facebook.com\/varesenews","article_published_time":"2020-05-11T13:43:16+00:00","author":"Orlando Mastrillo","twitter_card":"summary_large_image","twitter_creator":"@nando_mastrillo","twitter_site":"@varesenews","twitter_misc":{"Scritto da":"Orlando Mastrillo","Tempo di lettura stimato":"1 minuto"},"schema":{"@context":"https:\/\/schema.org","@graph":[{"@type":"WebPage","@id":"https:\/\/staging.varesenews.it\/2020\/05\/primo-consiglio-videoconfererenza-olgiate-olona\/927544\/","url":"https:\/\/staging.varesenews.it\/2020\/05\/primo-consiglio-videoconfererenza-olgiate-olona\/927544\/","name":"Primo consiglio in videoconfererenza per Olgiate Olona","isPartOf":{"@id":"https:\/\/staging.varesenews.it\/#website"},"datePublished":"2020-05-11T13:43:16+00:00","dateModified":"2020-05-11T13:43:16+00:00","author":{"@id":"https:\/\/staging.varesenews.it\/#\/schema\/person\/14c47ccce537a9058dddce296f10b296"},"description":"Anche il comune della Valle Olona guidato da Gianni Montano ha tenuto il suo primo consiglio utilizzando una piattaforma hangout per la videoconferenza","breadcrumb":{"@id":"https:\/\/staging.varesenews.it\/2020\/05\/primo-consiglio-videoconfererenza-olgiate-olona\/927544\/#breadcrumb"},"inLanguage":"it-IT","potentialAction":[{"@type":"ReadAction","target":["https:\/\/staging.varesenews.it\/2020\/05\/primo-consiglio-videoconfererenza-olgiate-olona\/927544\/"]}]},{"@type":"BreadcrumbList","@id":"https:\/\/staging.varesenews.it\/2020\/05\/primo-consiglio-videoconfererenza-olgiate-olona\/927544\/#breadcrumb","itemListElement":[{"@type":"ListItem","position":1,"name":"Home","item":"https:\/\/www.varesenews.it\/"},{"@type":"ListItem","position":2,"name":"Primo consiglio in videoconfererenza per Olgiate Olona"}]},{"@type":"WebSite","@id":"https:\/\/staging.varesenews.it\/#website","url":"https:\/\/staging.varesenews.it\/","name":"VareseNews","description":"","potentialAction":[{"@type":"SearchAction","target":{"@type":"EntryPoint","urlTemplate":"https:\/\/staging.varesenews.it\/?s={search_term_string}"},"query-input":"required name=search_term_string"}],"inLanguage":"it-IT"},{"@type":"Person","@id":"https:\/\/staging.varesenews.it\/#\/schema\/person\/14c47ccce537a9058dddce296f10b296","name":"Orlando Mastrillo","image":{"@type":"ImageObject","inLanguage":"it-IT","@id":"https:\/\/staging.varesenews.it\/#\/schema\/person\/image\/","url":"https:\/\/staging.varesenews.it\/wp-content\/uploads\/2020\/12\/orlando_mastrillo_colori_500.jpg","contentUrl":"https:\/\/staging.varesenews.it\/wp-content\/uploads\/2020\/12\/orlando_mastrillo_colori_500.jpg","caption":"Orlando Mastrillo"},"description":"Nasco a Luino nel 1981, ho iniziato questo lavoro nell'estate del 2003 nella redazione de Il Giorno di Varese e dall'anno successivo ho intrapreso la collaborazione con VareseNews. Dopo anni nell'Alto Varesotto mi sono trasferito a Busto Arsizio nel 2007, territorio che ho iniziato a seguire e che seguo tutt'oggi. Nel 2013 sono diventato giornalista professionista. Mi occupo di cronaca politica, giudiziaria e nera in una vasta area che comprende anche parte della Valle Olona e il Legnanese. Sono sposato con Valeria Arini e ho due splendide figlie.","sameAs":["or_ma","https:\/\/twitter.com\/nando_mastrillo"],"url":"https:\/\/staging.varesenews.it\/persona\/orlando-mastrillo1\/"}]}},"post_meta":{"_edit_lock":"1589206684:47","_edit_last":"47","_category_permalink":"a:1:{s:8:\"category\";s:0:\"\";}","_encloseme":"1","ratings_users":"0","ratings_score":"0","ratings_average":"0","foto":"1149630","firma_come_redazione":"1","argomento":"Olgiate Olona","_yoast_wpseo_focuskw_text_input":"olgiate olona","_yoast_wpseo_focuskw":"olgiate olona","_yoast_wpseo_linkdex":"72","_yoast_wpseo_content_score":"30","_jd_tweet_this":"yes","_wpt_short_url":"https:\/\/www.varesenews.it\/2020\/05\/primo-consiglio-videoconfererenza-olgiate-olona\/927544\/","_wp_jd_target":"https:\/\/www.varesenews.it\/2020\/05\/primo-consiglio-videoconfererenza-olgiate-olona\/927544\/","_jd_wp_twitter":"a:1:{i:0;s:161:\"Primo consiglio in videoconfererenza per Olgiate Olona https:\/\/www.varesenews.it\/2020\/05\/primo-consiglio-videoconfererenza-olgiate-olona\/927544\/ #videoconferenza\";}","_wpt_status_message":"Tweet inviato con successo."},"photos":[{"original":"https:\/\/staging.varesenews.it\/photogallery_new\/images\/2020\/05\/gianni-montano-consiglio-comunale-olgiate-olona-videoconferenza-1149630.jpg","full":"https:\/\/staging.varesenews.it\/photogallery_new\/images\/2020\/05\/gianni-montano-consiglio-comunale-olgiate-olona-videoconferenza-1149630.1024x768.jpg","large":"https:\/\/staging.varesenews.it\/photogallery_new\/images\/2020\/05\/gianni-montano-consiglio-comunale-olgiate-olona-videoconferenza-1149630.610x431.jpg"}],"_links":{"self":[{"href":"https:\/\/staging.varesenews.it\/swgapi\/v1\/wp\/v2\/posts\/927544"}],"collection":[{"href":"https:\/\/staging.varesenews.it\/swgapi\/v1\/wp\/v2\/posts"}],"about":[{"href":"https:\/\/staging.varesenews.it\/swgapi\/v1\/wp\/v2\/types\/post"}],"author":[{"embeddable":true,"href":"https:\/\/staging.varesenews.it\/swgapi\/v1\/wp\/v2\/users\/47"}],"replies":[{"embeddable":true,"href":"https:\/\/staging.varesenews.it\/swgapi\/v1\/wp\/v2\/comments?post=927544"}],"version-history":[{"count":0,"href":"https:\/\/staging.varesenews.it\/swgapi\/v1\/wp\/v2\/posts\/927544\/revisions"}],"wp:attachment":[{"href":"https:\/\/staging.varesenews.it\/swgapi\/v1\/wp\/v2\/media?parent=927544"}],"wp:term":[{"taxonomy":"category","embeddable":true,"href":"https:\/\/staging.varesenews.it\/swgapi\/v1\/wp\/v2\/categories?post=927544"},{"taxonomy":"post_tag","embeddable":true,"href":"https:\/\/staging.varesenews.it\/swgapi\/v1\/wp\/v2\/tags?post=927544"}],"curies":[{"name":"wp","href":"https:\/\/api.w.org\/{rel}","templated":true}]}}