{"id":928813,"date":"2020-05-18T09:08:04","date_gmt":"2020-05-18T07:08:04","guid":{"rendered":"https:\/\/www.varesenews.it\/?p=928813"},"modified":"2020-05-18T09:17:36","modified_gmt":"2020-05-18T07:17:36","slug":"villa-cagnola-3-giugno-si-riparte","status":"publish","type":"post","link":"https:\/\/staging.varesenews.it\/2020\/05\/villa-cagnola-3-giugno-si-riparte\/928813\/","title":{"rendered":"Villa Cagnola, il 3 giugno si riparte"},"content":{"rendered":"<p>\u00c8 un luogo di accoglienza, in cui cultura e spiritualit\u00e0 si fondano. Villa Cagnola, a Gazzada Schianno, \u00e8 molto pi\u00f9 di un albergo, di un ristorante, di un centro congressi: \u00e8 il cuore pulsante di una provincia che si apre al mondo.<\/p>\n<p>L&#8217;emergenza coronavirus ha fermato tutte le attivit\u00e0, compresa quella della bella struttura situata nella parte alta del paese. Ma ora che si sta pensando alla riapertura degli alberghi, anche a Villa Cagnola ci si prepara alla Fase 2, con tutte le precauzioni del caso: <strong>riaprir\u00e0 mercoled\u00ec 3 giugno<\/strong>, ma solo il &#8220;comparto&#8221; <strong>camere e ristorazione <\/strong>(le stanze, tra singole, doppie e suite, sono una settantina).<\/p>\n<p style=\"font-weight: 400;\">Gli ambienti prima dell\u2019apertura, poi quotidianamente, verranno sanificati ed igienizzati, secondo un protocollo interno rigoroso, spiegano i responsabili della gestione della struttura, in modo da garantire agli ospiti ambienti salubri e un soggiorno in sicurezza. L\u2019accesso verr\u00e0 regolato da un tornello con termoscanner, di modo da evitare assembramenti.<\/p>\n<h3><strong>Il parco<\/strong><\/h3>\n<p>Villa Cagnola si affaccia su un <strong>parco<\/strong> e gode di una splendida vista panoramica sul lago di Varese e l\u2019arco prealpino e alpino.\u00a0 Il parco fu risistemato dal Carlo Cagnola che cre\u00f2 le aiuole del giardino all\u2019italiana e lo impost\u00f2 alla maniera dei grandi parchi romantici.\u00a0In sintonia con la moda del XIX secolo che favor\u00ec l&#8217;introduzione di specie esotiche, anche in questa villa \u00e8 possibile ammirare esemplari arborei monumentali e maestosi.<\/p>\n<p><strong>L&#8217;accesso al parco<\/strong>, che solitamente \u00e8 consentito anche agli esterni, <strong>per il momento sar\u00e0 permesso soltanto agli ospiti<\/strong>: potr\u00e0 visitarlo e passeggiarci solo\u00a0 chi soggiorna in Villa oppure si ferma al ristorante o al bar.<\/p>\n<h3>La collezione d&#8217;arte<\/h3>\n<p style=\"font-weight: 400;\"><b>Ancora chiusa al pubblico,<\/b><span style=\"font-weight: 400;\">\u00a0anche, la <strong>Collezione d\u2019Arte<\/strong>. La Collezione\u00a0contiene una delle pi\u00f9 belle raccolte private di dipinti su tela e su tavola di pittori toscani e veneti del Trecento e Quattrocento e lombardi del Quattro e Cinquecento. Comprende anche una delle pi\u00f9 ricche e complete raccolte di ceramiche: maioliche e porcellane europee ed orientali, che spazia dall&#8217;inizio del Trecento alla fine dell\u2019Ottocento. Notevoli sono anche i numerosi arazzi fiamminghi e francesi, i preziosi mobili antichi, le placchette in bronzo e le sculture. <strong>Ma le visite sono rimandate alla fase 3<\/strong>.<\/span><\/p>\n<p style=\"font-weight: 400;\">\u00abNel periodo di chiusura, per accompagnare fuori casa i nostri clienti, almeno con lo sguardo e l\u2019immaginazione, abbiamo <strong>installato una webcam<\/strong> con vista Monte Rosa e lago di Varese\u00bb, dicono ancora i responsabili. Perch\u00e9, alla fine, niente pu\u00f2 fermare la bellezza.<\/p>\n<p>&nbsp;<\/p>\n<div class=\"responsive-video\"><iframe loading=\"lazy\" width=\"500\" height=\"281\" src=\"https:\/\/www.youtube.com\/embed\/2x5GUw9wJm4?feature=oembed\" frameborder=\"0\" allow=\"accelerometer; autoplay; encrypted-media; gyroscope; picture-in-picture\" allowfullscreen><\/iframe><\/div>\n","protected":false},"excerpt":{"rendered":"<p>Si comincia dal comparto camere e ristorazione: l&#8217;accesso verr\u00e0 regolato da un tornello con termoscanner. Parco aperto soltanto per gli ospiti. La collezione d&#8217;Arte resta, per ora, chiusa <\/p>\n","protected":false},"author":49,"featured_media":0,"comment_status":"open","ping_status":"open","sticky":false,"template":"","format":"standard","meta":{"footnotes":""},"categories":[2],"tags":[376,1118],"acf":[],"yoast_head":"<!-- This site is optimized with the Yoast SEO plugin v20.1 - https:\/\/yoast.com\/wordpress\/plugins\/seo\/ -->\n<title>Villa Cagnola, il 3 giugno si riparte<\/title>\n<meta name=\"description\" content=\"Si comincia dal comparto camere e ristorazione: l&#039;accesso verr\u00e0 regolato da un tornello con termoscanner. Parco aperto soltanto per gli ospiti. La collezione d&#039;Arte resta, per ora, chiusa\" \/>\n<meta name=\"robots\" content=\"noindex, follow, max-snippet:-1, max-image-preview:large, max-video-preview:-1\" \/>\n<meta property=\"og:locale\" content=\"it_IT\" \/>\n<meta property=\"og:type\" content=\"article\" \/>\n<meta property=\"og:title\" content=\"Villa Cagnola, il 3 giugno si riparte\" \/>\n<meta property=\"og:description\" content=\"Si comincia dal comparto camere e ristorazione: l&#039;accesso verr\u00e0 regolato da un tornello con termoscanner. Parco aperto soltanto per gli ospiti. La collezione d&#039;Arte resta, per ora, chiusa\" \/>\n<meta property=\"og:url\" content=\"https:\/\/staging.varesenews.it\/2020\/05\/villa-cagnola-3-giugno-si-riparte\/928813\/\" \/>\n<meta property=\"og:site_name\" content=\"VareseNews\" \/>\n<meta property=\"article:publisher\" content=\"https:\/\/www.facebook.com\/varesenews\" \/>\n<meta property=\"article:author\" content=\"https:\/\/www.facebook.com\/roberta.bertolini.9\" \/>\n<meta property=\"article:published_time\" content=\"2020-05-18T07:08:04+00:00\" \/>\n<meta property=\"article:modified_time\" content=\"2020-05-18T07:17:36+00:00\" \/>\n<meta name=\"author\" content=\"Roberta Bertolini\" \/>\n<meta name=\"twitter:card\" content=\"summary_large_image\" \/>\n<meta name=\"twitter:creator\" content=\"@robybertolini\" \/>\n<meta name=\"twitter:site\" content=\"@varesenews\" \/>\n<meta name=\"twitter:label1\" content=\"Scritto da\" \/>\n\t<meta name=\"twitter:data1\" content=\"Roberta Bertolini\" \/>\n\t<meta name=\"twitter:label2\" content=\"Tempo di lettura stimato\" \/>\n\t<meta name=\"twitter:data2\" content=\"2 minuti\" \/>\n<script type=\"application\/ld+json\" class=\"yoast-schema-graph\">{\"@context\":\"https:\/\/schema.org\",\"@graph\":[{\"@type\":\"WebPage\",\"@id\":\"https:\/\/staging.varesenews.it\/2020\/05\/villa-cagnola-3-giugno-si-riparte\/928813\/\",\"url\":\"https:\/\/staging.varesenews.it\/2020\/05\/villa-cagnola-3-giugno-si-riparte\/928813\/\",\"name\":\"Villa Cagnola, il 3 giugno si riparte\",\"isPartOf\":{\"@id\":\"https:\/\/staging.varesenews.it\/#website\"},\"datePublished\":\"2020-05-18T07:08:04+00:00\",\"dateModified\":\"2020-05-18T07:17:36+00:00\",\"author\":{\"@id\":\"https:\/\/staging.varesenews.it\/#\/schema\/person\/58fbd3e567d5c00f0a64d5137fef3e68\"},\"description\":\"Si comincia dal comparto camere e ristorazione: l'accesso verr\u00e0 regolato da un tornello con termoscanner. Parco aperto soltanto per gli ospiti. La collezione d'Arte resta, per ora, chiusa\",\"breadcrumb\":{\"@id\":\"https:\/\/staging.varesenews.it\/2020\/05\/villa-cagnola-3-giugno-si-riparte\/928813\/#breadcrumb\"},\"inLanguage\":\"it-IT\",\"potentialAction\":[{\"@type\":\"ReadAction\",\"target\":[\"https:\/\/staging.varesenews.it\/2020\/05\/villa-cagnola-3-giugno-si-riparte\/928813\/\"]}]},{\"@type\":\"BreadcrumbList\",\"@id\":\"https:\/\/staging.varesenews.it\/2020\/05\/villa-cagnola-3-giugno-si-riparte\/928813\/#breadcrumb\",\"itemListElement\":[{\"@type\":\"ListItem\",\"position\":1,\"name\":\"Home\",\"item\":\"https:\/\/www.varesenews.it\/\"},{\"@type\":\"ListItem\",\"position\":2,\"name\":\"Villa Cagnola, il 3 giugno si riparte\"}]},{\"@type\":\"WebSite\",\"@id\":\"https:\/\/staging.varesenews.it\/#website\",\"url\":\"https:\/\/staging.varesenews.it\/\",\"name\":\"VareseNews\",\"description\":\"\",\"potentialAction\":[{\"@type\":\"SearchAction\",\"target\":{\"@type\":\"EntryPoint\",\"urlTemplate\":\"https:\/\/staging.varesenews.it\/?s={search_term_string}\"},\"query-input\":\"required name=search_term_string\"}],\"inLanguage\":\"it-IT\"},{\"@type\":\"Person\",\"@id\":\"https:\/\/staging.varesenews.it\/#\/schema\/person\/58fbd3e567d5c00f0a64d5137fef3e68\",\"name\":\"Roberta Bertolini\",\"image\":{\"@type\":\"ImageObject\",\"inLanguage\":\"it-IT\",\"@id\":\"https:\/\/staging.varesenews.it\/#\/schema\/person\/image\/\",\"url\":\"https:\/\/staging.varesenews.it\/wp-content\/uploads\/2020\/12\/roberta_bertolini_colori_500.jpg\",\"contentUrl\":\"https:\/\/staging.varesenews.it\/wp-content\/uploads\/2020\/12\/roberta_bertolini_colori_500.jpg\",\"caption\":\"Roberta Bertolini\"},\"description\":\"Giornalista professionista dal 1991, sono passata, ormai molti anni fa, dalla carta al web. Oggi mi occupo di cronaca locale e guardo con curiosit&agrave; ed attenzione il mondo dei social. Parlo poco, ascolto molto.\",\"sameAs\":[\"https:\/\/www.facebook.com\/roberta.bertolini.9\",\"bettabertolini\",\"https:\/\/www.linkedin.com\/hp\/?dnr=v9e-Gp7a6_oxqTuQyZA0Lf4aEi4t91g6wMH\",\"https:\/\/twitter.com\/robybertolini\"],\"url\":\"https:\/\/staging.varesenews.it\/persona\/roberta-bertolini1\/\"}]}<\/script>\n<!-- \/ Yoast SEO plugin. -->","yoast_head_json":{"title":"Villa Cagnola, il 3 giugno si riparte","description":"Si comincia dal comparto camere e ristorazione: l'accesso verr\u00e0 regolato da un tornello con termoscanner. Parco aperto soltanto per gli ospiti. La collezione d'Arte resta, per ora, chiusa","robots":{"index":"noindex","follow":"follow","max-snippet":"max-snippet:-1","max-image-preview":"max-image-preview:large","max-video-preview":"max-video-preview:-1"},"og_locale":"it_IT","og_type":"article","og_title":"Villa Cagnola, il 3 giugno si riparte","og_description":"Si comincia dal comparto camere e ristorazione: l'accesso verr\u00e0 regolato da un tornello con termoscanner. Parco aperto soltanto per gli ospiti. La collezione d'Arte resta, per ora, chiusa","og_url":"https:\/\/staging.varesenews.it\/2020\/05\/villa-cagnola-3-giugno-si-riparte\/928813\/","og_site_name":"VareseNews","article_publisher":"https:\/\/www.facebook.com\/varesenews","article_author":"https:\/\/www.facebook.com\/roberta.bertolini.9","article_published_time":"2020-05-18T07:08:04+00:00","article_modified_time":"2020-05-18T07:17:36+00:00","author":"Roberta Bertolini","twitter_card":"summary_large_image","twitter_creator":"@robybertolini","twitter_site":"@varesenews","twitter_misc":{"Scritto da":"Roberta Bertolini","Tempo di lettura stimato":"2 minuti"},"schema":{"@context":"https:\/\/schema.org","@graph":[{"@type":"WebPage","@id":"https:\/\/staging.varesenews.it\/2020\/05\/villa-cagnola-3-giugno-si-riparte\/928813\/","url":"https:\/\/staging.varesenews.it\/2020\/05\/villa-cagnola-3-giugno-si-riparte\/928813\/","name":"Villa Cagnola, il 3 giugno si riparte","isPartOf":{"@id":"https:\/\/staging.varesenews.it\/#website"},"datePublished":"2020-05-18T07:08:04+00:00","dateModified":"2020-05-18T07:17:36+00:00","author":{"@id":"https:\/\/staging.varesenews.it\/#\/schema\/person\/58fbd3e567d5c00f0a64d5137fef3e68"},"description":"Si comincia dal comparto camere e ristorazione: l'accesso verr\u00e0 regolato da un tornello con termoscanner. Parco aperto soltanto per gli ospiti. La collezione d'Arte resta, per ora, chiusa","breadcrumb":{"@id":"https:\/\/staging.varesenews.it\/2020\/05\/villa-cagnola-3-giugno-si-riparte\/928813\/#breadcrumb"},"inLanguage":"it-IT","potentialAction":[{"@type":"ReadAction","target":["https:\/\/staging.varesenews.it\/2020\/05\/villa-cagnola-3-giugno-si-riparte\/928813\/"]}]},{"@type":"BreadcrumbList","@id":"https:\/\/staging.varesenews.it\/2020\/05\/villa-cagnola-3-giugno-si-riparte\/928813\/#breadcrumb","itemListElement":[{"@type":"ListItem","position":1,"name":"Home","item":"https:\/\/www.varesenews.it\/"},{"@type":"ListItem","position":2,"name":"Villa Cagnola, il 3 giugno si riparte"}]},{"@type":"WebSite","@id":"https:\/\/staging.varesenews.it\/#website","url":"https:\/\/staging.varesenews.it\/","name":"VareseNews","description":"","potentialAction":[{"@type":"SearchAction","target":{"@type":"EntryPoint","urlTemplate":"https:\/\/staging.varesenews.it\/?s={search_term_string}"},"query-input":"required name=search_term_string"}],"inLanguage":"it-IT"},{"@type":"Person","@id":"https:\/\/staging.varesenews.it\/#\/schema\/person\/58fbd3e567d5c00f0a64d5137fef3e68","name":"Roberta Bertolini","image":{"@type":"ImageObject","inLanguage":"it-IT","@id":"https:\/\/staging.varesenews.it\/#\/schema\/person\/image\/","url":"https:\/\/staging.varesenews.it\/wp-content\/uploads\/2020\/12\/roberta_bertolini_colori_500.jpg","contentUrl":"https:\/\/staging.varesenews.it\/wp-content\/uploads\/2020\/12\/roberta_bertolini_colori_500.jpg","caption":"Roberta Bertolini"},"description":"Giornalista professionista dal 1991, sono passata, ormai molti anni fa, dalla carta al web. Oggi mi occupo di cronaca locale e guardo con curiosit&agrave; ed attenzione il mondo dei social. Parlo poco, ascolto molto.","sameAs":["https:\/\/www.facebook.com\/roberta.bertolini.9","bettabertolini","https:\/\/www.linkedin.com\/hp\/?dnr=v9e-Gp7a6_oxqTuQyZA0Lf4aEi4t91g6wMH","https:\/\/twitter.com\/robybertolini"],"url":"https:\/\/staging.varesenews.it\/persona\/roberta-bertolini1\/"}]}},"post_meta":{"_edit_lock":"1589793307:49","_edit_last":"49","_oembed_4b5f1f9489fbc498874d684347a18fea":"<iframe width=\"500\" height=\"281\" src=\"https:\/\/www.youtube.com\/embed\/2x5GUw9wJm4?feature=oembed\" frameborder=\"0\" allow=\"accelerometer; autoplay; encrypted-media; gyroscope; picture-in-picture\" allowfullscreen><\/iframe>","_oembed_time_4b5f1f9489fbc498874d684347a18fea":"1589785698","_category_permalink":"a:1:{s:8:\"category\";s:0:\"\";}","_yoast_wpseo_content_score":"30","_jd_tweet_this":"yes","_encloseme":"1","ratings_users":"0","ratings_score":"0","ratings_average":"0","foto":"1150778","firma_come_redazione":"1","argomento":"Gazzada Schianno","_wpt_short_url":"https:\/\/www.varesenews.it\/2020\/05\/villa-cagnola-3-giugno-si-riparte\/928813\/","_wp_jd_target":"https:\/\/www.varesenews.it\/2020\/05\/villa-cagnola-3-giugno-si-riparte\/928813\/","_jd_wp_twitter":"a:1:{i:0;s:144:\"Villa Cagnola, il 3 giugno si riparte https:\/\/www.varesenews.it\/2020\/05\/villa-cagnola-3-giugno-si-riparte\/928813\/ #gazzadaschianno #villacagnola\";}","_wpt_status_message":"Tweet inviato con successo.","id_link_fotogallery":"929531"},"photos":[{"original":"https:\/\/staging.varesenews.it\/photogallery_new\/images\/2020\/05\/villa-cagnola-1150778.jpg","full":"https:\/\/staging.varesenews.it\/photogallery_new\/images\/2020\/05\/villa-cagnola-1150778.1024x768.jpg","large":"https:\/\/staging.varesenews.it\/photogallery_new\/images\/2020\/05\/villa-cagnola-1150778.610x431.jpg"}],"_links":{"self":[{"href":"https:\/\/staging.varesenews.it\/swgapi\/v1\/wp\/v2\/posts\/928813"}],"collection":[{"href":"https:\/\/staging.varesenews.it\/swgapi\/v1\/wp\/v2\/posts"}],"about":[{"href":"https:\/\/staging.varesenews.it\/swgapi\/v1\/wp\/v2\/types\/post"}],"author":[{"embeddable":true,"href":"https:\/\/staging.varesenews.it\/swgapi\/v1\/wp\/v2\/users\/49"}],"replies":[{"embeddable":true,"href":"https:\/\/staging.varesenews.it\/swgapi\/v1\/wp\/v2\/comments?post=928813"}],"version-history":[{"count":0,"href":"https:\/\/staging.varesenews.it\/swgapi\/v1\/wp\/v2\/posts\/928813\/revisions"}],"wp:attachment":[{"href":"https:\/\/staging.varesenews.it\/swgapi\/v1\/wp\/v2\/media?parent=928813"}],"wp:term":[{"taxonomy":"category","embeddable":true,"href":"https:\/\/staging.varesenews.it\/swgapi\/v1\/wp\/v2\/categories?post=928813"},{"taxonomy":"post_tag","embeddable":true,"href":"https:\/\/staging.varesenews.it\/swgapi\/v1\/wp\/v2\/tags?post=928813"}],"curies":[{"name":"wp","href":"https:\/\/api.w.org\/{rel}","templated":true}]}}