{"id":929085,"date":"2020-05-16T18:58:06","date_gmt":"2020-05-16T16:58:06","guid":{"rendered":"https:\/\/www.varesenews.it\/?p=929085"},"modified":"2020-05-16T19:39:10","modified_gmt":"2020-05-16T17:39:10","slug":"maniglio-lamico-vita","status":"publish","type":"post","link":"https:\/\/staging.varesenews.it\/2020\/05\/maniglio-lamico-vita\/929085\/","title":{"rendered":"Maniglio, l&#8217;amico di una vita"},"content":{"rendered":"<p>Qual \u00e8 la canzone pi\u00f9 rappresentativa degli <strong>Anni Sessanta?<\/strong> Se non sbaglio avevamo stabilito <strong>Azzurro<\/strong> di Celentano, davanti al <strong>Cielo in una stanza<\/strong> di Paoli. E il film? Il Mucchio selvaggio, senza storie. Un film sull&#8217;amicizia. E poi <strong>Il Sorpasso<\/strong>, per gli italiani. E adesso tocca a me solo dire il ricordo pi\u00f9 bello di quegli anni, di quando <strong>avevamo sedici anni<\/strong>. Ti propongo i nostri bluejeans bianchi. Tua l&#8217;idea, dopo aver visto Steve Mc Queen nella Grande fuga. Eravamo gli unici a portarli. (<a href=\"http:\/\/nuovopensierieparole.blogspot.com\/2013\/09\/auguri-maniglio.html\"><strong>foto di Carlo Zanzi, da sinistra Maniglio Botti e Fiorenzo Croci<\/strong>)<\/a><\/p>\n<p><strong>Ci prendevano per fratelli,<\/strong> ci scambiavano l&#8217;uno per l&#8217;altro, e dopo qualche anno pi\u00f9 volte a me \u00e8 capitato che qualcuno mi presentasse come il Botti della Prealpina. Eravamo molto amici, certo, e adesso ripensandoci direi che in qualche modo avevamo messo su una fabbrica dell&#8217;amicizia.<br \/>\nAl <a href=\"https:\/\/www.varesenews.it\/sguardi-quotidiani\/quelli-del-cantoreggio\/\"><strong>Cantoreggio<\/strong><\/a> lo eravamo tutti, quelli della foto storica il giorno prima della tua partenza per il militare (noi due, Duilio, Elio, Edoardo, Paolo e Peppo, che pure come te partiva per il militare), e quelli del quartiere, ragazzi pi\u00f9 piccoli e pi\u00f9 grandi di noi, con i quali c&#8217;era qualcosa aldil\u00e0 dell&#8217;appartenenza e della condivisione di storie comuni. Non ci rendevamo conto, l&#8217;abbiamo scoperto pi\u00f9 tardi, di vivere un dopoguerra di pace, regalatoci dal sacrificio e dalla sofferenza dei nostri padri. Poi, da adulti, abbiamo fatto strade diverse, conosciuto altra gente, ed \u00e8 capitato che i tuoi nuovi amici sono diventati anche miei, e i miei amici anche tuoi. Ti ricordi quanto parlare d&#8217;amicizia nelle notti di maggio, dopo le nostre razzie di rose nei giardini?<br \/>\n<strong>Ciao Mani <\/strong><\/p>\n<p>Florens<\/p>\n","protected":false},"excerpt":{"rendered":"<p>Il ricordo di Fiorenzo Croci del Cavedio che insieme a Maniglio Botti ha condiviso gran parte della sua vita<\/p>\n","protected":false},"author":45,"featured_media":0,"comment_status":"open","ping_status":"open","sticky":false,"template":"","format":"standard","meta":{"footnotes":""},"categories":[2],"tags":[102723,158],"acf":[],"yoast_head":"<!-- This site is optimized with the Yoast SEO plugin v20.1 - https:\/\/yoast.com\/wordpress\/plugins\/seo\/ -->\n<title>Maniglio, l&#039;amico di una vita<\/title>\n<meta name=\"description\" content=\"Il ricordo di Fiorenzo Croci del Cavedio che insieme a Maniglio Botti ha condiviso gran parte della sua vita\" \/>\n<meta name=\"robots\" content=\"noindex, follow, max-snippet:-1, max-image-preview:large, max-video-preview:-1\" \/>\n<meta property=\"og:locale\" content=\"it_IT\" \/>\n<meta property=\"og:type\" content=\"article\" \/>\n<meta property=\"og:title\" content=\"Maniglio, l&#039;amico di una vita\" \/>\n<meta property=\"og:description\" content=\"Il ricordo di Fiorenzo Croci del Cavedio che insieme a Maniglio Botti ha condiviso gran parte della sua vita\" \/>\n<meta property=\"og:url\" content=\"https:\/\/staging.varesenews.it\/2020\/05\/maniglio-lamico-vita\/929085\/\" \/>\n<meta property=\"og:site_name\" content=\"VareseNews\" \/>\n<meta property=\"article:publisher\" content=\"https:\/\/www.facebook.com\/varesenews\" \/>\n<meta property=\"article:author\" content=\"https:\/\/www.facebook.com\/michele.mancino.5\" \/>\n<meta property=\"article:published_time\" content=\"2020-05-16T16:58:06+00:00\" \/>\n<meta property=\"article:modified_time\" content=\"2020-05-16T17:39:10+00:00\" \/>\n<meta name=\"author\" content=\"Michele Mancino\" \/>\n<meta name=\"twitter:card\" content=\"summary_large_image\" \/>\n<meta name=\"twitter:creator\" content=\"@micmancio\" \/>\n<meta name=\"twitter:site\" content=\"@varesenews\" \/>\n<meta name=\"twitter:label1\" content=\"Scritto da\" \/>\n\t<meta name=\"twitter:data1\" content=\"Michele Mancino\" \/>\n\t<meta name=\"twitter:label2\" content=\"Tempo di lettura stimato\" \/>\n\t<meta name=\"twitter:data2\" content=\"1 minuto\" \/>\n<script type=\"application\/ld+json\" class=\"yoast-schema-graph\">{\"@context\":\"https:\/\/schema.org\",\"@graph\":[{\"@type\":\"WebPage\",\"@id\":\"https:\/\/staging.varesenews.it\/2020\/05\/maniglio-lamico-vita\/929085\/\",\"url\":\"https:\/\/staging.varesenews.it\/2020\/05\/maniglio-lamico-vita\/929085\/\",\"name\":\"Maniglio, l'amico di una vita\",\"isPartOf\":{\"@id\":\"https:\/\/staging.varesenews.it\/#website\"},\"datePublished\":\"2020-05-16T16:58:06+00:00\",\"dateModified\":\"2020-05-16T17:39:10+00:00\",\"author\":{\"@id\":\"https:\/\/staging.varesenews.it\/#\/schema\/person\/308b491d3cb680ead199e5ff6c6ce540\"},\"description\":\"Il ricordo di Fiorenzo Croci del Cavedio che insieme a Maniglio Botti ha condiviso gran parte della sua vita\",\"breadcrumb\":{\"@id\":\"https:\/\/staging.varesenews.it\/2020\/05\/maniglio-lamico-vita\/929085\/#breadcrumb\"},\"inLanguage\":\"it-IT\",\"potentialAction\":[{\"@type\":\"ReadAction\",\"target\":[\"https:\/\/staging.varesenews.it\/2020\/05\/maniglio-lamico-vita\/929085\/\"]}]},{\"@type\":\"BreadcrumbList\",\"@id\":\"https:\/\/staging.varesenews.it\/2020\/05\/maniglio-lamico-vita\/929085\/#breadcrumb\",\"itemListElement\":[{\"@type\":\"ListItem\",\"position\":1,\"name\":\"Home\",\"item\":\"https:\/\/www.varesenews.it\/\"},{\"@type\":\"ListItem\",\"position\":2,\"name\":\"Maniglio, l&#8217;amico di una vita\"}]},{\"@type\":\"WebSite\",\"@id\":\"https:\/\/staging.varesenews.it\/#website\",\"url\":\"https:\/\/staging.varesenews.it\/\",\"name\":\"VareseNews\",\"description\":\"\",\"potentialAction\":[{\"@type\":\"SearchAction\",\"target\":{\"@type\":\"EntryPoint\",\"urlTemplate\":\"https:\/\/staging.varesenews.it\/?s={search_term_string}\"},\"query-input\":\"required name=search_term_string\"}],\"inLanguage\":\"it-IT\"},{\"@type\":\"Person\",\"@id\":\"https:\/\/staging.varesenews.it\/#\/schema\/person\/308b491d3cb680ead199e5ff6c6ce540\",\"name\":\"Michele Mancino\",\"image\":{\"@type\":\"ImageObject\",\"inLanguage\":\"it-IT\",\"@id\":\"https:\/\/staging.varesenews.it\/#\/schema\/person\/image\/\",\"url\":\"https:\/\/staging.varesenews.it\/wp-content\/uploads\/2020\/12\/michele_mancino_colori_500.jpg\",\"contentUrl\":\"https:\/\/staging.varesenews.it\/wp-content\/uploads\/2020\/12\/michele_mancino_colori_500.jpg\",\"caption\":\"Michele Mancino\"},\"description\":\"Sono a VareseNews da prima che nascesse. Ho inserito le prime notizie in una stringa di codice html, la lingua di internet. Aprivo i computer, cambiavo schede di rete e portavo i server dal provider. A met&agrave; degli anni &rsquo;90 il giornalista online doveva saper fare anche questo. Ho vissuto gli anni drammatici della bolla speculativa di Internet e quelli entusiastici della crescita, anni in cui VareseNews era un Davide in mezzo a tanti Golia. Poi sono arrivati i social, le nuove piattaforme e soprattutto gli smartphone, una postazione di lavoro racchiusa in una mano. Una nuova rivoluzione. Insomma, &egrave; stata, ed &egrave; ancora, un&rsquo;avventura entusiasmante perch&eacute; mi insegna giorno dopo giorno che il cambiamento &egrave; l&rsquo;unica certezza di questa fragile esistenza.\",\"sameAs\":[\"https:\/\/www.facebook.com\/michele.mancino.5\",\"micmancio\",\"Aggiorna le impostazioni del tuo profilo pubblicoit.linkedin.com\/pub\/michele-mancino\/28\/b71\/890\/it\",\"https:\/\/twitter.com\/micmancio\"],\"url\":\"https:\/\/staging.varesenews.it\/persona\/michele_mancino\/\"}]}<\/script>\n<!-- \/ Yoast SEO plugin. -->","yoast_head_json":{"title":"Maniglio, l'amico di una vita","description":"Il ricordo di Fiorenzo Croci del Cavedio che insieme a Maniglio Botti ha condiviso gran parte della sua vita","robots":{"index":"noindex","follow":"follow","max-snippet":"max-snippet:-1","max-image-preview":"max-image-preview:large","max-video-preview":"max-video-preview:-1"},"og_locale":"it_IT","og_type":"article","og_title":"Maniglio, l'amico di una vita","og_description":"Il ricordo di Fiorenzo Croci del Cavedio che insieme a Maniglio Botti ha condiviso gran parte della sua vita","og_url":"https:\/\/staging.varesenews.it\/2020\/05\/maniglio-lamico-vita\/929085\/","og_site_name":"VareseNews","article_publisher":"https:\/\/www.facebook.com\/varesenews","article_author":"https:\/\/www.facebook.com\/michele.mancino.5","article_published_time":"2020-05-16T16:58:06+00:00","article_modified_time":"2020-05-16T17:39:10+00:00","author":"Michele Mancino","twitter_card":"summary_large_image","twitter_creator":"@micmancio","twitter_site":"@varesenews","twitter_misc":{"Scritto da":"Michele Mancino","Tempo di lettura stimato":"1 minuto"},"schema":{"@context":"https:\/\/schema.org","@graph":[{"@type":"WebPage","@id":"https:\/\/staging.varesenews.it\/2020\/05\/maniglio-lamico-vita\/929085\/","url":"https:\/\/staging.varesenews.it\/2020\/05\/maniglio-lamico-vita\/929085\/","name":"Maniglio, l'amico di una vita","isPartOf":{"@id":"https:\/\/staging.varesenews.it\/#website"},"datePublished":"2020-05-16T16:58:06+00:00","dateModified":"2020-05-16T17:39:10+00:00","author":{"@id":"https:\/\/staging.varesenews.it\/#\/schema\/person\/308b491d3cb680ead199e5ff6c6ce540"},"description":"Il ricordo di Fiorenzo Croci del Cavedio che insieme a Maniglio Botti ha condiviso gran parte della sua vita","breadcrumb":{"@id":"https:\/\/staging.varesenews.it\/2020\/05\/maniglio-lamico-vita\/929085\/#breadcrumb"},"inLanguage":"it-IT","potentialAction":[{"@type":"ReadAction","target":["https:\/\/staging.varesenews.it\/2020\/05\/maniglio-lamico-vita\/929085\/"]}]},{"@type":"BreadcrumbList","@id":"https:\/\/staging.varesenews.it\/2020\/05\/maniglio-lamico-vita\/929085\/#breadcrumb","itemListElement":[{"@type":"ListItem","position":1,"name":"Home","item":"https:\/\/www.varesenews.it\/"},{"@type":"ListItem","position":2,"name":"Maniglio, l&#8217;amico di una vita"}]},{"@type":"WebSite","@id":"https:\/\/staging.varesenews.it\/#website","url":"https:\/\/staging.varesenews.it\/","name":"VareseNews","description":"","potentialAction":[{"@type":"SearchAction","target":{"@type":"EntryPoint","urlTemplate":"https:\/\/staging.varesenews.it\/?s={search_term_string}"},"query-input":"required name=search_term_string"}],"inLanguage":"it-IT"},{"@type":"Person","@id":"https:\/\/staging.varesenews.it\/#\/schema\/person\/308b491d3cb680ead199e5ff6c6ce540","name":"Michele Mancino","image":{"@type":"ImageObject","inLanguage":"it-IT","@id":"https:\/\/staging.varesenews.it\/#\/schema\/person\/image\/","url":"https:\/\/staging.varesenews.it\/wp-content\/uploads\/2020\/12\/michele_mancino_colori_500.jpg","contentUrl":"https:\/\/staging.varesenews.it\/wp-content\/uploads\/2020\/12\/michele_mancino_colori_500.jpg","caption":"Michele Mancino"},"description":"Sono a VareseNews da prima che nascesse. Ho inserito le prime notizie in una stringa di codice html, la lingua di internet. Aprivo i computer, cambiavo schede di rete e portavo i server dal provider. A met&agrave; degli anni &rsquo;90 il giornalista online doveva saper fare anche questo. Ho vissuto gli anni drammatici della bolla speculativa di Internet e quelli entusiastici della crescita, anni in cui VareseNews era un Davide in mezzo a tanti Golia. Poi sono arrivati i social, le nuove piattaforme e soprattutto gli smartphone, una postazione di lavoro racchiusa in una mano. Una nuova rivoluzione. Insomma, &egrave; stata, ed &egrave; ancora, un&rsquo;avventura entusiasmante perch&eacute; mi insegna giorno dopo giorno che il cambiamento &egrave; l&rsquo;unica certezza di questa fragile esistenza.","sameAs":["https:\/\/www.facebook.com\/michele.mancino.5","micmancio","Aggiorna le impostazioni del tuo profilo pubblicoit.linkedin.com\/pub\/michele-mancino\/28\/b71\/890\/it","https:\/\/twitter.com\/micmancio"],"url":"https:\/\/staging.varesenews.it\/persona\/michele_mancino\/"}]}},"post_meta":{"_edit_lock":"1593325923:45","_edit_last":"45","_category_permalink":"a:1:{s:8:\"category\";s:1:\"2\";}","_encloseme":"1","ratings_users":"0","ratings_score":"0","ratings_average":"0","foto":"1150540","firma-personalizzata":"Fiorenzo Croci","argomento":"Il ricordo","_yoast_wpseo_content_score":"30","_jd_tweet_this":"yes","_wpt_short_url":"https:\/\/www.varesenews.it\/2020\/05\/maniglio-lamico-vita\/929085\/","_wp_jd_target":"https:\/\/www.varesenews.it\/2020\/05\/maniglio-lamico-vita\/929085\/","_jd_wp_twitter":"a:1:{i:0;s:95:\"Maniglio, l\u2019amico di una vita https:\/\/www.varesenews.it\/2020\/05\/maniglio-lamico-vita\/929085\/ \";}","_wpt_status_message":"Tweet inviato con successo."},"photos":[{"original":"https:\/\/staging.varesenews.it\/photogallery_new\/images\/2020\/05\/generico-2018-1150540.jpg","full":"https:\/\/staging.varesenews.it\/photogallery_new\/images\/2020\/05\/generico-2018-1150540.1024x768.jpg","large":"https:\/\/staging.varesenews.it\/photogallery_new\/images\/2020\/05\/generico-2018-1150540.610x431.jpg"}],"_links":{"self":[{"href":"https:\/\/staging.varesenews.it\/swgapi\/v1\/wp\/v2\/posts\/929085"}],"collection":[{"href":"https:\/\/staging.varesenews.it\/swgapi\/v1\/wp\/v2\/posts"}],"about":[{"href":"https:\/\/staging.varesenews.it\/swgapi\/v1\/wp\/v2\/types\/post"}],"author":[{"embeddable":true,"href":"https:\/\/staging.varesenews.it\/swgapi\/v1\/wp\/v2\/users\/45"}],"replies":[{"embeddable":true,"href":"https:\/\/staging.varesenews.it\/swgapi\/v1\/wp\/v2\/comments?post=929085"}],"version-history":[{"count":0,"href":"https:\/\/staging.varesenews.it\/swgapi\/v1\/wp\/v2\/posts\/929085\/revisions"}],"wp:attachment":[{"href":"https:\/\/staging.varesenews.it\/swgapi\/v1\/wp\/v2\/media?parent=929085"}],"wp:term":[{"taxonomy":"category","embeddable":true,"href":"https:\/\/staging.varesenews.it\/swgapi\/v1\/wp\/v2\/categories?post=929085"},{"taxonomy":"post_tag","embeddable":true,"href":"https:\/\/staging.varesenews.it\/swgapi\/v1\/wp\/v2\/tags?post=929085"}],"curies":[{"name":"wp","href":"https:\/\/api.w.org\/{rel}","templated":true}]}}