{"id":929237,"date":"2020-05-16T12:07:38","date_gmt":"2020-05-16T10:07:38","guid":{"rendered":"https:\/\/www.varesenews.it\/?p=929237"},"modified":"2020-05-16T12:40:44","modified_gmt":"2020-05-16T10:40:44","slug":"dal-3-giugno-consentiti-spostamenti-lestero","status":"publish","type":"post","link":"https:\/\/staging.varesenews.it\/2020\/05\/dal-3-giugno-consentiti-spostamenti-lestero\/929237\/","title":{"rendered":"Dal 3 giugno consentiti spostamenti da e per l&#8217;estero"},"content":{"rendered":"<p>\u00abDal 3 giugno non solo saranno consentiti gli spostamenti motivati fuori Regione ma saranno consentiti anche i movimenti da e per l&#8217;estero, osservando sempre i protocolli per contrastare il contagio da coronavirus\u00bb lo dichiara il senatore del <strong>Partito Democratico, Alessandro Alfieri<\/strong>.<strong>\u00a0<\/strong><\/p>\n<p>\u00abAnche a seguito delle richieste dei sindaci del territorio, in queste settimane ho lavorato intensamente sul tema &#8211; dice il senatore del Pd -. Il risultato ottenuto \u00e8 una buona notizia per tante famiglie che vivevano da mesi separate dal confine Italo svizzero e per l&#8217;economia di frontiera, duramente colpita dal lockdown. Senza abbassare la guardia, perch\u00e9 rimarranno i controlli sanitari, questa riapertura \u00e8 un altro passo verso la normalit\u00e0\u00bb.<\/p>\n","protected":false},"excerpt":{"rendered":"<p>Alfieri (PD): \u00abIl risultato ottenuto \u00e8 una buona notizia per tante famiglie che vivevano da mesi separate dal confine Italo svizzero e per l&#8217;economia di frontiera\u00bb<\/p>\n","protected":false},"author":45,"featured_media":0,"comment_status":"open","ping_status":"open","sticky":false,"template":"","format":"standard","meta":{"footnotes":""},"categories":[8,9,17],"tags":[104526,672,3632],"acf":[],"yoast_head":"<!-- This site is optimized with the Yoast SEO plugin v20.1 - https:\/\/yoast.com\/wordpress\/plugins\/seo\/ -->\n<title>Dal 3 giugno consentiti spostamenti da e per l&#039;estero<\/title>\n<meta name=\"description\" content=\"Alfieri (PD): \u00abIl risultato ottenuto \u00e8 una buona notizia per tante famiglie che vivevano da mesi separate dal confine Italo svizzero e per l&#039;economia di frontiera\u00bb\" \/>\n<meta name=\"robots\" content=\"noindex, follow, max-snippet:-1, max-image-preview:large, max-video-preview:-1\" \/>\n<meta property=\"og:locale\" content=\"it_IT\" \/>\n<meta property=\"og:type\" content=\"article\" \/>\n<meta property=\"og:title\" content=\"Dal 3 giugno consentiti spostamenti da e per l&#039;estero\" \/>\n<meta property=\"og:description\" content=\"Alfieri (PD): \u00abIl risultato ottenuto \u00e8 una buona notizia per tante famiglie che vivevano da mesi separate dal confine Italo svizzero e per l&#039;economia di frontiera\u00bb\" \/>\n<meta property=\"og:url\" content=\"https:\/\/staging.varesenews.it\/2020\/05\/dal-3-giugno-consentiti-spostamenti-lestero\/929237\/\" \/>\n<meta property=\"og:site_name\" content=\"VareseNews\" \/>\n<meta property=\"article:publisher\" content=\"https:\/\/www.facebook.com\/varesenews\" \/>\n<meta property=\"article:author\" content=\"https:\/\/www.facebook.com\/michele.mancino.5\" \/>\n<meta property=\"article:published_time\" content=\"2020-05-16T10:07:38+00:00\" \/>\n<meta property=\"article:modified_time\" content=\"2020-05-16T10:40:44+00:00\" \/>\n<meta name=\"author\" content=\"Michele Mancino\" \/>\n<meta name=\"twitter:card\" content=\"summary_large_image\" \/>\n<meta name=\"twitter:creator\" content=\"@micmancio\" \/>\n<meta name=\"twitter:site\" content=\"@varesenews\" \/>\n<meta name=\"twitter:label1\" content=\"Scritto da\" \/>\n\t<meta name=\"twitter:data1\" content=\"Michele Mancino\" \/>\n\t<meta name=\"twitter:label2\" content=\"Tempo di lettura stimato\" \/>\n\t<meta name=\"twitter:data2\" content=\"1 minuto\" \/>\n<script type=\"application\/ld+json\" class=\"yoast-schema-graph\">{\"@context\":\"https:\/\/schema.org\",\"@graph\":[{\"@type\":\"WebPage\",\"@id\":\"https:\/\/staging.varesenews.it\/2020\/05\/dal-3-giugno-consentiti-spostamenti-lestero\/929237\/\",\"url\":\"https:\/\/staging.varesenews.it\/2020\/05\/dal-3-giugno-consentiti-spostamenti-lestero\/929237\/\",\"name\":\"Dal 3 giugno consentiti spostamenti da e per l'estero\",\"isPartOf\":{\"@id\":\"https:\/\/staging.varesenews.it\/#website\"},\"datePublished\":\"2020-05-16T10:07:38+00:00\",\"dateModified\":\"2020-05-16T10:40:44+00:00\",\"author\":{\"@id\":\"https:\/\/staging.varesenews.it\/#\/schema\/person\/308b491d3cb680ead199e5ff6c6ce540\"},\"description\":\"Alfieri (PD): \u00abIl risultato ottenuto \u00e8 una buona notizia per tante famiglie che vivevano da mesi separate dal confine Italo svizzero e per l'economia di frontiera\u00bb\",\"breadcrumb\":{\"@id\":\"https:\/\/staging.varesenews.it\/2020\/05\/dal-3-giugno-consentiti-spostamenti-lestero\/929237\/#breadcrumb\"},\"inLanguage\":\"it-IT\",\"potentialAction\":[{\"@type\":\"ReadAction\",\"target\":[\"https:\/\/staging.varesenews.it\/2020\/05\/dal-3-giugno-consentiti-spostamenti-lestero\/929237\/\"]}]},{\"@type\":\"BreadcrumbList\",\"@id\":\"https:\/\/staging.varesenews.it\/2020\/05\/dal-3-giugno-consentiti-spostamenti-lestero\/929237\/#breadcrumb\",\"itemListElement\":[{\"@type\":\"ListItem\",\"position\":1,\"name\":\"Home\",\"item\":\"https:\/\/www.varesenews.it\/\"},{\"@type\":\"ListItem\",\"position\":2,\"name\":\"Dal 3 giugno consentiti spostamenti da e per l&#8217;estero\"}]},{\"@type\":\"WebSite\",\"@id\":\"https:\/\/staging.varesenews.it\/#website\",\"url\":\"https:\/\/staging.varesenews.it\/\",\"name\":\"VareseNews\",\"description\":\"\",\"potentialAction\":[{\"@type\":\"SearchAction\",\"target\":{\"@type\":\"EntryPoint\",\"urlTemplate\":\"https:\/\/staging.varesenews.it\/?s={search_term_string}\"},\"query-input\":\"required name=search_term_string\"}],\"inLanguage\":\"it-IT\"},{\"@type\":\"Person\",\"@id\":\"https:\/\/staging.varesenews.it\/#\/schema\/person\/308b491d3cb680ead199e5ff6c6ce540\",\"name\":\"Michele Mancino\",\"image\":{\"@type\":\"ImageObject\",\"inLanguage\":\"it-IT\",\"@id\":\"https:\/\/staging.varesenews.it\/#\/schema\/person\/image\/\",\"url\":\"https:\/\/staging.varesenews.it\/wp-content\/uploads\/2020\/12\/michele_mancino_colori_500.jpg\",\"contentUrl\":\"https:\/\/staging.varesenews.it\/wp-content\/uploads\/2020\/12\/michele_mancino_colori_500.jpg\",\"caption\":\"Michele Mancino\"},\"description\":\"Sono a VareseNews da prima che nascesse. Ho inserito le prime notizie in una stringa di codice html, la lingua di internet. Aprivo i computer, cambiavo schede di rete e portavo i server dal provider. A met&agrave; degli anni &rsquo;90 il giornalista online doveva saper fare anche questo. Ho vissuto gli anni drammatici della bolla speculativa di Internet e quelli entusiastici della crescita, anni in cui VareseNews era un Davide in mezzo a tanti Golia. Poi sono arrivati i social, le nuove piattaforme e soprattutto gli smartphone, una postazione di lavoro racchiusa in una mano. Una nuova rivoluzione. Insomma, &egrave; stata, ed &egrave; ancora, un&rsquo;avventura entusiasmante perch&eacute; mi insegna giorno dopo giorno che il cambiamento &egrave; l&rsquo;unica certezza di questa fragile esistenza.\",\"sameAs\":[\"https:\/\/www.facebook.com\/michele.mancino.5\",\"micmancio\",\"Aggiorna le impostazioni del tuo profilo pubblicoit.linkedin.com\/pub\/michele-mancino\/28\/b71\/890\/it\",\"https:\/\/twitter.com\/micmancio\"],\"url\":\"https:\/\/staging.varesenews.it\/persona\/michele_mancino\/\"}]}<\/script>\n<!-- \/ Yoast SEO plugin. -->","yoast_head_json":{"title":"Dal 3 giugno consentiti spostamenti da e per l'estero","description":"Alfieri (PD): \u00abIl risultato ottenuto \u00e8 una buona notizia per tante famiglie che vivevano da mesi separate dal confine Italo svizzero e per l'economia di frontiera\u00bb","robots":{"index":"noindex","follow":"follow","max-snippet":"max-snippet:-1","max-image-preview":"max-image-preview:large","max-video-preview":"max-video-preview:-1"},"og_locale":"it_IT","og_type":"article","og_title":"Dal 3 giugno consentiti spostamenti da e per l'estero","og_description":"Alfieri (PD): \u00abIl risultato ottenuto \u00e8 una buona notizia per tante famiglie che vivevano da mesi separate dal confine Italo svizzero e per l'economia di frontiera\u00bb","og_url":"https:\/\/staging.varesenews.it\/2020\/05\/dal-3-giugno-consentiti-spostamenti-lestero\/929237\/","og_site_name":"VareseNews","article_publisher":"https:\/\/www.facebook.com\/varesenews","article_author":"https:\/\/www.facebook.com\/michele.mancino.5","article_published_time":"2020-05-16T10:07:38+00:00","article_modified_time":"2020-05-16T10:40:44+00:00","author":"Michele Mancino","twitter_card":"summary_large_image","twitter_creator":"@micmancio","twitter_site":"@varesenews","twitter_misc":{"Scritto da":"Michele Mancino","Tempo di lettura stimato":"1 minuto"},"schema":{"@context":"https:\/\/schema.org","@graph":[{"@type":"WebPage","@id":"https:\/\/staging.varesenews.it\/2020\/05\/dal-3-giugno-consentiti-spostamenti-lestero\/929237\/","url":"https:\/\/staging.varesenews.it\/2020\/05\/dal-3-giugno-consentiti-spostamenti-lestero\/929237\/","name":"Dal 3 giugno consentiti spostamenti da e per l'estero","isPartOf":{"@id":"https:\/\/staging.varesenews.it\/#website"},"datePublished":"2020-05-16T10:07:38+00:00","dateModified":"2020-05-16T10:40:44+00:00","author":{"@id":"https:\/\/staging.varesenews.it\/#\/schema\/person\/308b491d3cb680ead199e5ff6c6ce540"},"description":"Alfieri (PD): \u00abIl risultato ottenuto \u00e8 una buona notizia per tante famiglie che vivevano da mesi separate dal confine Italo svizzero e per l'economia di frontiera\u00bb","breadcrumb":{"@id":"https:\/\/staging.varesenews.it\/2020\/05\/dal-3-giugno-consentiti-spostamenti-lestero\/929237\/#breadcrumb"},"inLanguage":"it-IT","potentialAction":[{"@type":"ReadAction","target":["https:\/\/staging.varesenews.it\/2020\/05\/dal-3-giugno-consentiti-spostamenti-lestero\/929237\/"]}]},{"@type":"BreadcrumbList","@id":"https:\/\/staging.varesenews.it\/2020\/05\/dal-3-giugno-consentiti-spostamenti-lestero\/929237\/#breadcrumb","itemListElement":[{"@type":"ListItem","position":1,"name":"Home","item":"https:\/\/www.varesenews.it\/"},{"@type":"ListItem","position":2,"name":"Dal 3 giugno consentiti spostamenti da e per l&#8217;estero"}]},{"@type":"WebSite","@id":"https:\/\/staging.varesenews.it\/#website","url":"https:\/\/staging.varesenews.it\/","name":"VareseNews","description":"","potentialAction":[{"@type":"SearchAction","target":{"@type":"EntryPoint","urlTemplate":"https:\/\/staging.varesenews.it\/?s={search_term_string}"},"query-input":"required name=search_term_string"}],"inLanguage":"it-IT"},{"@type":"Person","@id":"https:\/\/staging.varesenews.it\/#\/schema\/person\/308b491d3cb680ead199e5ff6c6ce540","name":"Michele Mancino","image":{"@type":"ImageObject","inLanguage":"it-IT","@id":"https:\/\/staging.varesenews.it\/#\/schema\/person\/image\/","url":"https:\/\/staging.varesenews.it\/wp-content\/uploads\/2020\/12\/michele_mancino_colori_500.jpg","contentUrl":"https:\/\/staging.varesenews.it\/wp-content\/uploads\/2020\/12\/michele_mancino_colori_500.jpg","caption":"Michele Mancino"},"description":"Sono a VareseNews da prima che nascesse. Ho inserito le prime notizie in una stringa di codice html, la lingua di internet. Aprivo i computer, cambiavo schede di rete e portavo i server dal provider. A met&agrave; degli anni &rsquo;90 il giornalista online doveva saper fare anche questo. Ho vissuto gli anni drammatici della bolla speculativa di Internet e quelli entusiastici della crescita, anni in cui VareseNews era un Davide in mezzo a tanti Golia. Poi sono arrivati i social, le nuove piattaforme e soprattutto gli smartphone, una postazione di lavoro racchiusa in una mano. Una nuova rivoluzione. Insomma, &egrave; stata, ed &egrave; ancora, un&rsquo;avventura entusiasmante perch&eacute; mi insegna giorno dopo giorno che il cambiamento &egrave; l&rsquo;unica certezza di questa fragile esistenza.","sameAs":["https:\/\/www.facebook.com\/michele.mancino.5","micmancio","Aggiorna le impostazioni del tuo profilo pubblicoit.linkedin.com\/pub\/michele-mancino\/28\/b71\/890\/it","https:\/\/twitter.com\/micmancio"],"url":"https:\/\/staging.varesenews.it\/persona\/michele_mancino\/"}]}},"post_meta":{"_edit_lock":"1589626485:45","_edit_last":"45","_category_permalink":"a:1:{s:8:\"category\";s:1:\"8\";}","_encloseme":"1","ratings_users":"0","ratings_score":"0","ratings_average":"0","foto":"573050","firma_come_redazione":"1","argomento":"Italia\/Svizzera","_yoast_wpseo_content_score":"30","_jd_tweet_this":"yes","_wpt_short_url":"https:\/\/www.varesenews.it\/2020\/05\/dal-3-giugno-consentiti-spostamenti-lestero\/929237\/","_wp_jd_target":"https:\/\/www.varesenews.it\/2020\/05\/dal-3-giugno-consentiti-spostamenti-lestero\/929237\/","_jd_wp_twitter":"a:1:{i:0;s:166:\"Dal 3 giugno consentiti spostamenti da e per l\u2019estero https:\/\/www.varesenews.it\/2020\/05\/dal-3-giugno-consentiti-spostamenti-lestero\/929237\/ #frontalieri #Valceresio\";}","_wpt_status_message":"Tweet inviato con successo."},"photos":[{"original":"https:\/\/staging.varesenews.it\/photogallery_new\/images\/2016\/10\/sequestro-di-valuta-varese-gaggiolo-573050.jpg","full":"https:\/\/staging.varesenews.it\/photogallery_new\/images\/2016\/10\/sequestro-di-valuta-varese-gaggiolo-573050.1024x768.jpg","large":"https:\/\/staging.varesenews.it\/photogallery_new\/images\/2016\/10\/sequestro-di-valuta-varese-gaggiolo-573050.610x431.jpg"}],"_links":{"self":[{"href":"https:\/\/staging.varesenews.it\/swgapi\/v1\/wp\/v2\/posts\/929237"}],"collection":[{"href":"https:\/\/staging.varesenews.it\/swgapi\/v1\/wp\/v2\/posts"}],"about":[{"href":"https:\/\/staging.varesenews.it\/swgapi\/v1\/wp\/v2\/types\/post"}],"author":[{"embeddable":true,"href":"https:\/\/staging.varesenews.it\/swgapi\/v1\/wp\/v2\/users\/45"}],"replies":[{"embeddable":true,"href":"https:\/\/staging.varesenews.it\/swgapi\/v1\/wp\/v2\/comments?post=929237"}],"version-history":[{"count":0,"href":"https:\/\/staging.varesenews.it\/swgapi\/v1\/wp\/v2\/posts\/929237\/revisions"}],"wp:attachment":[{"href":"https:\/\/staging.varesenews.it\/swgapi\/v1\/wp\/v2\/media?parent=929237"}],"wp:term":[{"taxonomy":"category","embeddable":true,"href":"https:\/\/staging.varesenews.it\/swgapi\/v1\/wp\/v2\/categories?post=929237"},{"taxonomy":"post_tag","embeddable":true,"href":"https:\/\/staging.varesenews.it\/swgapi\/v1\/wp\/v2\/tags?post=929237"}],"curies":[{"name":"wp","href":"https:\/\/api.w.org\/{rel}","templated":true}]}}