{"id":929271,"date":"2020-05-16T16:11:47","date_gmt":"2020-05-16T14:11:47","guid":{"rendered":"https:\/\/www.varesenews.it\/?p=929271"},"modified":"2020-05-16T16:13:27","modified_gmt":"2020-05-16T14:13:27","slug":"ventanni-moriva-ernesto-redaelli","status":"publish","type":"post","link":"https:\/\/staging.varesenews.it\/2020\/05\/ventanni-moriva-ernesto-redaelli\/929271\/","title":{"rendered":"Vent&#8217;anni fa moriva Ernesto Redaelli"},"content":{"rendered":"<p>Il <strong>16 maggio del 2000<\/strong> moriva <strong>Ernesto Redaelli<\/strong>, importante imprenditore di Varese e uomo che ricopr\u00ec anche importanti incarichi istituzionali. Il suo contributo alla crescita culturale di Varese \u00e8 stato importante. Con la Lativa (La Tipografica Varese), nella veste di editore pubblic\u00f2\u00a0opere di scrittori, poeti, storici, critici, artisti, fotografi, naturalisti dedicate alle varie realt\u00e0 di Varese.<\/p>\n<p>Nella veste di uomo pubblico &#8211; fu consigliere provinciale, presidente dell\u2019Aci provinciale e presidente dell\u2019azienda di soggiorno e turismo &#8211; e cittadino combatt\u00e9 battaglie importanti per il territorio e il suo patrimonio artistico, basti pensare\u00a0al salvataggio\u00a0 degli affreschi di <strong>Arcumeggia<\/strong>, al rilancio della Collegiata di <strong>Castiglione Olona<\/strong> e alla difesa dell\u2019integrit\u00e0 del <strong>Sacro Monte<\/strong>. Da imprenditore, con <strong>La Tipografica Varese,<\/strong> Ernesto Redaelli ha sempre vissuto con grande lungimiranza e uno spiccato senso civico il legame con il territorio.<br \/>\nA causa del Coronavirus la messa in suo suffragio \u00e8 stata rimandata.<\/p>\n","protected":false},"excerpt":{"rendered":"<p>Imprenditore, uomo pubblico e cittadino dallo spiccato senso civico, fu una figura di riferimento per Varese<\/p>\n","protected":false},"author":45,"featured_media":0,"comment_status":"open","ping_status":"open","sticky":false,"template":"","format":"standard","meta":{"footnotes":""},"categories":[2],"tags":[72446],"acf":[],"yoast_head":"<!-- This site is optimized with the Yoast SEO plugin v20.1 - https:\/\/yoast.com\/wordpress\/plugins\/seo\/ -->\n<title>Vent&#039;anni fa moriva Ernesto Redaelli<\/title>\n<meta name=\"description\" content=\"Imprenditore, uomo pubblico e cittadino dallo spiccato senso civico, fu una figura di riferimento per Varese\" \/>\n<meta name=\"robots\" content=\"noindex, follow, max-snippet:-1, max-image-preview:large, max-video-preview:-1\" \/>\n<meta property=\"og:locale\" content=\"it_IT\" \/>\n<meta property=\"og:type\" content=\"article\" \/>\n<meta property=\"og:title\" content=\"Vent&#039;anni fa moriva Ernesto Redaelli\" \/>\n<meta property=\"og:description\" content=\"Imprenditore, uomo pubblico e cittadino dallo spiccato senso civico, fu una figura di riferimento per Varese\" \/>\n<meta property=\"og:url\" content=\"https:\/\/www.varesenews.it\/2020\/05\/ventanni-moriva-ernesto-redaelli\/929271\/\" \/>\n<meta property=\"og:site_name\" content=\"VareseNews\" \/>\n<meta property=\"article:publisher\" content=\"https:\/\/www.facebook.com\/varesenews\" \/>\n<meta property=\"article:author\" content=\"https:\/\/www.facebook.com\/michele.mancino.5\" \/>\n<meta property=\"article:published_time\" content=\"2020-05-16T14:11:47+00:00\" \/>\n<meta property=\"article:modified_time\" content=\"2020-05-16T14:13:27+00:00\" \/>\n<meta name=\"author\" content=\"Michele Mancino\" \/>\n<meta name=\"twitter:card\" content=\"summary_large_image\" \/>\n<meta name=\"twitter:creator\" content=\"@micmancio\" \/>\n<meta name=\"twitter:site\" content=\"@varesenews\" \/>\n<meta name=\"twitter:label1\" content=\"Scritto da\" \/>\n\t<meta name=\"twitter:data1\" content=\"Michele Mancino\" \/>\n\t<meta name=\"twitter:label2\" content=\"Tempo di lettura stimato\" \/>\n\t<meta name=\"twitter:data2\" content=\"1 minuto\" \/>\n<script type=\"application\/ld+json\" class=\"yoast-schema-graph\">{\"@context\":\"https:\/\/schema.org\",\"@graph\":[{\"@type\":\"WebPage\",\"@id\":\"https:\/\/www.varesenews.it\/2020\/05\/ventanni-moriva-ernesto-redaelli\/929271\/\",\"url\":\"https:\/\/www.varesenews.it\/2020\/05\/ventanni-moriva-ernesto-redaelli\/929271\/\",\"name\":\"Vent'anni fa moriva Ernesto Redaelli\",\"isPartOf\":{\"@id\":\"https:\/\/staging.varesenews.it\/#website\"},\"datePublished\":\"2020-05-16T14:11:47+00:00\",\"dateModified\":\"2020-05-16T14:13:27+00:00\",\"author\":{\"@id\":\"https:\/\/staging.varesenews.it\/#\/schema\/person\/308b491d3cb680ead199e5ff6c6ce540\"},\"description\":\"Imprenditore, uomo pubblico e cittadino dallo spiccato senso civico, fu una figura di riferimento per Varese\",\"breadcrumb\":{\"@id\":\"https:\/\/www.varesenews.it\/2020\/05\/ventanni-moriva-ernesto-redaelli\/929271\/#breadcrumb\"},\"inLanguage\":\"it-IT\",\"potentialAction\":[{\"@type\":\"ReadAction\",\"target\":[\"https:\/\/www.varesenews.it\/2020\/05\/ventanni-moriva-ernesto-redaelli\/929271\/\"]}]},{\"@type\":\"BreadcrumbList\",\"@id\":\"https:\/\/www.varesenews.it\/2020\/05\/ventanni-moriva-ernesto-redaelli\/929271\/#breadcrumb\",\"itemListElement\":[{\"@type\":\"ListItem\",\"position\":1,\"name\":\"Home\",\"item\":\"https:\/\/www.varesenews.it\/\"},{\"@type\":\"ListItem\",\"position\":2,\"name\":\"Vent&#8217;anni fa moriva Ernesto Redaelli\"}]},{\"@type\":\"WebSite\",\"@id\":\"https:\/\/staging.varesenews.it\/#website\",\"url\":\"https:\/\/staging.varesenews.it\/\",\"name\":\"VareseNews\",\"description\":\"\",\"potentialAction\":[{\"@type\":\"SearchAction\",\"target\":{\"@type\":\"EntryPoint\",\"urlTemplate\":\"https:\/\/staging.varesenews.it\/?s={search_term_string}\"},\"query-input\":\"required name=search_term_string\"}],\"inLanguage\":\"it-IT\"},{\"@type\":\"Person\",\"@id\":\"https:\/\/staging.varesenews.it\/#\/schema\/person\/308b491d3cb680ead199e5ff6c6ce540\",\"name\":\"Michele Mancino\",\"image\":{\"@type\":\"ImageObject\",\"inLanguage\":\"it-IT\",\"@id\":\"https:\/\/staging.varesenews.it\/#\/schema\/person\/image\/\",\"url\":\"https:\/\/staging.varesenews.it\/wp-content\/uploads\/2020\/12\/michele_mancino_colori_500.jpg\",\"contentUrl\":\"https:\/\/staging.varesenews.it\/wp-content\/uploads\/2020\/12\/michele_mancino_colori_500.jpg\",\"caption\":\"Michele Mancino\"},\"description\":\"Sono a VareseNews da prima che nascesse. Ho inserito le prime notizie in una stringa di codice html, la lingua di internet. Aprivo i computer, cambiavo schede di rete e portavo i server dal provider. A met&agrave; degli anni &rsquo;90 il giornalista online doveva saper fare anche questo. Ho vissuto gli anni drammatici della bolla speculativa di Internet e quelli entusiastici della crescita, anni in cui VareseNews era un Davide in mezzo a tanti Golia. Poi sono arrivati i social, le nuove piattaforme e soprattutto gli smartphone, una postazione di lavoro racchiusa in una mano. Una nuova rivoluzione. Insomma, &egrave; stata, ed &egrave; ancora, un&rsquo;avventura entusiasmante perch&eacute; mi insegna giorno dopo giorno che il cambiamento &egrave; l&rsquo;unica certezza di questa fragile esistenza.\",\"sameAs\":[\"https:\/\/www.facebook.com\/michele.mancino.5\",\"micmancio\",\"Aggiorna le impostazioni del tuo profilo pubblicoit.linkedin.com\/pub\/michele-mancino\/28\/b71\/890\/it\",\"https:\/\/twitter.com\/micmancio\"],\"url\":\"https:\/\/staging.varesenews.it\/persona\/michele_mancino\/\"}]}<\/script>\n<!-- \/ Yoast SEO plugin. -->","yoast_head_json":{"title":"Vent'anni fa moriva Ernesto Redaelli","description":"Imprenditore, uomo pubblico e cittadino dallo spiccato senso civico, fu una figura di riferimento per Varese","robots":{"index":"noindex","follow":"follow","max-snippet":"max-snippet:-1","max-image-preview":"max-image-preview:large","max-video-preview":"max-video-preview:-1"},"og_locale":"it_IT","og_type":"article","og_title":"Vent'anni fa moriva Ernesto Redaelli","og_description":"Imprenditore, uomo pubblico e cittadino dallo spiccato senso civico, fu una figura di riferimento per Varese","og_url":"https:\/\/www.varesenews.it\/2020\/05\/ventanni-moriva-ernesto-redaelli\/929271\/","og_site_name":"VareseNews","article_publisher":"https:\/\/www.facebook.com\/varesenews","article_author":"https:\/\/www.facebook.com\/michele.mancino.5","article_published_time":"2020-05-16T14:11:47+00:00","article_modified_time":"2020-05-16T14:13:27+00:00","author":"Michele Mancino","twitter_card":"summary_large_image","twitter_creator":"@micmancio","twitter_site":"@varesenews","twitter_misc":{"Scritto da":"Michele Mancino","Tempo di lettura stimato":"1 minuto"},"schema":{"@context":"https:\/\/schema.org","@graph":[{"@type":"WebPage","@id":"https:\/\/www.varesenews.it\/2020\/05\/ventanni-moriva-ernesto-redaelli\/929271\/","url":"https:\/\/www.varesenews.it\/2020\/05\/ventanni-moriva-ernesto-redaelli\/929271\/","name":"Vent'anni fa moriva Ernesto Redaelli","isPartOf":{"@id":"https:\/\/staging.varesenews.it\/#website"},"datePublished":"2020-05-16T14:11:47+00:00","dateModified":"2020-05-16T14:13:27+00:00","author":{"@id":"https:\/\/staging.varesenews.it\/#\/schema\/person\/308b491d3cb680ead199e5ff6c6ce540"},"description":"Imprenditore, uomo pubblico e cittadino dallo spiccato senso civico, fu una figura di riferimento per Varese","breadcrumb":{"@id":"https:\/\/www.varesenews.it\/2020\/05\/ventanni-moriva-ernesto-redaelli\/929271\/#breadcrumb"},"inLanguage":"it-IT","potentialAction":[{"@type":"ReadAction","target":["https:\/\/www.varesenews.it\/2020\/05\/ventanni-moriva-ernesto-redaelli\/929271\/"]}]},{"@type":"BreadcrumbList","@id":"https:\/\/www.varesenews.it\/2020\/05\/ventanni-moriva-ernesto-redaelli\/929271\/#breadcrumb","itemListElement":[{"@type":"ListItem","position":1,"name":"Home","item":"https:\/\/www.varesenews.it\/"},{"@type":"ListItem","position":2,"name":"Vent&#8217;anni fa moriva Ernesto Redaelli"}]},{"@type":"WebSite","@id":"https:\/\/staging.varesenews.it\/#website","url":"https:\/\/staging.varesenews.it\/","name":"VareseNews","description":"","potentialAction":[{"@type":"SearchAction","target":{"@type":"EntryPoint","urlTemplate":"https:\/\/staging.varesenews.it\/?s={search_term_string}"},"query-input":"required name=search_term_string"}],"inLanguage":"it-IT"},{"@type":"Person","@id":"https:\/\/staging.varesenews.it\/#\/schema\/person\/308b491d3cb680ead199e5ff6c6ce540","name":"Michele Mancino","image":{"@type":"ImageObject","inLanguage":"it-IT","@id":"https:\/\/staging.varesenews.it\/#\/schema\/person\/image\/","url":"https:\/\/staging.varesenews.it\/wp-content\/uploads\/2020\/12\/michele_mancino_colori_500.jpg","contentUrl":"https:\/\/staging.varesenews.it\/wp-content\/uploads\/2020\/12\/michele_mancino_colori_500.jpg","caption":"Michele Mancino"},"description":"Sono a VareseNews da prima che nascesse. Ho inserito le prime notizie in una stringa di codice html, la lingua di internet. Aprivo i computer, cambiavo schede di rete e portavo i server dal provider. A met&agrave; degli anni &rsquo;90 il giornalista online doveva saper fare anche questo. Ho vissuto gli anni drammatici della bolla speculativa di Internet e quelli entusiastici della crescita, anni in cui VareseNews era un Davide in mezzo a tanti Golia. Poi sono arrivati i social, le nuove piattaforme e soprattutto gli smartphone, una postazione di lavoro racchiusa in una mano. Una nuova rivoluzione. Insomma, &egrave; stata, ed &egrave; ancora, un&rsquo;avventura entusiasmante perch&eacute; mi insegna giorno dopo giorno che il cambiamento &egrave; l&rsquo;unica certezza di questa fragile esistenza.","sameAs":["https:\/\/www.facebook.com\/michele.mancino.5","micmancio","Aggiorna le impostazioni del tuo profilo pubblicoit.linkedin.com\/pub\/michele-mancino\/28\/b71\/890\/it","https:\/\/twitter.com\/micmancio"],"url":"https:\/\/staging.varesenews.it\/persona\/michele_mancino\/"}]}},"post_meta":{"_edit_lock":"1589638281:45","_edit_last":"45","_category_permalink":"a:1:{s:8:\"category\";s:0:\"\";}","_encloseme":"1","ratings_users":"0","ratings_score":"0","ratings_average":"0","foto":"1150634","firma_come_redazione":"1","argomento":"Il ricordo","_yoast_wpseo_content_score":"30","_jd_tweet_this":"yes","_wpt_short_url":"https:\/\/www.varesenews.it\/2020\/05\/ventanni-moriva-ernesto-redaelli\/929271\/","_wp_jd_target":"https:\/\/www.varesenews.it\/2020\/05\/ventanni-moriva-ernesto-redaelli\/929271\/","_jd_wp_twitter":"a:1:{i:0;s:114:\"Vent\u2019anni fa moriva Ernesto Redaelli https:\/\/www.varesenews.it\/2020\/05\/ventanni-moriva-ernesto-redaelli\/929271\/ \";}","_wpt_status_message":"Tweet inviato con successo."},"photos":[{"original":"https:\/\/staging.varesenews.it\/photogallery_new\/images\/2020\/05\/generico-2018-1150634.jpg","full":"https:\/\/staging.varesenews.it\/photogallery_new\/images\/2020\/05\/generico-2018-1150634.1024x768.jpg","large":"https:\/\/staging.varesenews.it\/photogallery_new\/images\/2020\/05\/generico-2018-1150634.610x431.jpg"}],"_links":{"self":[{"href":"https:\/\/staging.varesenews.it\/swgapi\/v1\/wp\/v2\/posts\/929271"}],"collection":[{"href":"https:\/\/staging.varesenews.it\/swgapi\/v1\/wp\/v2\/posts"}],"about":[{"href":"https:\/\/staging.varesenews.it\/swgapi\/v1\/wp\/v2\/types\/post"}],"author":[{"embeddable":true,"href":"https:\/\/staging.varesenews.it\/swgapi\/v1\/wp\/v2\/users\/45"}],"replies":[{"embeddable":true,"href":"https:\/\/staging.varesenews.it\/swgapi\/v1\/wp\/v2\/comments?post=929271"}],"version-history":[{"count":0,"href":"https:\/\/staging.varesenews.it\/swgapi\/v1\/wp\/v2\/posts\/929271\/revisions"}],"wp:attachment":[{"href":"https:\/\/staging.varesenews.it\/swgapi\/v1\/wp\/v2\/media?parent=929271"}],"wp:term":[{"taxonomy":"category","embeddable":true,"href":"https:\/\/staging.varesenews.it\/swgapi\/v1\/wp\/v2\/categories?post=929271"},{"taxonomy":"post_tag","embeddable":true,"href":"https:\/\/staging.varesenews.it\/swgapi\/v1\/wp\/v2\/tags?post=929271"}],"curies":[{"name":"wp","href":"https:\/\/api.w.org\/{rel}","templated":true}]}}