{"id":929920,"date":"2020-05-19T05:43:58","date_gmt":"2020-05-19T03:43:58","guid":{"rendered":"https:\/\/www.varesenews.it\/?p=929920"},"modified":"2020-05-19T05:43:58","modified_gmt":"2020-05-19T03:43:58","slug":"caro-papa","status":"publish","type":"post","link":"https:\/\/staging.varesenews.it\/2020\/05\/caro-papa\/929920\/","title":{"rendered":"Caro pap\u00e0"},"content":{"rendered":"<p><strong>Carlo Botti<\/strong> , figlio di <strong>Maniglio Botti<\/strong>, giornalista <strong><a href=\"https:\/\/www.varesenews.it\/2020\/05\/scomparso-maniglio-botti-signore-dei-cronisti-varesini\/928580\/\">scomparso improvvisamente <\/a><\/strong>gioved\u00ec scorso, trovandosi in America Centrale per lavoro e non potendo rientrare in tempo utile per i <strong><a href=\"https:\/\/www.varesenews.it\/2020\/05\/ciao-papa-maniscio-lultimo-saluto-maniglio-botti\/929912\/\">funerali<\/a><\/strong> a causa dei blocchi per la pandemia, ha scritto questa lettera in ricordo del padre.<\/p>\n<p>________________________________________<\/p>\n<blockquote><p><em>Caro pap\u00e1,<\/em><br \/>\n<em>Mi rivolgo a te come mi rivolgevo da piccolo, pap\u00e1 (mai papi per\u00f3 perch\u00e9 lo odiavi).<\/em><br \/>\n<em>Con gli anni crescendo ho cominciato a chiamarti con tanti nomignoli, Manigliosky, Manicocco e Maniscio, il pi\u00fa amato. Il mio darti questi nomignoli rappresentava per me il fatto che non ricoprivi solo il ruolo di padre, ma anche di migliore amico, di fratello, di vero compagno. <\/em><br \/>\n<em>Sempre complice, sempre aperto ad ascoltarmi, ad ascoltare le mie paure, le mie ansie, le mie gioie.<\/em><br \/>\n<em>In questo momento in cui sono distante, da solo, cerco di riempire il vuoto che mi hai lasciato con le parole scritte, a te tanto care per tutta la tua vita. Scrivo per me, scrivo per chi ti ha conosciuto, scrivo per cercare di sciogliere il peso che tengo nel petto.<\/em><br \/>\n<em>Penso, e ripenso, chiuso in questa casa, camminando in tondo e camminando, rimuginando, penso a te, alla tua vita, a noi come famiglia, ai tuoi insegnamenti, a tutto quello che ci \u00e9 successo in questi anni e l\u2019unico pensiero che continua a martellarmi in testa, tra una lacrima e l\u2019altra, \u00e9 quanto sono e siamo stati fortunati ad averti con noi. Ne sono conscio, le anime sensibili come la tua sono rare. <\/em><\/p>\n<p><em>Fin da piccolo ho sempre avuto un grande orgoglio nei tuoi confronti. Ero fiero del lavoro che facevi, ero fiero del fatto che eri riuscito a perseguire un tuo sogno e a farlo diventare la tua vita.<\/em><br \/>\n<em>E il vederti cosi felice credo che sia stata la motivazione maggiore che mi ha permesso di sforzarmi pi\u00fa che potessi per cercare di ottenere qualcosa di simile nella mia vita. Ed \u00e9 stato solo grazie a te e alla Marmotta, che mi avete sostenuto sempre, anche quando tutto ci dava contro.<\/em><br \/>\n<em>Ma ci\u00f3 che mi rendeva pi\u00fa fiero e pi\u00fa orgoglioso \u00e9 sempre stato il nostro rapporto, la nostra complicit\u00e1, unica e speciale. La capacit\u00e1 che abbiamo sempre avuto di poter parlare di qualsiasi cosa nella nostra famiglia, grazie all\u2019apertura tua e della Marmi.<\/em><br \/>\n<em>Il tuo modo di essere, di rapportarti alle persone, di abbracciarle e di farle sentire subito a loro agio, anche dopo averle appena conosciute, era tra le tue pi\u00fa grandi qualit\u00e1 che ti ho sempre invidiato.<\/em><br \/>\n<em>Diventando adulto ho cercato di fare della tua solidariet\u00e1 e generosit\u00e1 il mio stile di vita.<\/em><br \/>\n<em>Cammino e cammino e penso ai nostri momenti, alle chiacchierate in macchina (infinite per colpa tua), ai racconti dettagliati della tua giovinezza e sempre caratteristici, a quando mi venivi a prendere in aeroporto \u201cManiscioo ma ndo staii??\u201d \u201cArrivo maestro arrivo, c\u2019era traffico chezzo!\u201d, agli aperitivi (\u201cma non dirllo alla marmi eh\u201d), alle discussioni sulla nostra Juve (non sono mai riuscito a portarti allo Stadium), a quando entravi in camera mia tornando dal cinema solo per raccontarmi il film che avevi visto e cosa ne pensavi, a quando vi facevo disperare per le mie \u201csregolatezze\u201d e poi mi mandavi i tuoi messaggini \u201cbuona fumata\u201d, alle risate, le tante risate che mi facevi e mi hai sempre fatto fare, al tuo rispondere alle mie provocazioni con provocazioni pi\u00fa esagerate, al tuo consolarmi dopo le delusioni d\u2019amore, a quando ci fumavamo le sigarettine ai matrimoni come un rituale, al tuo spingermi a cercare di essere felice senza mai mostrarmi le tue vere preoccupazioni.<\/em><br \/>\n<em>Ero cosi orgoglioso di te che ti condividevo con tutti e con tutti riuscivi a farti voler bene. Credo che tutti i miei amici pi\u00fa cari si possano ricordare anche solo un aneddoto con te.<\/em><br \/>\n<em>Non voglio mettermi a pensare troppo perch\u00e9 altrimenti mi si offusca la vista.<\/em><br \/>\n<em>Tu e la Marmi siete sempre stati dalla mia parte Maniscio, sempre e di questo forse non sono mai riuscito a dimostrarti la mia gratitudine abbastanza.<\/em><br \/>\n<em>Avevamo ancora tanti progetti, dovremo aspettare un\u2019altra vita per portartli a termine.<\/em><br \/>\n<em>Di solito quando scrivevo qualcosa poi correvo subito ad inviartelo perch\u00e9 raramente ho conosciuto qualcuno che scrivesse meglio di te, per avere la tua opinione e tu me lo correggevi, sempre critico e sempre sincero.<\/em><br \/>\n<em>Da oggi mi corregger\u00f3 da solo.<\/em><\/p>\n<p><em>Come ci hai sempre ricordato, per allentare le nostre paure e angosce, le giornate durano 24 ore.<\/em><br \/>\n<em>Anche oggi lo \u00e9 stato. Tra le 24 ore pi\u00fa difficili fino ad ora, ma da domani sar\u00e1 un altro gjorno.<\/em><br \/>\n<em>Da domani cominceremo a sentire la tua mancanza, una mancanza che cercher\u00f3 di custodirmi come il bene pi\u00fa prezioso, che trasformer\u00f3 in ricordo e memoria e che trasmetter\u00f3 ai tuoi nipotini, a agli amici che hanno avuto la fortuna di conoscerti e trascorrere momenti con te.<\/em><br \/>\n<em>Chiudo con uno dei ricordi a cui sono pi\u00fa affezionato.<\/em><br \/>\n<em>A 18 anni mi feci il primo tatuaggio mentendoti sulle dimensioni. Tornando a casa e vedendo la chiazza di inchiostro nero sul braccio mi dicesti \u201cSei proprio un pirla\u201d e non mi parlasti per qualche giorno.<\/em><br \/>\n<em>Con il passare degli anni i tatuaggi sono aumentati, testimoni delle mie esperienze e tu hai cominciato ad esserne orgoglioso e a dire ai tuoi amici \u201cCarlo, mostra i tuoi tatuaggi!\u201d.<\/em><br \/>\n<em>Fino al 2018, quando hai voluto fare un tatuaggio anche tu, con me. E cos\u00ed abbiamo organizzato a Rimini, nostra citt\u00e1 dell\u2019amore, e siamo andati insieme. Eravamo distesi sui due lettini, mentre ci tatuavano contemporaneamente, e ti guardavo e sorridevo. Tu parlavi e parlavi con la tatuatrice, le raccontavi di te, di me, della tua famiglia, e lei era molto coinvolta, tanto che alla fine ti regal\u00f3 anche un disegno della sua collezione privata.<\/em><br \/>\n<em>Uscendo ti chiesi \u201cManiscio perch\u00e9 ti sei tatuato la Croce di Malta?\u201d.<\/em><br \/>\n<em>\u201cPerch\u00e9 rappresenta i principi che dovevano seguire gli antichi cavalieri: spiritualit\u00e0, semplicit\u00e0, umilt\u00e1, compassione, giustizia, misericordia, sincerit\u00e1 e sopportazione.\u201d<\/em><\/p>\n<p><em>Questo eri tu, tutti questi principi che hai cercato di insegnarci fin da piccolini.<\/em><br \/>\n<em>Cercher\u00f3 di continuare a renderti fiero e orgoglioso di me.<\/em><br \/>\n<em>Ti stringo forte, da lontano, e mi sembra di vederti che mi guardi e che mi dici, come mi dicevi ad ogni saluto in aeroporto: \u201cMi raccomando, ricordarti sempre da dove vieni\u201d.<\/em><br \/>\n<em>\u201cSi Maniscio, sempre.\u201d<\/em><br \/>\n<em>Il tuo condor<\/em><br \/>\n<em>\u00a0<\/em><\/p><\/blockquote>\n<p>&nbsp;<\/p>\n","protected":false},"excerpt":{"rendered":"<p>La lettera di Carlo Botti in ricordo del padre Maniglio<\/p>\n","protected":false},"author":45,"featured_media":0,"comment_status":"open","ping_status":"open","sticky":false,"template":"","format":"standard","meta":{"footnotes":""},"categories":[2],"tags":[106060],"acf":[],"yoast_head":"<!-- This site is optimized with the Yoast SEO plugin v20.1 - https:\/\/yoast.com\/wordpress\/plugins\/seo\/ -->\n<title>Caro pap\u00e0<\/title>\n<meta name=\"description\" content=\"La lettera di Carlo Botti in ricordo del padre Maniglio\" \/>\n<meta name=\"robots\" content=\"noindex, follow, max-snippet:-1, max-image-preview:large, max-video-preview:-1\" \/>\n<meta property=\"og:locale\" content=\"it_IT\" \/>\n<meta property=\"og:type\" content=\"article\" \/>\n<meta property=\"og:title\" content=\"Caro pap\u00e0\" \/>\n<meta property=\"og:description\" content=\"La lettera di Carlo Botti in ricordo del padre Maniglio\" \/>\n<meta property=\"og:url\" content=\"https:\/\/staging.varesenews.it\/2020\/05\/caro-papa\/929920\/\" \/>\n<meta property=\"og:site_name\" content=\"VareseNews\" \/>\n<meta property=\"article:publisher\" content=\"https:\/\/www.facebook.com\/varesenews\" \/>\n<meta property=\"article:author\" content=\"https:\/\/www.facebook.com\/michele.mancino.5\" \/>\n<meta property=\"article:published_time\" content=\"2020-05-19T03:43:58+00:00\" \/>\n<meta name=\"author\" content=\"Michele Mancino\" \/>\n<meta name=\"twitter:card\" content=\"summary_large_image\" \/>\n<meta name=\"twitter:creator\" content=\"@micmancio\" \/>\n<meta name=\"twitter:site\" content=\"@varesenews\" \/>\n<meta name=\"twitter:label1\" content=\"Scritto da\" \/>\n\t<meta name=\"twitter:data1\" content=\"Michele Mancino\" \/>\n\t<meta name=\"twitter:label2\" content=\"Tempo di lettura stimato\" \/>\n\t<meta name=\"twitter:data2\" content=\"5 minuti\" \/>\n<script type=\"application\/ld+json\" class=\"yoast-schema-graph\">{\"@context\":\"https:\/\/schema.org\",\"@graph\":[{\"@type\":\"WebPage\",\"@id\":\"https:\/\/staging.varesenews.it\/2020\/05\/caro-papa\/929920\/\",\"url\":\"https:\/\/staging.varesenews.it\/2020\/05\/caro-papa\/929920\/\",\"name\":\"Caro pap\u00e0\",\"isPartOf\":{\"@id\":\"https:\/\/staging.varesenews.it\/#website\"},\"datePublished\":\"2020-05-19T03:43:58+00:00\",\"dateModified\":\"2020-05-19T03:43:58+00:00\",\"author\":{\"@id\":\"https:\/\/staging.varesenews.it\/#\/schema\/person\/308b491d3cb680ead199e5ff6c6ce540\"},\"description\":\"La lettera di Carlo Botti in ricordo del padre Maniglio\",\"breadcrumb\":{\"@id\":\"https:\/\/staging.varesenews.it\/2020\/05\/caro-papa\/929920\/#breadcrumb\"},\"inLanguage\":\"it-IT\",\"potentialAction\":[{\"@type\":\"ReadAction\",\"target\":[\"https:\/\/staging.varesenews.it\/2020\/05\/caro-papa\/929920\/\"]}]},{\"@type\":\"BreadcrumbList\",\"@id\":\"https:\/\/staging.varesenews.it\/2020\/05\/caro-papa\/929920\/#breadcrumb\",\"itemListElement\":[{\"@type\":\"ListItem\",\"position\":1,\"name\":\"Home\",\"item\":\"https:\/\/www.varesenews.it\/\"},{\"@type\":\"ListItem\",\"position\":2,\"name\":\"Caro pap\u00e0\"}]},{\"@type\":\"WebSite\",\"@id\":\"https:\/\/staging.varesenews.it\/#website\",\"url\":\"https:\/\/staging.varesenews.it\/\",\"name\":\"VareseNews\",\"description\":\"\",\"potentialAction\":[{\"@type\":\"SearchAction\",\"target\":{\"@type\":\"EntryPoint\",\"urlTemplate\":\"https:\/\/staging.varesenews.it\/?s={search_term_string}\"},\"query-input\":\"required name=search_term_string\"}],\"inLanguage\":\"it-IT\"},{\"@type\":\"Person\",\"@id\":\"https:\/\/staging.varesenews.it\/#\/schema\/person\/308b491d3cb680ead199e5ff6c6ce540\",\"name\":\"Michele Mancino\",\"image\":{\"@type\":\"ImageObject\",\"inLanguage\":\"it-IT\",\"@id\":\"https:\/\/staging.varesenews.it\/#\/schema\/person\/image\/\",\"url\":\"https:\/\/staging.varesenews.it\/wp-content\/uploads\/2020\/12\/michele_mancino_colori_500.jpg\",\"contentUrl\":\"https:\/\/staging.varesenews.it\/wp-content\/uploads\/2020\/12\/michele_mancino_colori_500.jpg\",\"caption\":\"Michele Mancino\"},\"description\":\"Sono a VareseNews da prima che nascesse. Ho inserito le prime notizie in una stringa di codice html, la lingua di internet. Aprivo i computer, cambiavo schede di rete e portavo i server dal provider. A met&agrave; degli anni &rsquo;90 il giornalista online doveva saper fare anche questo. Ho vissuto gli anni drammatici della bolla speculativa di Internet e quelli entusiastici della crescita, anni in cui VareseNews era un Davide in mezzo a tanti Golia. Poi sono arrivati i social, le nuove piattaforme e soprattutto gli smartphone, una postazione di lavoro racchiusa in una mano. Una nuova rivoluzione. Insomma, &egrave; stata, ed &egrave; ancora, un&rsquo;avventura entusiasmante perch&eacute; mi insegna giorno dopo giorno che il cambiamento &egrave; l&rsquo;unica certezza di questa fragile esistenza.\",\"sameAs\":[\"https:\/\/www.facebook.com\/michele.mancino.5\",\"micmancio\",\"Aggiorna le impostazioni del tuo profilo pubblicoit.linkedin.com\/pub\/michele-mancino\/28\/b71\/890\/it\",\"https:\/\/twitter.com\/micmancio\"],\"url\":\"https:\/\/staging.varesenews.it\/persona\/michele_mancino\/\"}]}<\/script>\n<!-- \/ Yoast SEO plugin. -->","yoast_head_json":{"title":"Caro pap\u00e0","description":"La lettera di Carlo Botti in ricordo del padre Maniglio","robots":{"index":"noindex","follow":"follow","max-snippet":"max-snippet:-1","max-image-preview":"max-image-preview:large","max-video-preview":"max-video-preview:-1"},"og_locale":"it_IT","og_type":"article","og_title":"Caro pap\u00e0","og_description":"La lettera di Carlo Botti in ricordo del padre Maniglio","og_url":"https:\/\/staging.varesenews.it\/2020\/05\/caro-papa\/929920\/","og_site_name":"VareseNews","article_publisher":"https:\/\/www.facebook.com\/varesenews","article_author":"https:\/\/www.facebook.com\/michele.mancino.5","article_published_time":"2020-05-19T03:43:58+00:00","author":"Michele Mancino","twitter_card":"summary_large_image","twitter_creator":"@micmancio","twitter_site":"@varesenews","twitter_misc":{"Scritto da":"Michele Mancino","Tempo di lettura stimato":"5 minuti"},"schema":{"@context":"https:\/\/schema.org","@graph":[{"@type":"WebPage","@id":"https:\/\/staging.varesenews.it\/2020\/05\/caro-papa\/929920\/","url":"https:\/\/staging.varesenews.it\/2020\/05\/caro-papa\/929920\/","name":"Caro pap\u00e0","isPartOf":{"@id":"https:\/\/staging.varesenews.it\/#website"},"datePublished":"2020-05-19T03:43:58+00:00","dateModified":"2020-05-19T03:43:58+00:00","author":{"@id":"https:\/\/staging.varesenews.it\/#\/schema\/person\/308b491d3cb680ead199e5ff6c6ce540"},"description":"La lettera di Carlo Botti in ricordo del padre Maniglio","breadcrumb":{"@id":"https:\/\/staging.varesenews.it\/2020\/05\/caro-papa\/929920\/#breadcrumb"},"inLanguage":"it-IT","potentialAction":[{"@type":"ReadAction","target":["https:\/\/staging.varesenews.it\/2020\/05\/caro-papa\/929920\/"]}]},{"@type":"BreadcrumbList","@id":"https:\/\/staging.varesenews.it\/2020\/05\/caro-papa\/929920\/#breadcrumb","itemListElement":[{"@type":"ListItem","position":1,"name":"Home","item":"https:\/\/www.varesenews.it\/"},{"@type":"ListItem","position":2,"name":"Caro pap\u00e0"}]},{"@type":"WebSite","@id":"https:\/\/staging.varesenews.it\/#website","url":"https:\/\/staging.varesenews.it\/","name":"VareseNews","description":"","potentialAction":[{"@type":"SearchAction","target":{"@type":"EntryPoint","urlTemplate":"https:\/\/staging.varesenews.it\/?s={search_term_string}"},"query-input":"required name=search_term_string"}],"inLanguage":"it-IT"},{"@type":"Person","@id":"https:\/\/staging.varesenews.it\/#\/schema\/person\/308b491d3cb680ead199e5ff6c6ce540","name":"Michele Mancino","image":{"@type":"ImageObject","inLanguage":"it-IT","@id":"https:\/\/staging.varesenews.it\/#\/schema\/person\/image\/","url":"https:\/\/staging.varesenews.it\/wp-content\/uploads\/2020\/12\/michele_mancino_colori_500.jpg","contentUrl":"https:\/\/staging.varesenews.it\/wp-content\/uploads\/2020\/12\/michele_mancino_colori_500.jpg","caption":"Michele Mancino"},"description":"Sono a VareseNews da prima che nascesse. Ho inserito le prime notizie in una stringa di codice html, la lingua di internet. Aprivo i computer, cambiavo schede di rete e portavo i server dal provider. A met&agrave; degli anni &rsquo;90 il giornalista online doveva saper fare anche questo. Ho vissuto gli anni drammatici della bolla speculativa di Internet e quelli entusiastici della crescita, anni in cui VareseNews era un Davide in mezzo a tanti Golia. Poi sono arrivati i social, le nuove piattaforme e soprattutto gli smartphone, una postazione di lavoro racchiusa in una mano. Una nuova rivoluzione. Insomma, &egrave; stata, ed &egrave; ancora, un&rsquo;avventura entusiasmante perch&eacute; mi insegna giorno dopo giorno che il cambiamento &egrave; l&rsquo;unica certezza di questa fragile esistenza.","sameAs":["https:\/\/www.facebook.com\/michele.mancino.5","micmancio","Aggiorna le impostazioni del tuo profilo pubblicoit.linkedin.com\/pub\/michele-mancino\/28\/b71\/890\/it","https:\/\/twitter.com\/micmancio"],"url":"https:\/\/staging.varesenews.it\/persona\/michele_mancino\/"}]}},"post_meta":{"_edit_lock":"1589859847:43","_edit_last":"43","_category_permalink":"a:1:{s:8:\"category\";s:0:\"\";}","_encloseme":"1","ratings_users":"0","ratings_score":"0","ratings_average":"0","foto":"1150313","firma_come_redazione":"1","nascondi_adsense":"1","argomento":"Varese","_yoast_wpseo_content_score":"30","_jd_tweet_this":"yes","_wpt_short_url":"https:\/\/www.varesenews.it\/2020\/05\/caro-papa\/929920\/","_wp_jd_target":"https:\/\/www.varesenews.it\/2020\/05\/caro-papa\/929920\/","_jd_wp_twitter":"a:1:{i:0;s:63:\"Caro pap\u00e0 https:\/\/www.varesenews.it\/2020\/05\/caro-papa\/929920\/ \";}","_wpt_status_message":"Tweet inviato con successo."},"photos":[{"original":"https:\/\/staging.varesenews.it\/photogallery_new\/images\/2020\/05\/personaggi-generiche-1150313.jpg","full":"https:\/\/staging.varesenews.it\/photogallery_new\/images\/2020\/05\/personaggi-generiche-1150313.1024x768.jpg","large":"https:\/\/staging.varesenews.it\/photogallery_new\/images\/2020\/05\/personaggi-generiche-1150313.610x431.jpg"}],"_links":{"self":[{"href":"https:\/\/staging.varesenews.it\/swgapi\/v1\/wp\/v2\/posts\/929920"}],"collection":[{"href":"https:\/\/staging.varesenews.it\/swgapi\/v1\/wp\/v2\/posts"}],"about":[{"href":"https:\/\/staging.varesenews.it\/swgapi\/v1\/wp\/v2\/types\/post"}],"author":[{"embeddable":true,"href":"https:\/\/staging.varesenews.it\/swgapi\/v1\/wp\/v2\/users\/45"}],"replies":[{"embeddable":true,"href":"https:\/\/staging.varesenews.it\/swgapi\/v1\/wp\/v2\/comments?post=929920"}],"version-history":[{"count":0,"href":"https:\/\/staging.varesenews.it\/swgapi\/v1\/wp\/v2\/posts\/929920\/revisions"}],"wp:attachment":[{"href":"https:\/\/staging.varesenews.it\/swgapi\/v1\/wp\/v2\/media?parent=929920"}],"wp:term":[{"taxonomy":"category","embeddable":true,"href":"https:\/\/staging.varesenews.it\/swgapi\/v1\/wp\/v2\/categories?post=929920"},{"taxonomy":"post_tag","embeddable":true,"href":"https:\/\/staging.varesenews.it\/swgapi\/v1\/wp\/v2\/tags?post=929920"}],"curies":[{"name":"wp","href":"https:\/\/api.w.org\/{rel}","templated":true}]}}