{"id":931974,"date":"2020-05-25T16:47:31","date_gmt":"2020-05-25T14:47:31","guid":{"rendered":"https:\/\/www.varesenews.it\/?p=931974"},"modified":"2020-05-25T17:13:44","modified_gmt":"2020-05-25T15:13:44","slug":"vandali-incivili-al-belvedere-pronti-chiudere","status":"publish","type":"post","link":"https:\/\/staging.varesenews.it\/2020\/05\/vandali-incivili-al-belvedere-pronti-chiudere\/931974\/","title":{"rendered":"Incivili al Belvedere di Azzate, il sindaco: &#8220;Siamo pronti a chiudere di nuovo&#8221;"},"content":{"rendered":"<p>\u00abUna situazione insostenibile che non siamo disposti a tollerare. Diamo tempo una settimana poi, o tutto torner\u00e0 nell&#8217;alveo del rispetto delle regole o il <strong>Belvedere verr\u00e0 chiuso\u00bb.\u00a0<\/strong><\/p>\n<p>Non usa mezzi termini il <strong>sindaco Gianmario Bernasconi<\/strong>: gli episodi degli ultimi giorni, poco dopo la fine del lockdown, hanno esasperato gli animi, quelli di chi vive al Belvedere e degli amministratori comunali.<br \/>\n<img loading=\"lazy\" decoding=\"async\" class=\"alignleft size-medium wp-image-931983\" src=\"http:\/\/www.varesenews.it\/wp-content\/uploads\/2020\/05\/belvedere-288x300.jpeg\" alt=\"\" width=\"288\" height=\"300\" srcset=\"https:\/\/staging.varesenews.it\/wp-content\/uploads\/2020\/05\/belvedere-288x300.jpeg 288w, https:\/\/staging.varesenews.it\/wp-content\/uploads\/2020\/05\/belvedere.jpeg 749w\" sizes=\"(max-width: 288px) 100vw, 288px\" \/>\u00abIl problema non \u00e8 il decoro urbano o l&#8217;erba alta: l&#8217;abbiamo fatta tagliare nella parte bassa del parco e non nell&#8217;<strong>area giochi perch\u00e9 \u00e8 ancora chiusa e vogliamo scoraggiarne l&#8217;utilizzo<\/strong>; il vero problema sono i frequentatori della piazza. Non vengono rispettate le regole previste dall&#8217;emergenza Covid: si tratta soprattutto di ragazzi che si presentano al tramonto o a tarda sera. Non stanno distanziati, indossano le mascherine come scaldacollo o peggio le mettono al braccio; si portano da mangiare e da bere e poi lasciano i rifiuti accanto ai cestino o li lanciano nei prati. L&#8217;altro giorno hanno divelto un contenitori per rifiuti. Questi sono atti vandalici veri e propri e non siamo disposti ad ignorarli\u00bb.<\/p>\n<p>Ed \u00e8 cos\u00ec che in una <strong>riunione del Coc,<\/strong> il centro operativo comunale, questa mattina, luned\u00ec 25 maggio, \u00e8 stata presa una decisione che non lascia spazio ad interpretazioni: \u00ab<strong>Questo \u00e8 un avvertimento vero e proprio<\/strong> &#8211; dice ancora il sindaco &#8211; O questi ragazzi si decidono a osservare le regole, quindi portare le mascherine, mantenere le distanze di sicurezza, e rispettare il luogo e gli abitanti di quella zona, <strong>o chiuderemo tutto di nuovo\u00bb<\/strong>.<\/p>\n<p>\u00abNei prossimi giorni vigileremo ancora di pi\u00f9: le <strong>forze dell&#8217;ordine passeranno al Belvedere<\/strong> pi\u00f9 volte e verificheranno che i frequentatori della piazza si comportino in modo civile. Quel che \u00e8 certo che non tollereremo atti vandalici: sono un grave segno di incivilt\u00e0. Sempre, ma ancora di pi\u00f9 oggi, che veniamo da un lungo periodo di sacrifici\u00bb.<\/p>\n<p>&nbsp;<\/p>\n","protected":false},"excerpt":{"rendered":"<p>\u00abI ragazzi hanno preso d&#8217;assalto la piazza: non rispettano le regole imposte dall&#8217;emergenza e non solo\u00bb. Una settimana per tornare alla normalit\u00e0 o il Comune rimetter\u00e0 il divieto di accesso<\/p>\n","protected":false},"author":49,"featured_media":0,"comment_status":"open","ping_status":"open","sticky":false,"template":"","format":"standard","meta":{"footnotes":""},"categories":[2],"tags":[41633,11266,16240],"acf":[],"yoast_head":"<!-- This site is optimized with the Yoast SEO plugin v20.1 - https:\/\/yoast.com\/wordpress\/plugins\/seo\/ -->\n<title>Incivili al Belvedere di Azzate, il sindaco: &quot;Siamo pronti a chiudere di nuovo&quot;<\/title>\n<meta name=\"description\" content=\"\u00abI ragazzi hanno preso d&#039;assalto la piazza: non rispettano le regole imposte dall&#039;emergenza e non solo\u00bb. Una settimana per tornare alla normalit\u00e0 o il Comune rimetter\u00e0 il divieto di accesso\" \/>\n<meta name=\"robots\" content=\"noindex, follow, max-snippet:-1, max-image-preview:large, max-video-preview:-1\" \/>\n<meta property=\"og:locale\" content=\"it_IT\" \/>\n<meta property=\"og:type\" content=\"article\" \/>\n<meta property=\"og:title\" content=\"Incivili al Belvedere di Azzate, il sindaco: &quot;Siamo pronti a chiudere di nuovo&quot;\" \/>\n<meta property=\"og:description\" content=\"\u00abI ragazzi hanno preso d&#039;assalto la piazza: non rispettano le regole imposte dall&#039;emergenza e non solo\u00bb. Una settimana per tornare alla normalit\u00e0 o il Comune rimetter\u00e0 il divieto di accesso\" \/>\n<meta property=\"og:url\" content=\"https:\/\/staging.varesenews.it\/2020\/05\/vandali-incivili-al-belvedere-pronti-chiudere\/931974\/\" \/>\n<meta property=\"og:site_name\" content=\"VareseNews\" \/>\n<meta property=\"article:publisher\" content=\"https:\/\/www.facebook.com\/varesenews\" \/>\n<meta property=\"article:author\" content=\"https:\/\/www.facebook.com\/roberta.bertolini.9\" \/>\n<meta property=\"article:published_time\" content=\"2020-05-25T14:47:31+00:00\" \/>\n<meta property=\"article:modified_time\" content=\"2020-05-25T15:13:44+00:00\" \/>\n<meta property=\"og:image\" content=\"http:\/\/www.varesenews.it\/wp-content\/uploads\/2020\/05\/belvedere-288x300.jpeg\" \/>\n<meta name=\"author\" content=\"Roberta Bertolini\" \/>\n<meta name=\"twitter:card\" content=\"summary_large_image\" \/>\n<meta name=\"twitter:creator\" content=\"@robybertolini\" \/>\n<meta name=\"twitter:site\" content=\"@varesenews\" \/>\n<meta name=\"twitter:label1\" content=\"Scritto da\" \/>\n\t<meta name=\"twitter:data1\" content=\"Roberta Bertolini\" \/>\n\t<meta name=\"twitter:label2\" content=\"Tempo di lettura stimato\" \/>\n\t<meta name=\"twitter:data2\" content=\"2 minuti\" \/>\n<script type=\"application\/ld+json\" class=\"yoast-schema-graph\">{\"@context\":\"https:\/\/schema.org\",\"@graph\":[{\"@type\":\"WebPage\",\"@id\":\"https:\/\/staging.varesenews.it\/2020\/05\/vandali-incivili-al-belvedere-pronti-chiudere\/931974\/\",\"url\":\"https:\/\/staging.varesenews.it\/2020\/05\/vandali-incivili-al-belvedere-pronti-chiudere\/931974\/\",\"name\":\"Incivili al Belvedere di Azzate, il sindaco: \\\"Siamo pronti a chiudere di nuovo\\\"\",\"isPartOf\":{\"@id\":\"https:\/\/staging.varesenews.it\/#website\"},\"datePublished\":\"2020-05-25T14:47:31+00:00\",\"dateModified\":\"2020-05-25T15:13:44+00:00\",\"author\":{\"@id\":\"https:\/\/staging.varesenews.it\/#\/schema\/person\/58fbd3e567d5c00f0a64d5137fef3e68\"},\"description\":\"\u00abI ragazzi hanno preso d'assalto la piazza: non rispettano le regole imposte dall'emergenza e non solo\u00bb. Una settimana per tornare alla normalit\u00e0 o il Comune rimetter\u00e0 il divieto di accesso\",\"breadcrumb\":{\"@id\":\"https:\/\/staging.varesenews.it\/2020\/05\/vandali-incivili-al-belvedere-pronti-chiudere\/931974\/#breadcrumb\"},\"inLanguage\":\"it-IT\",\"potentialAction\":[{\"@type\":\"ReadAction\",\"target\":[\"https:\/\/staging.varesenews.it\/2020\/05\/vandali-incivili-al-belvedere-pronti-chiudere\/931974\/\"]}]},{\"@type\":\"BreadcrumbList\",\"@id\":\"https:\/\/staging.varesenews.it\/2020\/05\/vandali-incivili-al-belvedere-pronti-chiudere\/931974\/#breadcrumb\",\"itemListElement\":[{\"@type\":\"ListItem\",\"position\":1,\"name\":\"Home\",\"item\":\"https:\/\/www.varesenews.it\/\"},{\"@type\":\"ListItem\",\"position\":2,\"name\":\"Incivili al Belvedere di Azzate, il sindaco: &#8220;Siamo pronti a chiudere di nuovo&#8221;\"}]},{\"@type\":\"WebSite\",\"@id\":\"https:\/\/staging.varesenews.it\/#website\",\"url\":\"https:\/\/staging.varesenews.it\/\",\"name\":\"VareseNews\",\"description\":\"\",\"potentialAction\":[{\"@type\":\"SearchAction\",\"target\":{\"@type\":\"EntryPoint\",\"urlTemplate\":\"https:\/\/staging.varesenews.it\/?s={search_term_string}\"},\"query-input\":\"required name=search_term_string\"}],\"inLanguage\":\"it-IT\"},{\"@type\":\"Person\",\"@id\":\"https:\/\/staging.varesenews.it\/#\/schema\/person\/58fbd3e567d5c00f0a64d5137fef3e68\",\"name\":\"Roberta Bertolini\",\"image\":{\"@type\":\"ImageObject\",\"inLanguage\":\"it-IT\",\"@id\":\"https:\/\/staging.varesenews.it\/#\/schema\/person\/image\/\",\"url\":\"https:\/\/staging.varesenews.it\/wp-content\/uploads\/2020\/12\/roberta_bertolini_colori_500.jpg\",\"contentUrl\":\"https:\/\/staging.varesenews.it\/wp-content\/uploads\/2020\/12\/roberta_bertolini_colori_500.jpg\",\"caption\":\"Roberta Bertolini\"},\"description\":\"Giornalista professionista dal 1991, sono passata, ormai molti anni fa, dalla carta al web. Oggi mi occupo di cronaca locale e guardo con curiosit&agrave; ed attenzione il mondo dei social. Parlo poco, ascolto molto.\",\"sameAs\":[\"https:\/\/www.facebook.com\/roberta.bertolini.9\",\"bettabertolini\",\"https:\/\/www.linkedin.com\/hp\/?dnr=v9e-Gp7a6_oxqTuQyZA0Lf4aEi4t91g6wMH\",\"https:\/\/twitter.com\/robybertolini\"],\"url\":\"https:\/\/staging.varesenews.it\/persona\/roberta-bertolini1\/\"}]}<\/script>\n<!-- \/ Yoast SEO plugin. -->","yoast_head_json":{"title":"Incivili al Belvedere di Azzate, il sindaco: \"Siamo pronti a chiudere di nuovo\"","description":"\u00abI ragazzi hanno preso d'assalto la piazza: non rispettano le regole imposte dall'emergenza e non solo\u00bb. Una settimana per tornare alla normalit\u00e0 o il Comune rimetter\u00e0 il divieto di accesso","robots":{"index":"noindex","follow":"follow","max-snippet":"max-snippet:-1","max-image-preview":"max-image-preview:large","max-video-preview":"max-video-preview:-1"},"og_locale":"it_IT","og_type":"article","og_title":"Incivili al Belvedere di Azzate, il sindaco: \"Siamo pronti a chiudere di nuovo\"","og_description":"\u00abI ragazzi hanno preso d'assalto la piazza: non rispettano le regole imposte dall'emergenza e non solo\u00bb. Una settimana per tornare alla normalit\u00e0 o il Comune rimetter\u00e0 il divieto di accesso","og_url":"https:\/\/staging.varesenews.it\/2020\/05\/vandali-incivili-al-belvedere-pronti-chiudere\/931974\/","og_site_name":"VareseNews","article_publisher":"https:\/\/www.facebook.com\/varesenews","article_author":"https:\/\/www.facebook.com\/roberta.bertolini.9","article_published_time":"2020-05-25T14:47:31+00:00","article_modified_time":"2020-05-25T15:13:44+00:00","og_image":[{"url":"http:\/\/www.varesenews.it\/wp-content\/uploads\/2020\/05\/belvedere-288x300.jpeg"}],"author":"Roberta Bertolini","twitter_card":"summary_large_image","twitter_creator":"@robybertolini","twitter_site":"@varesenews","twitter_misc":{"Scritto da":"Roberta Bertolini","Tempo di lettura stimato":"2 minuti"},"schema":{"@context":"https:\/\/schema.org","@graph":[{"@type":"WebPage","@id":"https:\/\/staging.varesenews.it\/2020\/05\/vandali-incivili-al-belvedere-pronti-chiudere\/931974\/","url":"https:\/\/staging.varesenews.it\/2020\/05\/vandali-incivili-al-belvedere-pronti-chiudere\/931974\/","name":"Incivili al Belvedere di Azzate, il sindaco: \"Siamo pronti a chiudere di nuovo\"","isPartOf":{"@id":"https:\/\/staging.varesenews.it\/#website"},"datePublished":"2020-05-25T14:47:31+00:00","dateModified":"2020-05-25T15:13:44+00:00","author":{"@id":"https:\/\/staging.varesenews.it\/#\/schema\/person\/58fbd3e567d5c00f0a64d5137fef3e68"},"description":"\u00abI ragazzi hanno preso d'assalto la piazza: non rispettano le regole imposte dall'emergenza e non solo\u00bb. Una settimana per tornare alla normalit\u00e0 o il Comune rimetter\u00e0 il divieto di accesso","breadcrumb":{"@id":"https:\/\/staging.varesenews.it\/2020\/05\/vandali-incivili-al-belvedere-pronti-chiudere\/931974\/#breadcrumb"},"inLanguage":"it-IT","potentialAction":[{"@type":"ReadAction","target":["https:\/\/staging.varesenews.it\/2020\/05\/vandali-incivili-al-belvedere-pronti-chiudere\/931974\/"]}]},{"@type":"BreadcrumbList","@id":"https:\/\/staging.varesenews.it\/2020\/05\/vandali-incivili-al-belvedere-pronti-chiudere\/931974\/#breadcrumb","itemListElement":[{"@type":"ListItem","position":1,"name":"Home","item":"https:\/\/www.varesenews.it\/"},{"@type":"ListItem","position":2,"name":"Incivili al Belvedere di Azzate, il sindaco: &#8220;Siamo pronti a chiudere di nuovo&#8221;"}]},{"@type":"WebSite","@id":"https:\/\/staging.varesenews.it\/#website","url":"https:\/\/staging.varesenews.it\/","name":"VareseNews","description":"","potentialAction":[{"@type":"SearchAction","target":{"@type":"EntryPoint","urlTemplate":"https:\/\/staging.varesenews.it\/?s={search_term_string}"},"query-input":"required name=search_term_string"}],"inLanguage":"it-IT"},{"@type":"Person","@id":"https:\/\/staging.varesenews.it\/#\/schema\/person\/58fbd3e567d5c00f0a64d5137fef3e68","name":"Roberta Bertolini","image":{"@type":"ImageObject","inLanguage":"it-IT","@id":"https:\/\/staging.varesenews.it\/#\/schema\/person\/image\/","url":"https:\/\/staging.varesenews.it\/wp-content\/uploads\/2020\/12\/roberta_bertolini_colori_500.jpg","contentUrl":"https:\/\/staging.varesenews.it\/wp-content\/uploads\/2020\/12\/roberta_bertolini_colori_500.jpg","caption":"Roberta Bertolini"},"description":"Giornalista professionista dal 1991, sono passata, ormai molti anni fa, dalla carta al web. Oggi mi occupo di cronaca locale e guardo con curiosit&agrave; ed attenzione il mondo dei social. Parlo poco, ascolto molto.","sameAs":["https:\/\/www.facebook.com\/roberta.bertolini.9","bettabertolini","https:\/\/www.linkedin.com\/hp\/?dnr=v9e-Gp7a6_oxqTuQyZA0Lf4aEi4t91g6wMH","https:\/\/twitter.com\/robybertolini"],"url":"https:\/\/staging.varesenews.it\/persona\/roberta-bertolini1\/"}]}},"post_meta":{"_edit_lock":"1590421270:49","_edit_last":"52","_category_permalink":"a:1:{s:8:\"category\";s:0:\"\";}","foto":"753404","_yoast_wpseo_content_score":"30","_jd_tweet_this":"yes","firma_come_redazione":"1","argomento":"Azzate","_encloseme":"1","ratings_users":"0","ratings_score":"0","ratings_average":"0","_wpt_short_url":"https:\/\/www.varesenews.it\/2020\/05\/vandali-incivili-al-belvedere-pronti-chiudere\/931974\/","_wp_jd_target":"https:\/\/www.varesenews.it\/2020\/05\/vandali-incivili-al-belvedere-pronti-chiudere\/931974\/","_jd_wp_twitter":"a:1:{i:0;s:176:\"\u00abVandali e incivili al Belvedere, siamo pronti a chiudere di nuovo\u00bb https:\/\/www.varesenews.it\/2020\/05\/vandali-incivili-al-belvedere-pronti-chiudere\/931974\/ #azzate #belvedere\";}","_wpt_status_message":"Tweet inviato con successo."},"photos":[{"original":"https:\/\/staging.varesenews.it\/photogallery_new\/images\/2019\/08\/belvedere-di-azzate-di-angela-boschiroli-753404.jpg","full":"https:\/\/staging.varesenews.it\/photogallery_new\/images\/2019\/08\/belvedere-di-azzate-di-angela-boschiroli-753404.1024x768.jpg","large":"https:\/\/staging.varesenews.it\/photogallery_new\/images\/2019\/08\/belvedere-di-azzate-di-angela-boschiroli-753404.610x431.jpg"}],"_links":{"self":[{"href":"https:\/\/staging.varesenews.it\/swgapi\/v1\/wp\/v2\/posts\/931974"}],"collection":[{"href":"https:\/\/staging.varesenews.it\/swgapi\/v1\/wp\/v2\/posts"}],"about":[{"href":"https:\/\/staging.varesenews.it\/swgapi\/v1\/wp\/v2\/types\/post"}],"author":[{"embeddable":true,"href":"https:\/\/staging.varesenews.it\/swgapi\/v1\/wp\/v2\/users\/49"}],"replies":[{"embeddable":true,"href":"https:\/\/staging.varesenews.it\/swgapi\/v1\/wp\/v2\/comments?post=931974"}],"version-history":[{"count":0,"href":"https:\/\/staging.varesenews.it\/swgapi\/v1\/wp\/v2\/posts\/931974\/revisions"}],"wp:attachment":[{"href":"https:\/\/staging.varesenews.it\/swgapi\/v1\/wp\/v2\/media?parent=931974"}],"wp:term":[{"taxonomy":"category","embeddable":true,"href":"https:\/\/staging.varesenews.it\/swgapi\/v1\/wp\/v2\/categories?post=931974"},{"taxonomy":"post_tag","embeddable":true,"href":"https:\/\/staging.varesenews.it\/swgapi\/v1\/wp\/v2\/tags?post=931974"}],"curies":[{"name":"wp","href":"https:\/\/api.w.org\/{rel}","templated":true}]}}