{"id":932269,"date":"2020-05-26T13:15:11","date_gmt":"2020-05-26T11:15:11","guid":{"rendered":"https:\/\/www.varesenews.it\/?p=932269"},"modified":"2020-05-26T13:25:11","modified_gmt":"2020-05-26T11:25:11","slug":"easyjet-riprende-voli-italia-15-giugno","status":"publish","type":"post","link":"https:\/\/staging.varesenews.it\/2020\/05\/easyjet-riprende-voli-italia-15-giugno\/932269\/","title":{"rendered":"EasyJet riprende i voli in Italia il 15 giugno"},"content":{"rendered":"<p><strong>EasyJet riprender\u00e0 gradualmente le operazioni in Italia il prossimo 15 giugno<\/strong>.<\/p>\n<p>Si voler\u00e0 inizialmente da otto aeroporti, il centro \u00e8 l&#8217;<strong>importante base di Milano Malpensa<\/strong>: \u00a0si voler\u00e0<strong>\u00a0verso Palermo, Catania, Bari, Napoli, Lamezia Terme, Cagliari e Olbia<\/strong>. \u00c8 previsto anche un collegamento internazionale da Brindisi a Ginevra.<\/p>\n<p>La compagnia si aspetta di aumentare progressivamente le rotte, man mano che le restrizioni saranno allentate e in linea con la domanda di viaggio da parte dei propri clienti. Durante il periodo di sospensione delle operazioni, gli aeromobili sono stati mantenuti in modo da essere pronti a ripartire non appena fosse stato possibile. Dallo scorso 6 maggio \u00e8 tornato operativo anche il training centre di Malpensa, dove i piloti easyJet hanno ripreso le attivit\u00e0 di addestramento.<\/p>\n<p>QasyJet adotter\u00e0 tutte le misure necessarie per effettuare le proprie operazioni in sicurezza, come l&#8217;obbligo per i passeggeri e il personale di cabina e di terra di indossare la mascherina e la sospensione del servizio di ristorazione a bordo per limitare i contatti e gli spostamenti durante la fase di volo. Inoltre, tutti gli aerei saranno dotati di dispositivi sanitari di scorta, tra cui mascherine, guanti e disinfettante per le mani, a disposizione di passeggeri ed equipaggio, in caso di necessit\u00e0.<\/p>\n<p>Gli aeromobili saranno inoltre quotidianamente sottoposti a una pulizia approfondita, oltre a quella prevista normalmente, e a una sanificazione integrale della cabina che garantisce la protezione delle superfici dai virus per almeno 24 ore. Tali misure sono state individuate e definite in accordo con le autorit\u00e0 aeronautiche ICAO ed EASA, nel pieno rispetto delle indicazioni delle autorit\u00e0 nazionali competenti e in linea con le norme di tutela della salute.<\/p>\n<p>Gli aerei di easyJet sono gi\u00e0 dotati di una tecnologia di filtraggio all&#8217;avanguardia. I filtri antiparticolato ad alta efficienza purificano il 99,97% dei contaminanti presenti nell&#8217;aria della cabina, compresi virus e batteri. Si tratta degli stessi sistemi di filtraggio utilizzati negli ospedali. Attraverso questi filtri l&#8217;aria della cabina viene cambiata ogni 3-4 minuti.<\/p>\n<p>\u00abSiamo molto contenti di poter finalmente tornare a volare in Italia, anche se inizialmente con un numero ridotto di collegamenti. Il trasporto aereo \u00e8 un servizio fondamentale e svolger\u00e0 un ruolo cruciale nella ripresa dell\u2019economia del Paese, consentendo la mobilit\u00e0 di persone e aziende \u2013 commenta <strong>Lorenzo Lagorio, Country Manager di easyJet Italia<\/strong> \u2013. easyJet continuer\u00e0 a lavorare in sinergia con gli aeroporti e con le autorit\u00e0 competenti per garantire alle persone di potersi spostare in sicurezza e riprendere a pianificare i propri viaggi di piacere e di lavoro\u00bb.<\/p>\n<p><em>\u00a0<\/em><\/p>\n<p><strong>Le misure in aeroporto<\/strong><\/p>\n<p>Per proteggere gli altri passeggeri e il personale di terra in aeroporto, i clienti potranno utilizzare il nostro sistema automatico di deposito bagagli per il check-in dei loro bagagli da stiva. Negli aeroporti in cui il sistema automatico di deposito bagagli non \u00e8 disponibile saranno posizionati appositi schermi protettivi presso le nostre postazioni di check-in. Ai passeggeri verr\u00e0 chiesto di presentare e scannerizzare autonomamente i propri documenti, in modo che il personale di terra e di cabina non debba maneggiarli durante l&#8217;imbarco. easyJet invita gi\u00e0 tutti i clienti a effettuare il check-in online e a scaricare la carta d&#8217;imbarco sul proprio smartphone oppure a stampare le carte d&#8217;imbarco prima di arrivare in aeroporto.\u00a0 Inoltre, il nostro personale di terra indosser\u00e0 sempre guanti e mascherine durante il trasporto dei bagagli dei passeggeri dall\u2019aeroporto all&#8217;aereo e viceversa.<\/p>\n<p>Ulteriori raccomandazioni per gli aeroporti indicano l\u2019adozione di apposite misure, come l&#8217;uso di mascherine, moduli di autodichiarazione sul proprio stato di salute da compilare prima della partenza e screening della temperatura. La compagnia aerea sta lavorando con tutti gli aeroporti in cui opera per capire quali misure saranno adottate per proteggere i passeggeri.<\/p>\n<p><strong>\u00a0<\/strong><\/p>\n<p><strong>Distanziamento sociale<\/strong><\/p>\n<p>Il distanziamento sociale sar\u00e0 necessario in aeroporto, ai gate e durante l&#8217;imbarco. A bordo, dove possibile, l&#8217;equipaggio inviter\u00e0 i passeggeri a sedersi a distanza dagli altri che non viaggiano con loro. easyJet continuer\u00e0 a lavorare con le autorit\u00e0 nazionali competenti per rivedere e valutare quali misure saranno necessarie sul lungo termine.<\/p>\n<p>&nbsp;<\/p>\n","protected":false},"excerpt":{"rendered":"<p>Si riparte con i voli nazionali da Milano Malpensa per Palermo, Catania, Bari, Lamezia Terme, Napoli, Olbia e Cagliari. Unica tratta internazionale, per ora, la Brindisi-Ginevra<\/p>\n","protected":false},"author":46,"featured_media":0,"comment_status":"open","ping_status":"open","sticky":false,"template":"","format":"standard","meta":{"footnotes":""},"categories":[3],"tags":[4032],"acf":[],"yoast_head":"<!-- This site is optimized with the Yoast SEO plugin v20.1 - https:\/\/yoast.com\/wordpress\/plugins\/seo\/ -->\n<title>EasyJet riprende i voli in Italia il 15 giugno<\/title>\n<meta name=\"description\" content=\"Si riparte con i voli nazionali da Milano Malpensa per Palermo, Catania, Bari, Lamezia Terme, Napoli, Olbia e Cagliari. Unica tratta internazionale, per ora, la Brindisi-Ginevra\" \/>\n<meta name=\"robots\" content=\"noindex, follow, max-snippet:-1, max-image-preview:large, max-video-preview:-1\" \/>\n<meta property=\"og:locale\" content=\"it_IT\" \/>\n<meta property=\"og:type\" content=\"article\" \/>\n<meta property=\"og:title\" content=\"EasyJet riprende i voli in Italia il 15 giugno\" \/>\n<meta property=\"og:description\" content=\"Si riparte con i voli nazionali da Milano Malpensa per Palermo, Catania, Bari, Lamezia Terme, Napoli, Olbia e Cagliari. Unica tratta internazionale, per ora, la Brindisi-Ginevra\" \/>\n<meta property=\"og:url\" content=\"https:\/\/staging.varesenews.it\/2020\/05\/easyjet-riprende-voli-italia-15-giugno\/932269\/\" \/>\n<meta property=\"og:site_name\" content=\"VareseNews\" \/>\n<meta property=\"article:publisher\" content=\"https:\/\/www.facebook.com\/varesenews\" \/>\n<meta property=\"article:published_time\" content=\"2020-05-26T11:15:11+00:00\" \/>\n<meta property=\"article:modified_time\" content=\"2020-05-26T11:25:11+00:00\" \/>\n<meta name=\"author\" content=\"Roberto Morandi\" \/>\n<meta name=\"twitter:card\" content=\"summary_large_image\" \/>\n<meta name=\"twitter:creator\" content=\"@ilmorands\" \/>\n<meta name=\"twitter:site\" content=\"@varesenews\" \/>\n<meta name=\"twitter:label1\" content=\"Scritto da\" \/>\n\t<meta name=\"twitter:data1\" content=\"Roberto Morandi\" \/>\n\t<meta name=\"twitter:label2\" content=\"Tempo di lettura stimato\" \/>\n\t<meta name=\"twitter:data2\" content=\"3 minuti\" \/>\n<script type=\"application\/ld+json\" class=\"yoast-schema-graph\">{\"@context\":\"https:\/\/schema.org\",\"@graph\":[{\"@type\":\"WebPage\",\"@id\":\"https:\/\/staging.varesenews.it\/2020\/05\/easyjet-riprende-voli-italia-15-giugno\/932269\/\",\"url\":\"https:\/\/staging.varesenews.it\/2020\/05\/easyjet-riprende-voli-italia-15-giugno\/932269\/\",\"name\":\"EasyJet riprende i voli in Italia il 15 giugno\",\"isPartOf\":{\"@id\":\"https:\/\/staging.varesenews.it\/#website\"},\"datePublished\":\"2020-05-26T11:15:11+00:00\",\"dateModified\":\"2020-05-26T11:25:11+00:00\",\"author\":{\"@id\":\"https:\/\/staging.varesenews.it\/#\/schema\/person\/efe592ae4c76536b551f89d8b6674bc3\"},\"description\":\"Si riparte con i voli nazionali da Milano Malpensa per Palermo, Catania, Bari, Lamezia Terme, Napoli, Olbia e Cagliari. Unica tratta internazionale, per ora, la Brindisi-Ginevra\",\"breadcrumb\":{\"@id\":\"https:\/\/staging.varesenews.it\/2020\/05\/easyjet-riprende-voli-italia-15-giugno\/932269\/#breadcrumb\"},\"inLanguage\":\"it-IT\",\"potentialAction\":[{\"@type\":\"ReadAction\",\"target\":[\"https:\/\/staging.varesenews.it\/2020\/05\/easyjet-riprende-voli-italia-15-giugno\/932269\/\"]}]},{\"@type\":\"BreadcrumbList\",\"@id\":\"https:\/\/staging.varesenews.it\/2020\/05\/easyjet-riprende-voli-italia-15-giugno\/932269\/#breadcrumb\",\"itemListElement\":[{\"@type\":\"ListItem\",\"position\":1,\"name\":\"Home\",\"item\":\"https:\/\/www.varesenews.it\/\"},{\"@type\":\"ListItem\",\"position\":2,\"name\":\"EasyJet riprende i voli in Italia il 15 giugno\"}]},{\"@type\":\"WebSite\",\"@id\":\"https:\/\/staging.varesenews.it\/#website\",\"url\":\"https:\/\/staging.varesenews.it\/\",\"name\":\"VareseNews\",\"description\":\"\",\"potentialAction\":[{\"@type\":\"SearchAction\",\"target\":{\"@type\":\"EntryPoint\",\"urlTemplate\":\"https:\/\/staging.varesenews.it\/?s={search_term_string}\"},\"query-input\":\"required name=search_term_string\"}],\"inLanguage\":\"it-IT\"},{\"@type\":\"Person\",\"@id\":\"https:\/\/staging.varesenews.it\/#\/schema\/person\/efe592ae4c76536b551f89d8b6674bc3\",\"name\":\"Roberto Morandi\",\"image\":{\"@type\":\"ImageObject\",\"inLanguage\":\"it-IT\",\"@id\":\"https:\/\/staging.varesenews.it\/#\/schema\/person\/image\/\",\"url\":\"https:\/\/staging.varesenews.it\/wp-content\/uploads\/2020\/12\/roberto_morandi_colori_500.jpg\",\"contentUrl\":\"https:\/\/staging.varesenews.it\/wp-content\/uploads\/2020\/12\/roberto_morandi_colori_500.jpg\",\"caption\":\"Roberto Morandi\"},\"description\":\"Classe 1980, laureato in storia, mi occupo dell&rsquo;area di Gallarate e di Malpensa, di trasporti e mobilit&agrave;. Amo molto la dimensione della citt&agrave;, come luogo d&rsquo;incontro di persone diverse e come organismo che si trasforma costantemente. Mi piace anche raccontare le piccole e grandi vicende, anche locali, che compongono la Storia con la S maiuscola. Appassionato di bicicletta: la macchina perfetta per muoversi in citt&agrave; e per viaggiare.\",\"sameAs\":[\"https:\/\/twitter.com\/ilmorands\"],\"url\":\"https:\/\/staging.varesenews.it\/persona\/roberto-morandi1\/\"}]}<\/script>\n<!-- \/ Yoast SEO plugin. -->","yoast_head_json":{"title":"EasyJet riprende i voli in Italia il 15 giugno","description":"Si riparte con i voli nazionali da Milano Malpensa per Palermo, Catania, Bari, Lamezia Terme, Napoli, Olbia e Cagliari. Unica tratta internazionale, per ora, la Brindisi-Ginevra","robots":{"index":"noindex","follow":"follow","max-snippet":"max-snippet:-1","max-image-preview":"max-image-preview:large","max-video-preview":"max-video-preview:-1"},"og_locale":"it_IT","og_type":"article","og_title":"EasyJet riprende i voli in Italia il 15 giugno","og_description":"Si riparte con i voli nazionali da Milano Malpensa per Palermo, Catania, Bari, Lamezia Terme, Napoli, Olbia e Cagliari. Unica tratta internazionale, per ora, la Brindisi-Ginevra","og_url":"https:\/\/staging.varesenews.it\/2020\/05\/easyjet-riprende-voli-italia-15-giugno\/932269\/","og_site_name":"VareseNews","article_publisher":"https:\/\/www.facebook.com\/varesenews","article_published_time":"2020-05-26T11:15:11+00:00","article_modified_time":"2020-05-26T11:25:11+00:00","author":"Roberto Morandi","twitter_card":"summary_large_image","twitter_creator":"@ilmorands","twitter_site":"@varesenews","twitter_misc":{"Scritto da":"Roberto Morandi","Tempo di lettura stimato":"3 minuti"},"schema":{"@context":"https:\/\/schema.org","@graph":[{"@type":"WebPage","@id":"https:\/\/staging.varesenews.it\/2020\/05\/easyjet-riprende-voli-italia-15-giugno\/932269\/","url":"https:\/\/staging.varesenews.it\/2020\/05\/easyjet-riprende-voli-italia-15-giugno\/932269\/","name":"EasyJet riprende i voli in Italia il 15 giugno","isPartOf":{"@id":"https:\/\/staging.varesenews.it\/#website"},"datePublished":"2020-05-26T11:15:11+00:00","dateModified":"2020-05-26T11:25:11+00:00","author":{"@id":"https:\/\/staging.varesenews.it\/#\/schema\/person\/efe592ae4c76536b551f89d8b6674bc3"},"description":"Si riparte con i voli nazionali da Milano Malpensa per Palermo, Catania, Bari, Lamezia Terme, Napoli, Olbia e Cagliari. Unica tratta internazionale, per ora, la Brindisi-Ginevra","breadcrumb":{"@id":"https:\/\/staging.varesenews.it\/2020\/05\/easyjet-riprende-voli-italia-15-giugno\/932269\/#breadcrumb"},"inLanguage":"it-IT","potentialAction":[{"@type":"ReadAction","target":["https:\/\/staging.varesenews.it\/2020\/05\/easyjet-riprende-voli-italia-15-giugno\/932269\/"]}]},{"@type":"BreadcrumbList","@id":"https:\/\/staging.varesenews.it\/2020\/05\/easyjet-riprende-voli-italia-15-giugno\/932269\/#breadcrumb","itemListElement":[{"@type":"ListItem","position":1,"name":"Home","item":"https:\/\/www.varesenews.it\/"},{"@type":"ListItem","position":2,"name":"EasyJet riprende i voli in Italia il 15 giugno"}]},{"@type":"WebSite","@id":"https:\/\/staging.varesenews.it\/#website","url":"https:\/\/staging.varesenews.it\/","name":"VareseNews","description":"","potentialAction":[{"@type":"SearchAction","target":{"@type":"EntryPoint","urlTemplate":"https:\/\/staging.varesenews.it\/?s={search_term_string}"},"query-input":"required name=search_term_string"}],"inLanguage":"it-IT"},{"@type":"Person","@id":"https:\/\/staging.varesenews.it\/#\/schema\/person\/efe592ae4c76536b551f89d8b6674bc3","name":"Roberto Morandi","image":{"@type":"ImageObject","inLanguage":"it-IT","@id":"https:\/\/staging.varesenews.it\/#\/schema\/person\/image\/","url":"https:\/\/staging.varesenews.it\/wp-content\/uploads\/2020\/12\/roberto_morandi_colori_500.jpg","contentUrl":"https:\/\/staging.varesenews.it\/wp-content\/uploads\/2020\/12\/roberto_morandi_colori_500.jpg","caption":"Roberto Morandi"},"description":"Classe 1980, laureato in storia, mi occupo dell&rsquo;area di Gallarate e di Malpensa, di trasporti e mobilit&agrave;. Amo molto la dimensione della citt&agrave;, come luogo d&rsquo;incontro di persone diverse e come organismo che si trasforma costantemente. Mi piace anche raccontare le piccole e grandi vicende, anche locali, che compongono la Storia con la S maiuscola. Appassionato di bicicletta: la macchina perfetta per muoversi in citt&agrave; e per viaggiare.","sameAs":["https:\/\/twitter.com\/ilmorands"],"url":"https:\/\/staging.varesenews.it\/persona\/roberto-morandi1\/"}]}},"post_meta":{"_edit_lock":"1590506948:46","_edit_last":"46","_category_permalink":"a:1:{s:8:\"category\";s:1:\"3\";}","_encloseme":"1","ratings_users":"0","ratings_score":"0","ratings_average":"0","foto":"782244","firma_come_redazione":"1","argomento":"Malpensa","_yoast_wpseo_content_score":"30","_jd_tweet_this":"yes","_wpt_short_url":"https:\/\/www.varesenews.it\/2020\/05\/easyjet-riprende-voli-italia-15-giugno\/932269\/","_wp_jd_target":"https:\/\/www.varesenews.it\/2020\/05\/easyjet-riprende-voli-italia-15-giugno\/932269\/","_jd_wp_twitter":"a:1:{i:0;s:136:\"EasyJet riprende i voli in Italia il 15 giugno https:\/\/www.varesenews.it\/2020\/05\/easyjet-riprende-voli-italia-15-giugno\/932269\/ #easyJet\";}","_wpt_status_message":"Tweet inviato con successo."},"photos":[{"original":"https:\/\/staging.varesenews.it\/photogallery_new\/images\/2020\/01\/il-nuovo-airbus-a321-neo-di-easyjet-782244.jpg","full":"https:\/\/staging.varesenews.it\/photogallery_new\/images\/2020\/01\/il-nuovo-airbus-a321-neo-di-easyjet-782244.1024x768.jpg","large":"https:\/\/staging.varesenews.it\/photogallery_new\/images\/2020\/01\/il-nuovo-airbus-a321-neo-di-easyjet-782244.610x431.jpg"}],"_links":{"self":[{"href":"https:\/\/staging.varesenews.it\/swgapi\/v1\/wp\/v2\/posts\/932269"}],"collection":[{"href":"https:\/\/staging.varesenews.it\/swgapi\/v1\/wp\/v2\/posts"}],"about":[{"href":"https:\/\/staging.varesenews.it\/swgapi\/v1\/wp\/v2\/types\/post"}],"author":[{"embeddable":true,"href":"https:\/\/staging.varesenews.it\/swgapi\/v1\/wp\/v2\/users\/46"}],"replies":[{"embeddable":true,"href":"https:\/\/staging.varesenews.it\/swgapi\/v1\/wp\/v2\/comments?post=932269"}],"version-history":[{"count":0,"href":"https:\/\/staging.varesenews.it\/swgapi\/v1\/wp\/v2\/posts\/932269\/revisions"}],"wp:attachment":[{"href":"https:\/\/staging.varesenews.it\/swgapi\/v1\/wp\/v2\/media?parent=932269"}],"wp:term":[{"taxonomy":"category","embeddable":true,"href":"https:\/\/staging.varesenews.it\/swgapi\/v1\/wp\/v2\/categories?post=932269"},{"taxonomy":"post_tag","embeddable":true,"href":"https:\/\/staging.varesenews.it\/swgapi\/v1\/wp\/v2\/tags?post=932269"}],"curies":[{"name":"wp","href":"https:\/\/api.w.org\/{rel}","templated":true}]}}