{"id":933724,"date":"2020-05-30T19:04:50","date_gmt":"2020-05-30T17:04:50","guid":{"rendered":"https:\/\/www.varesenews.it\/?p=933724"},"modified":"2020-05-30T19:42:21","modified_gmt":"2020-05-30T17:42:21","slug":"platano-tagliato-sindaco-intervento-trasparente-necessario","status":"publish","type":"post","link":"https:\/\/staging.varesenews.it\/2020\/05\/platano-tagliato-sindaco-intervento-trasparente-necessario\/933724\/","title":{"rendered":"Platani tagliati, il sindaco: \u201cintervento trasparente e necessario&#8221;"},"content":{"rendered":"<p><em>Riceviamo e pubblichiamo il comunicato del sindaco di Jerago con Orago Emilio Aliverti, che risponde alle <a href=\"https:\/\/www.varesenews.it\/2020\/05\/idee-covid-jerago-orago-si-tagliano-piante\/933318\/\">critiche delle opposizioni<\/a> sul <a href=\"https:\/\/www.varesenews.it\/2020\/05\/orago-tagliano-platani-via-milano\/932856\/\">taglio dei platani di via Milano<\/a><\/em><\/p>\n<blockquote><p>Dell\u2019amministrazione della cosa pubblica.<br \/>\nDopo le violente polemiche scatenate sulla piazza virtuale, molte delle quali mi hanno profondamente<br \/>\namareggiato per le falsit\u00e0 espresse, ritengo opportuno fare chiarezza e ricostruire in maniera corretta i<br \/>\nfatti.<br \/>\nLa realizzazione del percorso ciclopedonale lungo la via Milano (di cui si parla ormai dal lontano 2008) era<br \/>\nnel programma elettorale di tutte le liste che si sono presentate alle scorse elezioni con lo scopo di tutelare<br \/>\nla sicurezza dei cittadini che raggiungono la stazione (o che pi\u00f9 in generale si spostano lungo la via Milano).<br \/>\nIl progetto del 2010 dell\u2019Amministrazione Ginelli \u00e8 stato rivisto, dopo accurata analisi costi-benefici e<br \/>\nnumerosi incontri tra progettisti, ufficio tecnico e tecnici RFI finalizzati a verificare il rispetto delle<br \/>\nnormative in particolare in materia di sicurezza, che, come saprete, sono in continua evoluzione e in<br \/>\nparticolare negli ultimi anni, anche a causa dei recenti disastri che hanno coinvolto proprio le ferrovie e i<br \/>\nponti.<br \/>\nPartiamo dall\u2019obiettivo del progetto, perch\u00e9 visione e obiettivo devono sempre essere ben chiari: garantire<br \/>\nla tutela della mobilit\u00e0 dolce, realizzare una infrastruttura a costi ragionevoli e duratura, valutare<br \/>\nl\u2019interferenza e l\u2019impatto della struttura con l\u2019ambiente circostante.<br \/>\nHo ripetuto innumerevoli volte che quel filare, e non \u201cviale iconico\u201d (cosa vorr\u00e0 mai dire?), su quella riva,<br \/>\na bordo strada e a meno di 10m dalla linea ferroviaria, non ci doveva essere. Violava la normativa vigente<br \/>\ne costituiva pericolo potenziale anche molto grave, come ci ha ribadito- nero su bianco \u2013 RFI in un verbale<br \/>\ndel marzo 2020.<br \/>\nCi\u00f2 detto, mettiamo in ordine tempi e fatti, poich\u00e9 la storia che l\u2019opposizione all\u2019unisono sta raccontando,<br \/>\novvero che abbiamo agito nell\u2019ombra, con scarsa trasparenza e soprattutto violando leggi, norme e<br \/>\nregolamenti, \u00e8 una colossale mistificazione \u2013 atta, a mio parere, o a coprire la loro inerzia e totale assenza<br \/>\ndi proposta o l\u2019incapacit\u00e0 e la scarsa competenza e conoscenza delle regole amministrative.<br \/>\nIl 29 Novembre 2019 la mia Giunta approvava la variante del progetto (sintesi degli incontri dei mesi<br \/>\nprecedenti tra i vari tecnici) che prevedeva il totale abbattimento del filare.<\/p>\n<p><a href=\"http:\/\/www.varesenews.it\/wp-content\/uploads\/2020\/05\/Jerago-3.png\"><img loading=\"lazy\" decoding=\"async\" class=\"alignnone size-medium wp-image-933730\" src=\"http:\/\/www.varesenews.it\/wp-content\/uploads\/2020\/05\/Jerago-3-300x179.png\" alt=\"\" width=\"300\" height=\"179\" srcset=\"https:\/\/staging.varesenews.it\/wp-content\/uploads\/2020\/05\/Jerago-3-300x179.png 300w, https:\/\/staging.varesenews.it\/wp-content\/uploads\/2020\/05\/Jerago-3.png 536w\" sizes=\"(max-width: 300px) 100vw, 300px\" \/><\/a><\/p>\n<p>La delibera viene pubblicata sul sito del comune l\u201911 dicembre 2019 e i capigruppo ricevono informazioni<br \/>\nspecifiche. Questo perch\u00e9 \u00e8 loro dovere vigilare e controllare l\u2019operato dell\u2019amministrazione \u2013 come<br \/>\nimpone la trasparenza amministrativa.<br \/>\nTale delibera \u00e8 l\u2019atto politico che determina le azioni tecniche conseguenti, quali ad esempio l\u2019incarico per<br \/>\nl\u2019abbattimento (la determina del funzionario).<br \/>\nAlle delibere di giunta chiunque pu\u00f2 fare ricorso entro 60gg al TAR ed entro 120gg al Presidente della<br \/>\nRepubblica.<br \/>\nNel caso in oggetto, tali termini sono tutti ampiamente scaduti, senza che nessuno di coloro che fosse<br \/>\ntitolato a farlo abbia detto nulla.<br \/>\nL\u2019assetto democratico, lo statuto e i regolamenti del nostro comune offrono ulteriori strumenti alle<br \/>\nopposizioni, ovvero la convocazione di consigli comunali straordinari oppure la richiesta di convocazione<br \/>\ndella consulta ambiente e territorio. Nulla di tutto ci\u00f2 \u00e8 mai avvenuto\u2026 o meglio, qualcosa \u00e8 successo\u2026<br \/>\nA febbraio una delle due liste di opposizione si \u201caccorge\u201d della delibera di novembre (alla faccia della<br \/>\ncapacit\u00e0 di vigilare attentamente e di intervento rapido) e organizza una serie di gazebo, il cui scopo ed<br \/>\nesito (petizioni, raccolta firme, presentazione di mozioni, interrogazioni, definizione di presunti progetti<br \/>\nalternativi) non \u00e8 dato sapere poich\u00e9, a parte qualche comparsata sui giornali, non ha prodotto n\u00e9<br \/>\nformalizzato nulla di concreto.<br \/>\nDopo due settimane, immagino di profonda riflessione, anche esponenti della lista del PD (altra lista di<br \/>\nopposizione) dichiarano di costituire il comitato 33 platani a difesa degli stessi. Anche in questo caso, a<br \/>\nparte le dichiarazioni online e a mezzo stampa, nulla di concreto si deve registrare\u2026 o meglio\u2026<br \/>\nViene recapitata a questo ente la richiesta di inserimento del filare (confuso come viale iconico) nel<br \/>\npatrimonio monumentale, ai sensi della legge regionale n 10 del 14.01.2013 art 7. Nobile iniziativa, peccato<br \/>\nche requisito imprescindibile per tale classificazione, per i platani in particolare, sia quella di avere un<br \/>\ncirconferenza di almeno 4m, misurato ad 1.3m di altezza. \u00c8 evidente a tutti che NESSUNO di quei platani aveva<br \/>\ntali caratteristiche e dunque la richiesta presentata, a parte autoassolvere i presentatori dall\u2019accusa di<br \/>\nimmobilit\u00e0, inerzia e inefficienza aveva l\u2019unico scopo di poter essere sbandierata al momento opportuno.<br \/>\nIn verit\u00e0, per rimettere i fatti ancora di pi\u00f9 al loro giusto posto e fare appello alla memoria della nostra<br \/>\ncomunit\u00e0, forse un platano meritorio di tale classificazione c\u2019\u00e8 stato.<br \/>\nEra il platano numero 36. Quello pi\u00f9 vicino al parcheggio della stazione, abbattuto nottetempo assieme a<br \/>\ndue sui fratelli meno sviluppati, nel lontano 2015 (qui l\u2019articolo dove gli alberi abbattuti indicati sono due,<br \/>\nuno forse dimenticato (o https:\/\/www.varesenews.it\/2015\/12\/manutenzione-straordinaria-per-i-platani-di-viamilano\/466499\/)<\/p>\n<p>Chi fu l\u2019autore di tale \u201cmini-scempio\u201d? Colui che, agitandosi come un ossesso, urla e accusa persone che<br \/>\nnon hanno nulla da rimproverare alla loro azione amministrativa lineare e veritiera, violando un cantiere<br \/>\nil cui accesso era interdetto per motivi di sicurezza, non indossando alcuna mascherina \u2013 pessimo esempio<br \/>\ntipico della casta \u2013 percuotendo un tronco e insultando persino gli elettori di Jerago con Orago.<br \/>\nEsempio classico di trasformismo ambientalista, populista e politico di chi cinque anni fa ha condiviso in<br \/>\ngiunta ogni scelta e rispettato le indicazioni di RFI proprio in materia di sicurezza abbattendo quei 3 platani<br \/>\n3<br \/>\n(ripeto, di notte e dandone pubblicit\u00e0 solo a cose fatte) ed ora viene a raccontare la favola del mago<br \/>\n\u201cbenaltrista\u201d per cui altro si poteva fare per ottemperare alle medesime richieste RFI del 2020.<br \/>\nButtare in politica una scelta dettata da esigenze di sicurezza e di realizzazione di una infrastruttura<br \/>\nnecessaria ed indispensabile, manifesta una becera strumentalizzazione ad indirizzo variabile persino con<br \/>\nla presenza ai gazebo di parlamentari e consiglieri provinciali pronti a sostenere la causa ambientalista.<br \/>\nMi domando e vi domando dove fossero il nostro accalorato consigliere comunale e i suo sodali di partito<br \/>\nquando, in un comune del gallaratese, dove quel partito \u00e8 maggioranza di governo, \u00e8 accaduto quanto<br \/>\ndocumenta la foto sotto riportata: non entro nel merito della scelta, sottolineo semplicemente il<br \/>\ndoppiopesismo e la credibilit\u00e0 di urla, invettive e accuse rabbiose lontane anni-luce dal sereno dibattito<br \/>\nche questo paese si merita e palese segno dell\u2019inadeguatezza dello stesso al ruolo di sindaco documentato<br \/>\ncon video diffusi sui social.<\/p>\n<p><a href=\"http:\/\/www.varesenews.it\/wp-content\/uploads\/2020\/05\/Jerago-2.png\"><img loading=\"lazy\" decoding=\"async\" class=\"alignnone size-medium wp-image-933729\" src=\"http:\/\/www.varesenews.it\/wp-content\/uploads\/2020\/05\/Jerago-2-300x263.png\" alt=\"\" width=\"300\" height=\"263\" srcset=\"https:\/\/staging.varesenews.it\/wp-content\/uploads\/2020\/05\/Jerago-2-300x263.png 300w, https:\/\/staging.varesenews.it\/wp-content\/uploads\/2020\/05\/Jerago-2.png 498w\" sizes=\"(max-width: 300px) 100vw, 300px\" \/><\/a><\/p>\n<p>Torniamo ai fatti\u2026<br \/>\nApprovata la delibera, scaduti i termini per eventuali ricorsi, l\u2019amministrazione durante il lock-down<br \/>\ncertamente non si \u00e8 adagiata sul comodo divano di casa e nemmeno \u00e8 sparita per tre mesi, come hanno<br \/>\nfatto tutte le opposizioni, che mai in queste settimane hanno contribuito attivamente al supporto alla<br \/>\ncittadinanza, n\u00e9 contattando il sottoscritto n\u00e9 le associazioni e i volontari impegnati a cui vanno i miei<br \/>\ninfiniti ringraziamenti \u2013 se non le solite critiche bartaliane all\u2019insegna del \u201cl\u2019\u00e8 tutto sbagliato, l\u2019\u00e8 tutto da<br \/>\nrifare\u201d. Abbiamo organizzato sopralluoghi per completare l\u2019iter burocratico necessario all\u2019avvio dei<br \/>\ncantieri.<br \/>\n\u00c8 stata fatta la regolare gara di affidamento, assegnando ad una ditta di primissimo livello la realizzazione<br \/>\ndell\u2019intervento. L\u2019ultimo atto \u00e8 la determina di affidamento, a cui segue l\u2019avvio dei lavori.<br \/>\nFa specie sentirci accusare di \u201cinefficienza e scarsa trasparenza\u201d quando tutto \u00e8 stato fatto rispettando la<br \/>\nnormativa vigente ed assicurando a chiunque tutti gli strumenti per eventuali interventi contrari, ammessi<br \/>\nin democrazia e che comprendiamo perfettamente (ma che evidentemente bisogna saper utilizzare.<\/p>\n<p>Comprendiamo la posizione anche fortemente e appassionatamente critica dei cittadini contrari, tuttavia<br \/>\nsono ben conscio di quanto sia gravoso amministrare e dunque decidere per il bene della comunit\u00e0 e non<br \/>\nmi stancher\u00f2 di ripetere che lo scopo della realizzazione di questa infrastruttura \u00e8 la sicurezza integrata<br \/>\ndei cittadini di Jerago con Orago che percorrono la via Milano, ma anche la via Galilei, per recarsi in stazione<br \/>\no spostarsi sul territorio lungo un asse viabilistico cos\u00ec importante.<br \/>\nSe qualcuno \u00e8 in grado di garantire, nero su bianco, che quelle piante non sarebbero state mai pericolose<br \/>\n(nonostante eventuali potature invasive e quinti potenzialmente dannose sotto il profilo fito-sanitario)<br \/>\nvada a sostenerlo davanti a RFI e vorrei mai, davanti alla magistratura inquirente e giudicante in caso di<br \/>\ndisastro, ascrivibile, in questo caso specifico, soltanto al sottoscritto.<br \/>\nAi numerosi social-ingegneri strutturisti che ora prevedono il tracollo della riva, ricordo che la vegetazione<br \/>\npresente sulla stessa oggi \u00e8 fitta e paragonabile a quella della riva opposta o della riva di via Galilei\/via<br \/>\nGioberti. Sono anche queste a rischio crollo, non avendo platani presenti? Aggiungo che il progetto del<br \/>\nmarciapiede, realizzato da un importante studio di ingegneria di Varese prevede la posa del manufatto su<br \/>\nmicropali che dunque garantiranno ulteriore sicurezza e stabilit\u00e0 all\u2019intero sistema.<br \/>\nUltima accusa ricevuta \u00e8 quella di aver ignorato una diffida di Legambiente, sempre presente sui temi<br \/>\nambientali e il cui operato \u00e8 certamente meritorio. Evidentemente poco e male informata dai consiglieri<br \/>\ndella locale sezione PD, l\u2019associazione ha inviato il documento, ininfluente sotto il profilo legale, ma che<br \/>\ncomunque avrebbe costituito un interessante elemento di discussione nelle sedi competenti come<br \/>\nconsulta, consiglio, assemblea pubblica e persino con RFI, solo alle ore 18:10 del 28 maggio, ad<br \/>\nabbattimento praticamente concluso e dunque con efficacia pari a zero.<br \/>\nRipeto, la decisione politica \u00e8 stata presa ufficialmente il 29 novembre 2019. Da l\u00ec in avanti ogni giorno<br \/>\nsarebbe stato utile e adeguato per qualsiasi azione di confronto e di contrasto, mai pervenuta a causa della<br \/>\ninerzia amministrativa delle opposizioni che hanno preferito fare confusione sui giornali, invece di<br \/>\nconfrontarsi e utilizzare gli strumenti democratici in loro possesso.<br \/>\nStesso discorso per i millantati progetti alternativi (due, tre o forse quatto). Nessuno mai presentato,<br \/>\nnessuno mai seriamente affrontato n\u00e9 analizzato sotto il profilo della sostenibilit\u00e0, dell\u2019impatto viabilistico,<br \/>\ndella economicit\u00e0 e persino (penso alla fumosa asserita soluzione di via Crispi) alla utilit\u00e0 per i cittadini di<br \/>\nJerago con Orago perch\u00e9 realizzata per tre quarti su territorio di Cavaria con Premezzo.<br \/>\nSiamo abituati alle posizioni dogmatiche e pregiudizievoli in particolare del PD. Le abbiamo vissute per 10<br \/>\nanni di opposizione ad interventi strategici come il centro polifunzionale Aldo e Cele Dacc\u00f2 o il centro<br \/>\nnatatorio accusato di devastare l\u2019ultimo polmone verde del nostro comune e meritevole di un comitato<br \/>\nno-piscina in cui non meraviglia trovare tanta affinit\u00e0 di sostenitori con il comitato 33 platani.<br \/>\nIl nostro territorio ha oltre la met\u00e0 della superficie in stato di naturalit\u00e0. Il PGT in vigore dal 2013 sancisce<br \/>\nancora una volta inviolabilit\u00e0 dei nostri boschi. \u00c8 vero tuttavia che Orago, per ragioni legate alla grande<br \/>\ninfrastrutturazione del nostro territorio, riconosce un notevole consumo di suolo e necessita quindi di<br \/>\ninterventi di tutela. Abbiamo iniziato con il Parco Dacc\u00f2, piantumando oltre 80 alberi, abbiamo tutelato il<br \/>\nbosco a fianco del cimitero da mire speculative o dalla richiesta scellerata di convertirlo in un parcheggio<br \/>\ne abbiamo gi\u00e0 individuato aree dove provvedere a nuove ed importanti piantumazioni e i fondi per<br \/>\nrealizzarle nei prossimi mesi.<\/p>\n<p>Continuiamo a lavorare rispettando il programma e le leggi in maniera coerente, forti del senso di<br \/>\nresponsabilit\u00e0 che ci caratterizza e del consenso che mi \u00e8 stato manifestato anche in questa occasione, in<br \/>\nparticolare dai cittadini residenti.<br \/>\nA breve ripartir\u00e0 il cantiere 2iReteGas, per il quale proprio RFI ha richiesto ulteriori interventi all\u2019impresa.<br \/>\nLa strada sar\u00e0 finalmente ripristinata e messa nelle condizioni che merita, pronta ad accogliere l\u2019avvio della<br \/>\nrealizzazione dello \u201cstorico\u201d marciapiede.<br \/>\nAllego infine una bellissima foto storica della nostra via Milano degli anni 50 e del suo ultracentenario<br \/>\nponte ferroviario.<\/p>\n<p>Continuiamo a lavorare rispettando il programma e le leggi in maniera coerente, forti del senso di<br \/>\nresponsabilit\u00e0 che ci caratterizza e del consenso che mi \u00e8 stato manifestato anche in questa occasione, in<br \/>\nparticolare dai cittadini residenti.<br \/>\nA breve ripartir\u00e0 il cantiere 2iReteGas, per il quale proprio RFI ha richiesto ulteriori interventi all\u2019impresa.<br \/>\nLa strada sar\u00e0 finalmente ripristinata e messa nelle condizioni che merita, pronta ad accogliere l\u2019avvio della<br \/>\nrealizzazione dello \u201cstorico\u201d marciapiede.<br \/>\nAllego infine una bellissima foto storica della nostra via Milano degli anni 50 e del suo ultracentenario<br \/>\nponte ferroviario.<\/p>\n<p><a href=\"http:\/\/www.varesenews.it\/wp-content\/uploads\/2020\/05\/Jerago.png\"><img loading=\"lazy\" decoding=\"async\" class=\"alignnone size-medium wp-image-933728\" src=\"http:\/\/www.varesenews.it\/wp-content\/uploads\/2020\/05\/Jerago-300x205.png\" alt=\"\" width=\"300\" height=\"205\" srcset=\"https:\/\/staging.varesenews.it\/wp-content\/uploads\/2020\/05\/Jerago-300x205.png 300w, https:\/\/staging.varesenews.it\/wp-content\/uploads\/2020\/05\/Jerago.png 739w\" sizes=\"(max-width: 300px) 100vw, 300px\" \/><\/a><\/p>\n<p>Grazie per il tempo che avete dedicato a questa lettura.<br \/>\nJerago con Orago, 30 maggio 2020<br \/>\ndott. Emilio Aliverti<br \/>\nSindaco di Jerago con Orago<\/p><\/blockquote>\n","protected":false},"excerpt":{"rendered":"<p>Emilio Aliverti risponde alle minoranze con un lungo documenti. E a Marino dice: \u201cGuardi a Cardano\u201d<\/p>\n","protected":false},"author":16977,"featured_media":0,"comment_status":"open","ping_status":"open","sticky":false,"template":"","format":"standard","meta":{"footnotes":""},"categories":[1],"tags":[103643],"acf":[],"yoast_head":"<!-- This site is optimized with the Yoast SEO plugin v20.1 - https:\/\/yoast.com\/wordpress\/plugins\/seo\/ -->\n<title>Platani tagliati, il sindaco: \u201cintervento trasparente e necessario&quot;<\/title>\n<meta name=\"description\" content=\"Emilio Aliverti risponde alle minoranze con un lungo documenti. E a Marino dice: \u201cGuardi a Cardano\u201d\" \/>\n<meta name=\"robots\" content=\"noindex, follow, max-snippet:-1, max-image-preview:large, max-video-preview:-1\" \/>\n<meta property=\"og:locale\" content=\"it_IT\" \/>\n<meta property=\"og:type\" content=\"article\" \/>\n<meta property=\"og:title\" content=\"Platani tagliati, il sindaco: \u201cintervento trasparente e necessario&quot;\" \/>\n<meta property=\"og:description\" content=\"Emilio Aliverti risponde alle minoranze con un lungo documenti. E a Marino dice: \u201cGuardi a Cardano\u201d\" \/>\n<meta property=\"og:url\" content=\"https:\/\/staging.varesenews.it\/2020\/05\/platano-tagliato-sindaco-intervento-trasparente-necessario\/933724\/\" \/>\n<meta property=\"og:site_name\" content=\"VareseNews\" \/>\n<meta property=\"article:publisher\" content=\"https:\/\/www.facebook.com\/varesenews\" \/>\n<meta property=\"article:published_time\" content=\"2020-05-30T17:04:50+00:00\" \/>\n<meta property=\"article:modified_time\" content=\"2020-05-30T17:42:21+00:00\" \/>\n<meta property=\"og:image\" content=\"http:\/\/www.varesenews.it\/wp-content\/uploads\/2020\/05\/Jerago-3-300x179.png\" \/>\n<meta name=\"author\" content=\"Marco Tresca\" \/>\n<meta name=\"twitter:card\" content=\"summary_large_image\" \/>\n<meta name=\"twitter:creator\" content=\"@varesenews\" \/>\n<meta name=\"twitter:site\" content=\"@varesenews\" \/>\n<meta name=\"twitter:label1\" content=\"Scritto da\" \/>\n\t<meta name=\"twitter:data1\" content=\"Marco Tresca\" \/>\n\t<meta name=\"twitter:label2\" content=\"Tempo di lettura stimato\" \/>\n\t<meta name=\"twitter:data2\" content=\"10 minuti\" \/>\n<script type=\"application\/ld+json\" class=\"yoast-schema-graph\">{\"@context\":\"https:\/\/schema.org\",\"@graph\":[{\"@type\":\"WebPage\",\"@id\":\"https:\/\/staging.varesenews.it\/2020\/05\/platano-tagliato-sindaco-intervento-trasparente-necessario\/933724\/\",\"url\":\"https:\/\/staging.varesenews.it\/2020\/05\/platano-tagliato-sindaco-intervento-trasparente-necessario\/933724\/\",\"name\":\"Platani tagliati, il sindaco: \u201cintervento trasparente e necessario\\\"\",\"isPartOf\":{\"@id\":\"https:\/\/staging.varesenews.it\/#website\"},\"datePublished\":\"2020-05-30T17:04:50+00:00\",\"dateModified\":\"2020-05-30T17:42:21+00:00\",\"author\":{\"@id\":\"https:\/\/staging.varesenews.it\/#\/schema\/person\/964d6520a84106b854f204081e38754a\"},\"description\":\"Emilio Aliverti risponde alle minoranze con un lungo documenti. E a Marino dice: \u201cGuardi a Cardano\u201d\",\"breadcrumb\":{\"@id\":\"https:\/\/staging.varesenews.it\/2020\/05\/platano-tagliato-sindaco-intervento-trasparente-necessario\/933724\/#breadcrumb\"},\"inLanguage\":\"it-IT\",\"potentialAction\":[{\"@type\":\"ReadAction\",\"target\":[\"https:\/\/staging.varesenews.it\/2020\/05\/platano-tagliato-sindaco-intervento-trasparente-necessario\/933724\/\"]}]},{\"@type\":\"BreadcrumbList\",\"@id\":\"https:\/\/staging.varesenews.it\/2020\/05\/platano-tagliato-sindaco-intervento-trasparente-necessario\/933724\/#breadcrumb\",\"itemListElement\":[{\"@type\":\"ListItem\",\"position\":1,\"name\":\"Home\",\"item\":\"https:\/\/www.varesenews.it\/\"},{\"@type\":\"ListItem\",\"position\":2,\"name\":\"Platani tagliati, il sindaco: \u201cintervento trasparente e necessario&#8221;\"}]},{\"@type\":\"WebSite\",\"@id\":\"https:\/\/staging.varesenews.it\/#website\",\"url\":\"https:\/\/staging.varesenews.it\/\",\"name\":\"VareseNews\",\"description\":\"\",\"potentialAction\":[{\"@type\":\"SearchAction\",\"target\":{\"@type\":\"EntryPoint\",\"urlTemplate\":\"https:\/\/staging.varesenews.it\/?s={search_term_string}\"},\"query-input\":\"required name=search_term_string\"}],\"inLanguage\":\"it-IT\"},{\"@type\":\"Person\",\"@id\":\"https:\/\/staging.varesenews.it\/#\/schema\/person\/964d6520a84106b854f204081e38754a\",\"name\":\"Marco Tresca\",\"image\":{\"@type\":\"ImageObject\",\"inLanguage\":\"it-IT\",\"@id\":\"https:\/\/staging.varesenews.it\/#\/schema\/person\/image\/\",\"url\":\"https:\/\/staging.varesenews.it\/wp-content\/uploads\/2020\/12\/marco_tresca_colori_500.jpg\",\"contentUrl\":\"https:\/\/staging.varesenews.it\/wp-content\/uploads\/2020\/12\/marco_tresca_colori_500.jpg\",\"caption\":\"Marco Tresca\"},\"description\":\"Nato a Varese nel 1995 e cresciuto sulle colline tainesi, da dove mi piace osservare e raccontare quello che accade lungo le sponde lombarde e piemontesi del Lago Maggiore e del Ticino. Dopo essermi laureato in lingue e letterature a Milano, inizio a collaborare con VareseNews prima e con VerbanoNews poi. Quando non scrivo della vita di ogni giorno mi piace mettermi al servizio delle mie passioni, con un orecchio rivolto alla musica e l'altro a bordo del campo da basket.\",\"url\":\"https:\/\/staging.varesenews.it\/persona\/marco-tresca\/\"}]}<\/script>\n<!-- \/ Yoast SEO plugin. -->","yoast_head_json":{"title":"Platani tagliati, il sindaco: \u201cintervento trasparente e necessario\"","description":"Emilio Aliverti risponde alle minoranze con un lungo documenti. E a Marino dice: \u201cGuardi a Cardano\u201d","robots":{"index":"noindex","follow":"follow","max-snippet":"max-snippet:-1","max-image-preview":"max-image-preview:large","max-video-preview":"max-video-preview:-1"},"og_locale":"it_IT","og_type":"article","og_title":"Platani tagliati, il sindaco: \u201cintervento trasparente e necessario\"","og_description":"Emilio Aliverti risponde alle minoranze con un lungo documenti. E a Marino dice: \u201cGuardi a Cardano\u201d","og_url":"https:\/\/staging.varesenews.it\/2020\/05\/platano-tagliato-sindaco-intervento-trasparente-necessario\/933724\/","og_site_name":"VareseNews","article_publisher":"https:\/\/www.facebook.com\/varesenews","article_published_time":"2020-05-30T17:04:50+00:00","article_modified_time":"2020-05-30T17:42:21+00:00","og_image":[{"url":"http:\/\/www.varesenews.it\/wp-content\/uploads\/2020\/05\/Jerago-3-300x179.png"}],"author":"Marco Tresca","twitter_card":"summary_large_image","twitter_creator":"@varesenews","twitter_site":"@varesenews","twitter_misc":{"Scritto da":"Marco Tresca","Tempo di lettura stimato":"10 minuti"},"schema":{"@context":"https:\/\/schema.org","@graph":[{"@type":"WebPage","@id":"https:\/\/staging.varesenews.it\/2020\/05\/platano-tagliato-sindaco-intervento-trasparente-necessario\/933724\/","url":"https:\/\/staging.varesenews.it\/2020\/05\/platano-tagliato-sindaco-intervento-trasparente-necessario\/933724\/","name":"Platani tagliati, il sindaco: \u201cintervento trasparente e necessario\"","isPartOf":{"@id":"https:\/\/staging.varesenews.it\/#website"},"datePublished":"2020-05-30T17:04:50+00:00","dateModified":"2020-05-30T17:42:21+00:00","author":{"@id":"https:\/\/staging.varesenews.it\/#\/schema\/person\/964d6520a84106b854f204081e38754a"},"description":"Emilio Aliverti risponde alle minoranze con un lungo documenti. E a Marino dice: \u201cGuardi a Cardano\u201d","breadcrumb":{"@id":"https:\/\/staging.varesenews.it\/2020\/05\/platano-tagliato-sindaco-intervento-trasparente-necessario\/933724\/#breadcrumb"},"inLanguage":"it-IT","potentialAction":[{"@type":"ReadAction","target":["https:\/\/staging.varesenews.it\/2020\/05\/platano-tagliato-sindaco-intervento-trasparente-necessario\/933724\/"]}]},{"@type":"BreadcrumbList","@id":"https:\/\/staging.varesenews.it\/2020\/05\/platano-tagliato-sindaco-intervento-trasparente-necessario\/933724\/#breadcrumb","itemListElement":[{"@type":"ListItem","position":1,"name":"Home","item":"https:\/\/www.varesenews.it\/"},{"@type":"ListItem","position":2,"name":"Platani tagliati, il sindaco: \u201cintervento trasparente e necessario&#8221;"}]},{"@type":"WebSite","@id":"https:\/\/staging.varesenews.it\/#website","url":"https:\/\/staging.varesenews.it\/","name":"VareseNews","description":"","potentialAction":[{"@type":"SearchAction","target":{"@type":"EntryPoint","urlTemplate":"https:\/\/staging.varesenews.it\/?s={search_term_string}"},"query-input":"required name=search_term_string"}],"inLanguage":"it-IT"},{"@type":"Person","@id":"https:\/\/staging.varesenews.it\/#\/schema\/person\/964d6520a84106b854f204081e38754a","name":"Marco Tresca","image":{"@type":"ImageObject","inLanguage":"it-IT","@id":"https:\/\/staging.varesenews.it\/#\/schema\/person\/image\/","url":"https:\/\/staging.varesenews.it\/wp-content\/uploads\/2020\/12\/marco_tresca_colori_500.jpg","contentUrl":"https:\/\/staging.varesenews.it\/wp-content\/uploads\/2020\/12\/marco_tresca_colori_500.jpg","caption":"Marco Tresca"},"description":"Nato a Varese nel 1995 e cresciuto sulle colline tainesi, da dove mi piace osservare e raccontare quello che accade lungo le sponde lombarde e piemontesi del Lago Maggiore e del Ticino. Dopo essermi laureato in lingue e letterature a Milano, inizio a collaborare con VareseNews prima e con VerbanoNews poi. Quando non scrivo della vita di ogni giorno mi piace mettermi al servizio delle mie passioni, con un orecchio rivolto alla musica e l'altro a bordo del campo da basket.","url":"https:\/\/staging.varesenews.it\/persona\/marco-tresca\/"}]}},"post_meta":{"_edit_lock":"1590923281:46","_edit_last":"46","_category_permalink":"a:1:{s:8:\"category\";s:0:\"\";}","firma_come_redazione":"1","argomento":"Jerago con Orago","_yoast_wpseo_focuskw_text_input":"Platano Jerago","_yoast_wpseo_focuskw":"Platano Jerago","_yoast_wpseo_linkdex":"59","_yoast_wpseo_content_score":"30","_jd_tweet_this":"yes","foto":"1153135","_encloseme":"1","ratings_users":"0","ratings_score":"0","ratings_average":"0","_wpt_short_url":"https:\/\/www.varesenews.it\/2020\/05\/platano-tagliato-sindaco-intervento-trasparente-necessario\/933724\/","_wp_jd_target":"https:\/\/www.varesenews.it\/2020\/05\/platano-tagliato-sindaco-intervento-trasparente-necessario\/933724\/","_jd_wp_twitter":"a:1:{i:0;s:181:\"Platano tagliato, il sindaco: \u201cintervento trasparente e necessario\u201d https:\/\/www.varesenews.it\/2020\/05\/platano-tagliato-sindaco-intervento-trasparente-necessario\/933724\/ #platani\";}","_wpt_status_message":"Tweet inviato con successo."},"photos":[{"original":"https:\/\/staging.varesenews.it\/photogallery_new\/images\/2020\/05\/abbattimento-platani-orago-1153135.jpg","full":"https:\/\/staging.varesenews.it\/photogallery_new\/images\/2020\/05\/abbattimento-platani-orago-1153135.1024x768.jpg","large":"https:\/\/staging.varesenews.it\/photogallery_new\/images\/2020\/05\/abbattimento-platani-orago-1153135.610x431.jpg"}],"_links":{"self":[{"href":"https:\/\/staging.varesenews.it\/swgapi\/v1\/wp\/v2\/posts\/933724"}],"collection":[{"href":"https:\/\/staging.varesenews.it\/swgapi\/v1\/wp\/v2\/posts"}],"about":[{"href":"https:\/\/staging.varesenews.it\/swgapi\/v1\/wp\/v2\/types\/post"}],"author":[{"embeddable":true,"href":"https:\/\/staging.varesenews.it\/swgapi\/v1\/wp\/v2\/users\/16977"}],"replies":[{"embeddable":true,"href":"https:\/\/staging.varesenews.it\/swgapi\/v1\/wp\/v2\/comments?post=933724"}],"version-history":[{"count":0,"href":"https:\/\/staging.varesenews.it\/swgapi\/v1\/wp\/v2\/posts\/933724\/revisions"}],"wp:attachment":[{"href":"https:\/\/staging.varesenews.it\/swgapi\/v1\/wp\/v2\/media?parent=933724"}],"wp:term":[{"taxonomy":"category","embeddable":true,"href":"https:\/\/staging.varesenews.it\/swgapi\/v1\/wp\/v2\/categories?post=933724"},{"taxonomy":"post_tag","embeddable":true,"href":"https:\/\/staging.varesenews.it\/swgapi\/v1\/wp\/v2\/tags?post=933724"}],"curies":[{"name":"wp","href":"https:\/\/api.w.org\/{rel}","templated":true}]}}