{"id":934633,"date":"2020-06-03T18:13:45","date_gmt":"2020-06-03T16:13:45","guid":{"rendered":"https:\/\/www.varesenews.it\/?p=934633"},"modified":"2020-06-05T18:37:32","modified_gmt":"2020-06-05T16:37:32","slug":"la-casa-della-citta-solidale-marnate-due-mesi-raccolti-8400-euro-cibo","status":"publish","type":"post","link":"https:\/\/staging.varesenews.it\/2020\/06\/la-casa-della-citta-solidale-marnate-due-mesi-raccolti-8400-euro-cibo\/934633\/","title":{"rendered":"La casa della Citt\u00e0 solidale a Marnate: &#8220;In due mesi raccolti 8400 euro di cibo&#8221;"},"content":{"rendered":"<p>\u00abDai supermercati <strong>Tigros di Marnate, Veniano e Cermenate<\/strong> abbiamo raccolto alimenti per <strong>8400 euro<\/strong> di valore aiutando cento nuclei familiari a riempire la dispensa\u00bb. L&#8217;associazione &#8220;La casa della Citt\u00e0 Solidale&#8221; di Tradate presenta numeri incredibili della solidariet\u00e0 scaturita dall&#8217;iniziativa lanciata in tutti i supermercati gialli e che passa sotto il nome di &#8220;Carrello solidale&#8221;.<\/p>\n<p>I volontari <strong>Romano Estrafallaces e Davide Bianchi<\/strong> ci raccontano che dal 25 marzo al 30 maggio la generosit\u00e0 di chi \u00e8 andato a fare la spesa ha portato a racogliere 3424 kg di prodotti alimentari. In tutto l&#8217;associazione ha distribuito oltre 4 mila kg (con loro hanno collaborato anche la Coop di Tradate e quella di Busto Arsizio, ndr) aiutando 43 famiglie gi\u00e0 seguite da prima della pandemia e 57 nuclei familiari segnalati dai servizi sociali dei comuni di <strong>Tradate, Gornate e Venegono Inferiore<\/strong>.<\/p>\n<p>L&#8217;associazione \u201cLa casa della citt\u00e0 solidale\u201d <strong>viene costituita come Associazione di Promozione Sociale<\/strong> nell\u2019aprile 2014 da persone e da associazioni che dal luglio 2012 collaborano alla realizzazione degli stati generali del welfare di Tradate. Dal 6 aprile 2016 l\u2019Associazione ha acquisito ufficialmente la qualifica di Organizzazione Non Lucrativa di Utilit\u00e0 Sociale (ONLUS). La nuova denominazione corretta \u00e8 La casa della citt\u00e0 solidale Aps Onlus. In via Isonzo 3 a Tradate, grazie alla collaborazione con il Comune, ha realizzato il market solidale e ne copre le utenze, mette a disposizione il lavoro delle assistenti sociali.<\/p>\n<p><strong><a href=\"http:\/\/www.lacasadellacittasolidale.it\/\">Qui tutte le informazioni sull&#8217;associazione<\/a><\/strong><\/p>\n<p>&nbsp;<\/p>\n<p>&nbsp;<\/p>\n","protected":false},"excerpt":{"rendered":"<p>Il carrello solidale ei supermercati Tigros di Marnate, Veniano e Cermenate ha permesso a 100 famiglie di riempire la dispensa di alimenti durante i difficili mesi del lockdown<\/p>\n","protected":false},"author":47,"featured_media":0,"comment_status":"open","ping_status":"open","sticky":false,"template":"","format":"standard","meta":{"footnotes":""},"categories":[4,5],"tags":[106468,54141,104597],"acf":[],"yoast_head":"<!-- This site is optimized with the Yoast SEO plugin v20.1 - https:\/\/yoast.com\/wordpress\/plugins\/seo\/ -->\n<title>La casa della Citt\u00e0 solidale a Marnate: &quot;In due mesi raccolti 8400 euro di cibo&quot;<\/title>\n<meta name=\"description\" content=\"Il carrello solidale ei supermercati Tigros di Marnate, Veniano e Cermenate ha permesso a 100 famiglie di riempire la dispensa di alimenti durante i difficili mesi del lockdown\" \/>\n<meta name=\"robots\" content=\"noindex, follow, max-snippet:-1, max-image-preview:large, max-video-preview:-1\" \/>\n<meta property=\"og:locale\" content=\"it_IT\" \/>\n<meta property=\"og:type\" content=\"article\" \/>\n<meta property=\"og:title\" content=\"La casa della Citt\u00e0 solidale a Marnate: &quot;In due mesi raccolti 8400 euro di cibo&quot;\" \/>\n<meta property=\"og:description\" content=\"Il carrello solidale ei supermercati Tigros di Marnate, Veniano e Cermenate ha permesso a 100 famiglie di riempire la dispensa di alimenti durante i difficili mesi del lockdown\" \/>\n<meta property=\"og:url\" content=\"https:\/\/staging.varesenews.it\/2020\/06\/la-casa-della-citta-solidale-marnate-due-mesi-raccolti-8400-euro-cibo\/934633\/\" \/>\n<meta property=\"og:site_name\" content=\"VareseNews\" \/>\n<meta property=\"article:publisher\" content=\"https:\/\/www.facebook.com\/varesenews\" \/>\n<meta property=\"article:published_time\" content=\"2020-06-03T16:13:45+00:00\" \/>\n<meta property=\"article:modified_time\" content=\"2020-06-05T16:37:32+00:00\" \/>\n<meta name=\"author\" content=\"Orlando Mastrillo\" \/>\n<meta name=\"twitter:card\" content=\"summary_large_image\" \/>\n<meta name=\"twitter:creator\" content=\"@nando_mastrillo\" \/>\n<meta name=\"twitter:site\" content=\"@varesenews\" \/>\n<meta name=\"twitter:label1\" content=\"Scritto da\" \/>\n\t<meta name=\"twitter:data1\" content=\"Orlando Mastrillo\" \/>\n\t<meta name=\"twitter:label2\" content=\"Tempo di lettura stimato\" \/>\n\t<meta name=\"twitter:data2\" content=\"1 minuto\" \/>\n<script type=\"application\/ld+json\" class=\"yoast-schema-graph\">{\"@context\":\"https:\/\/schema.org\",\"@graph\":[{\"@type\":\"WebPage\",\"@id\":\"https:\/\/staging.varesenews.it\/2020\/06\/la-casa-della-citta-solidale-marnate-due-mesi-raccolti-8400-euro-cibo\/934633\/\",\"url\":\"https:\/\/staging.varesenews.it\/2020\/06\/la-casa-della-citta-solidale-marnate-due-mesi-raccolti-8400-euro-cibo\/934633\/\",\"name\":\"La casa della Citt\u00e0 solidale a Marnate: \\\"In due mesi raccolti 8400 euro di cibo\\\"\",\"isPartOf\":{\"@id\":\"https:\/\/staging.varesenews.it\/#website\"},\"datePublished\":\"2020-06-03T16:13:45+00:00\",\"dateModified\":\"2020-06-05T16:37:32+00:00\",\"author\":{\"@id\":\"https:\/\/staging.varesenews.it\/#\/schema\/person\/14c47ccce537a9058dddce296f10b296\"},\"description\":\"Il carrello solidale ei supermercati Tigros di Marnate, Veniano e Cermenate ha permesso a 100 famiglie di riempire la dispensa di alimenti durante i difficili mesi del lockdown\",\"breadcrumb\":{\"@id\":\"https:\/\/staging.varesenews.it\/2020\/06\/la-casa-della-citta-solidale-marnate-due-mesi-raccolti-8400-euro-cibo\/934633\/#breadcrumb\"},\"inLanguage\":\"it-IT\",\"potentialAction\":[{\"@type\":\"ReadAction\",\"target\":[\"https:\/\/staging.varesenews.it\/2020\/06\/la-casa-della-citta-solidale-marnate-due-mesi-raccolti-8400-euro-cibo\/934633\/\"]}]},{\"@type\":\"BreadcrumbList\",\"@id\":\"https:\/\/staging.varesenews.it\/2020\/06\/la-casa-della-citta-solidale-marnate-due-mesi-raccolti-8400-euro-cibo\/934633\/#breadcrumb\",\"itemListElement\":[{\"@type\":\"ListItem\",\"position\":1,\"name\":\"Home\",\"item\":\"https:\/\/www.varesenews.it\/\"},{\"@type\":\"ListItem\",\"position\":2,\"name\":\"La casa della Citt\u00e0 solidale a Marnate: &#8220;In due mesi raccolti 8400 euro di cibo&#8221;\"}]},{\"@type\":\"WebSite\",\"@id\":\"https:\/\/staging.varesenews.it\/#website\",\"url\":\"https:\/\/staging.varesenews.it\/\",\"name\":\"VareseNews\",\"description\":\"\",\"potentialAction\":[{\"@type\":\"SearchAction\",\"target\":{\"@type\":\"EntryPoint\",\"urlTemplate\":\"https:\/\/staging.varesenews.it\/?s={search_term_string}\"},\"query-input\":\"required name=search_term_string\"}],\"inLanguage\":\"it-IT\"},{\"@type\":\"Person\",\"@id\":\"https:\/\/staging.varesenews.it\/#\/schema\/person\/14c47ccce537a9058dddce296f10b296\",\"name\":\"Orlando Mastrillo\",\"image\":{\"@type\":\"ImageObject\",\"inLanguage\":\"it-IT\",\"@id\":\"https:\/\/staging.varesenews.it\/#\/schema\/person\/image\/\",\"url\":\"https:\/\/staging.varesenews.it\/wp-content\/uploads\/2020\/12\/orlando_mastrillo_colori_500.jpg\",\"contentUrl\":\"https:\/\/staging.varesenews.it\/wp-content\/uploads\/2020\/12\/orlando_mastrillo_colori_500.jpg\",\"caption\":\"Orlando Mastrillo\"},\"description\":\"Nasco a Luino nel 1981, ho iniziato questo lavoro nell'estate del 2003 nella redazione de Il Giorno di Varese e dall'anno successivo ho intrapreso la collaborazione con VareseNews. Dopo anni nell'Alto Varesotto mi sono trasferito a Busto Arsizio nel 2007, territorio che ho iniziato a seguire e che seguo tutt'oggi. Nel 2013 sono diventato giornalista professionista. Mi occupo di cronaca politica, giudiziaria e nera in una vasta area che comprende anche parte della Valle Olona e il Legnanese. Sono sposato con Valeria Arini e ho due splendide figlie.\",\"sameAs\":[\"or_ma\",\"https:\/\/twitter.com\/nando_mastrillo\"],\"url\":\"https:\/\/staging.varesenews.it\/persona\/orlando-mastrillo1\/\"}]}<\/script>\n<!-- \/ Yoast SEO plugin. -->","yoast_head_json":{"title":"La casa della Citt\u00e0 solidale a Marnate: \"In due mesi raccolti 8400 euro di cibo\"","description":"Il carrello solidale ei supermercati Tigros di Marnate, Veniano e Cermenate ha permesso a 100 famiglie di riempire la dispensa di alimenti durante i difficili mesi del lockdown","robots":{"index":"noindex","follow":"follow","max-snippet":"max-snippet:-1","max-image-preview":"max-image-preview:large","max-video-preview":"max-video-preview:-1"},"og_locale":"it_IT","og_type":"article","og_title":"La casa della Citt\u00e0 solidale a Marnate: \"In due mesi raccolti 8400 euro di cibo\"","og_description":"Il carrello solidale ei supermercati Tigros di Marnate, Veniano e Cermenate ha permesso a 100 famiglie di riempire la dispensa di alimenti durante i difficili mesi del lockdown","og_url":"https:\/\/staging.varesenews.it\/2020\/06\/la-casa-della-citta-solidale-marnate-due-mesi-raccolti-8400-euro-cibo\/934633\/","og_site_name":"VareseNews","article_publisher":"https:\/\/www.facebook.com\/varesenews","article_published_time":"2020-06-03T16:13:45+00:00","article_modified_time":"2020-06-05T16:37:32+00:00","author":"Orlando Mastrillo","twitter_card":"summary_large_image","twitter_creator":"@nando_mastrillo","twitter_site":"@varesenews","twitter_misc":{"Scritto da":"Orlando Mastrillo","Tempo di lettura stimato":"1 minuto"},"schema":{"@context":"https:\/\/schema.org","@graph":[{"@type":"WebPage","@id":"https:\/\/staging.varesenews.it\/2020\/06\/la-casa-della-citta-solidale-marnate-due-mesi-raccolti-8400-euro-cibo\/934633\/","url":"https:\/\/staging.varesenews.it\/2020\/06\/la-casa-della-citta-solidale-marnate-due-mesi-raccolti-8400-euro-cibo\/934633\/","name":"La casa della Citt\u00e0 solidale a Marnate: \"In due mesi raccolti 8400 euro di cibo\"","isPartOf":{"@id":"https:\/\/staging.varesenews.it\/#website"},"datePublished":"2020-06-03T16:13:45+00:00","dateModified":"2020-06-05T16:37:32+00:00","author":{"@id":"https:\/\/staging.varesenews.it\/#\/schema\/person\/14c47ccce537a9058dddce296f10b296"},"description":"Il carrello solidale ei supermercati Tigros di Marnate, Veniano e Cermenate ha permesso a 100 famiglie di riempire la dispensa di alimenti durante i difficili mesi del lockdown","breadcrumb":{"@id":"https:\/\/staging.varesenews.it\/2020\/06\/la-casa-della-citta-solidale-marnate-due-mesi-raccolti-8400-euro-cibo\/934633\/#breadcrumb"},"inLanguage":"it-IT","potentialAction":[{"@type":"ReadAction","target":["https:\/\/staging.varesenews.it\/2020\/06\/la-casa-della-citta-solidale-marnate-due-mesi-raccolti-8400-euro-cibo\/934633\/"]}]},{"@type":"BreadcrumbList","@id":"https:\/\/staging.varesenews.it\/2020\/06\/la-casa-della-citta-solidale-marnate-due-mesi-raccolti-8400-euro-cibo\/934633\/#breadcrumb","itemListElement":[{"@type":"ListItem","position":1,"name":"Home","item":"https:\/\/www.varesenews.it\/"},{"@type":"ListItem","position":2,"name":"La casa della Citt\u00e0 solidale a Marnate: &#8220;In due mesi raccolti 8400 euro di cibo&#8221;"}]},{"@type":"WebSite","@id":"https:\/\/staging.varesenews.it\/#website","url":"https:\/\/staging.varesenews.it\/","name":"VareseNews","description":"","potentialAction":[{"@type":"SearchAction","target":{"@type":"EntryPoint","urlTemplate":"https:\/\/staging.varesenews.it\/?s={search_term_string}"},"query-input":"required name=search_term_string"}],"inLanguage":"it-IT"},{"@type":"Person","@id":"https:\/\/staging.varesenews.it\/#\/schema\/person\/14c47ccce537a9058dddce296f10b296","name":"Orlando Mastrillo","image":{"@type":"ImageObject","inLanguage":"it-IT","@id":"https:\/\/staging.varesenews.it\/#\/schema\/person\/image\/","url":"https:\/\/staging.varesenews.it\/wp-content\/uploads\/2020\/12\/orlando_mastrillo_colori_500.jpg","contentUrl":"https:\/\/staging.varesenews.it\/wp-content\/uploads\/2020\/12\/orlando_mastrillo_colori_500.jpg","caption":"Orlando Mastrillo"},"description":"Nasco a Luino nel 1981, ho iniziato questo lavoro nell'estate del 2003 nella redazione de Il Giorno di Varese e dall'anno successivo ho intrapreso la collaborazione con VareseNews. Dopo anni nell'Alto Varesotto mi sono trasferito a Busto Arsizio nel 2007, territorio che ho iniziato a seguire e che seguo tutt'oggi. Nel 2013 sono diventato giornalista professionista. Mi occupo di cronaca politica, giudiziaria e nera in una vasta area che comprende anche parte della Valle Olona e il Legnanese. Sono sposato con Valeria Arini e ho due splendide figlie.","sameAs":["or_ma","https:\/\/twitter.com\/nando_mastrillo"],"url":"https:\/\/staging.varesenews.it\/persona\/orlando-mastrillo1\/"}]}},"post_meta":{"_edit_lock":"1591375403:44","_edit_last":"44","_category_permalink":"a:1:{s:8:\"category\";s:0:\"\";}","_encloseme":"1","ratings_users":"0","ratings_score":"0","ratings_average":"0","foto":"1154440","firma_come_redazione":"1","argomento":"Marnate","_yoast_wpseo_focuskw_text_input":"la casa della citt\u00e0 solidale","_yoast_wpseo_focuskw":"la casa della citt\u00e0 solidale","_yoast_wpseo_linkdex":"67","_yoast_wpseo_content_score":"30","_jd_tweet_this":"yes","_wpt_short_url":"https:\/\/www.varesenews.it\/2020\/06\/la-casa-della-citta-solidale-due-mesi-raccolti-8400-euro-cibo\/934633\/","_wp_jd_target":"https:\/\/www.varesenews.it\/2020\/06\/la-casa-della-citta-solidale-due-mesi-raccolti-8400-euro-cibo\/934633\/","_jd_wp_twitter":"a:1:{i:0;s:180:\"La casa della Citt\u00e0 solidale: \u201cIn due mesi raccolti 8400 euro di cibo\u201d https:\/\/www.varesenews.it\/2020\/06\/la-casa-della-citta-solidale-due-mesi-raccolti-8400-euro-cibo\/934633\/ \";}","_wpt_status_message":"Tweet inviato con successo.","_wp_old_slug":"la-casa-della-citta-solidale-due-mesi-raccolti-8400-euro-cibo"},"photos":[{"original":"https:\/\/staging.varesenews.it\/photogallery_new\/images\/2020\/06\/la-casa-della-citta-solidale-1154440.jpg","full":"https:\/\/staging.varesenews.it\/photogallery_new\/images\/2020\/06\/la-casa-della-citta-solidale-1154440.1024x768.jpg","large":"https:\/\/staging.varesenews.it\/photogallery_new\/images\/2020\/06\/la-casa-della-citta-solidale-1154440.610x431.jpg"}],"_links":{"self":[{"href":"https:\/\/staging.varesenews.it\/swgapi\/v1\/wp\/v2\/posts\/934633"}],"collection":[{"href":"https:\/\/staging.varesenews.it\/swgapi\/v1\/wp\/v2\/posts"}],"about":[{"href":"https:\/\/staging.varesenews.it\/swgapi\/v1\/wp\/v2\/types\/post"}],"author":[{"embeddable":true,"href":"https:\/\/staging.varesenews.it\/swgapi\/v1\/wp\/v2\/users\/47"}],"replies":[{"embeddable":true,"href":"https:\/\/staging.varesenews.it\/swgapi\/v1\/wp\/v2\/comments?post=934633"}],"version-history":[{"count":0,"href":"https:\/\/staging.varesenews.it\/swgapi\/v1\/wp\/v2\/posts\/934633\/revisions"}],"wp:attachment":[{"href":"https:\/\/staging.varesenews.it\/swgapi\/v1\/wp\/v2\/media?parent=934633"}],"wp:term":[{"taxonomy":"category","embeddable":true,"href":"https:\/\/staging.varesenews.it\/swgapi\/v1\/wp\/v2\/categories?post=934633"},{"taxonomy":"post_tag","embeddable":true,"href":"https:\/\/staging.varesenews.it\/swgapi\/v1\/wp\/v2\/tags?post=934633"}],"curies":[{"name":"wp","href":"https:\/\/api.w.org\/{rel}","templated":true}]}}