{"id":93549,"date":"2012-03-20T00:00:00","date_gmt":"2012-03-20T00:00:00","guid":{"rendered":""},"modified":"2012-03-20T00:00:00","modified_gmt":"2012-03-20T00:00:00","slug":"open-day-una-giornata-per-sentire-l-universita","status":"publish","type":"post","link":"https:\/\/staging.varesenews.it\/2012\/03\/open-day-una-giornata-per-sentire-l-universita\/93549\/","title":{"rendered":"Open day, una giornata per &#8220;sentire&#8221; l&#8217;universit\u00e0"},"content":{"rendered":"<p>&nbsp;L&rsquo;Universit&agrave; Carlo Cattaneo &ndash; LIUC si apre nuovamente alle future matricole per fornire un &ldquo;assaggio&rdquo; della vita universitaria: l&rsquo;appuntamento &egrave; per &nbsp;venerd&igrave; 30 marzo &nbsp;a partire dalle ore 9.30.&nbsp;La giornata di Universit&agrave; Aperta &egrave; interamente dedicata agli studenti che si stanno avvicinando al diploma e sono interessati alle lauree triennali in Economia e Ingegneria e alla laurea magistrale a ciclo unico in Giurisprudenza.  <\/p>\n<p>I visitatori potranno anche effettuare un tour dell&#8217;Universit&agrave; accompagnati da alcuni studenti LIUC e sostenere il test di ammissione, obbligatorio per tutti coloro che conseguono un voto di maturit&agrave; inferiore a 80\/100. Sar&agrave; inoltre possibile incontrare individualmente i docenti su appuntamento. <\/p>\n<p>Nel corso delle presentazioni dell&rsquo;offerta, saranno illustrate alcune novit&agrave; in programma per le Facolt&agrave; di Economia e Giurisprudenza. &nbsp;Nel Corso di Laurea Triennale in Economia Aziendale &egrave; stato inserito un percorso del tutto particolare, dedicato al Management dello sport e degli eventi sportivi. Nella Laurea Magistrale a ciclo unico in Giurisprudenza, invece, i percorsi sono stati interamente rivisti per una sempre maggiore aderenza al mondo dell&rsquo;impresa, oltre che a quello della professione in senso stretto: nascono quindi i percorsi in Pratica legale, International legal career, Law and management, ai quali si aggiunge la possibilit&agrave;, dopo la Laurea in Giurisprudenza, di conseguire anche la Laurea Magistrale in Economia Aziendale con un ulteriore anno di studi. <\/p>\n<p>Presso i LIUC Point si potranno richiedere informazioni dettagliate sui servizi d&#8217;eccellenza dell&#8217;Universit&agrave; Cattaneo: le Relazioni Internazionali, che vantano collaborazioni con 116 universit&agrave; straniere in 38 Paesi nel mondo, il Servizio Placement, che fornisce stage agli studenti (899 nel 2011) durante il periodo degli studi e accompagna i laureati nella ricerca del lavoro, le Borse di Studio e il meccanismo del premio al merito in virt&ugrave; del voto di maturit&agrave; e del mantenimento di un buon profitto; il progetto Skills&amp;Behaviour per affrontare la vita e il lavoro con maggior consapevolezza, padronanza di abilit&agrave; e comportamenti e poi la Biblioteca, le dotazioni informatiche a supporto dello studio, il Centro Linguistico, le Attivit&agrave; Extradidattiche con le relative squadre sportive, le Associazioni studentesche. Sar&agrave; anche possibile visitare gli edifici della LIUC, la Residenza Universitaria interna al Campus con i suoi 440 posti letto, per conoscere i luoghi dedicati all&#8217;attivit&agrave; didattica, allo studio, alla ricerca e al divertimento. <br \/>\nAlcuni studenti universitari saranno a disposizione per rispondere a domande sui corsi di laurea e per rispondere alle curiosit&agrave; dei giovani visitatori. <\/p>\n<p>Informazioni e iscrizioni: <br \/>\nServizio Orientamento e Rapporti con le scuole<br \/>\nTelefono 0331 572.300 Fax 0331 572.425 <\/p>\n<p><strong>Programma<\/strong><\/p>\n<p>Universita&rsquo; Aperta &ndash; Venerd&igrave; 30 marzo 2012<\/p>\n<p>Programma<br \/>\n9.30 Registrazione (atrio ingresso edificio aule)<br \/>\n10.00&nbsp;&ldquo;Il progetto didattico della LIUC&rdquo;  &ndash; aula C228<br \/>\nProf. Valter Lazzari, Rettore <br \/>\nPresentazione Facolt&agrave; di Economia <br \/>\nPresentazione Facolt&agrave; di Giurisprudenza&nbsp; <br \/>\nPresentazione Facolt&agrave; di Ingegneria <br \/>\n11.30 Visita guidata dell&#8217;Universit&agrave; con gli studenti del team accoglienza LIUC<br \/>\n13.00 Sessione primaverile Test Ammissione (iscrizioni sul sito www.liuc.it\/test)<br \/>\nLIUC POINT <br \/>\nDalle ore 9.30 alle&nbsp;13.00 &#8211; Atrio secondo piano Edificio Aule<br \/>\nEconomia Point <br \/>\nIngegneria Point <br \/>\nGiurisprudenza Point&nbsp; <br \/>\nBorse di studio <br \/>\nBiblioteca<br \/>\nRelazioni internazionali <br \/>\nStage e placement <br \/>\nAttivit&agrave; extra didattiche <br \/>\nSkills&amp;Behaviour <br \/>\nCentro lingue <br \/>\nINCONTRO INDIVIDUALE CON DOCENTI (previo appuntamento)<br \/>\nDalle ore 14.00 alle 16.00 &ndash; per fissare un appuntamento inviare una mail a orientamento@liuc.it<\/p>\n","protected":false},"excerpt":{"rendered":"<p>L&#8217;appuntamento \u00e8 per venerd\u00ec 30 marzo a partire dalle 9,30 all&#8217;universit\u00e0 Carlo Cattaneo di Castellanza<\/p>\n","protected":false},"author":10,"featured_media":0,"comment_status":"open","ping_status":"open","sticky":false,"template":"","format":"standard","meta":{"footnotes":""},"categories":[4],"tags":[176,924,432],"acf":[],"yoast_head":"<!-- This site is optimized with the Yoast SEO plugin v20.1 - https:\/\/yoast.com\/wordpress\/plugins\/seo\/ -->\n<title>Open day, una giornata per &quot;sentire&quot; l&#039;universit\u00e0<\/title>\n<meta name=\"description\" content=\"L&#039;appuntamento \u00e8 per venerd\u00ec 30 marzo a partire dalle 9,30 all&#039;universit\u00e0 Carlo Cattaneo di Castellanza\" \/>\n<meta name=\"robots\" content=\"noindex, follow, max-snippet:-1, max-image-preview:large, max-video-preview:-1\" \/>\n<meta property=\"og:locale\" content=\"it_IT\" \/>\n<meta property=\"og:type\" content=\"article\" \/>\n<meta property=\"og:title\" content=\"Open day, una giornata per &quot;sentire&quot; l&#039;universit\u00e0\" \/>\n<meta property=\"og:description\" content=\"L&#039;appuntamento \u00e8 per venerd\u00ec 30 marzo a partire dalle 9,30 all&#039;universit\u00e0 Carlo Cattaneo di Castellanza\" \/>\n<meta property=\"og:url\" content=\"https:\/\/staging.varesenews.it\/2012\/03\/open-day-una-giornata-per-sentire-l-universita\/93549\/\" \/>\n<meta property=\"og:site_name\" content=\"VareseNews\" \/>\n<meta property=\"article:publisher\" content=\"https:\/\/www.facebook.com\/varesenews\" \/>\n<meta property=\"article:published_time\" content=\"2012-03-20T00:00:00+00:00\" \/>\n<meta name=\"author\" content=\"Redazione VareseNews\" \/>\n<meta name=\"twitter:card\" content=\"summary_large_image\" \/>\n<meta name=\"twitter:creator\" content=\"@varesenews\" \/>\n<meta name=\"twitter:site\" content=\"@varesenews\" \/>\n<meta name=\"twitter:label1\" content=\"Scritto da\" \/>\n\t<meta name=\"twitter:data1\" content=\"Redazione VareseNews\" \/>\n\t<meta name=\"twitter:label2\" content=\"Tempo di lettura stimato\" \/>\n\t<meta name=\"twitter:data2\" content=\"3 minuti\" \/>\n<script type=\"application\/ld+json\" class=\"yoast-schema-graph\">{\"@context\":\"https:\/\/schema.org\",\"@graph\":[{\"@type\":\"WebPage\",\"@id\":\"https:\/\/staging.varesenews.it\/2012\/03\/open-day-una-giornata-per-sentire-l-universita\/93549\/\",\"url\":\"https:\/\/staging.varesenews.it\/2012\/03\/open-day-una-giornata-per-sentire-l-universita\/93549\/\",\"name\":\"Open day, una giornata per \\\"sentire\\\" l'universit\u00e0\",\"isPartOf\":{\"@id\":\"https:\/\/staging.varesenews.it\/#website\"},\"datePublished\":\"2012-03-20T00:00:00+00:00\",\"dateModified\":\"2012-03-20T00:00:00+00:00\",\"author\":{\"@id\":\"https:\/\/staging.varesenews.it\/#\/schema\/person\/fb20c4da0b7b16c291707a20db73e169\"},\"description\":\"L'appuntamento \u00e8 per venerd\u00ec 30 marzo a partire dalle 9,30 all'universit\u00e0 Carlo Cattaneo di Castellanza\",\"breadcrumb\":{\"@id\":\"https:\/\/staging.varesenews.it\/2012\/03\/open-day-una-giornata-per-sentire-l-universita\/93549\/#breadcrumb\"},\"inLanguage\":\"it-IT\",\"potentialAction\":[{\"@type\":\"ReadAction\",\"target\":[\"https:\/\/staging.varesenews.it\/2012\/03\/open-day-una-giornata-per-sentire-l-universita\/93549\/\"]}]},{\"@type\":\"BreadcrumbList\",\"@id\":\"https:\/\/staging.varesenews.it\/2012\/03\/open-day-una-giornata-per-sentire-l-universita\/93549\/#breadcrumb\",\"itemListElement\":[{\"@type\":\"ListItem\",\"position\":1,\"name\":\"Home\",\"item\":\"https:\/\/www.varesenews.it\/\"},{\"@type\":\"ListItem\",\"position\":2,\"name\":\"Open day, una giornata per &#8220;sentire&#8221; l&#8217;universit\u00e0\"}]},{\"@type\":\"WebSite\",\"@id\":\"https:\/\/staging.varesenews.it\/#website\",\"url\":\"https:\/\/staging.varesenews.it\/\",\"name\":\"VareseNews\",\"description\":\"\",\"potentialAction\":[{\"@type\":\"SearchAction\",\"target\":{\"@type\":\"EntryPoint\",\"urlTemplate\":\"https:\/\/staging.varesenews.it\/?s={search_term_string}\"},\"query-input\":\"required name=search_term_string\"}],\"inLanguage\":\"it-IT\"},{\"@type\":\"Person\",\"@id\":\"https:\/\/staging.varesenews.it\/#\/schema\/person\/fb20c4da0b7b16c291707a20db73e169\",\"name\":\"Redazione VareseNews\",\"image\":{\"@type\":\"ImageObject\",\"inLanguage\":\"it-IT\",\"@id\":\"https:\/\/staging.varesenews.it\/#\/schema\/person\/image\/\",\"url\":\"https:\/\/staging.varesenews.it\/wp-content\/uploads\/2020\/12\/logo_VN_colori_500.png\",\"contentUrl\":\"https:\/\/staging.varesenews.it\/wp-content\/uploads\/2020\/12\/logo_VN_colori_500.png\",\"caption\":\"Redazione VareseNews\"},\"url\":\"https:\/\/staging.varesenews.it\/persona\/redazione1\/\"}]}<\/script>\n<!-- \/ Yoast SEO plugin. -->","yoast_head_json":{"title":"Open day, una giornata per \"sentire\" l'universit\u00e0","description":"L'appuntamento \u00e8 per venerd\u00ec 30 marzo a partire dalle 9,30 all'universit\u00e0 Carlo Cattaneo di Castellanza","robots":{"index":"noindex","follow":"follow","max-snippet":"max-snippet:-1","max-image-preview":"max-image-preview:large","max-video-preview":"max-video-preview:-1"},"og_locale":"it_IT","og_type":"article","og_title":"Open day, una giornata per \"sentire\" l'universit\u00e0","og_description":"L'appuntamento \u00e8 per venerd\u00ec 30 marzo a partire dalle 9,30 all'universit\u00e0 Carlo Cattaneo di Castellanza","og_url":"https:\/\/staging.varesenews.it\/2012\/03\/open-day-una-giornata-per-sentire-l-universita\/93549\/","og_site_name":"VareseNews","article_publisher":"https:\/\/www.facebook.com\/varesenews","article_published_time":"2012-03-20T00:00:00+00:00","author":"Redazione VareseNews","twitter_card":"summary_large_image","twitter_creator":"@varesenews","twitter_site":"@varesenews","twitter_misc":{"Scritto da":"Redazione VareseNews","Tempo di lettura stimato":"3 minuti"},"schema":{"@context":"https:\/\/schema.org","@graph":[{"@type":"WebPage","@id":"https:\/\/staging.varesenews.it\/2012\/03\/open-day-una-giornata-per-sentire-l-universita\/93549\/","url":"https:\/\/staging.varesenews.it\/2012\/03\/open-day-una-giornata-per-sentire-l-universita\/93549\/","name":"Open day, una giornata per \"sentire\" l'universit\u00e0","isPartOf":{"@id":"https:\/\/staging.varesenews.it\/#website"},"datePublished":"2012-03-20T00:00:00+00:00","dateModified":"2012-03-20T00:00:00+00:00","author":{"@id":"https:\/\/staging.varesenews.it\/#\/schema\/person\/fb20c4da0b7b16c291707a20db73e169"},"description":"L'appuntamento \u00e8 per venerd\u00ec 30 marzo a partire dalle 9,30 all'universit\u00e0 Carlo Cattaneo di Castellanza","breadcrumb":{"@id":"https:\/\/staging.varesenews.it\/2012\/03\/open-day-una-giornata-per-sentire-l-universita\/93549\/#breadcrumb"},"inLanguage":"it-IT","potentialAction":[{"@type":"ReadAction","target":["https:\/\/staging.varesenews.it\/2012\/03\/open-day-una-giornata-per-sentire-l-universita\/93549\/"]}]},{"@type":"BreadcrumbList","@id":"https:\/\/staging.varesenews.it\/2012\/03\/open-day-una-giornata-per-sentire-l-universita\/93549\/#breadcrumb","itemListElement":[{"@type":"ListItem","position":1,"name":"Home","item":"https:\/\/www.varesenews.it\/"},{"@type":"ListItem","position":2,"name":"Open day, una giornata per &#8220;sentire&#8221; l&#8217;universit\u00e0"}]},{"@type":"WebSite","@id":"https:\/\/staging.varesenews.it\/#website","url":"https:\/\/staging.varesenews.it\/","name":"VareseNews","description":"","potentialAction":[{"@type":"SearchAction","target":{"@type":"EntryPoint","urlTemplate":"https:\/\/staging.varesenews.it\/?s={search_term_string}"},"query-input":"required name=search_term_string"}],"inLanguage":"it-IT"},{"@type":"Person","@id":"https:\/\/staging.varesenews.it\/#\/schema\/person\/fb20c4da0b7b16c291707a20db73e169","name":"Redazione VareseNews","image":{"@type":"ImageObject","inLanguage":"it-IT","@id":"https:\/\/staging.varesenews.it\/#\/schema\/person\/image\/","url":"https:\/\/staging.varesenews.it\/wp-content\/uploads\/2020\/12\/logo_VN_colori_500.png","contentUrl":"https:\/\/staging.varesenews.it\/wp-content\/uploads\/2020\/12\/logo_VN_colori_500.png","caption":"Redazione VareseNews"},"url":"https:\/\/staging.varesenews.it\/persona\/redazione1\/"}]}},"post_meta":{"id_old":"228983","argomento":"Liuc"},"photos":[],"_links":{"self":[{"href":"https:\/\/staging.varesenews.it\/swgapi\/v1\/wp\/v2\/posts\/93549"}],"collection":[{"href":"https:\/\/staging.varesenews.it\/swgapi\/v1\/wp\/v2\/posts"}],"about":[{"href":"https:\/\/staging.varesenews.it\/swgapi\/v1\/wp\/v2\/types\/post"}],"author":[{"embeddable":true,"href":"https:\/\/staging.varesenews.it\/swgapi\/v1\/wp\/v2\/users\/10"}],"replies":[{"embeddable":true,"href":"https:\/\/staging.varesenews.it\/swgapi\/v1\/wp\/v2\/comments?post=93549"}],"version-history":[{"count":0,"href":"https:\/\/staging.varesenews.it\/swgapi\/v1\/wp\/v2\/posts\/93549\/revisions"}],"wp:attachment":[{"href":"https:\/\/staging.varesenews.it\/swgapi\/v1\/wp\/v2\/media?parent=93549"}],"wp:term":[{"taxonomy":"category","embeddable":true,"href":"https:\/\/staging.varesenews.it\/swgapi\/v1\/wp\/v2\/categories?post=93549"},{"taxonomy":"post_tag","embeddable":true,"href":"https:\/\/staging.varesenews.it\/swgapi\/v1\/wp\/v2\/tags?post=93549"}],"curies":[{"name":"wp","href":"https:\/\/api.w.org\/{rel}","templated":true}]}}