{"id":936646,"date":"2020-06-10T11:59:51","date_gmt":"2020-06-10T09:59:51","guid":{"rendered":"https:\/\/www.varesenews.it\/?p=936646"},"modified":"2020-06-10T11:59:51","modified_gmt":"2020-06-10T09:59:51","slug":"settore-nuoto-della-vharese-pronto-tornare-acqua","status":"publish","type":"post","link":"https:\/\/staging.varesenews.it\/2020\/06\/settore-nuoto-della-vharese-pronto-tornare-acqua\/936646\/","title":{"rendered":"Il settore nuoto della Vharese \u00e8 pronto a tornare in acqua"},"content":{"rendered":"<p>Lo stop dovuto al Covid \u00e8 stato lungo e noioso, soprattutto per chi \u00e8 abituato a fare attivit\u00e0 quasi quotidianamente. (Foto da <a href=\"https:\/\/www.vharese.com\/settore-nuoto-vharese-ai-blocchi-di-ripartenza-wave\/?fbclid=IwAR1MNQn-EQRWb2cIMN7TpyVmhF77GFKT2i5Satr3dHplel3lU7JsbBF9eLE\">www.vharese.com<\/a>)<\/p>\n<p>Anche in casa Apd Vharese le attivit\u00e0 si sono dovute fermare, ma negli ultimi giorni qualcosa \u00e8 tornato a muoversi.<\/p>\n<p>In casa Vharese \u00e8 ricominciata l\u2019attivit\u00e0 del settore nuoto guidato dai referenti\u00a0Sergio Finazzi e\u00a0Dario Certo, i tecnici\u00a0Jasmine Cremonesi\u00a0e\u00a0Luca Rossoni.<\/p>\n<p>Gli allenamenti si sono svolti nel\u00a0Centro Sportivo Wave di Sestero Calende.<\/p>\n","protected":false},"excerpt":{"rendered":"<p>Al centro Wawe di Sesto Calende sono ripresi gli allenamenti della squadra varesina<\/p>\n","protected":false},"author":37,"featured_media":0,"comment_status":"open","ping_status":"open","sticky":false,"template":"","format":"standard","meta":{"footnotes":""},"categories":[14,2],"tags":[89851,2784,60634],"acf":[],"yoast_head":"<!-- This site is optimized with the Yoast SEO plugin v20.1 - https:\/\/yoast.com\/wordpress\/plugins\/seo\/ -->\n<title>Il settore nuoto della Vharese \u00e8 pronto a tornare in acqua<\/title>\n<meta name=\"description\" content=\"Al centro Wawe di Sesto Calende sono ripresi gli allenamenti della squadra varesina\" \/>\n<meta name=\"robots\" content=\"noindex, follow, max-snippet:-1, max-image-preview:large, max-video-preview:-1\" \/>\n<meta property=\"og:locale\" content=\"it_IT\" \/>\n<meta property=\"og:type\" content=\"article\" \/>\n<meta property=\"og:title\" content=\"Il settore nuoto della Vharese \u00e8 pronto a tornare in acqua\" \/>\n<meta property=\"og:description\" content=\"Al centro Wawe di Sesto Calende sono ripresi gli allenamenti della squadra varesina\" \/>\n<meta property=\"og:url\" content=\"https:\/\/staging.varesenews.it\/2020\/06\/settore-nuoto-della-vharese-pronto-tornare-acqua\/936646\/\" \/>\n<meta property=\"og:site_name\" content=\"VareseNews\" \/>\n<meta property=\"article:publisher\" content=\"https:\/\/www.facebook.com\/varesenews\" \/>\n<meta property=\"article:published_time\" content=\"2020-06-10T09:59:51+00:00\" \/>\n<meta name=\"author\" content=\"Francesco Mazzoleni\" \/>\n<meta name=\"twitter:card\" content=\"summary_large_image\" \/>\n<meta name=\"twitter:creator\" content=\"@fmazzof\" \/>\n<meta name=\"twitter:site\" content=\"@varesenews\" \/>\n<meta name=\"twitter:label1\" content=\"Scritto da\" \/>\n\t<meta name=\"twitter:data1\" content=\"Francesco Mazzoleni\" \/>\n<script type=\"application\/ld+json\" class=\"yoast-schema-graph\">{\"@context\":\"https:\/\/schema.org\",\"@graph\":[{\"@type\":\"WebPage\",\"@id\":\"https:\/\/staging.varesenews.it\/2020\/06\/settore-nuoto-della-vharese-pronto-tornare-acqua\/936646\/\",\"url\":\"https:\/\/staging.varesenews.it\/2020\/06\/settore-nuoto-della-vharese-pronto-tornare-acqua\/936646\/\",\"name\":\"Il settore nuoto della Vharese \u00e8 pronto a tornare in acqua\",\"isPartOf\":{\"@id\":\"https:\/\/staging.varesenews.it\/#website\"},\"datePublished\":\"2020-06-10T09:59:51+00:00\",\"dateModified\":\"2020-06-10T09:59:51+00:00\",\"author\":{\"@id\":\"https:\/\/staging.varesenews.it\/#\/schema\/person\/e82236e79160d30d4e1f942004ac3038\"},\"description\":\"Al centro Wawe di Sesto Calende sono ripresi gli allenamenti della squadra varesina\",\"breadcrumb\":{\"@id\":\"https:\/\/staging.varesenews.it\/2020\/06\/settore-nuoto-della-vharese-pronto-tornare-acqua\/936646\/#breadcrumb\"},\"inLanguage\":\"it-IT\",\"potentialAction\":[{\"@type\":\"ReadAction\",\"target\":[\"https:\/\/staging.varesenews.it\/2020\/06\/settore-nuoto-della-vharese-pronto-tornare-acqua\/936646\/\"]}]},{\"@type\":\"BreadcrumbList\",\"@id\":\"https:\/\/staging.varesenews.it\/2020\/06\/settore-nuoto-della-vharese-pronto-tornare-acqua\/936646\/#breadcrumb\",\"itemListElement\":[{\"@type\":\"ListItem\",\"position\":1,\"name\":\"Home\",\"item\":\"https:\/\/www.varesenews.it\/\"},{\"@type\":\"ListItem\",\"position\":2,\"name\":\"Il settore nuoto della Vharese \u00e8 pronto a tornare in acqua\"}]},{\"@type\":\"WebSite\",\"@id\":\"https:\/\/staging.varesenews.it\/#website\",\"url\":\"https:\/\/staging.varesenews.it\/\",\"name\":\"VareseNews\",\"description\":\"\",\"potentialAction\":[{\"@type\":\"SearchAction\",\"target\":{\"@type\":\"EntryPoint\",\"urlTemplate\":\"https:\/\/staging.varesenews.it\/?s={search_term_string}\"},\"query-input\":\"required name=search_term_string\"}],\"inLanguage\":\"it-IT\"},{\"@type\":\"Person\",\"@id\":\"https:\/\/staging.varesenews.it\/#\/schema\/person\/e82236e79160d30d4e1f942004ac3038\",\"name\":\"Francesco Mazzoleni\",\"image\":{\"@type\":\"ImageObject\",\"inLanguage\":\"it-IT\",\"@id\":\"https:\/\/staging.varesenews.it\/#\/schema\/person\/image\/\",\"url\":\"https:\/\/staging.varesenews.it\/wp-content\/uploads\/2020\/12\/francesco_mazzoleni_colori_500-1.jpg\",\"contentUrl\":\"https:\/\/staging.varesenews.it\/wp-content\/uploads\/2020\/12\/francesco_mazzoleni_colori_500-1.jpg\",\"caption\":\"Francesco Mazzoleni\"},\"description\":\"\\\"Uomo di campo\\\" della redazione sportiva. Nutro una vera passione per il calcio, che sia ad alti livelli, sui campi di provincia o in altri continenti. Sono nato a Varese nel 1984, vivo da sempre a Malnate e ho una laurea in Scienze Motorie. Ho mosso i primi passi a VareseNews da stagista nel 2002; nel 2008 ho iniziato a collaborare con maggiore continuit\u00e0 e dal 2018 sono giornalista professionista. Orgoglioso pap\u00e0 di Federico e Adelaide.\",\"sameAs\":[\"fmazzof\",\"it.linkedin.com\/in\/francescomazzolenif\",\"https:\/\/twitter.com\/fmazzof\"],\"url\":\"https:\/\/staging.varesenews.it\/persona\/francesco_mazzoleniferracini\/\"}]}<\/script>\n<!-- \/ Yoast SEO plugin. -->","yoast_head_json":{"title":"Il settore nuoto della Vharese \u00e8 pronto a tornare in acqua","description":"Al centro Wawe di Sesto Calende sono ripresi gli allenamenti della squadra varesina","robots":{"index":"noindex","follow":"follow","max-snippet":"max-snippet:-1","max-image-preview":"max-image-preview:large","max-video-preview":"max-video-preview:-1"},"og_locale":"it_IT","og_type":"article","og_title":"Il settore nuoto della Vharese \u00e8 pronto a tornare in acqua","og_description":"Al centro Wawe di Sesto Calende sono ripresi gli allenamenti della squadra varesina","og_url":"https:\/\/staging.varesenews.it\/2020\/06\/settore-nuoto-della-vharese-pronto-tornare-acqua\/936646\/","og_site_name":"VareseNews","article_publisher":"https:\/\/www.facebook.com\/varesenews","article_published_time":"2020-06-10T09:59:51+00:00","author":"Francesco Mazzoleni","twitter_card":"summary_large_image","twitter_creator":"@fmazzof","twitter_site":"@varesenews","twitter_misc":{"Scritto da":"Francesco Mazzoleni"},"schema":{"@context":"https:\/\/schema.org","@graph":[{"@type":"WebPage","@id":"https:\/\/staging.varesenews.it\/2020\/06\/settore-nuoto-della-vharese-pronto-tornare-acqua\/936646\/","url":"https:\/\/staging.varesenews.it\/2020\/06\/settore-nuoto-della-vharese-pronto-tornare-acqua\/936646\/","name":"Il settore nuoto della Vharese \u00e8 pronto a tornare in acqua","isPartOf":{"@id":"https:\/\/staging.varesenews.it\/#website"},"datePublished":"2020-06-10T09:59:51+00:00","dateModified":"2020-06-10T09:59:51+00:00","author":{"@id":"https:\/\/staging.varesenews.it\/#\/schema\/person\/e82236e79160d30d4e1f942004ac3038"},"description":"Al centro Wawe di Sesto Calende sono ripresi gli allenamenti della squadra varesina","breadcrumb":{"@id":"https:\/\/staging.varesenews.it\/2020\/06\/settore-nuoto-della-vharese-pronto-tornare-acqua\/936646\/#breadcrumb"},"inLanguage":"it-IT","potentialAction":[{"@type":"ReadAction","target":["https:\/\/staging.varesenews.it\/2020\/06\/settore-nuoto-della-vharese-pronto-tornare-acqua\/936646\/"]}]},{"@type":"BreadcrumbList","@id":"https:\/\/staging.varesenews.it\/2020\/06\/settore-nuoto-della-vharese-pronto-tornare-acqua\/936646\/#breadcrumb","itemListElement":[{"@type":"ListItem","position":1,"name":"Home","item":"https:\/\/www.varesenews.it\/"},{"@type":"ListItem","position":2,"name":"Il settore nuoto della Vharese \u00e8 pronto a tornare in acqua"}]},{"@type":"WebSite","@id":"https:\/\/staging.varesenews.it\/#website","url":"https:\/\/staging.varesenews.it\/","name":"VareseNews","description":"","potentialAction":[{"@type":"SearchAction","target":{"@type":"EntryPoint","urlTemplate":"https:\/\/staging.varesenews.it\/?s={search_term_string}"},"query-input":"required name=search_term_string"}],"inLanguage":"it-IT"},{"@type":"Person","@id":"https:\/\/staging.varesenews.it\/#\/schema\/person\/e82236e79160d30d4e1f942004ac3038","name":"Francesco Mazzoleni","image":{"@type":"ImageObject","inLanguage":"it-IT","@id":"https:\/\/staging.varesenews.it\/#\/schema\/person\/image\/","url":"https:\/\/staging.varesenews.it\/wp-content\/uploads\/2020\/12\/francesco_mazzoleni_colori_500-1.jpg","contentUrl":"https:\/\/staging.varesenews.it\/wp-content\/uploads\/2020\/12\/francesco_mazzoleni_colori_500-1.jpg","caption":"Francesco Mazzoleni"},"description":"\"Uomo di campo\" della redazione sportiva. Nutro una vera passione per il calcio, che sia ad alti livelli, sui campi di provincia o in altri continenti. Sono nato a Varese nel 1984, vivo da sempre a Malnate e ho una laurea in Scienze Motorie. Ho mosso i primi passi a VareseNews da stagista nel 2002; nel 2008 ho iniziato a collaborare con maggiore continuit\u00e0 e dal 2018 sono giornalista professionista. Orgoglioso pap\u00e0 di Federico e Adelaide.","sameAs":["fmazzof","it.linkedin.com\/in\/francescomazzolenif","https:\/\/twitter.com\/fmazzof"],"url":"https:\/\/staging.varesenews.it\/persona\/francesco_mazzoleniferracini\/"}]}},"post_meta":{"_edit_lock":"1591787196:37","_edit_last":"37","_category_permalink":"a:1:{s:8:\"category\";s:2:\"14\";}","_encloseme":"1","ratings_users":"0","ratings_score":"0","ratings_average":"0","foto":"1155712","firma_come_redazione":"1","argomento":"Nuoto","_yoast_wpseo_content_score":"60","_jd_tweet_this":"yes","_wpt_short_url":"https:\/\/www.varesenews.it\/2020\/06\/settore-nuoto-della-vharese-pronto-tornare-acqua\/936646\/","_wp_jd_target":"https:\/\/www.varesenews.it\/2020\/06\/settore-nuoto-della-vharese-pronto-tornare-acqua\/936646\/","_jd_wp_twitter":"a:1:{i:0;s:169:\"Il settore nuoto della Vharese \u00e8 pronto a tornare in acqua https:\/\/www.varesenews.it\/2020\/06\/settore-nuoto-della-vharese-pronto-tornare-acqua\/936646\/ #apdvharese #nuoto\";}","_wpt_status_message":"Tweet inviato con successo."},"photos":[{"original":"https:\/\/staging.varesenews.it\/photogallery_new\/images\/2020\/06\/apd-vharese-nuoto-1155712.jpg","full":"https:\/\/staging.varesenews.it\/photogallery_new\/images\/2020\/06\/apd-vharese-nuoto-1155712.1024x768.jpg","large":"https:\/\/staging.varesenews.it\/photogallery_new\/images\/2020\/06\/apd-vharese-nuoto-1155712.610x431.jpg"}],"_links":{"self":[{"href":"https:\/\/staging.varesenews.it\/swgapi\/v1\/wp\/v2\/posts\/936646"}],"collection":[{"href":"https:\/\/staging.varesenews.it\/swgapi\/v1\/wp\/v2\/posts"}],"about":[{"href":"https:\/\/staging.varesenews.it\/swgapi\/v1\/wp\/v2\/types\/post"}],"author":[{"embeddable":true,"href":"https:\/\/staging.varesenews.it\/swgapi\/v1\/wp\/v2\/users\/37"}],"replies":[{"embeddable":true,"href":"https:\/\/staging.varesenews.it\/swgapi\/v1\/wp\/v2\/comments?post=936646"}],"version-history":[{"count":0,"href":"https:\/\/staging.varesenews.it\/swgapi\/v1\/wp\/v2\/posts\/936646\/revisions"}],"wp:attachment":[{"href":"https:\/\/staging.varesenews.it\/swgapi\/v1\/wp\/v2\/media?parent=936646"}],"wp:term":[{"taxonomy":"category","embeddable":true,"href":"https:\/\/staging.varesenews.it\/swgapi\/v1\/wp\/v2\/categories?post=936646"},{"taxonomy":"post_tag","embeddable":true,"href":"https:\/\/staging.varesenews.it\/swgapi\/v1\/wp\/v2\/tags?post=936646"}],"curies":[{"name":"wp","href":"https:\/\/api.w.org\/{rel}","templated":true}]}}