{"id":937701,"date":"2020-06-14T08:02:44","date_gmt":"2020-06-14T06:02:44","guid":{"rendered":"https:\/\/www.varesenews.it\/?p=937701"},"modified":"2020-06-14T08:15:59","modified_gmt":"2020-06-14T06:15:59","slug":"asia-e-il-sole","status":"publish","type":"post","link":"https:\/\/staging.varesenews.it\/2020\/06\/asia-e-il-sole\/937701\/","title":{"rendered":"Asia e il sole"},"content":{"rendered":"<p><em>Il\u00a0<strong><a href=\"https:\/\/www.varesenews.it\/tag\/il-racconto-della-domenica\/\">racconto\u00a0della\u00a0domenica<\/a><\/strong>\u00a0\u00a0\u00e8 a cura della scuola di scrittura\u00a0creativa Edizioni del Cavedio coordinata da Fiorenzo Croci.<\/em><br \/>\n___________________________________<\/p>\n<p><em>Il sole, quando sorge, sorge piano e poi<\/em><br \/>\n<em>La luce si diffonde tutto intorno a noi<\/em><br \/>\n<em>Le ombre di fantasmi nella notte<\/em><br \/>\n<em>Sono alberi e cespugli ancora in fiore<\/em><\/p>\n<p>Asia ha sempre amato il sole. Da piccola avvertiva nell\u2019aria la primavera, si svegliava dal suo letargo e si precipitava in giardino. I fratelli e la mamma non capivano tanta urgenza. Appena fuori registrava nei dettagli i cambiamenti che la bella stagione aveva portato. Poi si sdraiava sul prato, tra l\u2019erba fresca a godere ogni raggio di sole.<br \/>\nAnche oggi, in questo incredibile giorno di febbraio con 17 gradi, non resta indifferente. Nell\u2019aria c\u2019\u00e8 qualcosa di diverso. Il cielo \u00e8 limpido, il sole fa quasi male sulla pelle, ancora non abituata. Trova la porta socchiusa e coglie l\u2019invito: attraversa il grande prato, la strada e si infila dritta nel bosco. Cammina libera, senza vincoli. Una corsa, poi si ferma a riposare e continua la sua perlustrazione: \u00e8 tutto nuovo. Segue ogni raggio di sole che scherza tra i rami ancora spogli degli alberi. Osserva le ombre, le prime margherite che spuntano tra le foglie secche. Arriva alla fine del bosco, prende il sentiero che costeggia il fiume. La valle \u00e8 bella, ora si allarga. \u00c8 mezzogiorno e fa davvero caldo. La riva del fiume \u00e8 affollata. I bambini giocano a palla. I ragazzi pi\u00f9 grandi passeggiano mano nella mano, sentono musica, ridono per nulla. Anche gli adulti sono meno stressati del solito. Asia scende lungo l\u2019Adda, verso il fondovalle. Quando \u00e8 stanca si ferma un attimo, mangiucchia qualcosa e riparte. La sua attenzione \u00e8 attratta da un barcone che si avvicina alla riva destra. La chiatta si ferma, qualcuno scende. Con un balzo \u00e8 sul ponte. Curiosa si guarda attorno: \u00e8 un mondo sconosciuto, non ha mai navigato in vita sua. Si sposta a poppa: qui c\u2019\u00e8 tanto spazio, si stende al sole. La stanchezza per la lunga camminata \u00e8 pi\u00f9 forte della curiosit\u00e0, si addormenta, con un sonno profondo.<br \/>\nSi sveglia quando ormai scendono le prime ombre, il barcone \u00e8 ormeggiato lungo la riva sinistra. Panico! Quanto dista la sua casa? Quanto tempo \u00e8 rimasta sulla barca? Come tornare indietro? E come attraversare il fiume? Un lungo miaaaooooo esprime il suo sgomento. I gatti non sanno nuotare!<\/p>\n<p><strong>Racconto (e foto) di Marina Mentasti<\/strong><\/p>\n<p><strong><a href=\"https:\/\/www.varesenews.it\/tag\/il-racconto-della-domenica\/\">TUTTI I RACCONTI DELLA DOMENICA<\/a><\/strong><\/p>\n","protected":false},"excerpt":{"rendered":"<p>di Marina Mentasti<\/p>\n","protected":false},"author":45,"featured_media":0,"comment_status":"open","ping_status":"open","sticky":false,"template":"","format":"standard","meta":{"footnotes":""},"categories":[18,2],"tags":[2678,102400],"acf":[],"yoast_head":"<!-- This site is optimized with the Yoast SEO plugin v20.1 - https:\/\/yoast.com\/wordpress\/plugins\/seo\/ -->\n<title>Asia e il sole<\/title>\n<meta name=\"description\" content=\"di Marina Mentasti\" \/>\n<meta name=\"robots\" content=\"noindex, follow, max-snippet:-1, max-image-preview:large, max-video-preview:-1\" \/>\n<meta property=\"og:locale\" content=\"it_IT\" \/>\n<meta property=\"og:type\" content=\"article\" \/>\n<meta property=\"og:title\" content=\"Asia e il sole\" \/>\n<meta property=\"og:description\" content=\"di Marina Mentasti\" \/>\n<meta property=\"og:url\" content=\"https:\/\/staging.varesenews.it\/2020\/06\/asia-e-il-sole\/937701\/\" \/>\n<meta property=\"og:site_name\" content=\"VareseNews\" \/>\n<meta property=\"article:publisher\" content=\"https:\/\/www.facebook.com\/varesenews\" \/>\n<meta property=\"article:author\" content=\"https:\/\/www.facebook.com\/michele.mancino.5\" \/>\n<meta property=\"article:published_time\" content=\"2020-06-14T06:02:44+00:00\" \/>\n<meta property=\"article:modified_time\" content=\"2020-06-14T06:15:59+00:00\" \/>\n<meta name=\"author\" content=\"Michele Mancino\" \/>\n<meta name=\"twitter:card\" content=\"summary_large_image\" \/>\n<meta name=\"twitter:creator\" content=\"@micmancio\" \/>\n<meta name=\"twitter:site\" content=\"@varesenews\" \/>\n<meta name=\"twitter:label1\" content=\"Scritto da\" \/>\n\t<meta name=\"twitter:data1\" content=\"Michele Mancino\" \/>\n\t<meta name=\"twitter:label2\" content=\"Tempo di lettura stimato\" \/>\n\t<meta name=\"twitter:data2\" content=\"2 minuti\" \/>\n<script type=\"application\/ld+json\" class=\"yoast-schema-graph\">{\"@context\":\"https:\/\/schema.org\",\"@graph\":[{\"@type\":\"WebPage\",\"@id\":\"https:\/\/staging.varesenews.it\/2020\/06\/asia-e-il-sole\/937701\/\",\"url\":\"https:\/\/staging.varesenews.it\/2020\/06\/asia-e-il-sole\/937701\/\",\"name\":\"Asia e il sole\",\"isPartOf\":{\"@id\":\"https:\/\/staging.varesenews.it\/#website\"},\"datePublished\":\"2020-06-14T06:02:44+00:00\",\"dateModified\":\"2020-06-14T06:15:59+00:00\",\"author\":{\"@id\":\"https:\/\/staging.varesenews.it\/#\/schema\/person\/308b491d3cb680ead199e5ff6c6ce540\"},\"description\":\"di Marina Mentasti\",\"breadcrumb\":{\"@id\":\"https:\/\/staging.varesenews.it\/2020\/06\/asia-e-il-sole\/937701\/#breadcrumb\"},\"inLanguage\":\"it-IT\",\"potentialAction\":[{\"@type\":\"ReadAction\",\"target\":[\"https:\/\/staging.varesenews.it\/2020\/06\/asia-e-il-sole\/937701\/\"]}]},{\"@type\":\"BreadcrumbList\",\"@id\":\"https:\/\/staging.varesenews.it\/2020\/06\/asia-e-il-sole\/937701\/#breadcrumb\",\"itemListElement\":[{\"@type\":\"ListItem\",\"position\":1,\"name\":\"Home\",\"item\":\"https:\/\/www.varesenews.it\/\"},{\"@type\":\"ListItem\",\"position\":2,\"name\":\"Asia e il sole\"}]},{\"@type\":\"WebSite\",\"@id\":\"https:\/\/staging.varesenews.it\/#website\",\"url\":\"https:\/\/staging.varesenews.it\/\",\"name\":\"VareseNews\",\"description\":\"\",\"potentialAction\":[{\"@type\":\"SearchAction\",\"target\":{\"@type\":\"EntryPoint\",\"urlTemplate\":\"https:\/\/staging.varesenews.it\/?s={search_term_string}\"},\"query-input\":\"required name=search_term_string\"}],\"inLanguage\":\"it-IT\"},{\"@type\":\"Person\",\"@id\":\"https:\/\/staging.varesenews.it\/#\/schema\/person\/308b491d3cb680ead199e5ff6c6ce540\",\"name\":\"Michele Mancino\",\"image\":{\"@type\":\"ImageObject\",\"inLanguage\":\"it-IT\",\"@id\":\"https:\/\/staging.varesenews.it\/#\/schema\/person\/image\/\",\"url\":\"https:\/\/staging.varesenews.it\/wp-content\/uploads\/2020\/12\/michele_mancino_colori_500.jpg\",\"contentUrl\":\"https:\/\/staging.varesenews.it\/wp-content\/uploads\/2020\/12\/michele_mancino_colori_500.jpg\",\"caption\":\"Michele Mancino\"},\"description\":\"Sono a VareseNews da prima che nascesse. Ho inserito le prime notizie in una stringa di codice html, la lingua di internet. Aprivo i computer, cambiavo schede di rete e portavo i server dal provider. A met&agrave; degli anni &rsquo;90 il giornalista online doveva saper fare anche questo. Ho vissuto gli anni drammatici della bolla speculativa di Internet e quelli entusiastici della crescita, anni in cui VareseNews era un Davide in mezzo a tanti Golia. Poi sono arrivati i social, le nuove piattaforme e soprattutto gli smartphone, una postazione di lavoro racchiusa in una mano. Una nuova rivoluzione. Insomma, &egrave; stata, ed &egrave; ancora, un&rsquo;avventura entusiasmante perch&eacute; mi insegna giorno dopo giorno che il cambiamento &egrave; l&rsquo;unica certezza di questa fragile esistenza.\",\"sameAs\":[\"https:\/\/www.facebook.com\/michele.mancino.5\",\"micmancio\",\"Aggiorna le impostazioni del tuo profilo pubblicoit.linkedin.com\/pub\/michele-mancino\/28\/b71\/890\/it\",\"https:\/\/twitter.com\/micmancio\"],\"url\":\"https:\/\/staging.varesenews.it\/persona\/michele_mancino\/\"}]}<\/script>\n<!-- \/ Yoast SEO plugin. -->","yoast_head_json":{"title":"Asia e il sole","description":"di Marina Mentasti","robots":{"index":"noindex","follow":"follow","max-snippet":"max-snippet:-1","max-image-preview":"max-image-preview:large","max-video-preview":"max-video-preview:-1"},"og_locale":"it_IT","og_type":"article","og_title":"Asia e il sole","og_description":"di Marina Mentasti","og_url":"https:\/\/staging.varesenews.it\/2020\/06\/asia-e-il-sole\/937701\/","og_site_name":"VareseNews","article_publisher":"https:\/\/www.facebook.com\/varesenews","article_author":"https:\/\/www.facebook.com\/michele.mancino.5","article_published_time":"2020-06-14T06:02:44+00:00","article_modified_time":"2020-06-14T06:15:59+00:00","author":"Michele Mancino","twitter_card":"summary_large_image","twitter_creator":"@micmancio","twitter_site":"@varesenews","twitter_misc":{"Scritto da":"Michele Mancino","Tempo di lettura stimato":"2 minuti"},"schema":{"@context":"https:\/\/schema.org","@graph":[{"@type":"WebPage","@id":"https:\/\/staging.varesenews.it\/2020\/06\/asia-e-il-sole\/937701\/","url":"https:\/\/staging.varesenews.it\/2020\/06\/asia-e-il-sole\/937701\/","name":"Asia e il sole","isPartOf":{"@id":"https:\/\/staging.varesenews.it\/#website"},"datePublished":"2020-06-14T06:02:44+00:00","dateModified":"2020-06-14T06:15:59+00:00","author":{"@id":"https:\/\/staging.varesenews.it\/#\/schema\/person\/308b491d3cb680ead199e5ff6c6ce540"},"description":"di Marina Mentasti","breadcrumb":{"@id":"https:\/\/staging.varesenews.it\/2020\/06\/asia-e-il-sole\/937701\/#breadcrumb"},"inLanguage":"it-IT","potentialAction":[{"@type":"ReadAction","target":["https:\/\/staging.varesenews.it\/2020\/06\/asia-e-il-sole\/937701\/"]}]},{"@type":"BreadcrumbList","@id":"https:\/\/staging.varesenews.it\/2020\/06\/asia-e-il-sole\/937701\/#breadcrumb","itemListElement":[{"@type":"ListItem","position":1,"name":"Home","item":"https:\/\/www.varesenews.it\/"},{"@type":"ListItem","position":2,"name":"Asia e il sole"}]},{"@type":"WebSite","@id":"https:\/\/staging.varesenews.it\/#website","url":"https:\/\/staging.varesenews.it\/","name":"VareseNews","description":"","potentialAction":[{"@type":"SearchAction","target":{"@type":"EntryPoint","urlTemplate":"https:\/\/staging.varesenews.it\/?s={search_term_string}"},"query-input":"required name=search_term_string"}],"inLanguage":"it-IT"},{"@type":"Person","@id":"https:\/\/staging.varesenews.it\/#\/schema\/person\/308b491d3cb680ead199e5ff6c6ce540","name":"Michele Mancino","image":{"@type":"ImageObject","inLanguage":"it-IT","@id":"https:\/\/staging.varesenews.it\/#\/schema\/person\/image\/","url":"https:\/\/staging.varesenews.it\/wp-content\/uploads\/2020\/12\/michele_mancino_colori_500.jpg","contentUrl":"https:\/\/staging.varesenews.it\/wp-content\/uploads\/2020\/12\/michele_mancino_colori_500.jpg","caption":"Michele Mancino"},"description":"Sono a VareseNews da prima che nascesse. Ho inserito le prime notizie in una stringa di codice html, la lingua di internet. Aprivo i computer, cambiavo schede di rete e portavo i server dal provider. A met&agrave; degli anni &rsquo;90 il giornalista online doveva saper fare anche questo. Ho vissuto gli anni drammatici della bolla speculativa di Internet e quelli entusiastici della crescita, anni in cui VareseNews era un Davide in mezzo a tanti Golia. Poi sono arrivati i social, le nuove piattaforme e soprattutto gli smartphone, una postazione di lavoro racchiusa in una mano. Una nuova rivoluzione. Insomma, &egrave; stata, ed &egrave; ancora, un&rsquo;avventura entusiasmante perch&eacute; mi insegna giorno dopo giorno che il cambiamento &egrave; l&rsquo;unica certezza di questa fragile esistenza.","sameAs":["https:\/\/www.facebook.com\/michele.mancino.5","micmancio","Aggiorna le impostazioni del tuo profilo pubblicoit.linkedin.com\/pub\/michele-mancino\/28\/b71\/890\/it","https:\/\/twitter.com\/micmancio"],"url":"https:\/\/staging.varesenews.it\/persona\/michele_mancino\/"}]}},"post_meta":{"_edit_lock":"1592115723:45","_edit_last":"45","_category_permalink":"a:1:{s:8:\"category\";s:2:\"18\";}","_encloseme":"1","ratings_users":"0","ratings_score":"0","ratings_average":"0","foto":"1156362","firma-personalizzata":"Marina Mentasti","argomento":"IL RACCONTO DELLA DOMENICA","_yoast_wpseo_content_score":"30","_jd_tweet_this":"yes","_wpt_short_url":"https:\/\/www.varesenews.it\/2020\/06\/asia-e-il-sole\/937701\/","_wp_jd_target":"https:\/\/www.varesenews.it\/2020\/06\/asia-e-il-sole\/937701\/","_jd_wp_twitter":"a:1:{i:0;s:82:\"Asia e il sole https:\/\/www.varesenews.it\/2020\/06\/asia-e-il-sole\/937701\/ #ilcavedio\";}","_wpt_status_message":"Tweet inviato con successo.","nascondi_adsense":"1"},"photos":[{"original":"https:\/\/staging.varesenews.it\/photogallery_new\/images\/2020\/06\/il-racconto-della-domenica-1156362.jpg","full":"https:\/\/staging.varesenews.it\/photogallery_new\/images\/2020\/06\/il-racconto-della-domenica-1156362.1024x768.jpg","large":"https:\/\/staging.varesenews.it\/photogallery_new\/images\/2020\/06\/il-racconto-della-domenica-1156362.610x431.jpg"}],"_links":{"self":[{"href":"https:\/\/staging.varesenews.it\/swgapi\/v1\/wp\/v2\/posts\/937701"}],"collection":[{"href":"https:\/\/staging.varesenews.it\/swgapi\/v1\/wp\/v2\/posts"}],"about":[{"href":"https:\/\/staging.varesenews.it\/swgapi\/v1\/wp\/v2\/types\/post"}],"author":[{"embeddable":true,"href":"https:\/\/staging.varesenews.it\/swgapi\/v1\/wp\/v2\/users\/45"}],"replies":[{"embeddable":true,"href":"https:\/\/staging.varesenews.it\/swgapi\/v1\/wp\/v2\/comments?post=937701"}],"version-history":[{"count":0,"href":"https:\/\/staging.varesenews.it\/swgapi\/v1\/wp\/v2\/posts\/937701\/revisions"}],"wp:attachment":[{"href":"https:\/\/staging.varesenews.it\/swgapi\/v1\/wp\/v2\/media?parent=937701"}],"wp:term":[{"taxonomy":"category","embeddable":true,"href":"https:\/\/staging.varesenews.it\/swgapi\/v1\/wp\/v2\/categories?post=937701"},{"taxonomy":"post_tag","embeddable":true,"href":"https:\/\/staging.varesenews.it\/swgapi\/v1\/wp\/v2\/tags?post=937701"}],"curies":[{"name":"wp","href":"https:\/\/api.w.org\/{rel}","templated":true}]}}