{"id":937711,"date":"2020-06-14T09:57:52","date_gmt":"2020-06-14T07:57:52","guid":{"rendered":"https:\/\/www.varesenews.it\/?p=937711"},"modified":"2020-06-14T09:57:52","modified_gmt":"2020-06-14T07:57:52","slug":"casciago-casmo-comune-separazione-consensuale","status":"publish","type":"post","link":"https:\/\/staging.varesenews.it\/2020\/06\/casciago-casmo-comune-separazione-consensuale\/937711\/","title":{"rendered":"Casciago, tra Casmo e Comune una \u201cseparazione consensuale\u201d"},"content":{"rendered":"<p>Non \u00e8 stata una giornata semplice quella di venerd\u00ec 12 giugno per la <strong>Casmo<\/strong>, squadra dai colori bianco rossi, fondata nel 1975, n\u00e8 per il<strong> comune di Casciago<\/strong>. Il futuro della societ\u00e0 sembrava messo a rischio dalla fine del rapporto tra la propriet\u00e0 e il Comune di Casciago: il bando vinto a settembre \u00e8 risultato nullo per una serie di inadempimenti <a href=\"https:\/\/www.varesenews.it\/2020\/06\/casciago-comune-revoca-la-concessione-del-campo-sportivo-alla-casmo\/937448\/\">che hanno portato alla revoca della concessione del campo sportivo comunale<\/a>.<\/p>\n<p>Dopo una giornata di tensioni, la presidente della Casmo <strong>Veronica Orlandi<\/strong> e il sindaco di Casciago <strong>Mirko Reto<\/strong>, accompagnato dall\u2019assessore <strong>Alberto Gaggioni<\/strong> (non c\u2019era per impegni personali pregressi <strong>Stefano Chiesa<\/strong>, titolare dell\u2019assessorato allo Sport) si sono incontrati nella struttura di via Piave.<\/p>\n<p><strong>C\u2019\u00e8 stato un chiarimento generale,<\/strong> con un clima disteso e collaborativo soprattutto per quanto riguarda il materiale che non era reperibile al campo (un trattorino tagliaerba, due decespugliatori, il defibrillatore) di propriet\u00e0 della societ\u00e0 sportiva, portati nella sede della protezione civile per un fraintendimento e di nuovo nella disponibilit\u00e0 della Casmo.<\/p>\n<p>Il Comune ha ribadito che<strong> la revoca della concessione \u00e8 stata un atto dovuto<\/strong>, non essendosi realizzate le condizioni previste dal bando. Sui debiti pregressi e sui conti da sistemare, le due parti si sono accordate:<strong> la Casmo si impegna a saldare i debiti,<\/strong> valutando anche la possibilit\u00e0 di lasciare nella struttura del materiale che potrebbe restare al Comune.<\/p>\n<p><strong>L\u2019incontro \u00e8 terminato con una stretta di mano virtuale<\/strong>, a sancire la reciproca stima mai venuta meno. Per il futuro, sia il Comune che la propriet\u00e0 della storica societ\u00e0 calcistica di sono impegnati per far s\u00ec che il nome della Casmo non scompaia, valutando eventuali proposte che potranno essere inserite nel futuro bando, o con la continuazione dell\u2019attivit\u00e0 della societ\u00e0: in che modo questo sar\u00e0 possibile, lo si sapr\u00e0 in un secondo momento.<\/p>\n","protected":false},"excerpt":{"rendered":"<p>Incontro chiarificatore al campo sportivo di via Piave. Obiettivo comune, non far sparire il nome della societ\u00e0 nata nel 1975<\/p>\n","protected":false},"author":47,"featured_media":0,"comment_status":"open","ping_status":"open","sticky":false,"template":"","format":"standard","meta":{"footnotes":""},"categories":[14,2],"tags":[89239],"acf":[],"yoast_head":"<!-- This site is optimized with the Yoast SEO plugin v20.1 - https:\/\/yoast.com\/wordpress\/plugins\/seo\/ -->\n<title>Casciago, tra Casmo e Comune una \u201cseparazione consensuale\u201d<\/title>\n<meta name=\"description\" content=\"Incontro chiarificatore al campo sportivo di via Piave. Obiettivo comune, non far sparire il nome della societ\u00e0 nata nel 1975\" \/>\n<meta name=\"robots\" content=\"noindex, follow, max-snippet:-1, max-image-preview:large, max-video-preview:-1\" \/>\n<meta property=\"og:locale\" content=\"it_IT\" \/>\n<meta property=\"og:type\" content=\"article\" \/>\n<meta property=\"og:title\" content=\"Casciago, tra Casmo e Comune una \u201cseparazione consensuale\u201d\" \/>\n<meta property=\"og:description\" content=\"Incontro chiarificatore al campo sportivo di via Piave. Obiettivo comune, non far sparire il nome della societ\u00e0 nata nel 1975\" \/>\n<meta property=\"og:url\" content=\"https:\/\/staging.varesenews.it\/2020\/06\/casciago-casmo-comune-separazione-consensuale\/937711\/\" \/>\n<meta property=\"og:site_name\" content=\"VareseNews\" \/>\n<meta property=\"article:publisher\" content=\"https:\/\/www.facebook.com\/varesenews\" \/>\n<meta property=\"article:published_time\" content=\"2020-06-14T07:57:52+00:00\" \/>\n<meta name=\"author\" content=\"Orlando Mastrillo\" \/>\n<meta name=\"twitter:card\" content=\"summary_large_image\" \/>\n<meta name=\"twitter:creator\" content=\"@nando_mastrillo\" \/>\n<meta name=\"twitter:site\" content=\"@varesenews\" \/>\n<meta name=\"twitter:label1\" content=\"Scritto da\" \/>\n\t<meta name=\"twitter:data1\" content=\"Orlando Mastrillo\" \/>\n\t<meta name=\"twitter:label2\" content=\"Tempo di lettura stimato\" \/>\n\t<meta name=\"twitter:data2\" content=\"1 minuto\" \/>\n<script type=\"application\/ld+json\" class=\"yoast-schema-graph\">{\"@context\":\"https:\/\/schema.org\",\"@graph\":[{\"@type\":\"WebPage\",\"@id\":\"https:\/\/staging.varesenews.it\/2020\/06\/casciago-casmo-comune-separazione-consensuale\/937711\/\",\"url\":\"https:\/\/staging.varesenews.it\/2020\/06\/casciago-casmo-comune-separazione-consensuale\/937711\/\",\"name\":\"Casciago, tra Casmo e Comune una \u201cseparazione consensuale\u201d\",\"isPartOf\":{\"@id\":\"https:\/\/staging.varesenews.it\/#website\"},\"datePublished\":\"2020-06-14T07:57:52+00:00\",\"dateModified\":\"2020-06-14T07:57:52+00:00\",\"author\":{\"@id\":\"https:\/\/staging.varesenews.it\/#\/schema\/person\/14c47ccce537a9058dddce296f10b296\"},\"description\":\"Incontro chiarificatore al campo sportivo di via Piave. Obiettivo comune, non far sparire il nome della societ\u00e0 nata nel 1975\",\"breadcrumb\":{\"@id\":\"https:\/\/staging.varesenews.it\/2020\/06\/casciago-casmo-comune-separazione-consensuale\/937711\/#breadcrumb\"},\"inLanguage\":\"it-IT\",\"potentialAction\":[{\"@type\":\"ReadAction\",\"target\":[\"https:\/\/staging.varesenews.it\/2020\/06\/casciago-casmo-comune-separazione-consensuale\/937711\/\"]}]},{\"@type\":\"BreadcrumbList\",\"@id\":\"https:\/\/staging.varesenews.it\/2020\/06\/casciago-casmo-comune-separazione-consensuale\/937711\/#breadcrumb\",\"itemListElement\":[{\"@type\":\"ListItem\",\"position\":1,\"name\":\"Home\",\"item\":\"https:\/\/www.varesenews.it\/\"},{\"@type\":\"ListItem\",\"position\":2,\"name\":\"Casciago, tra Casmo e Comune una \u201cseparazione consensuale\u201d\"}]},{\"@type\":\"WebSite\",\"@id\":\"https:\/\/staging.varesenews.it\/#website\",\"url\":\"https:\/\/staging.varesenews.it\/\",\"name\":\"VareseNews\",\"description\":\"\",\"potentialAction\":[{\"@type\":\"SearchAction\",\"target\":{\"@type\":\"EntryPoint\",\"urlTemplate\":\"https:\/\/staging.varesenews.it\/?s={search_term_string}\"},\"query-input\":\"required name=search_term_string\"}],\"inLanguage\":\"it-IT\"},{\"@type\":\"Person\",\"@id\":\"https:\/\/staging.varesenews.it\/#\/schema\/person\/14c47ccce537a9058dddce296f10b296\",\"name\":\"Orlando Mastrillo\",\"image\":{\"@type\":\"ImageObject\",\"inLanguage\":\"it-IT\",\"@id\":\"https:\/\/staging.varesenews.it\/#\/schema\/person\/image\/\",\"url\":\"https:\/\/staging.varesenews.it\/wp-content\/uploads\/2020\/12\/orlando_mastrillo_colori_500.jpg\",\"contentUrl\":\"https:\/\/staging.varesenews.it\/wp-content\/uploads\/2020\/12\/orlando_mastrillo_colori_500.jpg\",\"caption\":\"Orlando Mastrillo\"},\"description\":\"Nasco a Luino nel 1981, ho iniziato questo lavoro nell'estate del 2003 nella redazione de Il Giorno di Varese e dall'anno successivo ho intrapreso la collaborazione con VareseNews. Dopo anni nell'Alto Varesotto mi sono trasferito a Busto Arsizio nel 2007, territorio che ho iniziato a seguire e che seguo tutt'oggi. Nel 2013 sono diventato giornalista professionista. Mi occupo di cronaca politica, giudiziaria e nera in una vasta area che comprende anche parte della Valle Olona e il Legnanese. Sono sposato con Valeria Arini e ho due splendide figlie.\",\"sameAs\":[\"or_ma\",\"https:\/\/twitter.com\/nando_mastrillo\"],\"url\":\"https:\/\/staging.varesenews.it\/persona\/orlando-mastrillo1\/\"}]}<\/script>\n<!-- \/ Yoast SEO plugin. -->","yoast_head_json":{"title":"Casciago, tra Casmo e Comune una \u201cseparazione consensuale\u201d","description":"Incontro chiarificatore al campo sportivo di via Piave. Obiettivo comune, non far sparire il nome della societ\u00e0 nata nel 1975","robots":{"index":"noindex","follow":"follow","max-snippet":"max-snippet:-1","max-image-preview":"max-image-preview:large","max-video-preview":"max-video-preview:-1"},"og_locale":"it_IT","og_type":"article","og_title":"Casciago, tra Casmo e Comune una \u201cseparazione consensuale\u201d","og_description":"Incontro chiarificatore al campo sportivo di via Piave. Obiettivo comune, non far sparire il nome della societ\u00e0 nata nel 1975","og_url":"https:\/\/staging.varesenews.it\/2020\/06\/casciago-casmo-comune-separazione-consensuale\/937711\/","og_site_name":"VareseNews","article_publisher":"https:\/\/www.facebook.com\/varesenews","article_published_time":"2020-06-14T07:57:52+00:00","author":"Orlando Mastrillo","twitter_card":"summary_large_image","twitter_creator":"@nando_mastrillo","twitter_site":"@varesenews","twitter_misc":{"Scritto da":"Orlando Mastrillo","Tempo di lettura stimato":"1 minuto"},"schema":{"@context":"https:\/\/schema.org","@graph":[{"@type":"WebPage","@id":"https:\/\/staging.varesenews.it\/2020\/06\/casciago-casmo-comune-separazione-consensuale\/937711\/","url":"https:\/\/staging.varesenews.it\/2020\/06\/casciago-casmo-comune-separazione-consensuale\/937711\/","name":"Casciago, tra Casmo e Comune una \u201cseparazione consensuale\u201d","isPartOf":{"@id":"https:\/\/staging.varesenews.it\/#website"},"datePublished":"2020-06-14T07:57:52+00:00","dateModified":"2020-06-14T07:57:52+00:00","author":{"@id":"https:\/\/staging.varesenews.it\/#\/schema\/person\/14c47ccce537a9058dddce296f10b296"},"description":"Incontro chiarificatore al campo sportivo di via Piave. Obiettivo comune, non far sparire il nome della societ\u00e0 nata nel 1975","breadcrumb":{"@id":"https:\/\/staging.varesenews.it\/2020\/06\/casciago-casmo-comune-separazione-consensuale\/937711\/#breadcrumb"},"inLanguage":"it-IT","potentialAction":[{"@type":"ReadAction","target":["https:\/\/staging.varesenews.it\/2020\/06\/casciago-casmo-comune-separazione-consensuale\/937711\/"]}]},{"@type":"BreadcrumbList","@id":"https:\/\/staging.varesenews.it\/2020\/06\/casciago-casmo-comune-separazione-consensuale\/937711\/#breadcrumb","itemListElement":[{"@type":"ListItem","position":1,"name":"Home","item":"https:\/\/www.varesenews.it\/"},{"@type":"ListItem","position":2,"name":"Casciago, tra Casmo e Comune una \u201cseparazione consensuale\u201d"}]},{"@type":"WebSite","@id":"https:\/\/staging.varesenews.it\/#website","url":"https:\/\/staging.varesenews.it\/","name":"VareseNews","description":"","potentialAction":[{"@type":"SearchAction","target":{"@type":"EntryPoint","urlTemplate":"https:\/\/staging.varesenews.it\/?s={search_term_string}"},"query-input":"required name=search_term_string"}],"inLanguage":"it-IT"},{"@type":"Person","@id":"https:\/\/staging.varesenews.it\/#\/schema\/person\/14c47ccce537a9058dddce296f10b296","name":"Orlando Mastrillo","image":{"@type":"ImageObject","inLanguage":"it-IT","@id":"https:\/\/staging.varesenews.it\/#\/schema\/person\/image\/","url":"https:\/\/staging.varesenews.it\/wp-content\/uploads\/2020\/12\/orlando_mastrillo_colori_500.jpg","contentUrl":"https:\/\/staging.varesenews.it\/wp-content\/uploads\/2020\/12\/orlando_mastrillo_colori_500.jpg","caption":"Orlando Mastrillo"},"description":"Nasco a Luino nel 1981, ho iniziato questo lavoro nell'estate del 2003 nella redazione de Il Giorno di Varese e dall'anno successivo ho intrapreso la collaborazione con VareseNews. Dopo anni nell'Alto Varesotto mi sono trasferito a Busto Arsizio nel 2007, territorio che ho iniziato a seguire e che seguo tutt'oggi. Nel 2013 sono diventato giornalista professionista. Mi occupo di cronaca politica, giudiziaria e nera in una vasta area che comprende anche parte della Valle Olona e il Legnanese. Sono sposato con Valeria Arini e ho due splendide figlie.","sameAs":["or_ma","https:\/\/twitter.com\/nando_mastrillo"],"url":"https:\/\/staging.varesenews.it\/persona\/orlando-mastrillo1\/"}]}},"post_meta":{"_edit_lock":"1592121674:47","_edit_last":"47","_category_permalink":"a:1:{s:8:\"category\";s:0:\"\";}","_encloseme":"1","ratings_users":"0","ratings_score":"0","ratings_average":"0","foto":"1156381","firma_come_redazione":"1","argomento":"Casciago","_yoast_wpseo_focuskw_text_input":"casmo","_yoast_wpseo_focuskw":"casmo","_yoast_wpseo_linkdex":"72","_yoast_wpseo_content_score":"30","_jd_tweet_this":"yes","_wpt_short_url":"https:\/\/www.varesenews.it\/2020\/06\/casciago-casmo-comune-separazione-consensuale\/937711\/","_wp_jd_target":"https:\/\/www.varesenews.it\/2020\/06\/casciago-casmo-comune-separazione-consensuale\/937711\/","_jd_wp_twitter":"a:1:{i:0;s:160:\"Casciago, tra Casmo e Comune una \u201cseparazione consensuale\u201d https:\/\/www.varesenews.it\/2020\/06\/casciago-casmo-comune-separazione-consensuale\/937711\/ #asdcasmo\";}","_wpt_status_message":"Tweet inviato con successo."},"photos":[{"original":"https:\/\/staging.varesenews.it\/photogallery_new\/images\/2020\/06\/mirko-reto-veronica-orlandi-casmo-1156381.jpg","full":"https:\/\/staging.varesenews.it\/photogallery_new\/images\/2020\/06\/mirko-reto-veronica-orlandi-casmo-1156381.1024x768.jpg","large":"https:\/\/staging.varesenews.it\/photogallery_new\/images\/2020\/06\/mirko-reto-veronica-orlandi-casmo-1156381.610x431.jpg"}],"_links":{"self":[{"href":"https:\/\/staging.varesenews.it\/swgapi\/v1\/wp\/v2\/posts\/937711"}],"collection":[{"href":"https:\/\/staging.varesenews.it\/swgapi\/v1\/wp\/v2\/posts"}],"about":[{"href":"https:\/\/staging.varesenews.it\/swgapi\/v1\/wp\/v2\/types\/post"}],"author":[{"embeddable":true,"href":"https:\/\/staging.varesenews.it\/swgapi\/v1\/wp\/v2\/users\/47"}],"replies":[{"embeddable":true,"href":"https:\/\/staging.varesenews.it\/swgapi\/v1\/wp\/v2\/comments?post=937711"}],"version-history":[{"count":0,"href":"https:\/\/staging.varesenews.it\/swgapi\/v1\/wp\/v2\/posts\/937711\/revisions"}],"wp:attachment":[{"href":"https:\/\/staging.varesenews.it\/swgapi\/v1\/wp\/v2\/media?parent=937711"}],"wp:term":[{"taxonomy":"category","embeddable":true,"href":"https:\/\/staging.varesenews.it\/swgapi\/v1\/wp\/v2\/categories?post=937711"},{"taxonomy":"post_tag","embeddable":true,"href":"https:\/\/staging.varesenews.it\/swgapi\/v1\/wp\/v2\/tags?post=937711"}],"curies":[{"name":"wp","href":"https:\/\/api.w.org\/{rel}","templated":true}]}}