{"id":939011,"date":"2020-06-18T15:50:45","date_gmt":"2020-06-18T13:50:45","guid":{"rendered":"https:\/\/www.varesenews.it\/?p=939011"},"modified":"2020-06-18T15:50:45","modified_gmt":"2020-06-18T13:50:45","slug":"ex-borri-parco-della-genesi-bocciato-perche-lo-propone-non-vota-antonelli-reguzzoni","status":"publish","type":"post","link":"https:\/\/staging.varesenews.it\/2020\/06\/ex-borri-parco-della-genesi-bocciato-perche-lo-propone-non-vota-antonelli-reguzzoni\/939011\/","title":{"rendered":"Ex-Borri: &#8220;Parco della genesi bocciato perch\u00e8 chi lo propone non vota Antonelli e Reguzzoni&#8221;"},"content":{"rendered":"<p>Riceviamo e pubblichiamo la lettera di una cittadina di Busto Arsizio, <strong>Margherita Della Bella<\/strong>, che esprime tutto il suo rammarico per un&#8217;occasione persa per la citt\u00e0 e cio\u00e8 la possibilit\u00e0 di <a href=\"https:\/\/www.varesenews.it\/tag\/parco-della-genesi\/\">trasformare una parte dell&#8217;ex-calzaturificio Borri in un parco<\/a>, frutto del lavoro condiviso di di diverse realt\u00e0 cittadine (associazioni culturali e ambientaliste) che nei mesi scorsi hanno avviato e portato a conclusione un percorso partecipato di coprogettazione per il cosiddetto <strong>Parco della Genesi.<\/strong> Il progetto, corredato da 2745 firme di cittadini di Busto Arsizio, non \u00e8 stato ritenuto fattibile dall&#8217;amministrazione guidata da Emanuele Antonelli il quale, nel corso dell&#8217;ultimo consiglio comunale, l&#8217;ha stroncato definitivamente rispondendo ad un&#8217;interrogazione presentata dalla consigliera <strong>Cinzia Berutti.<\/strong><\/p>\n<blockquote><p>Venerd\u00ec 12 giugno, a sei mesi dall&#8217;invio al Comune di Busto Arsizio della Proposta di Percorso Partecipato per il Parco della Genesi \u2013 inviata secondo quanto stabilito dall\u2019art.33 dello statuto comunale e rimasta senza risposta da chi di dovere \u2013 se ne \u00e8 finalmente riparlato grazia ad un consigliere PD che ha presentato una mozione alla Commissione Consiliare Urbanistica per chiedere che:<\/p>\n<p>&#8211; approvi la proposta di percorso di progettazione partecipata del Parco della Genesi, sottoscritta da 2.745 cittadine e cittadini;<br \/>\n&#8211; avvii, di conseguenza, il percorso di progettazione partecipata del Parco della Genesi anche avvalendosi della consultazione e della collaborazione di tutte quelle realt\u00e0 cittadine che sono interessate al recupero di un\u2019area degradata della citt\u00e0 caratterizzata da alta densit\u00e0 abitativa e scarsa dotazione di verde.<\/p>\n<p>Il risultato \u00e8 andato oltre le aspettative! <strong>Nessuna risposta \u00e8 stata data dal sindaco destinatario della domanda,<\/strong> in quanto presidente della Giunta Comunale e in possesso di delega ai lavori pubblici, perch\u00e9, forse per toglierlo d\u2019impaccio, ha subito preso la parola la consigliera <strong>Paola Reguzzoni (Lega)<\/strong> che, esibendo la pi\u00f9 totale ignoranza rispetto ai contenuti ed ai valori della proposta, si \u00e8 esibita in una serie di dichiarazioni discutibili.<\/p>\n<p>Dalle sue parole \u00e8 infatti emersa chiaramente una scarsa considerazione per i cittadini firmatari (2.745) che, secondo lei, avrebbero sottoscritto la Proposta senza averla compresa, e l\u2019errata convinzione che gli stessi sarebbero anche i protagonisti del processo di progettazione, causando in questo modo lungaggini e inefficienza in contrasto con la sua attitudine a realizzare presto opere e progetti.<\/p>\n<p>Peccato che la consigliera <strong>Reguzzoni fosse gi\u00e0 in auge quando vent\u2019anni<\/strong> fa l\u2019amministrazione del leghista Tosi ha acquistato l\u2019ex-calzaturificio Borri <strong>e in Agesp quando \u00e8 stato lanciato ai professionisti locali il \u201cconcorso di idee\u201d<\/strong> per il risanamento e la destinazione del complesso. Dell\u2019iniziativa non si \u00e8 saputo pi\u00f9 nulla ed, a ricordarla, \u00e8 rimasto per lunghi anni un beffardo striscione che una reale capacit\u00e0 di rapida risoluzione dei problemi avrebbe consigliato di far rimuovere.<\/p>\n<p>Come si pu\u00f2 giustificare tale arroganza? Con la certezza che i cittadini siano dalla parte di una maggioranza che ritengono ormai consolidata? \u00c8 per questo che li definisce inconsapevoli, incapaci di porre una firma ragionata?<\/p>\n<p>Ai bustocchi\/bustesi la riflessione e la risposta!<\/p>\n<p>Mi preme comunque sottolineare la sconcertante dichiarazione del sindaco che, in risposta alla reiterata domanda di discutere la Proposta da parte della proponente della mozione, la consigliera PD Cinzia Berruti, biascicava dietro il filtro inconsapevolmente complice della mascherina <strong>\u201cil problema \u00e8 Vitaliano Caimi\u201d<\/strong> (come si pu\u00f2 chiaramente ascoltare nella registrazione a disposizione nel sito del comune).<\/p>\n<p>Ora non c\u2019\u00e8 bisogno di essere addentro alle cose di Palazzo Gilardoni per sentirsi rizzare i capelli in testa; basta il normale senso civico di una casalinga come me per rimanere annichilita, ma trovare il fiato per gridare: \u201cVERGOGNA\u201d, tacendo il resto dei pensieri emersi a corollario!<\/p>\n<p><strong>Quindi la Proposta non \u00e8 piaciuta all\u2019illustre sindaco perch\u00e9 capofila della sottoscrizione \u00e8 un cittadino a lui sgradito?<\/strong> Non \u00e8 venuto in mente al signor sindaco che la proposta <strong>\u00e8 frutto del lavoro e confronto di molti cittadini che si sono ritrovati<\/strong> nel desiderio di realizzare nella nostra citt\u00e0 quella partecipazione alla cosa pubblica, ormai prassi consolidata in molte citt\u00e0 e ampiamente sollecitata anche in regolamenti europei?<\/p>\n<p>La proposta, passata per vie molto pi\u00f9 confidenziali, di creare <strong>il \u201cbosco di San Giuseppe\u201d \u00e8 invece stata accolta e subito battezzata con visite in loco delle autorit\u00e0 cittadine<\/strong>, forse perch\u00e9 desiderose di <strong>assicurarsi un corredo di sostegno elettorale per le prossime elezioni amministrative?<\/strong><\/p>\n<p>Mi piace l\u2019idea che si crei il \u201cbosco di San Giuseppe\u201d e che si risani l\u2019ampia zona adiacente il cavalcavia del Roccolo, ma non accetto che quella di 2.745 cittadini di chiedere un parco pubblico nell\u2019area degradata dell\u2019ex-calzaturificio Borri e in una zona della citt\u00e0 che manca di verde venga prima ignorata e poi rigettata per ragioni personalistiche.<\/p>\n<p>Mi auguro che altri cittadini di Busto Arsizio possano leggere queste mie riflessioni e commentarle, se vorranno, pur non condividendole, ma ritengo fondamentale che questo episodio emblematico non cada nel silenzio e nel dimenticatoio.<\/p>\n<p>Busto Arsizio, 18 giugno 2020<\/p>\n<p>Margherita Della Bella<\/p><\/blockquote>\n","protected":false},"excerpt":{"rendered":"<p>In una lettera lo sfogo di una cittadina che ha sostenuto il progetto portato avanti da diverse associazioni e firmato da 2745 cittadini: &#8220;Trattati come cittadini di serie B&#8221;<\/p>\n","protected":false},"author":47,"featured_media":0,"comment_status":"open","ping_status":"open","sticky":false,"template":"","format":"standard","meta":{"footnotes":""},"categories":[4,16],"tags":[543,18353,22855,101140],"acf":[],"yoast_head":"<!-- This site is optimized with the Yoast SEO plugin v20.1 - https:\/\/yoast.com\/wordpress\/plugins\/seo\/ -->\n<title>Ex-Borri: &quot;Parco della genesi bocciato perch\u00e8 chi lo propone non vota Antonelli e Reguzzoni&quot;<\/title>\n<meta name=\"description\" content=\"In una lettera lo sfogo di una cittadina che ha sostenuto il progetto portato avanti da diverse associazioni e firmato da 2745 cittadini: &quot;Trattati come cittadini di serie B&quot;\" \/>\n<meta name=\"robots\" content=\"noindex, follow, max-snippet:-1, max-image-preview:large, max-video-preview:-1\" \/>\n<meta property=\"og:locale\" content=\"it_IT\" \/>\n<meta property=\"og:type\" content=\"article\" \/>\n<meta property=\"og:title\" content=\"Ex-Borri: &quot;Parco della genesi bocciato perch\u00e8 chi lo propone non vota Antonelli e Reguzzoni&quot;\" \/>\n<meta property=\"og:description\" content=\"In una lettera lo sfogo di una cittadina che ha sostenuto il progetto portato avanti da diverse associazioni e firmato da 2745 cittadini: &quot;Trattati come cittadini di serie B&quot;\" \/>\n<meta property=\"og:url\" content=\"https:\/\/staging.varesenews.it\/2020\/06\/ex-borri-parco-della-genesi-bocciato-perche-lo-propone-non-vota-antonelli-reguzzoni\/939011\/\" \/>\n<meta property=\"og:site_name\" content=\"VareseNews\" \/>\n<meta property=\"article:publisher\" content=\"https:\/\/www.facebook.com\/varesenews\" \/>\n<meta property=\"article:published_time\" content=\"2020-06-18T13:50:45+00:00\" \/>\n<meta name=\"author\" content=\"Orlando Mastrillo\" \/>\n<meta name=\"twitter:card\" content=\"summary_large_image\" \/>\n<meta name=\"twitter:creator\" content=\"@nando_mastrillo\" \/>\n<meta name=\"twitter:site\" content=\"@varesenews\" \/>\n<meta name=\"twitter:label1\" content=\"Scritto da\" \/>\n\t<meta name=\"twitter:data1\" content=\"Orlando Mastrillo\" \/>\n\t<meta name=\"twitter:label2\" content=\"Tempo di lettura stimato\" \/>\n\t<meta name=\"twitter:data2\" content=\"4 minuti\" \/>\n<script type=\"application\/ld+json\" class=\"yoast-schema-graph\">{\"@context\":\"https:\/\/schema.org\",\"@graph\":[{\"@type\":\"WebPage\",\"@id\":\"https:\/\/staging.varesenews.it\/2020\/06\/ex-borri-parco-della-genesi-bocciato-perche-lo-propone-non-vota-antonelli-reguzzoni\/939011\/\",\"url\":\"https:\/\/staging.varesenews.it\/2020\/06\/ex-borri-parco-della-genesi-bocciato-perche-lo-propone-non-vota-antonelli-reguzzoni\/939011\/\",\"name\":\"Ex-Borri: \\\"Parco della genesi bocciato perch\u00e8 chi lo propone non vota Antonelli e Reguzzoni\\\"\",\"isPartOf\":{\"@id\":\"https:\/\/staging.varesenews.it\/#website\"},\"datePublished\":\"2020-06-18T13:50:45+00:00\",\"dateModified\":\"2020-06-18T13:50:45+00:00\",\"author\":{\"@id\":\"https:\/\/staging.varesenews.it\/#\/schema\/person\/14c47ccce537a9058dddce296f10b296\"},\"description\":\"In una lettera lo sfogo di una cittadina che ha sostenuto il progetto portato avanti da diverse associazioni e firmato da 2745 cittadini: \\\"Trattati come cittadini di serie B\\\"\",\"breadcrumb\":{\"@id\":\"https:\/\/staging.varesenews.it\/2020\/06\/ex-borri-parco-della-genesi-bocciato-perche-lo-propone-non-vota-antonelli-reguzzoni\/939011\/#breadcrumb\"},\"inLanguage\":\"it-IT\",\"potentialAction\":[{\"@type\":\"ReadAction\",\"target\":[\"https:\/\/staging.varesenews.it\/2020\/06\/ex-borri-parco-della-genesi-bocciato-perche-lo-propone-non-vota-antonelli-reguzzoni\/939011\/\"]}]},{\"@type\":\"BreadcrumbList\",\"@id\":\"https:\/\/staging.varesenews.it\/2020\/06\/ex-borri-parco-della-genesi-bocciato-perche-lo-propone-non-vota-antonelli-reguzzoni\/939011\/#breadcrumb\",\"itemListElement\":[{\"@type\":\"ListItem\",\"position\":1,\"name\":\"Home\",\"item\":\"https:\/\/www.varesenews.it\/\"},{\"@type\":\"ListItem\",\"position\":2,\"name\":\"Ex-Borri: &#8220;Parco della genesi bocciato perch\u00e8 chi lo propone non vota Antonelli e Reguzzoni&#8221;\"}]},{\"@type\":\"WebSite\",\"@id\":\"https:\/\/staging.varesenews.it\/#website\",\"url\":\"https:\/\/staging.varesenews.it\/\",\"name\":\"VareseNews\",\"description\":\"\",\"potentialAction\":[{\"@type\":\"SearchAction\",\"target\":{\"@type\":\"EntryPoint\",\"urlTemplate\":\"https:\/\/staging.varesenews.it\/?s={search_term_string}\"},\"query-input\":\"required name=search_term_string\"}],\"inLanguage\":\"it-IT\"},{\"@type\":\"Person\",\"@id\":\"https:\/\/staging.varesenews.it\/#\/schema\/person\/14c47ccce537a9058dddce296f10b296\",\"name\":\"Orlando Mastrillo\",\"image\":{\"@type\":\"ImageObject\",\"inLanguage\":\"it-IT\",\"@id\":\"https:\/\/staging.varesenews.it\/#\/schema\/person\/image\/\",\"url\":\"https:\/\/staging.varesenews.it\/wp-content\/uploads\/2020\/12\/orlando_mastrillo_colori_500.jpg\",\"contentUrl\":\"https:\/\/staging.varesenews.it\/wp-content\/uploads\/2020\/12\/orlando_mastrillo_colori_500.jpg\",\"caption\":\"Orlando Mastrillo\"},\"description\":\"Nasco a Luino nel 1981, ho iniziato questo lavoro nell'estate del 2003 nella redazione de Il Giorno di Varese e dall'anno successivo ho intrapreso la collaborazione con VareseNews. Dopo anni nell'Alto Varesotto mi sono trasferito a Busto Arsizio nel 2007, territorio che ho iniziato a seguire e che seguo tutt'oggi. Nel 2013 sono diventato giornalista professionista. Mi occupo di cronaca politica, giudiziaria e nera in una vasta area che comprende anche parte della Valle Olona e il Legnanese. Sono sposato con Valeria Arini e ho due splendide figlie.\",\"sameAs\":[\"or_ma\",\"https:\/\/twitter.com\/nando_mastrillo\"],\"url\":\"https:\/\/staging.varesenews.it\/persona\/orlando-mastrillo1\/\"}]}<\/script>\n<!-- \/ Yoast SEO plugin. -->","yoast_head_json":{"title":"Ex-Borri: \"Parco della genesi bocciato perch\u00e8 chi lo propone non vota Antonelli e Reguzzoni\"","description":"In una lettera lo sfogo di una cittadina che ha sostenuto il progetto portato avanti da diverse associazioni e firmato da 2745 cittadini: \"Trattati come cittadini di serie B\"","robots":{"index":"noindex","follow":"follow","max-snippet":"max-snippet:-1","max-image-preview":"max-image-preview:large","max-video-preview":"max-video-preview:-1"},"og_locale":"it_IT","og_type":"article","og_title":"Ex-Borri: \"Parco della genesi bocciato perch\u00e8 chi lo propone non vota Antonelli e Reguzzoni\"","og_description":"In una lettera lo sfogo di una cittadina che ha sostenuto il progetto portato avanti da diverse associazioni e firmato da 2745 cittadini: \"Trattati come cittadini di serie B\"","og_url":"https:\/\/staging.varesenews.it\/2020\/06\/ex-borri-parco-della-genesi-bocciato-perche-lo-propone-non-vota-antonelli-reguzzoni\/939011\/","og_site_name":"VareseNews","article_publisher":"https:\/\/www.facebook.com\/varesenews","article_published_time":"2020-06-18T13:50:45+00:00","author":"Orlando Mastrillo","twitter_card":"summary_large_image","twitter_creator":"@nando_mastrillo","twitter_site":"@varesenews","twitter_misc":{"Scritto da":"Orlando Mastrillo","Tempo di lettura stimato":"4 minuti"},"schema":{"@context":"https:\/\/schema.org","@graph":[{"@type":"WebPage","@id":"https:\/\/staging.varesenews.it\/2020\/06\/ex-borri-parco-della-genesi-bocciato-perche-lo-propone-non-vota-antonelli-reguzzoni\/939011\/","url":"https:\/\/staging.varesenews.it\/2020\/06\/ex-borri-parco-della-genesi-bocciato-perche-lo-propone-non-vota-antonelli-reguzzoni\/939011\/","name":"Ex-Borri: \"Parco della genesi bocciato perch\u00e8 chi lo propone non vota Antonelli e Reguzzoni\"","isPartOf":{"@id":"https:\/\/staging.varesenews.it\/#website"},"datePublished":"2020-06-18T13:50:45+00:00","dateModified":"2020-06-18T13:50:45+00:00","author":{"@id":"https:\/\/staging.varesenews.it\/#\/schema\/person\/14c47ccce537a9058dddce296f10b296"},"description":"In una lettera lo sfogo di una cittadina che ha sostenuto il progetto portato avanti da diverse associazioni e firmato da 2745 cittadini: \"Trattati come cittadini di serie B\"","breadcrumb":{"@id":"https:\/\/staging.varesenews.it\/2020\/06\/ex-borri-parco-della-genesi-bocciato-perche-lo-propone-non-vota-antonelli-reguzzoni\/939011\/#breadcrumb"},"inLanguage":"it-IT","potentialAction":[{"@type":"ReadAction","target":["https:\/\/staging.varesenews.it\/2020\/06\/ex-borri-parco-della-genesi-bocciato-perche-lo-propone-non-vota-antonelli-reguzzoni\/939011\/"]}]},{"@type":"BreadcrumbList","@id":"https:\/\/staging.varesenews.it\/2020\/06\/ex-borri-parco-della-genesi-bocciato-perche-lo-propone-non-vota-antonelli-reguzzoni\/939011\/#breadcrumb","itemListElement":[{"@type":"ListItem","position":1,"name":"Home","item":"https:\/\/www.varesenews.it\/"},{"@type":"ListItem","position":2,"name":"Ex-Borri: &#8220;Parco della genesi bocciato perch\u00e8 chi lo propone non vota Antonelli e Reguzzoni&#8221;"}]},{"@type":"WebSite","@id":"https:\/\/staging.varesenews.it\/#website","url":"https:\/\/staging.varesenews.it\/","name":"VareseNews","description":"","potentialAction":[{"@type":"SearchAction","target":{"@type":"EntryPoint","urlTemplate":"https:\/\/staging.varesenews.it\/?s={search_term_string}"},"query-input":"required name=search_term_string"}],"inLanguage":"it-IT"},{"@type":"Person","@id":"https:\/\/staging.varesenews.it\/#\/schema\/person\/14c47ccce537a9058dddce296f10b296","name":"Orlando Mastrillo","image":{"@type":"ImageObject","inLanguage":"it-IT","@id":"https:\/\/staging.varesenews.it\/#\/schema\/person\/image\/","url":"https:\/\/staging.varesenews.it\/wp-content\/uploads\/2020\/12\/orlando_mastrillo_colori_500.jpg","contentUrl":"https:\/\/staging.varesenews.it\/wp-content\/uploads\/2020\/12\/orlando_mastrillo_colori_500.jpg","caption":"Orlando Mastrillo"},"description":"Nasco a Luino nel 1981, ho iniziato questo lavoro nell'estate del 2003 nella redazione de Il Giorno di Varese e dall'anno successivo ho intrapreso la collaborazione con VareseNews. Dopo anni nell'Alto Varesotto mi sono trasferito a Busto Arsizio nel 2007, territorio che ho iniziato a seguire e che seguo tutt'oggi. Nel 2013 sono diventato giornalista professionista. Mi occupo di cronaca politica, giudiziaria e nera in una vasta area che comprende anche parte della Valle Olona e il Legnanese. Sono sposato con Valeria Arini e ho due splendide figlie.","sameAs":["or_ma","https:\/\/twitter.com\/nando_mastrillo"],"url":"https:\/\/staging.varesenews.it\/persona\/orlando-mastrillo1\/"}]}},"post_meta":{"_edit_lock":"1592490891:47","_edit_last":"47","_category_permalink":"a:1:{s:8:\"category\";s:0:\"\";}","_encloseme":"1","ratings_users":"0","ratings_score":"0","ratings_average":"0","foto":"777396","argomento":"Busto Arsizio","_yoast_wpseo_focuskw_text_input":"parco della genesi","_yoast_wpseo_focuskw":"parco della genesi","_yoast_wpseo_linkdex":"71","_yoast_wpseo_content_score":"30","_jd_tweet_this":"yes","_wpt_short_url":"https:\/\/www.varesenews.it\/2020\/06\/ex-borri-parco-della-genesi-bocciato-perche-lo-propone-non-vota-antonelli-reguzzoni\/939011\/","_wp_jd_target":"https:\/\/www.varesenews.it\/2020\/06\/ex-borri-parco-della-genesi-bocciato-perche-lo-propone-non-vota-antonelli-reguzzoni\/939011\/","_jd_wp_twitter":"a:1:{i:0;s:232:\"Ex-Borri: \u201cParco della genesi bocciato perch\u00e8 chi lo propone non vota Antonelli e Reguzzoni\u201d https:\/\/www.varesenews.it\/2020\/06\/ex-borri-parco-della-genesi-bocciato-perche-lo-propone-non-vota-antonelli-reguzzoni\/939011\/ #exborri\";}","_wpt_status_message":"Tweet inviato con successo."},"photos":[{"original":"https:\/\/staging.varesenews.it\/photogallery_new\/images\/2019\/12\/presentazione-progetto-parco-della-genesi-ex-borri-777396.jpg","full":"https:\/\/staging.varesenews.it\/photogallery_new\/images\/2019\/12\/presentazione-progetto-parco-della-genesi-ex-borri-777396.1024x768.jpg","large":"https:\/\/staging.varesenews.it\/photogallery_new\/images\/2019\/12\/presentazione-progetto-parco-della-genesi-ex-borri-777396.610x431.jpg"}],"_links":{"self":[{"href":"https:\/\/staging.varesenews.it\/swgapi\/v1\/wp\/v2\/posts\/939011"}],"collection":[{"href":"https:\/\/staging.varesenews.it\/swgapi\/v1\/wp\/v2\/posts"}],"about":[{"href":"https:\/\/staging.varesenews.it\/swgapi\/v1\/wp\/v2\/types\/post"}],"author":[{"embeddable":true,"href":"https:\/\/staging.varesenews.it\/swgapi\/v1\/wp\/v2\/users\/47"}],"replies":[{"embeddable":true,"href":"https:\/\/staging.varesenews.it\/swgapi\/v1\/wp\/v2\/comments?post=939011"}],"version-history":[{"count":0,"href":"https:\/\/staging.varesenews.it\/swgapi\/v1\/wp\/v2\/posts\/939011\/revisions"}],"wp:attachment":[{"href":"https:\/\/staging.varesenews.it\/swgapi\/v1\/wp\/v2\/media?parent=939011"}],"wp:term":[{"taxonomy":"category","embeddable":true,"href":"https:\/\/staging.varesenews.it\/swgapi\/v1\/wp\/v2\/categories?post=939011"},{"taxonomy":"post_tag","embeddable":true,"href":"https:\/\/staging.varesenews.it\/swgapi\/v1\/wp\/v2\/tags?post=939011"}],"curies":[{"name":"wp","href":"https:\/\/api.w.org\/{rel}","templated":true}]}}