{"id":939652,"date":"2020-06-20T15:39:29","date_gmt":"2020-06-20T13:39:29","guid":{"rendered":"https:\/\/www.varesenews.it\/?p=939652"},"modified":"2020-06-20T15:44:41","modified_gmt":"2020-06-20T13:44:41","slug":"lassemblea-della-bcc-approva-bilancio","status":"publish","type":"post","link":"https:\/\/staging.varesenews.it\/2020\/06\/lassemblea-della-bcc-approva-bilancio\/939652\/","title":{"rendered":"L&#8217;assemblea della Bcc approva il bilancio"},"content":{"rendered":"<p>I soci\u00a0<strong>Bcc di Busto Garolfo e Buguggiate <\/strong>hanno approvato all\u2019unanimit\u00e0 il\u00a0bilancio del Credito Cooperativo. Un\u2019assemblea inusuale a causa del <strong>Covid-19\u00a0<\/strong> che si \u00e8 svolta <strong>venerd\u00ec 19 giugno<\/strong> nella sala <strong>Don Besana a Busto Garolfo<\/strong>, dove i soci, \u201cpresenti a distanza\u201d grazie alla formula del rappresentante designato nella persona del notaio Pietro Sormani, hanno promosso l\u2019operato dell\u2019istituto.<br \/>\n\u00abChiudiamo il 2019, il primo anno <strong>all\u2019interno del Gruppo bancario cooperativo Iccrea,<\/strong> con una situazione di grande solidit\u00e0\u00bb, ha osservato <strong>Roberto Scazzos<\/strong>i, presidente della <strong>Bcc<\/strong> di <strong>Busto Garolfo e Buguggiate<\/strong>. \u00abLe scelte messe in atto, in quello che \u00e8 stato un periodo di transizione, ci hanno premiato. E, oggi, la nostra \u00e8 una banca pi\u00f9 solida e ancora pi\u00f9 radicata sul territorio\u00bb.<\/p>\n<p>\u00abIl bilancio 2019 fotografa un istituto sano e con tutti i principali indicatori in crescita rispetto all\u2019anno precedente -ha detto il direttore generale, <strong>Carlo Crugnola<\/strong>-: dalla raccolta agli impieghi, fino all\u2019utile lordo, che si attesta a 3,2 milioni, in crescita del 3,5% rispetto al 2018. Mentre sono in diminuzione i crediti deteriorati, con una percentuale di loro copertura che si mantiene elevata, arrivando al 62,7% per quanto riguarda la copertura delle sofferenze\u00bb.<\/p>\n<p>Importante, come sempre, \u00e8 stata anche l&#8217;attivit\u00e0 sociale che ha confermato la vicinanza al territorio, oltre che con l\u2019erogazione di contributi monetari, beneficenze e donazioni anche con alcuni progetti nati per venire incontro alle esigenze pi\u00f9 diverse espresse dalle comunit\u00e0 di riferimento. \u00abNel rispetto dei due principi cardine di mutualit\u00e0 e cooperazione che guidano la mission del <strong>Credito Cooperativo<\/strong>, al territorio sono stati destinati contributi per oltre <strong>370mila euro<\/strong> sotto forma di beneficenze, donazioni, sponsorizzazioni, patrocini e partecipazioni o compartecipazioni a iniziative\u00bb, ha continuato il presidente Scazzosi.<\/p>\n<p>\u00abUna conferma dei valori che muovono la nostra b<strong>anca<\/strong> e del suo impegno a essere dalla parte degli enti no profit, delle amministrazioni comunali e delle associazioni che ogni giorno, con la loro attivit\u00e0, danno un contributo insostituibile alla crescita e allo sviluppo alle proprie comunit\u00e0 di riferimento\u00bb.<\/p>\n<p>L\u2019emergenza sanitaria che ha caratterizzato la prima fase del 2020 ha confermato questo impegno. \u00abAbbiamo donato apparecchiature ai tre ospedali del territorio &#8211; <strong>Legnano, Busto Arsizio e Varese &#8211;<\/strong> identificati come hub per il Covid-19, sostenuto i medici di base con un contributo per acquistare dispositivi di protezione individuale, aiutato le associazioni di volontariato impegnate a portare conforto e aiuti a famiglie in piena emergenza povert\u00e0 e a cui sono stati consegnati pacchi alimentari e buoni spesa\u00bb, ha ricordato <strong>Scazzosi<\/strong>. E ancora, \u00absul fronte produttivo siamo intervenuti per non far mancare credito e liquidit\u00e0, stanziando subito, prima ancora delle misure decise dal governo, un primo plafond di 10 milioni di euro per le imprese.\u00a0Abbiamo, in altre parole, sostenuto la speranza e la certezza di una ripartenza che ci restituir\u00e0 una nuova normalit\u00e0, sicuramente un bel po&#8217; diversa da quella precedente, tranne che per valori che ognuno di noi sapr\u00e0 tenere vivi\u00bb. Nel corso dell\u2019assemblea \u00e8 stato rinnovato il collegio sindacale, che rester\u00e0 in carica per il prossimo triennio: presidente \u00e8 <strong>Gian Mario Marnati;<\/strong> sindaci effettivi sono <strong>Adalberto Minazzi <\/strong>e<strong> Gianfranco Sommaruga,<\/strong> mentre sindaci supplenti sono <strong>Paolo Borri<\/strong> e <strong>Alessandro Zaro<\/strong>.<\/p>\n","protected":false},"excerpt":{"rendered":"<p>Unanimit\u00e0 dall\u2019assemblea dei soci con la forma inusuale del rappresentate designato. L\u2019utile lordo si attesta a 3,2 milioni, in crescita del 3,5% rispetto allo scorso anno<\/p>\n","protected":false},"author":45,"featured_media":0,"comment_status":"open","ping_status":"open","sticky":false,"template":"","format":"standard","meta":{"footnotes":""},"categories":[4,15,2],"tags":[664,663],"acf":[],"yoast_head":"<!-- This site is optimized with the Yoast SEO plugin v20.1 - https:\/\/yoast.com\/wordpress\/plugins\/seo\/ -->\n<title>L&#039;assemblea della Bcc approva il bilancio<\/title>\n<meta name=\"description\" content=\"Unanimit\u00e0 dall\u2019assemblea dei soci con la forma inusuale del rappresentate designato. L\u2019utile lordo si attesta a 3,2 milioni, in crescita del 3,5% rispetto allo scorso anno\" \/>\n<meta name=\"robots\" content=\"noindex, follow, max-snippet:-1, max-image-preview:large, max-video-preview:-1\" \/>\n<meta property=\"og:locale\" content=\"it_IT\" \/>\n<meta property=\"og:type\" content=\"article\" \/>\n<meta property=\"og:title\" content=\"L&#039;assemblea della Bcc approva il bilancio\" \/>\n<meta property=\"og:description\" content=\"Unanimit\u00e0 dall\u2019assemblea dei soci con la forma inusuale del rappresentate designato. L\u2019utile lordo si attesta a 3,2 milioni, in crescita del 3,5% rispetto allo scorso anno\" \/>\n<meta property=\"og:url\" content=\"https:\/\/staging.varesenews.it\/2020\/06\/lassemblea-della-bcc-approva-bilancio\/939652\/\" \/>\n<meta property=\"og:site_name\" content=\"VareseNews\" \/>\n<meta property=\"article:publisher\" content=\"https:\/\/www.facebook.com\/varesenews\" \/>\n<meta property=\"article:author\" content=\"https:\/\/www.facebook.com\/michele.mancino.5\" \/>\n<meta property=\"article:published_time\" content=\"2020-06-20T13:39:29+00:00\" \/>\n<meta property=\"article:modified_time\" content=\"2020-06-20T13:44:41+00:00\" \/>\n<meta name=\"author\" content=\"Michele Mancino\" \/>\n<meta name=\"twitter:card\" content=\"summary_large_image\" \/>\n<meta name=\"twitter:creator\" content=\"@micmancio\" \/>\n<meta name=\"twitter:site\" content=\"@varesenews\" \/>\n<meta name=\"twitter:label1\" content=\"Scritto da\" \/>\n\t<meta name=\"twitter:data1\" content=\"Michele Mancino\" \/>\n\t<meta name=\"twitter:label2\" content=\"Tempo di lettura stimato\" \/>\n\t<meta name=\"twitter:data2\" content=\"3 minuti\" \/>\n<script type=\"application\/ld+json\" class=\"yoast-schema-graph\">{\"@context\":\"https:\/\/schema.org\",\"@graph\":[{\"@type\":\"WebPage\",\"@id\":\"https:\/\/staging.varesenews.it\/2020\/06\/lassemblea-della-bcc-approva-bilancio\/939652\/\",\"url\":\"https:\/\/staging.varesenews.it\/2020\/06\/lassemblea-della-bcc-approva-bilancio\/939652\/\",\"name\":\"L'assemblea della Bcc approva il bilancio\",\"isPartOf\":{\"@id\":\"https:\/\/staging.varesenews.it\/#website\"},\"datePublished\":\"2020-06-20T13:39:29+00:00\",\"dateModified\":\"2020-06-20T13:44:41+00:00\",\"author\":{\"@id\":\"https:\/\/staging.varesenews.it\/#\/schema\/person\/308b491d3cb680ead199e5ff6c6ce540\"},\"description\":\"Unanimit\u00e0 dall\u2019assemblea dei soci con la forma inusuale del rappresentate designato. L\u2019utile lordo si attesta a 3,2 milioni, in crescita del 3,5% rispetto allo scorso anno\",\"breadcrumb\":{\"@id\":\"https:\/\/staging.varesenews.it\/2020\/06\/lassemblea-della-bcc-approva-bilancio\/939652\/#breadcrumb\"},\"inLanguage\":\"it-IT\",\"potentialAction\":[{\"@type\":\"ReadAction\",\"target\":[\"https:\/\/staging.varesenews.it\/2020\/06\/lassemblea-della-bcc-approva-bilancio\/939652\/\"]}]},{\"@type\":\"BreadcrumbList\",\"@id\":\"https:\/\/staging.varesenews.it\/2020\/06\/lassemblea-della-bcc-approva-bilancio\/939652\/#breadcrumb\",\"itemListElement\":[{\"@type\":\"ListItem\",\"position\":1,\"name\":\"Home\",\"item\":\"https:\/\/www.varesenews.it\/\"},{\"@type\":\"ListItem\",\"position\":2,\"name\":\"L&#8217;assemblea della Bcc approva il bilancio\"}]},{\"@type\":\"WebSite\",\"@id\":\"https:\/\/staging.varesenews.it\/#website\",\"url\":\"https:\/\/staging.varesenews.it\/\",\"name\":\"VareseNews\",\"description\":\"\",\"potentialAction\":[{\"@type\":\"SearchAction\",\"target\":{\"@type\":\"EntryPoint\",\"urlTemplate\":\"https:\/\/staging.varesenews.it\/?s={search_term_string}\"},\"query-input\":\"required name=search_term_string\"}],\"inLanguage\":\"it-IT\"},{\"@type\":\"Person\",\"@id\":\"https:\/\/staging.varesenews.it\/#\/schema\/person\/308b491d3cb680ead199e5ff6c6ce540\",\"name\":\"Michele Mancino\",\"image\":{\"@type\":\"ImageObject\",\"inLanguage\":\"it-IT\",\"@id\":\"https:\/\/staging.varesenews.it\/#\/schema\/person\/image\/\",\"url\":\"https:\/\/staging.varesenews.it\/wp-content\/uploads\/2020\/12\/michele_mancino_colori_500.jpg\",\"contentUrl\":\"https:\/\/staging.varesenews.it\/wp-content\/uploads\/2020\/12\/michele_mancino_colori_500.jpg\",\"caption\":\"Michele Mancino\"},\"description\":\"Sono a VareseNews da prima che nascesse. Ho inserito le prime notizie in una stringa di codice html, la lingua di internet. Aprivo i computer, cambiavo schede di rete e portavo i server dal provider. A met&agrave; degli anni &rsquo;90 il giornalista online doveva saper fare anche questo. Ho vissuto gli anni drammatici della bolla speculativa di Internet e quelli entusiastici della crescita, anni in cui VareseNews era un Davide in mezzo a tanti Golia. Poi sono arrivati i social, le nuove piattaforme e soprattutto gli smartphone, una postazione di lavoro racchiusa in una mano. Una nuova rivoluzione. Insomma, &egrave; stata, ed &egrave; ancora, un&rsquo;avventura entusiasmante perch&eacute; mi insegna giorno dopo giorno che il cambiamento &egrave; l&rsquo;unica certezza di questa fragile esistenza.\",\"sameAs\":[\"https:\/\/www.facebook.com\/michele.mancino.5\",\"micmancio\",\"Aggiorna le impostazioni del tuo profilo pubblicoit.linkedin.com\/pub\/michele-mancino\/28\/b71\/890\/it\",\"https:\/\/twitter.com\/micmancio\"],\"url\":\"https:\/\/staging.varesenews.it\/persona\/michele_mancino\/\"}]}<\/script>\n<!-- \/ Yoast SEO plugin. -->","yoast_head_json":{"title":"L'assemblea della Bcc approva il bilancio","description":"Unanimit\u00e0 dall\u2019assemblea dei soci con la forma inusuale del rappresentate designato. L\u2019utile lordo si attesta a 3,2 milioni, in crescita del 3,5% rispetto allo scorso anno","robots":{"index":"noindex","follow":"follow","max-snippet":"max-snippet:-1","max-image-preview":"max-image-preview:large","max-video-preview":"max-video-preview:-1"},"og_locale":"it_IT","og_type":"article","og_title":"L'assemblea della Bcc approva il bilancio","og_description":"Unanimit\u00e0 dall\u2019assemblea dei soci con la forma inusuale del rappresentate designato. L\u2019utile lordo si attesta a 3,2 milioni, in crescita del 3,5% rispetto allo scorso anno","og_url":"https:\/\/staging.varesenews.it\/2020\/06\/lassemblea-della-bcc-approva-bilancio\/939652\/","og_site_name":"VareseNews","article_publisher":"https:\/\/www.facebook.com\/varesenews","article_author":"https:\/\/www.facebook.com\/michele.mancino.5","article_published_time":"2020-06-20T13:39:29+00:00","article_modified_time":"2020-06-20T13:44:41+00:00","author":"Michele Mancino","twitter_card":"summary_large_image","twitter_creator":"@micmancio","twitter_site":"@varesenews","twitter_misc":{"Scritto da":"Michele Mancino","Tempo di lettura stimato":"3 minuti"},"schema":{"@context":"https:\/\/schema.org","@graph":[{"@type":"WebPage","@id":"https:\/\/staging.varesenews.it\/2020\/06\/lassemblea-della-bcc-approva-bilancio\/939652\/","url":"https:\/\/staging.varesenews.it\/2020\/06\/lassemblea-della-bcc-approva-bilancio\/939652\/","name":"L'assemblea della Bcc approva il bilancio","isPartOf":{"@id":"https:\/\/staging.varesenews.it\/#website"},"datePublished":"2020-06-20T13:39:29+00:00","dateModified":"2020-06-20T13:44:41+00:00","author":{"@id":"https:\/\/staging.varesenews.it\/#\/schema\/person\/308b491d3cb680ead199e5ff6c6ce540"},"description":"Unanimit\u00e0 dall\u2019assemblea dei soci con la forma inusuale del rappresentate designato. L\u2019utile lordo si attesta a 3,2 milioni, in crescita del 3,5% rispetto allo scorso anno","breadcrumb":{"@id":"https:\/\/staging.varesenews.it\/2020\/06\/lassemblea-della-bcc-approva-bilancio\/939652\/#breadcrumb"},"inLanguage":"it-IT","potentialAction":[{"@type":"ReadAction","target":["https:\/\/staging.varesenews.it\/2020\/06\/lassemblea-della-bcc-approva-bilancio\/939652\/"]}]},{"@type":"BreadcrumbList","@id":"https:\/\/staging.varesenews.it\/2020\/06\/lassemblea-della-bcc-approva-bilancio\/939652\/#breadcrumb","itemListElement":[{"@type":"ListItem","position":1,"name":"Home","item":"https:\/\/www.varesenews.it\/"},{"@type":"ListItem","position":2,"name":"L&#8217;assemblea della Bcc approva il bilancio"}]},{"@type":"WebSite","@id":"https:\/\/staging.varesenews.it\/#website","url":"https:\/\/staging.varesenews.it\/","name":"VareseNews","description":"","potentialAction":[{"@type":"SearchAction","target":{"@type":"EntryPoint","urlTemplate":"https:\/\/staging.varesenews.it\/?s={search_term_string}"},"query-input":"required name=search_term_string"}],"inLanguage":"it-IT"},{"@type":"Person","@id":"https:\/\/staging.varesenews.it\/#\/schema\/person\/308b491d3cb680ead199e5ff6c6ce540","name":"Michele Mancino","image":{"@type":"ImageObject","inLanguage":"it-IT","@id":"https:\/\/staging.varesenews.it\/#\/schema\/person\/image\/","url":"https:\/\/staging.varesenews.it\/wp-content\/uploads\/2020\/12\/michele_mancino_colori_500.jpg","contentUrl":"https:\/\/staging.varesenews.it\/wp-content\/uploads\/2020\/12\/michele_mancino_colori_500.jpg","caption":"Michele Mancino"},"description":"Sono a VareseNews da prima che nascesse. Ho inserito le prime notizie in una stringa di codice html, la lingua di internet. Aprivo i computer, cambiavo schede di rete e portavo i server dal provider. A met&agrave; degli anni &rsquo;90 il giornalista online doveva saper fare anche questo. Ho vissuto gli anni drammatici della bolla speculativa di Internet e quelli entusiastici della crescita, anni in cui VareseNews era un Davide in mezzo a tanti Golia. Poi sono arrivati i social, le nuove piattaforme e soprattutto gli smartphone, una postazione di lavoro racchiusa in una mano. Una nuova rivoluzione. Insomma, &egrave; stata, ed &egrave; ancora, un&rsquo;avventura entusiasmante perch&eacute; mi insegna giorno dopo giorno che il cambiamento &egrave; l&rsquo;unica certezza di questa fragile esistenza.","sameAs":["https:\/\/www.facebook.com\/michele.mancino.5","micmancio","Aggiorna le impostazioni del tuo profilo pubblicoit.linkedin.com\/pub\/michele-mancino\/28\/b71\/890\/it","https:\/\/twitter.com\/micmancio"],"url":"https:\/\/staging.varesenews.it\/persona\/michele_mancino\/"}]}},"post_meta":{"_edit_lock":"1592660814:45","_edit_last":"45","_category_permalink":"a:1:{s:8:\"category\";s:2:\"15\";}","_encloseme":"1","ratings_users":"0","ratings_score":"0","ratings_average":"0","foto":"1157872","firma_come_redazione":"1","argomento":"Economia","_yoast_wpseo_content_score":"30","_jd_tweet_this":"yes","_wpt_short_url":"https:\/\/www.varesenews.it\/2020\/06\/lassemblea-della-bcc-approva-bilancio\/939652\/","_wp_jd_target":"https:\/\/www.varesenews.it\/2020\/06\/lassemblea-della-bcc-approva-bilancio\/939652\/","_jd_wp_twitter":"a:1:{i:0;s:136:\"L\u2019assemblea della Bcc approva il bilancio https:\/\/www.varesenews.it\/2020\/06\/lassemblea-della-bcc-approva-bilancio\/939652\/ #banche #Bcc\";}","_wpt_status_message":"Tweet inviato con successo."},"photos":[{"original":"https:\/\/staging.varesenews.it\/photogallery_new\/images\/2020\/06\/bcc-1157872.jpg","full":"https:\/\/staging.varesenews.it\/photogallery_new\/images\/2020\/06\/bcc-1157872.1024x768.jpg","large":"https:\/\/staging.varesenews.it\/photogallery_new\/images\/2020\/06\/bcc-1157872.610x431.jpg"}],"_links":{"self":[{"href":"https:\/\/staging.varesenews.it\/swgapi\/v1\/wp\/v2\/posts\/939652"}],"collection":[{"href":"https:\/\/staging.varesenews.it\/swgapi\/v1\/wp\/v2\/posts"}],"about":[{"href":"https:\/\/staging.varesenews.it\/swgapi\/v1\/wp\/v2\/types\/post"}],"author":[{"embeddable":true,"href":"https:\/\/staging.varesenews.it\/swgapi\/v1\/wp\/v2\/users\/45"}],"replies":[{"embeddable":true,"href":"https:\/\/staging.varesenews.it\/swgapi\/v1\/wp\/v2\/comments?post=939652"}],"version-history":[{"count":0,"href":"https:\/\/staging.varesenews.it\/swgapi\/v1\/wp\/v2\/posts\/939652\/revisions"}],"wp:attachment":[{"href":"https:\/\/staging.varesenews.it\/swgapi\/v1\/wp\/v2\/media?parent=939652"}],"wp:term":[{"taxonomy":"category","embeddable":true,"href":"https:\/\/staging.varesenews.it\/swgapi\/v1\/wp\/v2\/categories?post=939652"},{"taxonomy":"post_tag","embeddable":true,"href":"https:\/\/staging.varesenews.it\/swgapi\/v1\/wp\/v2\/tags?post=939652"}],"curies":[{"name":"wp","href":"https:\/\/api.w.org\/{rel}","templated":true}]}}