{"id":939660,"date":"2020-06-20T16:01:37","date_gmt":"2020-06-20T14:01:37","guid":{"rendered":"https:\/\/www.varesenews.it\/?p=939660"},"modified":"2020-06-20T16:01:37","modified_gmt":"2020-06-20T14:01:37","slug":"tusaronno-ora-consiglio-comunale-torni-sala-vanelli","status":"publish","type":"post","link":"https:\/\/staging.varesenews.it\/2020\/06\/tusaronno-ora-consiglio-comunale-torni-sala-vanelli\/939660\/","title":{"rendered":"Tu@Saronno: &#8220;\u00c8 ora che il Consiglio Comunale torni in Sala Vanelli&#8221;"},"content":{"rendered":"<p>\u00ab<strong>\u00c8 ora che il Consiglio Comunale torni in Sala Vanelli<\/strong>\u00bb. Lo afferma <strong>Franco Casali<\/strong> della lista civica Tu@Saronno, dopo la decisione del sindaco di effettuare in videoconferenza anche i consigli comunali del 30 giugno e 1 luglio. \u00abNon sono servite le argomentazioni dei capigruppo dell&#8217;opposizione favorevoli ad un ritorno alla quasi \u201cnormalit\u00e0\u201d del Consiglio, mantenendo ovviamente distanze e i presidi sanitari previsti &#8211; spiega il consigliere di minoranza -. Quando eravamo in piena emergenza Covid la Lega voleva tenere il Consiglio in Sala Vanelli, <strong>contrarie le opposizioni che avevano chiesto un rinvio o una diversa modalit\u00e0 di gestione<\/strong>, a tutela della salute di consiglieri, giunta, dipendenti dell&#8217;amministrazione e pubblico\u00bb.<\/p>\n<p>\u00abOra che si \u00e9 tornati ad una situazione pi\u00f9 gestibile, con la riapertura di moltissime attivit\u00e0 incluse quelle parlamentari, riteniamo opportuno che il dibattito ritorni nella sede deputata, con eventuale collegamento in videoconferenza per chi non si sentisse di partecipare fisicamente &#8211; conclude Casali &#8211;<strong>. Il Governo ha stabilito che \u00e9 possibile fare i consigli in remoto<\/strong>, non anche che si devono fare con questa modalit\u00e0. Forse che la Lega si sia accorta che \u00e9 pi\u00f9 facile silenziare le opposizioni schiacciando un bottone, piuttosto che procedere con i richiami verbali di rito e l&#8217;eventuale allontanamento fisico come successo anche nell&#8217;ultima Commissione Urbanistica?\u00bb<\/p>\n","protected":false},"excerpt":{"rendered":"<p>Lo afferma Franco Casali della lista civica Tu@Saronno, dopo la decisione del sindaco di effettuare in videoconferenza anche i consigli comunali del 30 giugno e 1 luglio<\/p>\n","protected":false},"author":51,"featured_media":0,"comment_status":"open","ping_status":"open","sticky":false,"template":"","format":"standard","meta":{"footnotes":""},"categories":[5],"tags":[5938],"acf":[],"yoast_head":"<!-- This site is optimized with the Yoast SEO plugin v20.1 - https:\/\/yoast.com\/wordpress\/plugins\/seo\/ -->\n<title>Tu@Saronno: &quot;\u00c8 ora che il Consiglio Comunale torni in Sala Vanelli&quot;<\/title>\n<meta name=\"description\" content=\"Lo afferma Franco Casali della lista civica Tu@Saronno, dopo la decisione del sindaco di effettuare in videoconferenza anche i consigli comunali del 30 giugno e 1 luglio\" \/>\n<meta name=\"robots\" content=\"noindex, follow, max-snippet:-1, max-image-preview:large, max-video-preview:-1\" \/>\n<meta property=\"og:locale\" content=\"it_IT\" \/>\n<meta property=\"og:type\" content=\"article\" \/>\n<meta property=\"og:title\" content=\"Tu@Saronno: &quot;\u00c8 ora che il Consiglio Comunale torni in Sala Vanelli&quot;\" \/>\n<meta property=\"og:description\" content=\"Lo afferma Franco Casali della lista civica Tu@Saronno, dopo la decisione del sindaco di effettuare in videoconferenza anche i consigli comunali del 30 giugno e 1 luglio\" \/>\n<meta property=\"og:url\" content=\"https:\/\/staging.varesenews.it\/2020\/06\/tusaronno-ora-consiglio-comunale-torni-sala-vanelli\/939660\/\" \/>\n<meta property=\"og:site_name\" content=\"VareseNews\" \/>\n<meta property=\"article:publisher\" content=\"https:\/\/www.facebook.com\/varesenews\" \/>\n<meta property=\"article:author\" content=\"https:\/\/www.facebook.com\/manuel.sgarella\" \/>\n<meta property=\"article:published_time\" content=\"2020-06-20T14:01:37+00:00\" \/>\n<meta name=\"author\" content=\"Manuel Sgarella\" \/>\n<meta name=\"twitter:card\" content=\"summary_large_image\" \/>\n<meta name=\"twitter:creator\" content=\"@Sgarel\" \/>\n<meta name=\"twitter:site\" content=\"@varesenews\" \/>\n<meta name=\"twitter:label1\" content=\"Scritto da\" \/>\n\t<meta name=\"twitter:data1\" content=\"Manuel Sgarella\" \/>\n\t<meta name=\"twitter:label2\" content=\"Tempo di lettura stimato\" \/>\n\t<meta name=\"twitter:data2\" content=\"1 minuto\" \/>\n<script type=\"application\/ld+json\" class=\"yoast-schema-graph\">{\"@context\":\"https:\/\/schema.org\",\"@graph\":[{\"@type\":\"WebPage\",\"@id\":\"https:\/\/staging.varesenews.it\/2020\/06\/tusaronno-ora-consiglio-comunale-torni-sala-vanelli\/939660\/\",\"url\":\"https:\/\/staging.varesenews.it\/2020\/06\/tusaronno-ora-consiglio-comunale-torni-sala-vanelli\/939660\/\",\"name\":\"Tu@Saronno: \\\"\u00c8 ora che il Consiglio Comunale torni in Sala Vanelli\\\"\",\"isPartOf\":{\"@id\":\"https:\/\/staging.varesenews.it\/#website\"},\"datePublished\":\"2020-06-20T14:01:37+00:00\",\"dateModified\":\"2020-06-20T14:01:37+00:00\",\"author\":{\"@id\":\"https:\/\/staging.varesenews.it\/#\/schema\/person\/1ec987bf360cbcf5fab38b0367dbc9d4\"},\"description\":\"Lo afferma Franco Casali della lista civica Tu@Saronno, dopo la decisione del sindaco di effettuare in videoconferenza anche i consigli comunali del 30 giugno e 1 luglio\",\"breadcrumb\":{\"@id\":\"https:\/\/staging.varesenews.it\/2020\/06\/tusaronno-ora-consiglio-comunale-torni-sala-vanelli\/939660\/#breadcrumb\"},\"inLanguage\":\"it-IT\",\"potentialAction\":[{\"@type\":\"ReadAction\",\"target\":[\"https:\/\/staging.varesenews.it\/2020\/06\/tusaronno-ora-consiglio-comunale-torni-sala-vanelli\/939660\/\"]}]},{\"@type\":\"BreadcrumbList\",\"@id\":\"https:\/\/staging.varesenews.it\/2020\/06\/tusaronno-ora-consiglio-comunale-torni-sala-vanelli\/939660\/#breadcrumb\",\"itemListElement\":[{\"@type\":\"ListItem\",\"position\":1,\"name\":\"Home\",\"item\":\"https:\/\/www.varesenews.it\/\"},{\"@type\":\"ListItem\",\"position\":2,\"name\":\"Tu@Saronno: &#8220;\u00c8 ora che il Consiglio Comunale torni in Sala Vanelli&#8221;\"}]},{\"@type\":\"WebSite\",\"@id\":\"https:\/\/staging.varesenews.it\/#website\",\"url\":\"https:\/\/staging.varesenews.it\/\",\"name\":\"VareseNews\",\"description\":\"\",\"potentialAction\":[{\"@type\":\"SearchAction\",\"target\":{\"@type\":\"EntryPoint\",\"urlTemplate\":\"https:\/\/staging.varesenews.it\/?s={search_term_string}\"},\"query-input\":\"required name=search_term_string\"}],\"inLanguage\":\"it-IT\"},{\"@type\":\"Person\",\"@id\":\"https:\/\/staging.varesenews.it\/#\/schema\/person\/1ec987bf360cbcf5fab38b0367dbc9d4\",\"name\":\"Manuel Sgarella\",\"image\":{\"@type\":\"ImageObject\",\"inLanguage\":\"it-IT\",\"@id\":\"https:\/\/staging.varesenews.it\/#\/schema\/person\/image\/\",\"url\":\"https:\/\/staging.varesenews.it\/wp-content\/uploads\/2020\/12\/manuel_sgarella_colori_500.jpg\",\"contentUrl\":\"https:\/\/staging.varesenews.it\/wp-content\/uploads\/2020\/12\/manuel_sgarella_colori_500.jpg\",\"caption\":\"Manuel Sgarella\"},\"description\":\"A VareseNews dal 1999, da quando ho iniziato a collaborare per la pagina del cinema. Col tempo mi sono occupato della cronaca del territorio di Saronno-Tradate e dell'organizzazione di alcuni progetti speciali di VareseNews, tra cui la produzione del film Digitalife. Dal 2009 sono giornalista professionista. Diplomato alla Civica scuola del cinema di Milano, coltivo da sempre una passione per tutto quello che &egrave; narrazione, soprattutto per film e serie tv. Dal 2014 Pubblico romanzi come autore indipendente.&nbsp;\",\"sameAs\":[\"https:\/\/www.facebook.com\/manuel.sgarella\",\"Sgarel\",\"https:\/\/twitter.com\/Sgarel\"],\"url\":\"https:\/\/staging.varesenews.it\/persona\/manuel-sgarella1\/\"}]}<\/script>\n<!-- \/ Yoast SEO plugin. -->","yoast_head_json":{"title":"Tu@Saronno: \"\u00c8 ora che il Consiglio Comunale torni in Sala Vanelli\"","description":"Lo afferma Franco Casali della lista civica Tu@Saronno, dopo la decisione del sindaco di effettuare in videoconferenza anche i consigli comunali del 30 giugno e 1 luglio","robots":{"index":"noindex","follow":"follow","max-snippet":"max-snippet:-1","max-image-preview":"max-image-preview:large","max-video-preview":"max-video-preview:-1"},"og_locale":"it_IT","og_type":"article","og_title":"Tu@Saronno: \"\u00c8 ora che il Consiglio Comunale torni in Sala Vanelli\"","og_description":"Lo afferma Franco Casali della lista civica Tu@Saronno, dopo la decisione del sindaco di effettuare in videoconferenza anche i consigli comunali del 30 giugno e 1 luglio","og_url":"https:\/\/staging.varesenews.it\/2020\/06\/tusaronno-ora-consiglio-comunale-torni-sala-vanelli\/939660\/","og_site_name":"VareseNews","article_publisher":"https:\/\/www.facebook.com\/varesenews","article_author":"https:\/\/www.facebook.com\/manuel.sgarella","article_published_time":"2020-06-20T14:01:37+00:00","author":"Manuel Sgarella","twitter_card":"summary_large_image","twitter_creator":"@Sgarel","twitter_site":"@varesenews","twitter_misc":{"Scritto da":"Manuel Sgarella","Tempo di lettura stimato":"1 minuto"},"schema":{"@context":"https:\/\/schema.org","@graph":[{"@type":"WebPage","@id":"https:\/\/staging.varesenews.it\/2020\/06\/tusaronno-ora-consiglio-comunale-torni-sala-vanelli\/939660\/","url":"https:\/\/staging.varesenews.it\/2020\/06\/tusaronno-ora-consiglio-comunale-torni-sala-vanelli\/939660\/","name":"Tu@Saronno: \"\u00c8 ora che il Consiglio Comunale torni in Sala Vanelli\"","isPartOf":{"@id":"https:\/\/staging.varesenews.it\/#website"},"datePublished":"2020-06-20T14:01:37+00:00","dateModified":"2020-06-20T14:01:37+00:00","author":{"@id":"https:\/\/staging.varesenews.it\/#\/schema\/person\/1ec987bf360cbcf5fab38b0367dbc9d4"},"description":"Lo afferma Franco Casali della lista civica Tu@Saronno, dopo la decisione del sindaco di effettuare in videoconferenza anche i consigli comunali del 30 giugno e 1 luglio","breadcrumb":{"@id":"https:\/\/staging.varesenews.it\/2020\/06\/tusaronno-ora-consiglio-comunale-torni-sala-vanelli\/939660\/#breadcrumb"},"inLanguage":"it-IT","potentialAction":[{"@type":"ReadAction","target":["https:\/\/staging.varesenews.it\/2020\/06\/tusaronno-ora-consiglio-comunale-torni-sala-vanelli\/939660\/"]}]},{"@type":"BreadcrumbList","@id":"https:\/\/staging.varesenews.it\/2020\/06\/tusaronno-ora-consiglio-comunale-torni-sala-vanelli\/939660\/#breadcrumb","itemListElement":[{"@type":"ListItem","position":1,"name":"Home","item":"https:\/\/www.varesenews.it\/"},{"@type":"ListItem","position":2,"name":"Tu@Saronno: &#8220;\u00c8 ora che il Consiglio Comunale torni in Sala Vanelli&#8221;"}]},{"@type":"WebSite","@id":"https:\/\/staging.varesenews.it\/#website","url":"https:\/\/staging.varesenews.it\/","name":"VareseNews","description":"","potentialAction":[{"@type":"SearchAction","target":{"@type":"EntryPoint","urlTemplate":"https:\/\/staging.varesenews.it\/?s={search_term_string}"},"query-input":"required name=search_term_string"}],"inLanguage":"it-IT"},{"@type":"Person","@id":"https:\/\/staging.varesenews.it\/#\/schema\/person\/1ec987bf360cbcf5fab38b0367dbc9d4","name":"Manuel Sgarella","image":{"@type":"ImageObject","inLanguage":"it-IT","@id":"https:\/\/staging.varesenews.it\/#\/schema\/person\/image\/","url":"https:\/\/staging.varesenews.it\/wp-content\/uploads\/2020\/12\/manuel_sgarella_colori_500.jpg","contentUrl":"https:\/\/staging.varesenews.it\/wp-content\/uploads\/2020\/12\/manuel_sgarella_colori_500.jpg","caption":"Manuel Sgarella"},"description":"A VareseNews dal 1999, da quando ho iniziato a collaborare per la pagina del cinema. Col tempo mi sono occupato della cronaca del territorio di Saronno-Tradate e dell'organizzazione di alcuni progetti speciali di VareseNews, tra cui la produzione del film Digitalife. Dal 2009 sono giornalista professionista. Diplomato alla Civica scuola del cinema di Milano, coltivo da sempre una passione per tutto quello che &egrave; narrazione, soprattutto per film e serie tv. Dal 2014 Pubblico romanzi come autore indipendente.&nbsp;","sameAs":["https:\/\/www.facebook.com\/manuel.sgarella","Sgarel","https:\/\/twitter.com\/Sgarel"],"url":"https:\/\/staging.varesenews.it\/persona\/manuel-sgarella1\/"}]}},"post_meta":{"_edit_lock":"1592662137:51","_edit_last":"51","_category_permalink":"a:1:{s:8:\"category\";s:0:\"\";}","_encloseme":"1","ratings_users":"0","ratings_score":"0","ratings_average":"0","foto":"1156243","firma_come_redazione":"1","argomento":"Saronno","_yoast_wpseo_content_score":"30","_jd_tweet_this":"yes","_wpt_short_url":"https:\/\/www.varesenews.it\/2020\/06\/tusaronno-ora-consiglio-comunale-torni-sala-vanelli\/939660\/","_wp_jd_target":"https:\/\/www.varesenews.it\/2020\/06\/tusaronno-ora-consiglio-comunale-torni-sala-vanelli\/939660\/","_jd_wp_twitter":"a:1:{i:0;s:177:\"Tu@Saronno: \u201c\u00c8 ora che il Consiglio Comunale torni in Sala Vanelli\u201d https:\/\/www.varesenews.it\/2020\/06\/tusaronno-ora-consiglio-comunale-torni-sala-vanelli\/939660\/ #tusaronno\";}","_wpt_status_message":"Tweet inviato con successo."},"photos":[{"original":"https:\/\/staging.varesenews.it\/photogallery_new\/images\/2020\/06\/tu-saronno-sostiene-airoldi-sindaco-1156243.jpg","full":"https:\/\/staging.varesenews.it\/photogallery_new\/images\/2020\/06\/tu-saronno-sostiene-airoldi-sindaco-1156243.1024x768.jpg","large":"https:\/\/staging.varesenews.it\/photogallery_new\/images\/2020\/06\/tu-saronno-sostiene-airoldi-sindaco-1156243.610x431.jpg"}],"_links":{"self":[{"href":"https:\/\/staging.varesenews.it\/swgapi\/v1\/wp\/v2\/posts\/939660"}],"collection":[{"href":"https:\/\/staging.varesenews.it\/swgapi\/v1\/wp\/v2\/posts"}],"about":[{"href":"https:\/\/staging.varesenews.it\/swgapi\/v1\/wp\/v2\/types\/post"}],"author":[{"embeddable":true,"href":"https:\/\/staging.varesenews.it\/swgapi\/v1\/wp\/v2\/users\/51"}],"replies":[{"embeddable":true,"href":"https:\/\/staging.varesenews.it\/swgapi\/v1\/wp\/v2\/comments?post=939660"}],"version-history":[{"count":0,"href":"https:\/\/staging.varesenews.it\/swgapi\/v1\/wp\/v2\/posts\/939660\/revisions"}],"wp:attachment":[{"href":"https:\/\/staging.varesenews.it\/swgapi\/v1\/wp\/v2\/media?parent=939660"}],"wp:term":[{"taxonomy":"category","embeddable":true,"href":"https:\/\/staging.varesenews.it\/swgapi\/v1\/wp\/v2\/categories?post=939660"},{"taxonomy":"post_tag","embeddable":true,"href":"https:\/\/staging.varesenews.it\/swgapi\/v1\/wp\/v2\/tags?post=939660"}],"curies":[{"name":"wp","href":"https:\/\/api.w.org\/{rel}","templated":true}]}}