{"id":940496,"date":"2020-06-23T16:53:42","date_gmt":"2020-06-23T14:53:42","guid":{"rendered":"https:\/\/www.varesenews.it\/?p=940496"},"modified":"2020-06-23T16:53:42","modified_gmt":"2020-06-23T14:53:42","slug":"pensioni-ritiro-posta-sara-ancora-scaglionato","status":"publish","type":"post","link":"https:\/\/staging.varesenews.it\/2020\/06\/pensioni-ritiro-posta-sara-ancora-scaglionato\/940496\/","title":{"rendered":"Pensioni: il ritiro in posta sar\u00e0 ancora scaglionato"},"content":{"rendered":"<p>Al fine di consentire a tutti i beneficiari dei pagamenti di recarsi presso gli uffici postali in sicurezza e nel rispetto delle misure di<br \/>\ncontenimento della diffusione del virus COVID-19, con l\u2019Ordinanza del Capo Dipartimento della Protezione Civile (OCDPC n. 680 dell\u201911<br \/>\ngiugno 2020) <strong>\u00e8 stata estesa anche al mese di luglio l\u2019anticipazione del pagamento delle rate di pensione<\/strong>, <strong>degli assegni, delle pensioni e<\/strong><br \/>\n<strong>delle indennit\u00e0 di accompagnamento erogate agli invalidi civili,<\/strong> che avverr\u00e0 secondo i seguenti scaglioni, <strong>suddivisi in base alle iniziali del<\/strong><br \/>\n<strong>cognome del titolare della prestazione:<br \/>\n<\/strong><br \/>\n\uf0b7 A-B mercoled\u00ec 24 giugno;<br \/>\n\uf0b7 C-D gioved\u00ec 25 giugno;<br \/>\n\uf0b7 E-K venerd\u00ec 26 giugno;<br \/>\n\uf0b7 L-O sabato 27 giugno;<br \/>\n\uf0b7 P-R luned\u00ec 29 giugno;<br \/>\n\uf0b7 S-Z marted\u00ec 30 giugno.<\/p>\n<p>Ciascun ufficio postale esporr\u00e0 il calendario dei pagamenti, che potr\u00e0 presentare variazioni rispetto a quello sopra indicato per tener conto<br \/>\ndelle specificit\u00e0 locali. \u00c8 pertanto opportuno consultare il calendario dell\u2019ufficio postale presso cui si riscuote la prestazione.<\/p>\n","protected":false},"excerpt":{"rendered":"<p>Post italiane comunica che per garantire ancora i distanziamenti di sicurezza, verr\u00e0 prorogato il sistema del pagamento in base alle lettere dell&#8217;alfabeto. Si parte mercoled\u00ec 24 giugno con le lettere A e B<\/p>\n","protected":false},"author":33,"featured_media":0,"comment_status":"open","ping_status":"open","sticky":false,"template":"","format":"standard","meta":{"footnotes":""},"categories":[4,3,9,7,5,2],"tags":[2890,3798],"acf":[],"yoast_head":"<!-- This site is optimized with the Yoast SEO plugin v20.1 - https:\/\/yoast.com\/wordpress\/plugins\/seo\/ -->\n<title>Pensioni: il ritiro in posta sar\u00e0 ancora scaglionato<\/title>\n<meta name=\"description\" content=\"Post italiane comunica che per garantire ancora i distanziamenti di sicurezza, verr\u00e0 prorogato il sistema del pagamento in base alle lettere dell&#039;alfabeto. Si parte mercoled\u00ec 24 giugno con le lettere A e B\" \/>\n<meta name=\"robots\" content=\"noindex, follow, max-snippet:-1, max-image-preview:large, max-video-preview:-1\" \/>\n<meta property=\"og:locale\" content=\"it_IT\" \/>\n<meta property=\"og:type\" content=\"article\" \/>\n<meta property=\"og:title\" content=\"Pensioni: il ritiro in posta sar\u00e0 ancora scaglionato\" \/>\n<meta property=\"og:description\" content=\"Post italiane comunica che per garantire ancora i distanziamenti di sicurezza, verr\u00e0 prorogato il sistema del pagamento in base alle lettere dell&#039;alfabeto. Si parte mercoled\u00ec 24 giugno con le lettere A e B\" \/>\n<meta property=\"og:url\" content=\"https:\/\/staging.varesenews.it\/2020\/06\/pensioni-ritiro-posta-sara-ancora-scaglionato\/940496\/\" \/>\n<meta property=\"og:site_name\" content=\"VareseNews\" \/>\n<meta property=\"article:publisher\" content=\"https:\/\/www.facebook.com\/varesenews\" \/>\n<meta property=\"article:author\" content=\"alessandra.toni7\" \/>\n<meta property=\"article:published_time\" content=\"2020-06-23T14:53:42+00:00\" \/>\n<meta name=\"author\" content=\"Alessandra Toni\" \/>\n<meta name=\"twitter:card\" content=\"summary_large_image\" \/>\n<meta name=\"twitter:creator\" content=\"@alessandra_toni\" \/>\n<meta name=\"twitter:site\" content=\"@varesenews\" \/>\n<meta name=\"twitter:label1\" content=\"Scritto da\" \/>\n\t<meta name=\"twitter:data1\" content=\"Alessandra Toni\" \/>\n\t<meta name=\"twitter:label2\" content=\"Tempo di lettura stimato\" \/>\n\t<meta name=\"twitter:data2\" content=\"1 minuto\" \/>\n<script type=\"application\/ld+json\" class=\"yoast-schema-graph\">{\"@context\":\"https:\/\/schema.org\",\"@graph\":[{\"@type\":\"WebPage\",\"@id\":\"https:\/\/staging.varesenews.it\/2020\/06\/pensioni-ritiro-posta-sara-ancora-scaglionato\/940496\/\",\"url\":\"https:\/\/staging.varesenews.it\/2020\/06\/pensioni-ritiro-posta-sara-ancora-scaglionato\/940496\/\",\"name\":\"Pensioni: il ritiro in posta sar\u00e0 ancora scaglionato\",\"isPartOf\":{\"@id\":\"https:\/\/staging.varesenews.it\/#website\"},\"datePublished\":\"2020-06-23T14:53:42+00:00\",\"dateModified\":\"2020-06-23T14:53:42+00:00\",\"author\":{\"@id\":\"https:\/\/staging.varesenews.it\/#\/schema\/person\/2643ce123d4a3c9511e015dc548779b8\"},\"description\":\"Post italiane comunica che per garantire ancora i distanziamenti di sicurezza, verr\u00e0 prorogato il sistema del pagamento in base alle lettere dell'alfabeto. Si parte mercoled\u00ec 24 giugno con le lettere A e B\",\"breadcrumb\":{\"@id\":\"https:\/\/staging.varesenews.it\/2020\/06\/pensioni-ritiro-posta-sara-ancora-scaglionato\/940496\/#breadcrumb\"},\"inLanguage\":\"it-IT\",\"potentialAction\":[{\"@type\":\"ReadAction\",\"target\":[\"https:\/\/staging.varesenews.it\/2020\/06\/pensioni-ritiro-posta-sara-ancora-scaglionato\/940496\/\"]}]},{\"@type\":\"BreadcrumbList\",\"@id\":\"https:\/\/staging.varesenews.it\/2020\/06\/pensioni-ritiro-posta-sara-ancora-scaglionato\/940496\/#breadcrumb\",\"itemListElement\":[{\"@type\":\"ListItem\",\"position\":1,\"name\":\"Home\",\"item\":\"https:\/\/www.varesenews.it\/\"},{\"@type\":\"ListItem\",\"position\":2,\"name\":\"Pensioni: il ritiro in posta sar\u00e0 ancora scaglionato\"}]},{\"@type\":\"WebSite\",\"@id\":\"https:\/\/staging.varesenews.it\/#website\",\"url\":\"https:\/\/staging.varesenews.it\/\",\"name\":\"VareseNews\",\"description\":\"\",\"potentialAction\":[{\"@type\":\"SearchAction\",\"target\":{\"@type\":\"EntryPoint\",\"urlTemplate\":\"https:\/\/staging.varesenews.it\/?s={search_term_string}\"},\"query-input\":\"required name=search_term_string\"}],\"inLanguage\":\"it-IT\"},{\"@type\":\"Person\",\"@id\":\"https:\/\/staging.varesenews.it\/#\/schema\/person\/2643ce123d4a3c9511e015dc548779b8\",\"name\":\"Alessandra Toni\",\"image\":{\"@type\":\"ImageObject\",\"inLanguage\":\"it-IT\",\"@id\":\"https:\/\/staging.varesenews.it\/#\/schema\/person\/image\/\",\"url\":\"https:\/\/staging.varesenews.it\/wp-content\/uploads\/2020\/12\/alessandra_toni_colori_500.jpg\",\"contentUrl\":\"https:\/\/staging.varesenews.it\/wp-content\/uploads\/2020\/12\/alessandra_toni_colori_500.jpg\",\"caption\":\"Alessandra Toni\"},\"description\":\"Sono entrata nella redazione di VareseNews nel lontano anno 2000. Ero reduce da una bellissima esperienza nella redazione giornalistica della TV Nuova Antennatre, sotto la direzione dell'indimenticabile direttore Adolfo Caldarini. Sono arrivata quando era ancora una piccola realt\u00e0 editoriale e insieme abbiamo fatto un lungo ed entusiasmante lavoro. Mi occupo prevalentemente di scuola e di sanit\u00e0, settori impegnativi di grande valore sociale.\u00a0\",\"sameAs\":[\"alessandra.toni7\",\"alessandra.toni\",\"https:\/\/twitter.com\/alessandra_toni\"],\"url\":\"https:\/\/staging.varesenews.it\/persona\/alessandra_toni1\/\"}]}<\/script>\n<!-- \/ Yoast SEO plugin. -->","yoast_head_json":{"title":"Pensioni: il ritiro in posta sar\u00e0 ancora scaglionato","description":"Post italiane comunica che per garantire ancora i distanziamenti di sicurezza, verr\u00e0 prorogato il sistema del pagamento in base alle lettere dell'alfabeto. Si parte mercoled\u00ec 24 giugno con le lettere A e B","robots":{"index":"noindex","follow":"follow","max-snippet":"max-snippet:-1","max-image-preview":"max-image-preview:large","max-video-preview":"max-video-preview:-1"},"og_locale":"it_IT","og_type":"article","og_title":"Pensioni: il ritiro in posta sar\u00e0 ancora scaglionato","og_description":"Post italiane comunica che per garantire ancora i distanziamenti di sicurezza, verr\u00e0 prorogato il sistema del pagamento in base alle lettere dell'alfabeto. Si parte mercoled\u00ec 24 giugno con le lettere A e B","og_url":"https:\/\/staging.varesenews.it\/2020\/06\/pensioni-ritiro-posta-sara-ancora-scaglionato\/940496\/","og_site_name":"VareseNews","article_publisher":"https:\/\/www.facebook.com\/varesenews","article_author":"alessandra.toni7","article_published_time":"2020-06-23T14:53:42+00:00","author":"Alessandra Toni","twitter_card":"summary_large_image","twitter_creator":"@alessandra_toni","twitter_site":"@varesenews","twitter_misc":{"Scritto da":"Alessandra Toni","Tempo di lettura stimato":"1 minuto"},"schema":{"@context":"https:\/\/schema.org","@graph":[{"@type":"WebPage","@id":"https:\/\/staging.varesenews.it\/2020\/06\/pensioni-ritiro-posta-sara-ancora-scaglionato\/940496\/","url":"https:\/\/staging.varesenews.it\/2020\/06\/pensioni-ritiro-posta-sara-ancora-scaglionato\/940496\/","name":"Pensioni: il ritiro in posta sar\u00e0 ancora scaglionato","isPartOf":{"@id":"https:\/\/staging.varesenews.it\/#website"},"datePublished":"2020-06-23T14:53:42+00:00","dateModified":"2020-06-23T14:53:42+00:00","author":{"@id":"https:\/\/staging.varesenews.it\/#\/schema\/person\/2643ce123d4a3c9511e015dc548779b8"},"description":"Post italiane comunica che per garantire ancora i distanziamenti di sicurezza, verr\u00e0 prorogato il sistema del pagamento in base alle lettere dell'alfabeto. Si parte mercoled\u00ec 24 giugno con le lettere A e B","breadcrumb":{"@id":"https:\/\/staging.varesenews.it\/2020\/06\/pensioni-ritiro-posta-sara-ancora-scaglionato\/940496\/#breadcrumb"},"inLanguage":"it-IT","potentialAction":[{"@type":"ReadAction","target":["https:\/\/staging.varesenews.it\/2020\/06\/pensioni-ritiro-posta-sara-ancora-scaglionato\/940496\/"]}]},{"@type":"BreadcrumbList","@id":"https:\/\/staging.varesenews.it\/2020\/06\/pensioni-ritiro-posta-sara-ancora-scaglionato\/940496\/#breadcrumb","itemListElement":[{"@type":"ListItem","position":1,"name":"Home","item":"https:\/\/www.varesenews.it\/"},{"@type":"ListItem","position":2,"name":"Pensioni: il ritiro in posta sar\u00e0 ancora scaglionato"}]},{"@type":"WebSite","@id":"https:\/\/staging.varesenews.it\/#website","url":"https:\/\/staging.varesenews.it\/","name":"VareseNews","description":"","potentialAction":[{"@type":"SearchAction","target":{"@type":"EntryPoint","urlTemplate":"https:\/\/staging.varesenews.it\/?s={search_term_string}"},"query-input":"required name=search_term_string"}],"inLanguage":"it-IT"},{"@type":"Person","@id":"https:\/\/staging.varesenews.it\/#\/schema\/person\/2643ce123d4a3c9511e015dc548779b8","name":"Alessandra Toni","image":{"@type":"ImageObject","inLanguage":"it-IT","@id":"https:\/\/staging.varesenews.it\/#\/schema\/person\/image\/","url":"https:\/\/staging.varesenews.it\/wp-content\/uploads\/2020\/12\/alessandra_toni_colori_500.jpg","contentUrl":"https:\/\/staging.varesenews.it\/wp-content\/uploads\/2020\/12\/alessandra_toni_colori_500.jpg","caption":"Alessandra Toni"},"description":"Sono entrata nella redazione di VareseNews nel lontano anno 2000. Ero reduce da una bellissima esperienza nella redazione giornalistica della TV Nuova Antennatre, sotto la direzione dell'indimenticabile direttore Adolfo Caldarini. Sono arrivata quando era ancora una piccola realt\u00e0 editoriale e insieme abbiamo fatto un lungo ed entusiasmante lavoro. Mi occupo prevalentemente di scuola e di sanit\u00e0, settori impegnativi di grande valore sociale.\u00a0","sameAs":["alessandra.toni7","alessandra.toni","https:\/\/twitter.com\/alessandra_toni"],"url":"https:\/\/staging.varesenews.it\/persona\/alessandra_toni1\/"}]}},"post_meta":{"_edit_lock":"1592927581:33","_edit_last":"33","_category_permalink":"a:1:{s:8:\"category\";s:0:\"\";}","foto":"1157665","firma_come_redazione":"1","argomento":"Societ\u00e0","_yoast_wpseo_content_score":"30","_jd_tweet_this":"yes","_encloseme":"1","ratings_users":"0","ratings_score":"0","ratings_average":"0","_wpt_short_url":"https:\/\/www.varesenews.it\/2020\/06\/pensioni-ritiro-posta-sara-ancora-scaglionato\/940496\/","_wp_jd_target":"https:\/\/www.varesenews.it\/2020\/06\/pensioni-ritiro-posta-sara-ancora-scaglionato\/940496\/","_jd_wp_twitter":"a:1:{i:0;s:159:\"Pensioni: il ritiro in posta sar\u00e0 ancora scaglionato https:\/\/www.varesenews.it\/2020\/06\/pensioni-ritiro-posta-sara-ancora-scaglionato\/940496\/ #inps #pensionati\";}","_wpt_status_message":"Tweet inviato con successo."},"photos":[{"original":"https:\/\/staging.varesenews.it\/photogallery_new\/images\/2020\/06\/poste-italiane-legnano-1157665.jpg","full":"https:\/\/staging.varesenews.it\/photogallery_new\/images\/2020\/06\/poste-italiane-legnano-1157665.1024x768.jpg","large":"https:\/\/staging.varesenews.it\/photogallery_new\/images\/2020\/06\/poste-italiane-legnano-1157665.610x431.jpg"}],"_links":{"self":[{"href":"https:\/\/staging.varesenews.it\/swgapi\/v1\/wp\/v2\/posts\/940496"}],"collection":[{"href":"https:\/\/staging.varesenews.it\/swgapi\/v1\/wp\/v2\/posts"}],"about":[{"href":"https:\/\/staging.varesenews.it\/swgapi\/v1\/wp\/v2\/types\/post"}],"author":[{"embeddable":true,"href":"https:\/\/staging.varesenews.it\/swgapi\/v1\/wp\/v2\/users\/33"}],"replies":[{"embeddable":true,"href":"https:\/\/staging.varesenews.it\/swgapi\/v1\/wp\/v2\/comments?post=940496"}],"version-history":[{"count":0,"href":"https:\/\/staging.varesenews.it\/swgapi\/v1\/wp\/v2\/posts\/940496\/revisions"}],"wp:attachment":[{"href":"https:\/\/staging.varesenews.it\/swgapi\/v1\/wp\/v2\/media?parent=940496"}],"wp:term":[{"taxonomy":"category","embeddable":true,"href":"https:\/\/staging.varesenews.it\/swgapi\/v1\/wp\/v2\/categories?post=940496"},{"taxonomy":"post_tag","embeddable":true,"href":"https:\/\/staging.varesenews.it\/swgapi\/v1\/wp\/v2\/tags?post=940496"}],"curies":[{"name":"wp","href":"https:\/\/api.w.org\/{rel}","templated":true}]}}