{"id":94152,"date":"2012-03-14T00:00:00","date_gmt":"2012-03-14T00:00:00","guid":{"rendered":""},"modified":"2012-03-14T00:00:00","modified_gmt":"2012-03-14T00:00:00","slug":"bardello-nessun-rinvio-si-va-dritti-alla-sentenza","status":"publish","type":"post","link":"https:\/\/staging.varesenews.it\/2012\/03\/bardello-nessun-rinvio-si-va-dritti-alla-sentenza\/94152\/","title":{"rendered":"Bardello, nessun rinvio: si va dritti alla sentenza"},"content":{"rendered":"<p><span style=\"color: rgb(34, 34, 34); \"><img loading=\"lazy\" decoding=\"async\" alt=\"Bardello tappezzata contro il piano viabilistico voluto dall'amministrazione\" width=\"250\" height=\"188\" vspace=\"5\" hspace=\"5\" align=\"left\" src=\"https:\/\/www3.varesenews.it\/immagini_articoli\/201011\/dsc04650.jpg\" \/>Nessuna sospensione. Si va dritti verso la sentenza . Il <strong>Comitato spontaneo di <a target=\"_blank\" href=\"http:\/\/www3.varesenews.it\/varese\/tags.php?id=25900\">Bardello<\/a><\/strong>vive giorni di attesa in vista del pronunciamento del&nbsp;<a target=\"_blank\" href=\"http:\/\/www3.varesenews.it\/varese\/articolo.php?id=217481\"><strong>Consiglio di Stato<\/strong><\/a> che dovrebbe dirimere definitivamente (<a target=\"_top\" href=\"http:\/\/www3.varesenews.it\/varese\/articolo.php?id=191589\"> dopo una prima vittoria del Comitato davanti al Tar<\/a>) &nbsp;il braccio di ferro tra amministratori e cittadini in merito alla rivoluzione viabilistica adottata il <\/span><strong><span style=\"color: rgb(34, 34, 34); \">10 agosto 2010.<\/span><\/strong><\/p>\n<div><span style=\"color:#222222\"><br \/>\nL&rsquo;attesa ha registrato, ieri, la notizia del rigetto della richiesta di rinvio dell&rsquo;udienza che aveva chiesto il <strong>Comune di Bardello e il Consorzio di Polizia Locale Nord Ovest Varese<\/strong>: &laquo;Gi&agrave; questa &egrave; una prima buona notizia &ndash; commenta il Comitato &#8211; &nbsp;perch&eacute; significa che l&#8217;udienza si &egrave; tenuta e che la causa &egrave; passata in decisione. Certo, c&#8217;&egrave; ancora un piccolo margine di possibilit&agrave; per cui i Giudici potrebbero decidere per il rinvio in camera di consiglio, ma si tratta di una possibilit&agrave; che non supera il 10%. Perch&eacute; il Comune e il Consorzio avevano chiesto il rinvio dell&#8217;udienza? Perch&eacute; secondo loro si tratta di una situazione in fieri per la quale non si pu&ograve; prendere una decisione definitiva. In realt&agrave;, i Giudici sono chiamati a decidere sulla bont&agrave; o meno della sentenza del TAR del luglio scorso e per prendere questa decisione ci sono gi&agrave; tutti gli elementi necessari&raquo;.<\/span><\/div>\n<p><span style=\"color:#222222\">A dare speranza ai cittadini &egrave; anche la notizia, riferita dall&rsquo;avvocato che li rappresenta, che <strong>si &egrave; discusso davanti ai Giudici di Roma dell&rsquo;opposizione avanzata dal Comitato alla documentazione presentata tardivamente dal Comune e dal Consorzio:<\/strong> &laquo;Questi ultimi, infatti, per far credere al Consiglio di Stato che la situazione viabilistica attuale va mantenuta ed &egrave; fondata, hanno depositato a Roma della documentazione relativa a un procedimento di revisione della viabilit&agrave; avviato a gennaio 2012 dal Consorzio di Polizia Locale Nord Ovest Varese (che vorrebbe mantenere la viabilit&agrave; attuale introducendo il divieto ai mezzi pesanti solo notturno). Perch&eacute; noi, tramite il nostro Avvocato, si siamo opposti? Semplicemente perch&eacute; <strong>si tratta di atti successivi alla sentenza del TAR<\/strong> (e il ricorso in CdS deve riguardare solo quella sentenza e i suoi contenuti), perch&eacute; i documenti sono stati depositati tardivamente rispetto ai tempi previsti, perch&eacute; il Comune e il Consorzio hanno depositato la relazione del Consorzio e tutte le osservazioni ricevute (dei Comuni limitrofi, degli autotrasportatori &#8230;), omettendo volutamente le osservazioni depositate dai Cittadini ricorrenti (alla faccia dell&#8217;amor di completezza, di trasparenza e della tanto sbandierata partecipazione dei Cittadini!!!). Allora, se i Giudici vorranno tenere conto di questi documenti ulteriori, dovranno tenere conto anche delle nostre osservazioni e noi ne saremmo pi&ugrave; che lieti e fiduciosi! &raquo;.<\/span><\/p>\n<div><span style=\"color:#222222\">Per i bardellesi, dunque, &egrave; ormai questione di tempo<strong>: tra le 2-3 settimane e i tre mesi<\/strong>. I residenti di via Piave e strade limitrofe sperano in una soluzione immediata di una situaizone che si trascina ormai da oltre 18 mesi e che vede, denunciano gli stessi, numerose violazioni da parte del traffico pesante che circola nonostante i divieti. <\/span>&nbsp;<\/div>\n","protected":false},"excerpt":{"rendered":"<p>La questione della viabilit\u00e0 \u00e8 arrivata in udienza al Consiglio di Stato. Il pronunciamento \u00e8 atteso entro tre mesi<\/p>\n","protected":false},"author":10,"featured_media":0,"comment_status":"open","ping_status":"open","sticky":false,"template":"","format":"standard","meta":{"footnotes":""},"categories":[2],"tags":[387],"acf":[],"yoast_head":"<!-- This site is optimized with the Yoast SEO plugin v20.1 - https:\/\/yoast.com\/wordpress\/plugins\/seo\/ -->\n<title>Bardello, nessun rinvio: si va dritti alla sentenza<\/title>\n<meta name=\"description\" content=\"La questione della viabilit\u00e0 \u00e8 arrivata in udienza al Consiglio di Stato. Il pronunciamento \u00e8 atteso entro tre mesi\" \/>\n<meta name=\"robots\" content=\"noindex, follow, max-snippet:-1, max-image-preview:large, max-video-preview:-1\" \/>\n<meta property=\"og:locale\" content=\"it_IT\" \/>\n<meta property=\"og:type\" content=\"article\" \/>\n<meta property=\"og:title\" content=\"Bardello, nessun rinvio: si va dritti alla sentenza\" \/>\n<meta property=\"og:description\" content=\"La questione della viabilit\u00e0 \u00e8 arrivata in udienza al Consiglio di Stato. Il pronunciamento \u00e8 atteso entro tre mesi\" \/>\n<meta property=\"og:url\" content=\"https:\/\/staging.varesenews.it\/2012\/03\/bardello-nessun-rinvio-si-va-dritti-alla-sentenza\/94152\/\" \/>\n<meta property=\"og:site_name\" content=\"VareseNews\" \/>\n<meta property=\"article:publisher\" content=\"https:\/\/www.facebook.com\/varesenews\" \/>\n<meta property=\"article:published_time\" content=\"2012-03-14T00:00:00+00:00\" \/>\n<meta property=\"og:image\" content=\"https:\/\/www3.varesenews.it\/immagini_articoli\/201011\/dsc04650.jpg\" \/>\n<meta name=\"author\" content=\"Redazione VareseNews\" \/>\n<meta name=\"twitter:card\" content=\"summary_large_image\" \/>\n<meta name=\"twitter:creator\" content=\"@varesenews\" \/>\n<meta name=\"twitter:site\" content=\"@varesenews\" \/>\n<meta name=\"twitter:label1\" content=\"Scritto da\" \/>\n\t<meta name=\"twitter:data1\" content=\"Redazione VareseNews\" \/>\n\t<meta name=\"twitter:label2\" content=\"Tempo di lettura stimato\" \/>\n\t<meta name=\"twitter:data2\" content=\"3 minuti\" \/>\n<script type=\"application\/ld+json\" class=\"yoast-schema-graph\">{\"@context\":\"https:\/\/schema.org\",\"@graph\":[{\"@type\":\"WebPage\",\"@id\":\"https:\/\/staging.varesenews.it\/2012\/03\/bardello-nessun-rinvio-si-va-dritti-alla-sentenza\/94152\/\",\"url\":\"https:\/\/staging.varesenews.it\/2012\/03\/bardello-nessun-rinvio-si-va-dritti-alla-sentenza\/94152\/\",\"name\":\"Bardello, nessun rinvio: si va dritti alla sentenza\",\"isPartOf\":{\"@id\":\"https:\/\/staging.varesenews.it\/#website\"},\"datePublished\":\"2012-03-14T00:00:00+00:00\",\"dateModified\":\"2012-03-14T00:00:00+00:00\",\"author\":{\"@id\":\"https:\/\/staging.varesenews.it\/#\/schema\/person\/fb20c4da0b7b16c291707a20db73e169\"},\"description\":\"La questione della viabilit\u00e0 \u00e8 arrivata in udienza al Consiglio di Stato. Il pronunciamento \u00e8 atteso entro tre mesi\",\"breadcrumb\":{\"@id\":\"https:\/\/staging.varesenews.it\/2012\/03\/bardello-nessun-rinvio-si-va-dritti-alla-sentenza\/94152\/#breadcrumb\"},\"inLanguage\":\"it-IT\",\"potentialAction\":[{\"@type\":\"ReadAction\",\"target\":[\"https:\/\/staging.varesenews.it\/2012\/03\/bardello-nessun-rinvio-si-va-dritti-alla-sentenza\/94152\/\"]}]},{\"@type\":\"BreadcrumbList\",\"@id\":\"https:\/\/staging.varesenews.it\/2012\/03\/bardello-nessun-rinvio-si-va-dritti-alla-sentenza\/94152\/#breadcrumb\",\"itemListElement\":[{\"@type\":\"ListItem\",\"position\":1,\"name\":\"Home\",\"item\":\"https:\/\/www.varesenews.it\/\"},{\"@type\":\"ListItem\",\"position\":2,\"name\":\"Bardello, nessun rinvio: si va dritti alla sentenza\"}]},{\"@type\":\"WebSite\",\"@id\":\"https:\/\/staging.varesenews.it\/#website\",\"url\":\"https:\/\/staging.varesenews.it\/\",\"name\":\"VareseNews\",\"description\":\"\",\"potentialAction\":[{\"@type\":\"SearchAction\",\"target\":{\"@type\":\"EntryPoint\",\"urlTemplate\":\"https:\/\/staging.varesenews.it\/?s={search_term_string}\"},\"query-input\":\"required name=search_term_string\"}],\"inLanguage\":\"it-IT\"},{\"@type\":\"Person\",\"@id\":\"https:\/\/staging.varesenews.it\/#\/schema\/person\/fb20c4da0b7b16c291707a20db73e169\",\"name\":\"Redazione VareseNews\",\"image\":{\"@type\":\"ImageObject\",\"inLanguage\":\"it-IT\",\"@id\":\"https:\/\/staging.varesenews.it\/#\/schema\/person\/image\/\",\"url\":\"https:\/\/staging.varesenews.it\/wp-content\/uploads\/2020\/12\/logo_VN_colori_500.png\",\"contentUrl\":\"https:\/\/staging.varesenews.it\/wp-content\/uploads\/2020\/12\/logo_VN_colori_500.png\",\"caption\":\"Redazione VareseNews\"},\"url\":\"https:\/\/staging.varesenews.it\/persona\/redazione1\/\"}]}<\/script>\n<!-- \/ Yoast SEO plugin. -->","yoast_head_json":{"title":"Bardello, nessun rinvio: si va dritti alla sentenza","description":"La questione della viabilit\u00e0 \u00e8 arrivata in udienza al Consiglio di Stato. Il pronunciamento \u00e8 atteso entro tre mesi","robots":{"index":"noindex","follow":"follow","max-snippet":"max-snippet:-1","max-image-preview":"max-image-preview:large","max-video-preview":"max-video-preview:-1"},"og_locale":"it_IT","og_type":"article","og_title":"Bardello, nessun rinvio: si va dritti alla sentenza","og_description":"La questione della viabilit\u00e0 \u00e8 arrivata in udienza al Consiglio di Stato. Il pronunciamento \u00e8 atteso entro tre mesi","og_url":"https:\/\/staging.varesenews.it\/2012\/03\/bardello-nessun-rinvio-si-va-dritti-alla-sentenza\/94152\/","og_site_name":"VareseNews","article_publisher":"https:\/\/www.facebook.com\/varesenews","article_published_time":"2012-03-14T00:00:00+00:00","og_image":[{"url":"https:\/\/www3.varesenews.it\/immagini_articoli\/201011\/dsc04650.jpg"}],"author":"Redazione VareseNews","twitter_card":"summary_large_image","twitter_creator":"@varesenews","twitter_site":"@varesenews","twitter_misc":{"Scritto da":"Redazione VareseNews","Tempo di lettura stimato":"3 minuti"},"schema":{"@context":"https:\/\/schema.org","@graph":[{"@type":"WebPage","@id":"https:\/\/staging.varesenews.it\/2012\/03\/bardello-nessun-rinvio-si-va-dritti-alla-sentenza\/94152\/","url":"https:\/\/staging.varesenews.it\/2012\/03\/bardello-nessun-rinvio-si-va-dritti-alla-sentenza\/94152\/","name":"Bardello, nessun rinvio: si va dritti alla sentenza","isPartOf":{"@id":"https:\/\/staging.varesenews.it\/#website"},"datePublished":"2012-03-14T00:00:00+00:00","dateModified":"2012-03-14T00:00:00+00:00","author":{"@id":"https:\/\/staging.varesenews.it\/#\/schema\/person\/fb20c4da0b7b16c291707a20db73e169"},"description":"La questione della viabilit\u00e0 \u00e8 arrivata in udienza al Consiglio di Stato. Il pronunciamento \u00e8 atteso entro tre mesi","breadcrumb":{"@id":"https:\/\/staging.varesenews.it\/2012\/03\/bardello-nessun-rinvio-si-va-dritti-alla-sentenza\/94152\/#breadcrumb"},"inLanguage":"it-IT","potentialAction":[{"@type":"ReadAction","target":["https:\/\/staging.varesenews.it\/2012\/03\/bardello-nessun-rinvio-si-va-dritti-alla-sentenza\/94152\/"]}]},{"@type":"BreadcrumbList","@id":"https:\/\/staging.varesenews.it\/2012\/03\/bardello-nessun-rinvio-si-va-dritti-alla-sentenza\/94152\/#breadcrumb","itemListElement":[{"@type":"ListItem","position":1,"name":"Home","item":"https:\/\/www.varesenews.it\/"},{"@type":"ListItem","position":2,"name":"Bardello, nessun rinvio: si va dritti alla sentenza"}]},{"@type":"WebSite","@id":"https:\/\/staging.varesenews.it\/#website","url":"https:\/\/staging.varesenews.it\/","name":"VareseNews","description":"","potentialAction":[{"@type":"SearchAction","target":{"@type":"EntryPoint","urlTemplate":"https:\/\/staging.varesenews.it\/?s={search_term_string}"},"query-input":"required name=search_term_string"}],"inLanguage":"it-IT"},{"@type":"Person","@id":"https:\/\/staging.varesenews.it\/#\/schema\/person\/fb20c4da0b7b16c291707a20db73e169","name":"Redazione VareseNews","image":{"@type":"ImageObject","inLanguage":"it-IT","@id":"https:\/\/staging.varesenews.it\/#\/schema\/person\/image\/","url":"https:\/\/staging.varesenews.it\/wp-content\/uploads\/2020\/12\/logo_VN_colori_500.png","contentUrl":"https:\/\/staging.varesenews.it\/wp-content\/uploads\/2020\/12\/logo_VN_colori_500.png","caption":"Redazione VareseNews"},"url":"https:\/\/staging.varesenews.it\/persona\/redazione1\/"}]}},"post_meta":{"id_old":"228364","argomento":"Bardello"},"photos":[],"_links":{"self":[{"href":"https:\/\/staging.varesenews.it\/swgapi\/v1\/wp\/v2\/posts\/94152"}],"collection":[{"href":"https:\/\/staging.varesenews.it\/swgapi\/v1\/wp\/v2\/posts"}],"about":[{"href":"https:\/\/staging.varesenews.it\/swgapi\/v1\/wp\/v2\/types\/post"}],"author":[{"embeddable":true,"href":"https:\/\/staging.varesenews.it\/swgapi\/v1\/wp\/v2\/users\/10"}],"replies":[{"embeddable":true,"href":"https:\/\/staging.varesenews.it\/swgapi\/v1\/wp\/v2\/comments?post=94152"}],"version-history":[{"count":0,"href":"https:\/\/staging.varesenews.it\/swgapi\/v1\/wp\/v2\/posts\/94152\/revisions"}],"wp:attachment":[{"href":"https:\/\/staging.varesenews.it\/swgapi\/v1\/wp\/v2\/media?parent=94152"}],"wp:term":[{"taxonomy":"category","embeddable":true,"href":"https:\/\/staging.varesenews.it\/swgapi\/v1\/wp\/v2\/categories?post=94152"},{"taxonomy":"post_tag","embeddable":true,"href":"https:\/\/staging.varesenews.it\/swgapi\/v1\/wp\/v2\/tags?post=94152"}],"curies":[{"name":"wp","href":"https:\/\/api.w.org\/{rel}","templated":true}]}}