{"id":942184,"date":"2020-06-30T08:04:21","date_gmt":"2020-06-30T06:04:21","guid":{"rendered":"https:\/\/www.varesenews.it\/?p=942184"},"modified":"2020-06-30T08:04:21","modified_gmt":"2020-06-30T06:04:21","slug":"qualche-breve-considerazione-sulla-proposta-bruno-belli","status":"publish","type":"post","link":"https:\/\/staging.varesenews.it\/2020\/06\/qualche-breve-considerazione-sulla-proposta-bruno-belli\/942184\/","title":{"rendered":"Qualche breve considerazione sulla proposta di Bruno Belli"},"content":{"rendered":"<div id=\":9w\" class=\"ii gt\">\n<div id=\":9v\" class=\"a3s aXjCH \">\n<div>\n<div>\n<div dir=\"ltr\">\n<div>\n<p>Mancano nove o dieci mesi alle elezioni amministrative di Varese, ma del clima della campagna elettorale non c\u2019\u00e8 ancora alcun sentore. Il Centrosinistra al governo municipale, come da copione in queste circostanze, non ha fretta di accelerare i tempi della dialettica e del confronto mediatico e il sindaco uscente programmer\u00e0 senza ansia il solito canovaccio di programmi e comunicazione di una qualsiasi amministrazione uscente: elenco dei risultati raggiunti, progetti da concludere, e per cui si chiede ai cittadini elettori di rinnovare la fiducia per altri cinque anni, qualche promessa impossibile e improbabile per creare emozione e attesa.<\/p>\n<p>Il Centrodestra viceversa sembra ancora fermo ai box sicuro solo del perimetro della coalizione e dell\u2019agenda senza sorprese che seguir\u00e0 Galimberti, per il resto \u00e8 tutto da inventare, dal candidato sindaco al programma. D\u2019accordo, di tempo ce n\u2019\u00e8 ancora, ma \u00e8 solo sulla carta. La pausa estiva incombe e soprattutto incombe l\u2019incubo di un lockdown bis e di fare una campagna con mascherine e distanziamento sociale. La politica \u00e8 una cosa seria anche nelle amministrative, meglio non fidarsi dell\u2019onda lunga di una opinione favorevole come toccasana per qualsiasi magagna e i sondaggi stanno l\u00ec a dimostrarlo. Non rappresentano voti reali, ma sono pur sempre indicatori del vento che tira ed \u00e8 un dato di fatto che dall\u2019uscita dal governo di Salvini, la Lega e la coalizione siano stabili se non calanti.<\/p>\n<p>Questo vuoto decisionale \u00e8 colmato dall\u2019attenzione creata da qualche ballon d\u2019essai lanciato di tanto in tanto dagli ambienti pi\u00f9 disparati, ma soprattutto dal cosiddetto civismo e da alcuni personaggi da ascrivere all\u2019elettorato d\u2019opinione, ma impegnato a fasi alterne. Personaggi di sicuro spessore e portatori quasi sempre di proposte intelligenti, di alto livello e comunque sensate. E\u2019 il caso, da ultimo, di <a href=\"https:\/\/www.varesenews.it\/2020\/06\/bruno-belli-mio-progetto-culturale-turistico-varese\/941961\/\">Bruno Belli che proprio dalle pagine di Varesenews <\/a>manifesta l\u2019intenzione di mettersi a disposizione di chiunque voglia condividere le sue proposte ovviamente in ambito culturale vista la sua provenienza. Probabilmente non \u00e8 il primo a fare un passo del genere, sicuramente non sar\u00e0 l\u2019ultimo nel caso in cui la politica continui a latitare. Niente di nuovo sotto il sole, la storia varesina conta decine di tentativi del genere negli ultimi trent\u2019anni. Tutti andati a vuoto: liste civiche che hanno sempre racimolato pochi voti, personaggi della societ\u00e0 civile scesi nell\u2019agone politico con enormi aspettative e finiti ben presto ai margini o stritolati dal tritacarne di una pratica politica lontana anni luce dalle loro consuete attivit\u00e0.<\/p>\n<p>Perch\u00e9? Perch\u00e9 manca la politica, ovvero i tempi e l\u2019ambito, il partito, in cui le proposte e i programmi trovano la sintesi o la quadra con la rappresentanza degli interessi, gli equilibri e l\u2019appartenenza ideale. Un processo che va oltre i nomi e i programmi che sono sempre una conseguenza. L\u2019esponente della societ\u00e0 civile rischia pertanto di portare acqua a mulini altrui o di fare la foglia di fico a vantaggio di ben altri interessi e strategie e di non ricavarne praticamente nulla. Fa bene comunque Belli a mettersi a disposizione, a metterci la faccia, ma sia consapevole che il suo \u00e8 oggi solo un involontario stimolo alla politica perch\u00e9 si muova, perch\u00e9 faccia, perch\u00e9 decida. Ma stia tranquillo che chi di dovere lo far\u00e0 anche senza di lui, perch\u00e9 una volta che la politica avr\u00e0 deciso, arriver\u00e0 e solo l\u00ec il momento di tirare fuori i nomi, farlo prima \u00e8 solo un esercizio inutile e dispendioso. Per la coalizione e i partiti innanzitutto. Traduco: programmi e organigrammi si confezionano nelle segreterie, forse nelle primarie e nei congressi per chi riesce ancora a partire dal basso. Inutile illudersi, nessuna autocandidatura funziona, nessun salvatore della patria \u00e8 atteso anche se portatore di idee importanti, di innovazione, di merito. Al limite in queste fasi preliminari a queste persone i partiti fanno fare una passerella in stile stati generali e poi tutto muore l\u00ec. E il purch\u00e9 se ne parli come alibi ad un impegno del genere significa solo bruciarsi a stretto giro. Guardate appunto la storia delle liste civiche.<\/p>\n<div class=\"yj6qo\"><\/div>\n<div class=\"adL\"><\/div>\n<\/div>\n<div class=\"adL\"><\/div>\n<\/div>\n<\/div>\n<\/div>\n<\/div>\n<\/div>\n<div id=\":an\" class=\"hq gt a10\"><\/div>\n","protected":false},"excerpt":{"rendered":"<p>&#8220;Fa bene Belli a mettersi a disposizione, a metterci la faccia, ma sia consapevole che il suo \u00e8 oggi solo un involontario stimolo alla politica perch\u00e9 si muova&#8221;<\/p>\n","protected":false},"author":49,"featured_media":0,"comment_status":"open","ping_status":"open","sticky":false,"template":"","format":"standard","meta":{"footnotes":""},"categories":[71],"tags":[57891,9122],"acf":[],"yoast_head":"<!-- This site is optimized with the Yoast SEO plugin v20.1 - https:\/\/yoast.com\/wordpress\/plugins\/seo\/ -->\n<title>Qualche breve considerazione sulla proposta di Bruno Belli<\/title>\n<meta name=\"description\" content=\"&quot;Fa bene Belli a mettersi a disposizione, a metterci la faccia, ma sia consapevole che il suo \u00e8 oggi solo un involontario stimolo alla politica perch\u00e9 si muova&quot;\" \/>\n<meta name=\"robots\" content=\"noindex, follow, max-snippet:-1, max-image-preview:large, max-video-preview:-1\" \/>\n<meta property=\"og:locale\" content=\"it_IT\" \/>\n<meta property=\"og:type\" content=\"article\" \/>\n<meta property=\"og:title\" content=\"Qualche breve considerazione sulla proposta di Bruno Belli\" \/>\n<meta property=\"og:description\" content=\"&quot;Fa bene Belli a mettersi a disposizione, a metterci la faccia, ma sia consapevole che il suo \u00e8 oggi solo un involontario stimolo alla politica perch\u00e9 si muova&quot;\" \/>\n<meta property=\"og:url\" content=\"https:\/\/staging.varesenews.it\/2020\/06\/qualche-breve-considerazione-sulla-proposta-bruno-belli\/942184\/\" \/>\n<meta property=\"og:site_name\" content=\"VareseNews\" \/>\n<meta property=\"article:publisher\" content=\"https:\/\/www.facebook.com\/varesenews\" \/>\n<meta property=\"article:author\" content=\"https:\/\/www.facebook.com\/roberta.bertolini.9\" \/>\n<meta property=\"article:published_time\" content=\"2020-06-30T06:04:21+00:00\" \/>\n<meta name=\"author\" content=\"Roberta Bertolini\" \/>\n<meta name=\"twitter:card\" content=\"summary_large_image\" \/>\n<meta name=\"twitter:creator\" content=\"@robybertolini\" \/>\n<meta name=\"twitter:site\" content=\"@varesenews\" \/>\n<meta name=\"twitter:label1\" content=\"Scritto da\" \/>\n\t<meta name=\"twitter:data1\" content=\"Roberta Bertolini\" \/>\n\t<meta name=\"twitter:label2\" content=\"Tempo di lettura stimato\" \/>\n\t<meta name=\"twitter:data2\" content=\"3 minuti\" \/>\n<script type=\"application\/ld+json\" class=\"yoast-schema-graph\">{\"@context\":\"https:\/\/schema.org\",\"@graph\":[{\"@type\":\"WebPage\",\"@id\":\"https:\/\/staging.varesenews.it\/2020\/06\/qualche-breve-considerazione-sulla-proposta-bruno-belli\/942184\/\",\"url\":\"https:\/\/staging.varesenews.it\/2020\/06\/qualche-breve-considerazione-sulla-proposta-bruno-belli\/942184\/\",\"name\":\"Qualche breve considerazione sulla proposta di Bruno Belli\",\"isPartOf\":{\"@id\":\"https:\/\/staging.varesenews.it\/#website\"},\"datePublished\":\"2020-06-30T06:04:21+00:00\",\"dateModified\":\"2020-06-30T06:04:21+00:00\",\"author\":{\"@id\":\"https:\/\/staging.varesenews.it\/#\/schema\/person\/58fbd3e567d5c00f0a64d5137fef3e68\"},\"description\":\"\\\"Fa bene Belli a mettersi a disposizione, a metterci la faccia, ma sia consapevole che il suo \u00e8 oggi solo un involontario stimolo alla politica perch\u00e9 si muova\\\"\",\"breadcrumb\":{\"@id\":\"https:\/\/staging.varesenews.it\/2020\/06\/qualche-breve-considerazione-sulla-proposta-bruno-belli\/942184\/#breadcrumb\"},\"inLanguage\":\"it-IT\",\"potentialAction\":[{\"@type\":\"ReadAction\",\"target\":[\"https:\/\/staging.varesenews.it\/2020\/06\/qualche-breve-considerazione-sulla-proposta-bruno-belli\/942184\/\"]}]},{\"@type\":\"BreadcrumbList\",\"@id\":\"https:\/\/staging.varesenews.it\/2020\/06\/qualche-breve-considerazione-sulla-proposta-bruno-belli\/942184\/#breadcrumb\",\"itemListElement\":[{\"@type\":\"ListItem\",\"position\":1,\"name\":\"Home\",\"item\":\"https:\/\/www.varesenews.it\/\"},{\"@type\":\"ListItem\",\"position\":2,\"name\":\"Qualche breve considerazione sulla proposta di Bruno Belli\"}]},{\"@type\":\"WebSite\",\"@id\":\"https:\/\/staging.varesenews.it\/#website\",\"url\":\"https:\/\/staging.varesenews.it\/\",\"name\":\"VareseNews\",\"description\":\"\",\"potentialAction\":[{\"@type\":\"SearchAction\",\"target\":{\"@type\":\"EntryPoint\",\"urlTemplate\":\"https:\/\/staging.varesenews.it\/?s={search_term_string}\"},\"query-input\":\"required name=search_term_string\"}],\"inLanguage\":\"it-IT\"},{\"@type\":\"Person\",\"@id\":\"https:\/\/staging.varesenews.it\/#\/schema\/person\/58fbd3e567d5c00f0a64d5137fef3e68\",\"name\":\"Roberta Bertolini\",\"image\":{\"@type\":\"ImageObject\",\"inLanguage\":\"it-IT\",\"@id\":\"https:\/\/staging.varesenews.it\/#\/schema\/person\/image\/\",\"url\":\"https:\/\/staging.varesenews.it\/wp-content\/uploads\/2020\/12\/roberta_bertolini_colori_500.jpg\",\"contentUrl\":\"https:\/\/staging.varesenews.it\/wp-content\/uploads\/2020\/12\/roberta_bertolini_colori_500.jpg\",\"caption\":\"Roberta Bertolini\"},\"description\":\"Giornalista professionista dal 1991, sono passata, ormai molti anni fa, dalla carta al web. Oggi mi occupo di cronaca locale e guardo con curiosit&agrave; ed attenzione il mondo dei social. Parlo poco, ascolto molto.\",\"sameAs\":[\"https:\/\/www.facebook.com\/roberta.bertolini.9\",\"bettabertolini\",\"https:\/\/www.linkedin.com\/hp\/?dnr=v9e-Gp7a6_oxqTuQyZA0Lf4aEi4t91g6wMH\",\"https:\/\/twitter.com\/robybertolini\"],\"url\":\"https:\/\/staging.varesenews.it\/persona\/roberta-bertolini1\/\"}]}<\/script>\n<!-- \/ Yoast SEO plugin. -->","yoast_head_json":{"title":"Qualche breve considerazione sulla proposta di Bruno Belli","description":"\"Fa bene Belli a mettersi a disposizione, a metterci la faccia, ma sia consapevole che il suo \u00e8 oggi solo un involontario stimolo alla politica perch\u00e9 si muova\"","robots":{"index":"noindex","follow":"follow","max-snippet":"max-snippet:-1","max-image-preview":"max-image-preview:large","max-video-preview":"max-video-preview:-1"},"og_locale":"it_IT","og_type":"article","og_title":"Qualche breve considerazione sulla proposta di Bruno Belli","og_description":"\"Fa bene Belli a mettersi a disposizione, a metterci la faccia, ma sia consapevole che il suo \u00e8 oggi solo un involontario stimolo alla politica perch\u00e9 si muova\"","og_url":"https:\/\/staging.varesenews.it\/2020\/06\/qualche-breve-considerazione-sulla-proposta-bruno-belli\/942184\/","og_site_name":"VareseNews","article_publisher":"https:\/\/www.facebook.com\/varesenews","article_author":"https:\/\/www.facebook.com\/roberta.bertolini.9","article_published_time":"2020-06-30T06:04:21+00:00","author":"Roberta Bertolini","twitter_card":"summary_large_image","twitter_creator":"@robybertolini","twitter_site":"@varesenews","twitter_misc":{"Scritto da":"Roberta Bertolini","Tempo di lettura stimato":"3 minuti"},"schema":{"@context":"https:\/\/schema.org","@graph":[{"@type":"WebPage","@id":"https:\/\/staging.varesenews.it\/2020\/06\/qualche-breve-considerazione-sulla-proposta-bruno-belli\/942184\/","url":"https:\/\/staging.varesenews.it\/2020\/06\/qualche-breve-considerazione-sulla-proposta-bruno-belli\/942184\/","name":"Qualche breve considerazione sulla proposta di Bruno Belli","isPartOf":{"@id":"https:\/\/staging.varesenews.it\/#website"},"datePublished":"2020-06-30T06:04:21+00:00","dateModified":"2020-06-30T06:04:21+00:00","author":{"@id":"https:\/\/staging.varesenews.it\/#\/schema\/person\/58fbd3e567d5c00f0a64d5137fef3e68"},"description":"\"Fa bene Belli a mettersi a disposizione, a metterci la faccia, ma sia consapevole che il suo \u00e8 oggi solo un involontario stimolo alla politica perch\u00e9 si muova\"","breadcrumb":{"@id":"https:\/\/staging.varesenews.it\/2020\/06\/qualche-breve-considerazione-sulla-proposta-bruno-belli\/942184\/#breadcrumb"},"inLanguage":"it-IT","potentialAction":[{"@type":"ReadAction","target":["https:\/\/staging.varesenews.it\/2020\/06\/qualche-breve-considerazione-sulla-proposta-bruno-belli\/942184\/"]}]},{"@type":"BreadcrumbList","@id":"https:\/\/staging.varesenews.it\/2020\/06\/qualche-breve-considerazione-sulla-proposta-bruno-belli\/942184\/#breadcrumb","itemListElement":[{"@type":"ListItem","position":1,"name":"Home","item":"https:\/\/www.varesenews.it\/"},{"@type":"ListItem","position":2,"name":"Qualche breve considerazione sulla proposta di Bruno Belli"}]},{"@type":"WebSite","@id":"https:\/\/staging.varesenews.it\/#website","url":"https:\/\/staging.varesenews.it\/","name":"VareseNews","description":"","potentialAction":[{"@type":"SearchAction","target":{"@type":"EntryPoint","urlTemplate":"https:\/\/staging.varesenews.it\/?s={search_term_string}"},"query-input":"required name=search_term_string"}],"inLanguage":"it-IT"},{"@type":"Person","@id":"https:\/\/staging.varesenews.it\/#\/schema\/person\/58fbd3e567d5c00f0a64d5137fef3e68","name":"Roberta Bertolini","image":{"@type":"ImageObject","inLanguage":"it-IT","@id":"https:\/\/staging.varesenews.it\/#\/schema\/person\/image\/","url":"https:\/\/staging.varesenews.it\/wp-content\/uploads\/2020\/12\/roberta_bertolini_colori_500.jpg","contentUrl":"https:\/\/staging.varesenews.it\/wp-content\/uploads\/2020\/12\/roberta_bertolini_colori_500.jpg","caption":"Roberta Bertolini"},"description":"Giornalista professionista dal 1991, sono passata, ormai molti anni fa, dalla carta al web. Oggi mi occupo di cronaca locale e guardo con curiosit&agrave; ed attenzione il mondo dei social. Parlo poco, ascolto molto.","sameAs":["https:\/\/www.facebook.com\/roberta.bertolini.9","bettabertolini","https:\/\/www.linkedin.com\/hp\/?dnr=v9e-Gp7a6_oxqTuQyZA0Lf4aEi4t91g6wMH","https:\/\/twitter.com\/robybertolini"],"url":"https:\/\/staging.varesenews.it\/persona\/roberta-bertolini1\/"}]}},"post_meta":{"_edit_lock":"1593499249:49","_edit_last":"49","_category_permalink":"a:1:{s:8:\"category\";s:0:\"\";}","_encloseme":"1","ratings_users":"0","ratings_score":"0","ratings_average":"0","id_leggi_anche":"941961","foto":"736730","firma-personalizzata":"Claudio Bollentini","argomento":"Lettere al direttore","_yoast_wpseo_content_score":"30","_jd_tweet_this":"yes","_wpt_short_url":"https:\/\/www.varesenews.it\/2020\/06\/qualche-breve-considerazione-sulla-proposta-bruno-belli\/942184\/","_wp_jd_target":"https:\/\/www.varesenews.it\/2020\/06\/qualche-breve-considerazione-sulla-proposta-bruno-belli\/942184\/","_jd_wp_twitter":"a:1:{i:0;s:188:\"Qualche breve considerazione sulla proposta di Bruno Belli https:\/\/www.varesenews.it\/2020\/06\/qualche-breve-considerazione-sulla-proposta-bruno-belli\/942184\/ #elezionivarese #palazzoestense\";}","_wpt_status_message":"Tweet inviato con successo."},"photos":[{"original":"https:\/\/staging.varesenews.it\/photogallery_new\/images\/2019\/05\/palazzo-estense-736730.jpg","full":"https:\/\/staging.varesenews.it\/photogallery_new\/images\/2019\/05\/palazzo-estense-736730.1024x768.jpg","large":"https:\/\/staging.varesenews.it\/photogallery_new\/images\/2019\/05\/palazzo-estense-736730.610x431.jpg"}],"_links":{"self":[{"href":"https:\/\/staging.varesenews.it\/swgapi\/v1\/wp\/v2\/posts\/942184"}],"collection":[{"href":"https:\/\/staging.varesenews.it\/swgapi\/v1\/wp\/v2\/posts"}],"about":[{"href":"https:\/\/staging.varesenews.it\/swgapi\/v1\/wp\/v2\/types\/post"}],"author":[{"embeddable":true,"href":"https:\/\/staging.varesenews.it\/swgapi\/v1\/wp\/v2\/users\/49"}],"replies":[{"embeddable":true,"href":"https:\/\/staging.varesenews.it\/swgapi\/v1\/wp\/v2\/comments?post=942184"}],"version-history":[{"count":0,"href":"https:\/\/staging.varesenews.it\/swgapi\/v1\/wp\/v2\/posts\/942184\/revisions"}],"wp:attachment":[{"href":"https:\/\/staging.varesenews.it\/swgapi\/v1\/wp\/v2\/media?parent=942184"}],"wp:term":[{"taxonomy":"category","embeddable":true,"href":"https:\/\/staging.varesenews.it\/swgapi\/v1\/wp\/v2\/categories?post=942184"},{"taxonomy":"post_tag","embeddable":true,"href":"https:\/\/staging.varesenews.it\/swgapi\/v1\/wp\/v2\/tags?post=942184"}],"curies":[{"name":"wp","href":"https:\/\/api.w.org\/{rel}","templated":true}]}}