{"id":944142,"date":"2020-07-07T10:02:40","date_gmt":"2020-07-07T08:02:40","guid":{"rendered":"https:\/\/www.varesenews.it\/?p=944142"},"modified":"2020-07-07T10:18:56","modified_gmt":"2020-07-07T08:18:56","slug":"jazz-le-stelle-due-serate-tornare-alla-normalita","status":"publish","type":"post","link":"https:\/\/staging.varesenews.it\/2020\/07\/jazz-le-stelle-due-serate-tornare-alla-normalita\/944142\/","title":{"rendered":"Jazz sotto le stelle, due serate per tornare alla normalit\u00e0"},"content":{"rendered":"<p>Nel tentativo di riportare alla gente quei dettagli di umanit\u00e0, comunit\u00e0 ed allegria che tanto sono mancati in questo ultimo periodo l\u2019associazione Essere Esseri Umani ha deciso di organizzare due serate diverse, all\u2019insegna di musica e danza, in una location assieme consueta e insolita, il \u201cgiardino di casa\u201d dell\u2019associazione in via Limido 48 a Varese. Il nome dato agli eventi \u00e8 \u201cSotto Le Stelle del Jazz\u201d e la prima serata, a cui \u00e8 dedicata la galleria fotografica, si \u00e8 tenuta Il 4 luglio. L\u2019evento \u00e8 andato sold out e proprio per l\u2019interesse riscosso verr\u00e0 replicato il 18 luglio dalle 18,15 alle 20,00 sempre presso lo studio di psicologia Essere Esseri Umani in via Limido. Il pubblico della prima serata ha potuto sperimentare un viaggio temporale negli anni \u201920 e \u201930 del secolo scorso grazie alla musica dei <strong>Cosimo and the Hot Coals<\/strong>, una certezza nell\u2019ambiente swing e dixieland nazionale con alle spalle centinaia di concerti in Italia ed all\u2019estero, ovviamente il tutto mantenendo una stretta osservanza delle norme anti-coronavirus grazie alla location all\u2019aperto e al numero esiguo di partecipanti ammessi all\u2019evento. <strong>La band ha inaugurato proprio in questa occasione l\u2019iniziativa \u201cjazz-delivery\u201d, pensata appositamente per questo periodo particolare<\/strong>; il format prevede infatti la possibilit\u00e0 di organizzare eventi musicali live (pubblici o privati) nella propria casa o nel proprio condominio. <strong>L\u2019offerta minima per l\u2019ingresso \u00e8 di 12 euro per gli associati (15 euro per gli esterni), ed \u00e8 necessaria la prenotazione per garantire di non superare il tetto massimo di 30 persone.<\/strong> La prima serata ha potuto godere di una splendida serata ma in caso di pioggia il concerto verr\u00e0 rimandato per ovvie ragioni.<\/p>\n<p>Il Jazz potrebbe sembrare un argomento distante dalle normali attivit\u00e0 promosse dall\u2019associazione  ma a ben vedere cos\u00ec non \u00e8, come si pu\u00f2 capire leggendo questa citazione dello psicologo Michael Tomasello<\/p>\n<p><em>\u201c[\u2026] Nell\u2019uomo il pensiero \u00e8 come un musicista jazz che improvvisa un nuovo riff nel chiuso della sua stanza. Il musicista suona da solo, \u00e8 vero, ma lo fa con uno strumento fabbricato da altri, e che anche altri potrebbero suonare, dopo anni di pratica e di apprendimento con colleghi musicisti, all\u2019interno di un genere che ha una lunga storia di riff leggendari, e immaginando di avere di fronte un pubblico di appassionati di jazz. Il pensiero umano \u00e8 improvvisazione individuale immersa in una matrice culturale.\u201d<\/p>\n<p>(Michael Tomasello)<\/em><\/p>\n<p>In questo teorema lo piscologo ci spiega in poche parole come <strong>l\u2019uomo non possa esistere senza essere in relazione con \u201cl\u2019altro\u201d<\/strong>. I mesi di lockdown appena trascorsi, soprattutto per alcune categorie di persone, sono stati traumatici, privando molti delle relazioni fondamentali e di quelle piccole grandi cose necessarie per il benessere psico-fisico dell\u2019individuo. <strong>Come avveniva nel periodo immediatamente successivo alla Seconda Guerra Mondiale, quando la gente si riuniva nei giardini e nei salotti dei propri vicini per eventi di vario genere, ognuno portando la propria sedia da casa, cos\u00ec nella serata del 4 Luglio il pubblico \u00e8 stato invitato a riunirsi nel giardino del centro Essere Esseri Umani<\/strong> per godere di uno spettacolo di musica dal vivo, evento assai raro in questo momento storico, e sperimentare la rinascita di un mondo di relazioni che richiede regole nuove ma \u00e8 ancora fondamentale per veicolare le nostre sensazioni, idee ed emozioni, superare i traumi e tornare a essere sereni con se stessi e gli altri. <\/p>\n<p><strong>Le prenotazioni per la serata del 18 Luglio sono ufficialmente aperte<\/strong> e chi fosse interessato pu\u00f2 prendere contatto con l\u2019associazione per avere maggiori informazioni o per prenotare: il contatto mail dell\u2019associazione \u00e9 segreteria@essereesseriumani.it ma \u00e9 anche possibile telefonare al numero 3498096774 il luned\u00ec, mercoled\u00ec o venerd\u00ec mattina.<\/p>\n","protected":false},"excerpt":{"rendered":"<p>Dopo il riuscito appuntamento del 4 Luglio l\u2019associazione Essere Esseri Umani, in collaborazione con la band di New Orleans jazz e swing milanese Cosimo and the Hot Coals, ha in programma un\u2019altra serata per il 18 Luglio<\/p>\n","protected":false},"author":5428,"featured_media":0,"comment_status":"open","ping_status":"open","sticky":false,"template":"","format":"standard","meta":{"footnotes":""},"categories":[20],"tags":[1963,94876,1234],"acf":[],"yoast_head":"<!-- This site is optimized with the Yoast SEO plugin v20.1 - https:\/\/yoast.com\/wordpress\/plugins\/seo\/ -->\n<title>Jazz sotto le stelle, due serate per tornare alla normalit\u00e0<\/title>\n<meta name=\"description\" content=\"Dopo il riuscito appuntamento del 4 Luglio l\u2019associazione Essere Esseri Umani, in collaborazione con la band di New Orleans jazz e swing milanese Cosimo and the Hot Coals, ha in programma un\u2019altra serata per il 18 Luglio\" \/>\n<meta name=\"robots\" content=\"noindex, follow, max-snippet:-1, max-image-preview:large, max-video-preview:-1\" \/>\n<meta property=\"og:locale\" content=\"it_IT\" \/>\n<meta property=\"og:type\" content=\"article\" \/>\n<meta property=\"og:title\" content=\"Jazz sotto le stelle, due serate per tornare alla normalit\u00e0\" \/>\n<meta property=\"og:description\" content=\"Dopo il riuscito appuntamento del 4 Luglio l\u2019associazione Essere Esseri Umani, in collaborazione con la band di New Orleans jazz e swing milanese Cosimo and the Hot Coals, ha in programma un\u2019altra serata per il 18 Luglio\" \/>\n<meta property=\"og:url\" content=\"https:\/\/staging.varesenews.it\/2020\/07\/jazz-le-stelle-due-serate-tornare-alla-normalita\/944142\/\" \/>\n<meta property=\"og:site_name\" content=\"VareseNews\" \/>\n<meta property=\"article:publisher\" content=\"https:\/\/www.facebook.com\/varesenews\" \/>\n<meta property=\"article:published_time\" content=\"2020-07-07T08:02:40+00:00\" \/>\n<meta property=\"article:modified_time\" content=\"2020-07-07T08:18:56+00:00\" \/>\n<meta name=\"author\" content=\"divisionebusiness\" \/>\n<meta name=\"twitter:card\" content=\"summary_large_image\" \/>\n<meta name=\"twitter:creator\" content=\"@varesenews\" \/>\n<meta name=\"twitter:site\" content=\"@varesenews\" \/>\n<meta name=\"twitter:label1\" content=\"Scritto da\" \/>\n\t<meta name=\"twitter:data1\" content=\"divisionebusiness\" \/>\n\t<meta name=\"twitter:label2\" content=\"Tempo di lettura stimato\" \/>\n\t<meta name=\"twitter:data2\" content=\"3 minuti\" \/>\n<script type=\"application\/ld+json\" class=\"yoast-schema-graph\">{\"@context\":\"https:\/\/schema.org\",\"@graph\":[{\"@type\":\"WebPage\",\"@id\":\"https:\/\/staging.varesenews.it\/2020\/07\/jazz-le-stelle-due-serate-tornare-alla-normalita\/944142\/\",\"url\":\"https:\/\/staging.varesenews.it\/2020\/07\/jazz-le-stelle-due-serate-tornare-alla-normalita\/944142\/\",\"name\":\"Jazz sotto le stelle, due serate per tornare alla normalit\u00e0\",\"isPartOf\":{\"@id\":\"https:\/\/staging.varesenews.it\/#website\"},\"datePublished\":\"2020-07-07T08:02:40+00:00\",\"dateModified\":\"2020-07-07T08:18:56+00:00\",\"author\":{\"@id\":\"https:\/\/staging.varesenews.it\/#\/schema\/person\/9fc65cf41366c6512d37aa8b5aa40b98\"},\"description\":\"Dopo il riuscito appuntamento del 4 Luglio l\u2019associazione Essere Esseri Umani, in collaborazione con la band di New Orleans jazz e swing milanese Cosimo and the Hot Coals, ha in programma un\u2019altra serata per il 18 Luglio\",\"breadcrumb\":{\"@id\":\"https:\/\/staging.varesenews.it\/2020\/07\/jazz-le-stelle-due-serate-tornare-alla-normalita\/944142\/#breadcrumb\"},\"inLanguage\":\"it-IT\",\"potentialAction\":[{\"@type\":\"ReadAction\",\"target\":[\"https:\/\/staging.varesenews.it\/2020\/07\/jazz-le-stelle-due-serate-tornare-alla-normalita\/944142\/\"]}]},{\"@type\":\"BreadcrumbList\",\"@id\":\"https:\/\/staging.varesenews.it\/2020\/07\/jazz-le-stelle-due-serate-tornare-alla-normalita\/944142\/#breadcrumb\",\"itemListElement\":[{\"@type\":\"ListItem\",\"position\":1,\"name\":\"Home\",\"item\":\"https:\/\/www.varesenews.it\/\"},{\"@type\":\"ListItem\",\"position\":2,\"name\":\"Jazz sotto le stelle, due serate per tornare alla normalit\u00e0\"}]},{\"@type\":\"WebSite\",\"@id\":\"https:\/\/staging.varesenews.it\/#website\",\"url\":\"https:\/\/staging.varesenews.it\/\",\"name\":\"VareseNews\",\"description\":\"\",\"potentialAction\":[{\"@type\":\"SearchAction\",\"target\":{\"@type\":\"EntryPoint\",\"urlTemplate\":\"https:\/\/staging.varesenews.it\/?s={search_term_string}\"},\"query-input\":\"required name=search_term_string\"}],\"inLanguage\":\"it-IT\"},{\"@type\":\"Person\",\"@id\":\"https:\/\/staging.varesenews.it\/#\/schema\/person\/9fc65cf41366c6512d37aa8b5aa40b98\",\"name\":\"divisionebusiness\",\"image\":{\"@type\":\"ImageObject\",\"inLanguage\":\"it-IT\",\"@id\":\"https:\/\/staging.varesenews.it\/#\/schema\/person\/image\/\",\"url\":\"https:\/\/staging.varesenews.it\/wp-content\/uploads\/2015\/03\/mistery.jpg\",\"contentUrl\":\"https:\/\/staging.varesenews.it\/wp-content\/uploads\/2015\/03\/mistery.jpg\",\"caption\":\"divisionebusiness\"},\"url\":\"https:\/\/staging.varesenews.it\/persona\/divisionebusiness2\/\"}]}<\/script>\n<!-- \/ Yoast SEO plugin. -->","yoast_head_json":{"title":"Jazz sotto le stelle, due serate per tornare alla normalit\u00e0","description":"Dopo il riuscito appuntamento del 4 Luglio l\u2019associazione Essere Esseri Umani, in collaborazione con la band di New Orleans jazz e swing milanese Cosimo and the Hot Coals, ha in programma un\u2019altra serata per il 18 Luglio","robots":{"index":"noindex","follow":"follow","max-snippet":"max-snippet:-1","max-image-preview":"max-image-preview:large","max-video-preview":"max-video-preview:-1"},"og_locale":"it_IT","og_type":"article","og_title":"Jazz sotto le stelle, due serate per tornare alla normalit\u00e0","og_description":"Dopo il riuscito appuntamento del 4 Luglio l\u2019associazione Essere Esseri Umani, in collaborazione con la band di New Orleans jazz e swing milanese Cosimo and the Hot Coals, ha in programma un\u2019altra serata per il 18 Luglio","og_url":"https:\/\/staging.varesenews.it\/2020\/07\/jazz-le-stelle-due-serate-tornare-alla-normalita\/944142\/","og_site_name":"VareseNews","article_publisher":"https:\/\/www.facebook.com\/varesenews","article_published_time":"2020-07-07T08:02:40+00:00","article_modified_time":"2020-07-07T08:18:56+00:00","author":"divisionebusiness","twitter_card":"summary_large_image","twitter_creator":"@varesenews","twitter_site":"@varesenews","twitter_misc":{"Scritto da":"divisionebusiness","Tempo di lettura stimato":"3 minuti"},"schema":{"@context":"https:\/\/schema.org","@graph":[{"@type":"WebPage","@id":"https:\/\/staging.varesenews.it\/2020\/07\/jazz-le-stelle-due-serate-tornare-alla-normalita\/944142\/","url":"https:\/\/staging.varesenews.it\/2020\/07\/jazz-le-stelle-due-serate-tornare-alla-normalita\/944142\/","name":"Jazz sotto le stelle, due serate per tornare alla normalit\u00e0","isPartOf":{"@id":"https:\/\/staging.varesenews.it\/#website"},"datePublished":"2020-07-07T08:02:40+00:00","dateModified":"2020-07-07T08:18:56+00:00","author":{"@id":"https:\/\/staging.varesenews.it\/#\/schema\/person\/9fc65cf41366c6512d37aa8b5aa40b98"},"description":"Dopo il riuscito appuntamento del 4 Luglio l\u2019associazione Essere Esseri Umani, in collaborazione con la band di New Orleans jazz e swing milanese Cosimo and the Hot Coals, ha in programma un\u2019altra serata per il 18 Luglio","breadcrumb":{"@id":"https:\/\/staging.varesenews.it\/2020\/07\/jazz-le-stelle-due-serate-tornare-alla-normalita\/944142\/#breadcrumb"},"inLanguage":"it-IT","potentialAction":[{"@type":"ReadAction","target":["https:\/\/staging.varesenews.it\/2020\/07\/jazz-le-stelle-due-serate-tornare-alla-normalita\/944142\/"]}]},{"@type":"BreadcrumbList","@id":"https:\/\/staging.varesenews.it\/2020\/07\/jazz-le-stelle-due-serate-tornare-alla-normalita\/944142\/#breadcrumb","itemListElement":[{"@type":"ListItem","position":1,"name":"Home","item":"https:\/\/www.varesenews.it\/"},{"@type":"ListItem","position":2,"name":"Jazz sotto le stelle, due serate per tornare alla normalit\u00e0"}]},{"@type":"WebSite","@id":"https:\/\/staging.varesenews.it\/#website","url":"https:\/\/staging.varesenews.it\/","name":"VareseNews","description":"","potentialAction":[{"@type":"SearchAction","target":{"@type":"EntryPoint","urlTemplate":"https:\/\/staging.varesenews.it\/?s={search_term_string}"},"query-input":"required name=search_term_string"}],"inLanguage":"it-IT"},{"@type":"Person","@id":"https:\/\/staging.varesenews.it\/#\/schema\/person\/9fc65cf41366c6512d37aa8b5aa40b98","name":"divisionebusiness","image":{"@type":"ImageObject","inLanguage":"it-IT","@id":"https:\/\/staging.varesenews.it\/#\/schema\/person\/image\/","url":"https:\/\/staging.varesenews.it\/wp-content\/uploads\/2015\/03\/mistery.jpg","contentUrl":"https:\/\/staging.varesenews.it\/wp-content\/uploads\/2015\/03\/mistery.jpg","caption":"divisionebusiness"},"url":"https:\/\/staging.varesenews.it\/persona\/divisionebusiness2\/"}]}},"post_meta":{"_edit_lock":"1594110149:5428","_edit_last":"5428","_category_permalink":"a:1:{s:8:\"category\";s:0:\"\";}","_yoast_wpseo_content_score":"30","_jd_tweet_this":"yes","_encloseme":"1","ratings_users":"0","ratings_score":"0","ratings_average":"0","foto":"1161608","_wpt_short_url":"https:\/\/www.varesenews.it\/2020\/07\/jazz-le-stelle-due-serate-tornare-alla-normalita\/944142\/","_wp_jd_target":"https:\/\/www.varesenews.it\/2020\/07\/jazz-le-stelle-due-serate-tornare-alla-normalita\/944142\/","_jd_wp_twitter":"a:1:{i:0;s:167:\"Jazz sotto le stelle, due serate per tornare alla normalit\u00e0 https:\/\/www.varesenews.it\/2020\/07\/jazz-le-stelle-due-serate-tornare-alla-normalita\/944142\/ #concerti #jazz\";}","_wpt_status_message":"Tweet inviato con successo.","id_leggi_anche":"944140","id_link_fotogallery":"944140"},"photos":[{"original":"https:\/\/staging.varesenews.it\/photogallery_new\/images\/2020\/07\/generico-2018-1161608.jpg","full":"https:\/\/staging.varesenews.it\/photogallery_new\/images\/2020\/07\/generico-2018-1161608.1024x768.jpg","large":"https:\/\/staging.varesenews.it\/photogallery_new\/images\/2020\/07\/generico-2018-1161608.610x431.jpg"}],"_links":{"self":[{"href":"https:\/\/staging.varesenews.it\/swgapi\/v1\/wp\/v2\/posts\/944142"}],"collection":[{"href":"https:\/\/staging.varesenews.it\/swgapi\/v1\/wp\/v2\/posts"}],"about":[{"href":"https:\/\/staging.varesenews.it\/swgapi\/v1\/wp\/v2\/types\/post"}],"author":[{"embeddable":true,"href":"https:\/\/staging.varesenews.it\/swgapi\/v1\/wp\/v2\/users\/5428"}],"replies":[{"embeddable":true,"href":"https:\/\/staging.varesenews.it\/swgapi\/v1\/wp\/v2\/comments?post=944142"}],"version-history":[{"count":0,"href":"https:\/\/staging.varesenews.it\/swgapi\/v1\/wp\/v2\/posts\/944142\/revisions"}],"wp:attachment":[{"href":"https:\/\/staging.varesenews.it\/swgapi\/v1\/wp\/v2\/media?parent=944142"}],"wp:term":[{"taxonomy":"category","embeddable":true,"href":"https:\/\/staging.varesenews.it\/swgapi\/v1\/wp\/v2\/categories?post=944142"},{"taxonomy":"post_tag","embeddable":true,"href":"https:\/\/staging.varesenews.it\/swgapi\/v1\/wp\/v2\/tags?post=944142"}],"curies":[{"name":"wp","href":"https:\/\/api.w.org\/{rel}","templated":true}]}}