{"id":944245,"date":"2020-07-07T14:57:12","date_gmt":"2020-07-07T12:57:12","guid":{"rendered":"https:\/\/www.varesenews.it\/?p=944245"},"modified":"2020-07-07T14:57:12","modified_gmt":"2020-07-07T12:57:12","slug":"gavirate-torna-cinema-le-stelle","status":"publish","type":"post","link":"https:\/\/staging.varesenews.it\/2020\/07\/gavirate-torna-cinema-le-stelle\/944245\/","title":{"rendered":"A Gavirate torna il &#8220;Cinema Sotto le Stelle&#8221;"},"content":{"rendered":"<p>Da mercoled\u00ec 8 luglio <a href=\"https:\/\/www.immaginario.org\/\">l&#8217;Associazione L&#8217;Immaginario di Gavirate torna con la tradizionale rassegna estiva<strong> &#8220;Cinema Sotto Le Stelle 2020&#8221;<\/strong> <\/a>e con una nuova location. Le proiezioni si terranno infatti all&#8217;Oratorio San Luigi di Via Marconi, luogo pi\u00f9 ampio rispetto alla corte del cinema e che permette di accogliere pi\u00f9 spettatori e rispettare le normative.<\/p>\n<p>Dopo i mesi di chiusura dovuti al lockdown quindi, l&#8217;associazione torna e presenta una selezione di film premiati, prime visioni, commedie e non solo per tenerci compagnia sotto il cielo d&#8217;estate fino al 23 agosto, tutti e mercoled\u00ec, venerd\u00ec e domenica sera con inizio alle ore 21.30. Gli ingressi saranno dalle 20 e 45.<\/p>\n<p>La serata del mercoled\u00ec \u00e8 quest&#8217;anno realizzata in collaborazione con Ugate , l&#8217;Universit\u00e0 di Gavirate per Adulti e Terza Et\u00e0.\u00a0L&#8217;ingresso \u00e8 di \u20ac 6 &#8211; Soci Ugate \u20ac 5 ( solo mercoled\u00ec). I posti sono distanziati e limitati come da disposizioni vigenti. In caso di maltempo la proiezione viene annullata.<\/p>\n","protected":false},"excerpt":{"rendered":"<p>In programma dall&#8217;8 luglio, l&#8217;appuntamento \u00e8 all&#8217;Oratorio San Luigi di Via Marconi <\/p>\n","protected":false},"author":32,"featured_media":0,"comment_status":"open","ping_status":"open","sticky":false,"template":"","format":"standard","meta":{"footnotes":""},"categories":[13,21,2],"tags":[2658],"acf":[],"yoast_head":"<!-- This site is optimized with the Yoast SEO plugin v20.1 - https:\/\/yoast.com\/wordpress\/plugins\/seo\/ -->\n<title>A Gavirate torna il &quot;Cinema Sotto le Stelle&quot;<\/title>\n<meta name=\"description\" content=\"In programma dall&#039;8 luglio, l&#039;appuntamento \u00e8 all&#039;Oratorio San Luigi di Via Marconi\" \/>\n<meta name=\"robots\" content=\"noindex, follow, max-snippet:-1, max-image-preview:large, max-video-preview:-1\" \/>\n<meta property=\"og:locale\" content=\"it_IT\" \/>\n<meta property=\"og:type\" content=\"article\" \/>\n<meta property=\"og:title\" content=\"A Gavirate torna il &quot;Cinema Sotto le Stelle&quot;\" \/>\n<meta property=\"og:description\" content=\"In programma dall&#039;8 luglio, l&#039;appuntamento \u00e8 all&#039;Oratorio San Luigi di Via Marconi\" \/>\n<meta property=\"og:url\" content=\"https:\/\/staging.varesenews.it\/2020\/07\/gavirate-torna-cinema-le-stelle\/944245\/\" \/>\n<meta property=\"og:site_name\" content=\"VareseNews\" \/>\n<meta property=\"article:publisher\" content=\"https:\/\/www.facebook.com\/varesenews\" \/>\n<meta property=\"article:published_time\" content=\"2020-07-07T12:57:12+00:00\" \/>\n<meta name=\"author\" content=\"Adelia Brigo\" \/>\n<meta name=\"twitter:card\" content=\"summary_large_image\" \/>\n<meta name=\"twitter:creator\" content=\"@AdeliaBrigo\" \/>\n<meta name=\"twitter:site\" content=\"@varesenews\" \/>\n<meta name=\"twitter:label1\" content=\"Scritto da\" \/>\n\t<meta name=\"twitter:data1\" content=\"Adelia Brigo\" \/>\n\t<meta name=\"twitter:label2\" content=\"Tempo di lettura stimato\" \/>\n\t<meta name=\"twitter:data2\" content=\"1 minuto\" \/>\n<script type=\"application\/ld+json\" class=\"yoast-schema-graph\">{\"@context\":\"https:\/\/schema.org\",\"@graph\":[{\"@type\":\"WebPage\",\"@id\":\"https:\/\/staging.varesenews.it\/2020\/07\/gavirate-torna-cinema-le-stelle\/944245\/\",\"url\":\"https:\/\/staging.varesenews.it\/2020\/07\/gavirate-torna-cinema-le-stelle\/944245\/\",\"name\":\"A Gavirate torna il \\\"Cinema Sotto le Stelle\\\"\",\"isPartOf\":{\"@id\":\"https:\/\/staging.varesenews.it\/#website\"},\"datePublished\":\"2020-07-07T12:57:12+00:00\",\"dateModified\":\"2020-07-07T12:57:12+00:00\",\"author\":{\"@id\":\"https:\/\/staging.varesenews.it\/#\/schema\/person\/272ac0f5b2dbfd572218c2d86e013f1a\"},\"description\":\"In programma dall'8 luglio, l'appuntamento \u00e8 all'Oratorio San Luigi di Via Marconi\",\"breadcrumb\":{\"@id\":\"https:\/\/staging.varesenews.it\/2020\/07\/gavirate-torna-cinema-le-stelle\/944245\/#breadcrumb\"},\"inLanguage\":\"it-IT\",\"potentialAction\":[{\"@type\":\"ReadAction\",\"target\":[\"https:\/\/staging.varesenews.it\/2020\/07\/gavirate-torna-cinema-le-stelle\/944245\/\"]}]},{\"@type\":\"BreadcrumbList\",\"@id\":\"https:\/\/staging.varesenews.it\/2020\/07\/gavirate-torna-cinema-le-stelle\/944245\/#breadcrumb\",\"itemListElement\":[{\"@type\":\"ListItem\",\"position\":1,\"name\":\"Home\",\"item\":\"https:\/\/www.varesenews.it\/\"},{\"@type\":\"ListItem\",\"position\":2,\"name\":\"A Gavirate torna il &#8220;Cinema Sotto le Stelle&#8221;\"}]},{\"@type\":\"WebSite\",\"@id\":\"https:\/\/staging.varesenews.it\/#website\",\"url\":\"https:\/\/staging.varesenews.it\/\",\"name\":\"VareseNews\",\"description\":\"\",\"potentialAction\":[{\"@type\":\"SearchAction\",\"target\":{\"@type\":\"EntryPoint\",\"urlTemplate\":\"https:\/\/staging.varesenews.it\/?s={search_term_string}\"},\"query-input\":\"required name=search_term_string\"}],\"inLanguage\":\"it-IT\"},{\"@type\":\"Person\",\"@id\":\"https:\/\/staging.varesenews.it\/#\/schema\/person\/272ac0f5b2dbfd572218c2d86e013f1a\",\"name\":\"Adelia Brigo\",\"image\":{\"@type\":\"ImageObject\",\"inLanguage\":\"it-IT\",\"@id\":\"https:\/\/staging.varesenews.it\/#\/schema\/person\/image\/\",\"url\":\"https:\/\/staging.varesenews.it\/wp-content\/uploads\/2020\/12\/adelia_brigo_colori_500.jpg\",\"contentUrl\":\"https:\/\/staging.varesenews.it\/wp-content\/uploads\/2020\/12\/adelia_brigo_colori_500.jpg\",\"caption\":\"Adelia Brigo\"},\"description\":\"Giornalista pubblicista, lavoro a VareseNews dal 2007 e mi occupo di cronaca locale e del settore dedicato alla cultura. In questi anni ho seguito diversi progetti di comunicazione, amo sperimentare strategie per i Social Network e raccontare storie. Varesina, classe 1984, sono laureata in Scienze della Comunicazione.&nbsp;\",\"sameAs\":[\"AdeliaBrigo\",\"https:\/\/twitter.com\/AdeliaBrigo\"],\"url\":\"https:\/\/staging.varesenews.it\/persona\/adelia_brigo\/\"}]}<\/script>\n<!-- \/ Yoast SEO plugin. -->","yoast_head_json":{"title":"A Gavirate torna il \"Cinema Sotto le Stelle\"","description":"In programma dall'8 luglio, l'appuntamento \u00e8 all'Oratorio San Luigi di Via Marconi","robots":{"index":"noindex","follow":"follow","max-snippet":"max-snippet:-1","max-image-preview":"max-image-preview:large","max-video-preview":"max-video-preview:-1"},"og_locale":"it_IT","og_type":"article","og_title":"A Gavirate torna il \"Cinema Sotto le Stelle\"","og_description":"In programma dall'8 luglio, l'appuntamento \u00e8 all'Oratorio San Luigi di Via Marconi","og_url":"https:\/\/staging.varesenews.it\/2020\/07\/gavirate-torna-cinema-le-stelle\/944245\/","og_site_name":"VareseNews","article_publisher":"https:\/\/www.facebook.com\/varesenews","article_published_time":"2020-07-07T12:57:12+00:00","author":"Adelia Brigo","twitter_card":"summary_large_image","twitter_creator":"@AdeliaBrigo","twitter_site":"@varesenews","twitter_misc":{"Scritto da":"Adelia Brigo","Tempo di lettura stimato":"1 minuto"},"schema":{"@context":"https:\/\/schema.org","@graph":[{"@type":"WebPage","@id":"https:\/\/staging.varesenews.it\/2020\/07\/gavirate-torna-cinema-le-stelle\/944245\/","url":"https:\/\/staging.varesenews.it\/2020\/07\/gavirate-torna-cinema-le-stelle\/944245\/","name":"A Gavirate torna il \"Cinema Sotto le Stelle\"","isPartOf":{"@id":"https:\/\/staging.varesenews.it\/#website"},"datePublished":"2020-07-07T12:57:12+00:00","dateModified":"2020-07-07T12:57:12+00:00","author":{"@id":"https:\/\/staging.varesenews.it\/#\/schema\/person\/272ac0f5b2dbfd572218c2d86e013f1a"},"description":"In programma dall'8 luglio, l'appuntamento \u00e8 all'Oratorio San Luigi di Via Marconi","breadcrumb":{"@id":"https:\/\/staging.varesenews.it\/2020\/07\/gavirate-torna-cinema-le-stelle\/944245\/#breadcrumb"},"inLanguage":"it-IT","potentialAction":[{"@type":"ReadAction","target":["https:\/\/staging.varesenews.it\/2020\/07\/gavirate-torna-cinema-le-stelle\/944245\/"]}]},{"@type":"BreadcrumbList","@id":"https:\/\/staging.varesenews.it\/2020\/07\/gavirate-torna-cinema-le-stelle\/944245\/#breadcrumb","itemListElement":[{"@type":"ListItem","position":1,"name":"Home","item":"https:\/\/www.varesenews.it\/"},{"@type":"ListItem","position":2,"name":"A Gavirate torna il &#8220;Cinema Sotto le Stelle&#8221;"}]},{"@type":"WebSite","@id":"https:\/\/staging.varesenews.it\/#website","url":"https:\/\/staging.varesenews.it\/","name":"VareseNews","description":"","potentialAction":[{"@type":"SearchAction","target":{"@type":"EntryPoint","urlTemplate":"https:\/\/staging.varesenews.it\/?s={search_term_string}"},"query-input":"required name=search_term_string"}],"inLanguage":"it-IT"},{"@type":"Person","@id":"https:\/\/staging.varesenews.it\/#\/schema\/person\/272ac0f5b2dbfd572218c2d86e013f1a","name":"Adelia Brigo","image":{"@type":"ImageObject","inLanguage":"it-IT","@id":"https:\/\/staging.varesenews.it\/#\/schema\/person\/image\/","url":"https:\/\/staging.varesenews.it\/wp-content\/uploads\/2020\/12\/adelia_brigo_colori_500.jpg","contentUrl":"https:\/\/staging.varesenews.it\/wp-content\/uploads\/2020\/12\/adelia_brigo_colori_500.jpg","caption":"Adelia Brigo"},"description":"Giornalista pubblicista, lavoro a VareseNews dal 2007 e mi occupo di cronaca locale e del settore dedicato alla cultura. In questi anni ho seguito diversi progetti di comunicazione, amo sperimentare strategie per i Social Network e raccontare storie. Varesina, classe 1984, sono laureata in Scienze della Comunicazione.&nbsp;","sameAs":["AdeliaBrigo","https:\/\/twitter.com\/AdeliaBrigo"],"url":"https:\/\/staging.varesenews.it\/persona\/adelia_brigo\/"}]}},"post_meta":{"_edit_lock":"1594126735:32","_edit_last":"32","_category_permalink":"a:1:{s:8:\"category\";s:2:\"13\";}","_encloseme":"1","ratings_users":"0","ratings_score":"0","ratings_average":"0","foto":"1160256","firma_come_redazione":"1","argomento":"Gavirate","_yoast_wpseo_content_score":"30","_jd_tweet_this":"yes","_wpt_short_url":"https:\/\/www.varesenews.it\/2020\/07\/gavirate-torna-cinema-le-stelle\/944245\/","_wp_jd_target":"https:\/\/www.varesenews.it\/2020\/07\/gavirate-torna-cinema-le-stelle\/944245\/","_jd_wp_twitter":"a:1:{i:0;s:123:\"A Gavirate torna il \u201cCinema Sotto le Stelle\u201d https:\/\/www.varesenews.it\/2020\/07\/gavirate-torna-cinema-le-stelle\/944245\/ \";}","_wpt_status_message":"Tweet inviato con successo."},"photos":[{"original":"https:\/\/staging.varesenews.it\/photogallery_new\/images\/2020\/07\/cinema-all-aperto-a-san-vittore-olona-1160256.jpg","full":"https:\/\/staging.varesenews.it\/photogallery_new\/images\/2020\/07\/cinema-all-aperto-a-san-vittore-olona-1160256.1024x768.jpg","large":"https:\/\/staging.varesenews.it\/photogallery_new\/images\/2020\/07\/cinema-all-aperto-a-san-vittore-olona-1160256.610x431.jpg"}],"_links":{"self":[{"href":"https:\/\/staging.varesenews.it\/swgapi\/v1\/wp\/v2\/posts\/944245"}],"collection":[{"href":"https:\/\/staging.varesenews.it\/swgapi\/v1\/wp\/v2\/posts"}],"about":[{"href":"https:\/\/staging.varesenews.it\/swgapi\/v1\/wp\/v2\/types\/post"}],"author":[{"embeddable":true,"href":"https:\/\/staging.varesenews.it\/swgapi\/v1\/wp\/v2\/users\/32"}],"replies":[{"embeddable":true,"href":"https:\/\/staging.varesenews.it\/swgapi\/v1\/wp\/v2\/comments?post=944245"}],"version-history":[{"count":0,"href":"https:\/\/staging.varesenews.it\/swgapi\/v1\/wp\/v2\/posts\/944245\/revisions"}],"wp:attachment":[{"href":"https:\/\/staging.varesenews.it\/swgapi\/v1\/wp\/v2\/media?parent=944245"}],"wp:term":[{"taxonomy":"category","embeddable":true,"href":"https:\/\/staging.varesenews.it\/swgapi\/v1\/wp\/v2\/categories?post=944245"},{"taxonomy":"post_tag","embeddable":true,"href":"https:\/\/staging.varesenews.it\/swgapi\/v1\/wp\/v2\/tags?post=944245"}],"curies":[{"name":"wp","href":"https:\/\/api.w.org\/{rel}","templated":true}]}}