{"id":944940,"date":"2020-07-09T17:27:53","date_gmt":"2020-07-09T15:27:53","guid":{"rendered":"https:\/\/www.varesenews.it\/?p=944940"},"modified":"2020-07-16T18:26:25","modified_gmt":"2020-07-16T16:26:25","slug":"la-bellezza-senza-tempo-castelseprio-vista-dal-drone","status":"publish","type":"post","link":"https:\/\/staging.varesenews.it\/2020\/07\/la-bellezza-senza-tempo-castelseprio-vista-dal-drone\/944940\/","title":{"rendered":"La bellezza senza tempo di Castelseprio vista dal drone"},"content":{"rendered":"<p>Passeggiare nel parco Archeologico di Castelseprio e come fare un salto indietro nel tempo di centinaia di anni. L&#8217;insediamento fortificato, il borgo e la chiesa di Santa Maria foris portas -e il poco distante Monastero di Torba- rappresentano una delle pi\u00f9 significative testimonianze dell\u2019alto Medioevo nell\u2019Italia settentrionale. Un tassello di storia protetto dall&#8217;Unesco e inserito nel sito seriale\u00a0\u201cI Longobardi in Italia. I luoghi del potere (568-774 d.C.)\u201d<\/p>\n<p>Ma per farvi provare un&#8217;esperienza diversa\u00a0<a href=\"https:\/\/www.varese4u.it\/\" target=\"_blank\" rel=\"noopener\"><strong>Varese4U Archeo<\/strong><\/a>\u00a0vi porta a guardare questo sito archeologico in un modo nuovo: dall&#8217;alto.<\/p>\n<p><strong>\u201c<a href=\"https:\/\/www.varesenews.it\/2020\/06\/beni-archeologici-varesotto-immortalati-dallalto\/939514\/\">In volo sui beni archeologici della provincia di Varese<\/a>\u201d<\/strong> \u00e8 infatti il nome del percorso di storytelling nato nell\u2019ambito del progetto <a href=\"https:\/\/www.varese4u.it\/\" target=\"_blank\" rel=\"noopener\"><strong>Varese4U Archeo<\/strong><\/a>. L\u2019obiettivo \u00e8 quello di raccontare il territorio e in particolare <a href=\"https:\/\/www.varesenews.it\/2019\/11\/8-siti-archeologici-due-passi-casa-un-documentario-scoprirli\/872724\/\" target=\"_blank\" rel=\"noopener\">gli otto siti coinvolti nel progetto varese4U Archeo<\/a> attraverso suggestive <strong>riprese aeree<\/strong>.<\/p>\n<p>Un video per farvi apprezzare ancora di pi\u00f9 questo luogo. Chi per\u00f2 volesse conoscere (o ripassare) la storia che si nasconde dietro quei resti lo pu\u00f2 fare guardando il documentario qui sotto. Per informazioni sul sito e su come raggiungerlo <a href=\"http:\/\/www.varese4u.it\/castelseprio-torba\/\">clicca qui<\/a>.<\/p>\n<div class=\"responsive-video\"><iframe loading=\"lazy\" width=\"500\" height=\"281\" src=\"https:\/\/www.youtube.com\/embed\/pqKo8sT-NYQ?feature=oembed\" frameborder=\"0\" allow=\"accelerometer; autoplay; encrypted-media; gyroscope; picture-in-picture\" allowfullscreen><\/iframe><\/div>\n<p>Un percorso, quello per conoscere i lati pi\u00f9 antichi della nostra provincia, che vi accompagner\u00e0 per tutta l&#8217;estate e attraverso il quale vi abbiamo gi\u00e0 mostrato <a href=\"https:\/\/www.varesenews.it\/2020\/07\/fascino-dellisolino-virginia-visto-dallalto\/943275\/\">l&#8217;Isolino Virginia<\/a>. Nel frattempo chi fosse curioso di scoprire le peculiarit\u00e0 di tutti questi luoghi lo pu\u00f2 fare cliccando sui link qui sotto<\/p>\n<p><strong>\u2022 <a href=\"https:\/\/www.varesenews.it\/video\/alla-scoperta-del-monte-san-giorgio-fossili-natura\/\">Sito Unesco Monte San Giorgio<\/a><\/strong><br \/>\n<strong>\u2022 <a href=\"https:\/\/www.varesenews.it\/video\/alla-scoperta-delle-palafitte-del-lago-varese\/\">Sito Unesco Isolino Virginia<\/a><\/strong><br \/>\n<strong>\u2022 <a href=\"https:\/\/www.varesenews.it\/video\/museo-diffuso-pane-millenario-cosa-ad-angera\/\">Area archeologica di Angera<\/a><\/strong><br \/>\n<strong>\u2022 <a href=\"https:\/\/www.varesenews.it\/video\/la-civilta-golasecca-storia-dei-fondatori-milano\/\">Area del Monsorino con la civilt\u00e0 di Golasecca<\/a><\/strong><br \/>\n<strong>\u2022 <a href=\"https:\/\/www.varesenews.it\/video\/castelseprio-torba-longobardi-vivono-ancora\/\">Sito Unesco Castelseprio-Torba<\/a><\/strong><br \/>\n<strong>\u2022 <a href=\"https:\/\/www.varesenews.it\/video\/alla-scoperta-del-monastero-cairate\/\">Monastero di Cairate<\/a><\/strong><br \/>\n<strong>\u2022 <a href=\"https:\/\/www.varesenews.it\/video\/fossili-necropoli-arte-sullastronave-del-tempo-arsago-seprio\/\">Necropoli Longobarda di Arsago Seprio<\/a><\/strong><br \/>\n<strong>\u2022 <a href=\"https:\/\/www.varesenews.it\/video\/passeggiata-archeologica-sul-sacro-monte\/\">Sito Unesco Sacro Monte di Varese e Monte San Francesco<\/a><\/strong><\/p>\n<h3>I CANALI SOCIAL DI VARESE4U ARCHEO<\/h3>\n<p><a href=\"https:\/\/www.facebook.com\/varese4U\/\" target=\"_blank\" rel=\"noopener\"><strong>Facebook<\/strong><\/a><br \/>\n<strong><a href=\"https:\/\/www.instagram.com\/varese4u\/?hl=it\" target=\"_blank\" rel=\"noopener\">Instagram<\/a><\/strong><br \/>\n<a href=\"https:\/\/www.youtube.com\/channel\/UCNLanZnKHYc0SaZjqarLqpA\" target=\"_blank\" rel=\"noopener\"><strong>Youtube<\/strong><\/a><br \/>\n<a href=\"https:\/\/twitter.com\/Varese4U\" target=\"_blank\" rel=\"noopener\"><strong>Twitter<\/strong><\/a><\/p>\n","protected":false},"excerpt":{"rendered":"<p>Il fascino del parco archeologico di Castelseprio raccontato per immagini aeree. \u00c8 il nuovo progetto di Varese4U &#8211; Archeo per valorizzare i beni Unesco del nostro territorio<\/p>\n","protected":false},"author":42,"featured_media":0,"comment_status":"open","ping_status":"open","sticky":false,"template":"","format":"standard","meta":{"footnotes":""},"categories":[4,18,3,5,46,2],"tags":[51647,65751,95749],"acf":[],"yoast_head":"<!-- This site is optimized with the Yoast SEO plugin v20.1 - https:\/\/yoast.com\/wordpress\/plugins\/seo\/ -->\n<title>La bellezza senza tempo di Castelseprio vista dal drone<\/title>\n<meta name=\"description\" content=\"Il fascino del parco archeologico di Castelseprio raccontato per immagini aeree. \u00c8 il nuovo progetto di Varese4U - Archeo per valorizzare i beni Unesco del nostro territorio\" \/>\n<meta name=\"robots\" content=\"noindex, follow, max-snippet:-1, max-image-preview:large, max-video-preview:-1\" \/>\n<meta property=\"og:locale\" content=\"it_IT\" \/>\n<meta property=\"og:type\" content=\"article\" \/>\n<meta property=\"og:title\" content=\"La bellezza senza tempo di Castelseprio vista dal drone\" \/>\n<meta property=\"og:description\" content=\"Il fascino del parco archeologico di Castelseprio raccontato per immagini aeree. \u00c8 il nuovo progetto di Varese4U - Archeo per valorizzare i beni Unesco del nostro territorio\" \/>\n<meta property=\"og:url\" content=\"https:\/\/www.varesenews.it\/2020\/07\/la-bellezza-senza-tempo-castelseprio-vista-dal-drone\/944940\/\" \/>\n<meta property=\"og:site_name\" content=\"VareseNews\" \/>\n<meta property=\"article:publisher\" content=\"https:\/\/www.facebook.com\/varesenews\" \/>\n<meta property=\"article:published_time\" content=\"2020-07-09T15:27:53+00:00\" \/>\n<meta property=\"article:modified_time\" content=\"2020-07-16T16:26:25+00:00\" \/>\n<meta name=\"author\" content=\"Marco Corso\" \/>\n<meta name=\"twitter:card\" content=\"summary_large_image\" \/>\n<meta name=\"twitter:creator\" content=\"@varesenews\" \/>\n<meta name=\"twitter:site\" content=\"@varesenews\" \/>\n<meta name=\"twitter:label1\" content=\"Scritto da\" \/>\n\t<meta name=\"twitter:data1\" content=\"Marco Corso\" \/>\n\t<meta name=\"twitter:label2\" content=\"Tempo di lettura stimato\" \/>\n\t<meta name=\"twitter:data2\" content=\"1 minuto\" \/>\n<script type=\"application\/ld+json\" class=\"yoast-schema-graph\">{\"@context\":\"https:\/\/schema.org\",\"@graph\":[{\"@type\":\"WebPage\",\"@id\":\"https:\/\/www.varesenews.it\/2020\/07\/la-bellezza-senza-tempo-castelseprio-vista-dal-drone\/944940\/\",\"url\":\"https:\/\/www.varesenews.it\/2020\/07\/la-bellezza-senza-tempo-castelseprio-vista-dal-drone\/944940\/\",\"name\":\"La bellezza senza tempo di Castelseprio vista dal drone\",\"isPartOf\":{\"@id\":\"https:\/\/staging.varesenews.it\/#website\"},\"datePublished\":\"2020-07-09T15:27:53+00:00\",\"dateModified\":\"2020-07-16T16:26:25+00:00\",\"author\":{\"@id\":\"https:\/\/staging.varesenews.it\/#\/schema\/person\/f0b866bf1a4a7b2b1558574309a927fa\"},\"description\":\"Il fascino del parco archeologico di Castelseprio raccontato per immagini aeree. \u00c8 il nuovo progetto di Varese4U - Archeo per valorizzare i beni Unesco del nostro territorio\",\"breadcrumb\":{\"@id\":\"https:\/\/www.varesenews.it\/2020\/07\/la-bellezza-senza-tempo-castelseprio-vista-dal-drone\/944940\/#breadcrumb\"},\"inLanguage\":\"it-IT\",\"potentialAction\":[{\"@type\":\"ReadAction\",\"target\":[\"https:\/\/www.varesenews.it\/2020\/07\/la-bellezza-senza-tempo-castelseprio-vista-dal-drone\/944940\/\"]}]},{\"@type\":\"BreadcrumbList\",\"@id\":\"https:\/\/www.varesenews.it\/2020\/07\/la-bellezza-senza-tempo-castelseprio-vista-dal-drone\/944940\/#breadcrumb\",\"itemListElement\":[{\"@type\":\"ListItem\",\"position\":1,\"name\":\"Home\",\"item\":\"https:\/\/www.varesenews.it\/\"},{\"@type\":\"ListItem\",\"position\":2,\"name\":\"La bellezza senza tempo di Castelseprio vista dal drone\"}]},{\"@type\":\"WebSite\",\"@id\":\"https:\/\/staging.varesenews.it\/#website\",\"url\":\"https:\/\/staging.varesenews.it\/\",\"name\":\"VareseNews\",\"description\":\"\",\"potentialAction\":[{\"@type\":\"SearchAction\",\"target\":{\"@type\":\"EntryPoint\",\"urlTemplate\":\"https:\/\/staging.varesenews.it\/?s={search_term_string}\"},\"query-input\":\"required name=search_term_string\"}],\"inLanguage\":\"it-IT\"},{\"@type\":\"Person\",\"@id\":\"https:\/\/staging.varesenews.it\/#\/schema\/person\/f0b866bf1a4a7b2b1558574309a927fa\",\"name\":\"Marco Corso\",\"image\":{\"@type\":\"ImageObject\",\"inLanguage\":\"it-IT\",\"@id\":\"https:\/\/staging.varesenews.it\/#\/schema\/person\/image\/\",\"url\":\"https:\/\/staging.varesenews.it\/wp-content\/uploads\/2020\/12\/marco_corso_colori_500.jpg\",\"contentUrl\":\"https:\/\/staging.varesenews.it\/wp-content\/uploads\/2020\/12\/marco_corso_colori_500.jpg\",\"caption\":\"Marco Corso\"},\"description\":\"Classe 91, per diversi anni mi sono fregiato del titolo di pi&ugrave; giovane della redazione, ma adesso faccio il fratello maggiore alle nuove leve. Mi sono laureato nel 2013 in Scienze Sociali per la Globalizzazione alla Statale di Milano e nel 2015 mi sono diplomato in videogiornalismo alla Civica Scuola di Cinema di Milano. A VareseNews da 10 anni, ho seguito da sempre diversi progetti, partendo dalla mia Busto Arsizio per attraversare tutta la provincia. Adesso la \\\"sorvolo\\\" anche con il mio drone, regalando alle mie riprese sempre un punto di vista emozionale e narrativo sui luoghi e le vicende che racconto, ma rimanendo fedele alla cronaca. Quando non faccio il giornalista viaggio o mi arrampico sui monti, per guardare il mondo da altri punti di vista.\",\"sameAs\":[\"mar_corso\"],\"url\":\"https:\/\/staging.varesenews.it\/persona\/marco-corso1\/\"}]}<\/script>\n<!-- \/ Yoast SEO plugin. -->","yoast_head_json":{"title":"La bellezza senza tempo di Castelseprio vista dal drone","description":"Il fascino del parco archeologico di Castelseprio raccontato per immagini aeree. \u00c8 il nuovo progetto di Varese4U - Archeo per valorizzare i beni Unesco del nostro territorio","robots":{"index":"noindex","follow":"follow","max-snippet":"max-snippet:-1","max-image-preview":"max-image-preview:large","max-video-preview":"max-video-preview:-1"},"og_locale":"it_IT","og_type":"article","og_title":"La bellezza senza tempo di Castelseprio vista dal drone","og_description":"Il fascino del parco archeologico di Castelseprio raccontato per immagini aeree. \u00c8 il nuovo progetto di Varese4U - Archeo per valorizzare i beni Unesco del nostro territorio","og_url":"https:\/\/www.varesenews.it\/2020\/07\/la-bellezza-senza-tempo-castelseprio-vista-dal-drone\/944940\/","og_site_name":"VareseNews","article_publisher":"https:\/\/www.facebook.com\/varesenews","article_published_time":"2020-07-09T15:27:53+00:00","article_modified_time":"2020-07-16T16:26:25+00:00","author":"Marco Corso","twitter_card":"summary_large_image","twitter_creator":"@varesenews","twitter_site":"@varesenews","twitter_misc":{"Scritto da":"Marco Corso","Tempo di lettura stimato":"1 minuto"},"schema":{"@context":"https:\/\/schema.org","@graph":[{"@type":"WebPage","@id":"https:\/\/www.varesenews.it\/2020\/07\/la-bellezza-senza-tempo-castelseprio-vista-dal-drone\/944940\/","url":"https:\/\/www.varesenews.it\/2020\/07\/la-bellezza-senza-tempo-castelseprio-vista-dal-drone\/944940\/","name":"La bellezza senza tempo di Castelseprio vista dal drone","isPartOf":{"@id":"https:\/\/staging.varesenews.it\/#website"},"datePublished":"2020-07-09T15:27:53+00:00","dateModified":"2020-07-16T16:26:25+00:00","author":{"@id":"https:\/\/staging.varesenews.it\/#\/schema\/person\/f0b866bf1a4a7b2b1558574309a927fa"},"description":"Il fascino del parco archeologico di Castelseprio raccontato per immagini aeree. \u00c8 il nuovo progetto di Varese4U - Archeo per valorizzare i beni Unesco del nostro territorio","breadcrumb":{"@id":"https:\/\/www.varesenews.it\/2020\/07\/la-bellezza-senza-tempo-castelseprio-vista-dal-drone\/944940\/#breadcrumb"},"inLanguage":"it-IT","potentialAction":[{"@type":"ReadAction","target":["https:\/\/www.varesenews.it\/2020\/07\/la-bellezza-senza-tempo-castelseprio-vista-dal-drone\/944940\/"]}]},{"@type":"BreadcrumbList","@id":"https:\/\/www.varesenews.it\/2020\/07\/la-bellezza-senza-tempo-castelseprio-vista-dal-drone\/944940\/#breadcrumb","itemListElement":[{"@type":"ListItem","position":1,"name":"Home","item":"https:\/\/www.varesenews.it\/"},{"@type":"ListItem","position":2,"name":"La bellezza senza tempo di Castelseprio vista dal drone"}]},{"@type":"WebSite","@id":"https:\/\/staging.varesenews.it\/#website","url":"https:\/\/staging.varesenews.it\/","name":"VareseNews","description":"","potentialAction":[{"@type":"SearchAction","target":{"@type":"EntryPoint","urlTemplate":"https:\/\/staging.varesenews.it\/?s={search_term_string}"},"query-input":"required name=search_term_string"}],"inLanguage":"it-IT"},{"@type":"Person","@id":"https:\/\/staging.varesenews.it\/#\/schema\/person\/f0b866bf1a4a7b2b1558574309a927fa","name":"Marco Corso","image":{"@type":"ImageObject","inLanguage":"it-IT","@id":"https:\/\/staging.varesenews.it\/#\/schema\/person\/image\/","url":"https:\/\/staging.varesenews.it\/wp-content\/uploads\/2020\/12\/marco_corso_colori_500.jpg","contentUrl":"https:\/\/staging.varesenews.it\/wp-content\/uploads\/2020\/12\/marco_corso_colori_500.jpg","caption":"Marco Corso"},"description":"Classe 91, per diversi anni mi sono fregiato del titolo di pi&ugrave; giovane della redazione, ma adesso faccio il fratello maggiore alle nuove leve. Mi sono laureato nel 2013 in Scienze Sociali per la Globalizzazione alla Statale di Milano e nel 2015 mi sono diplomato in videogiornalismo alla Civica Scuola di Cinema di Milano. A VareseNews da 10 anni, ho seguito da sempre diversi progetti, partendo dalla mia Busto Arsizio per attraversare tutta la provincia. Adesso la \"sorvolo\" anche con il mio drone, regalando alle mie riprese sempre un punto di vista emozionale e narrativo sui luoghi e le vicende che racconto, ma rimanendo fedele alla cronaca. Quando non faccio il giornalista viaggio o mi arrampico sui monti, per guardare il mondo da altri punti di vista.","sameAs":["mar_corso"],"url":"https:\/\/staging.varesenews.it\/persona\/marco-corso1\/"}]}},"post_meta":{"_oembed_e3c0095ef5d61e9a2b5b99c290ceabde":"<iframe width=\"500\" height=\"281\" src=\"https:\/\/www.youtube.com\/embed\/8EvzIXFFpQ4?feature=oembed\" frameborder=\"0\" allow=\"accelerometer; autoplay; encrypted-media; gyroscope; picture-in-picture\" allowfullscreen><\/iframe>","_oembed_time_e3c0095ef5d61e9a2b5b99c290ceabde":"1593769055","_category_permalink":"a:1:{s:8:\"category\";s:2:\"46\";}","argomento":"Il video","_yoast_wpseo_content_score":"90","_jd_tweet_this":"yes","id_leggi_anche":"939514","youtube_id":"SznLFXOd2L0","_wpt_short_url":"http:\/\/www.varesenews.it\/2020\/07\/fascino-dellisolino-virginia-visto-dallalto\/943275\/","_wp_jd_target":"http:\/\/www.varesenews.it\/2020\/07\/fascino-dellisolino-virginia-visto-dallalto\/943275\/","_jd_wp_twitter":"a:2:{i:0;s:171:\"Il fascino dell\u2019Isolino Virginia visto dall\u2019alto http:\/\/www.varesenews.it\/2020\/07\/fascino-dellisolino-virginia-visto-dallalto\/943275\/ #drone #isolinovirginia #Varese4U\";i:1;s:173:\"La bellezza senza tempo di Castelseprio vista dal drone http:\/\/www.varesenews.it\/2020\/07\/fascino-dellisolino-virginia-visto-dallalto\/943275\/ #drone #Varese4U #Varese4UArcheo\";}","_wpt_status_message":"Tweet inviato con successo.","_encloseme":"1","ratings_users":"0","ratings_score":"0","ratings_average":"0","_dp_original":"943275","_edit_lock":"1646140374:15866","_edit_last":"5428","_oembed_e901dfc336c47921446abe16793074cd":"<iframe width=\"500\" height=\"281\" src=\"https:\/\/www.youtube.com\/embed\/pqKo8sT-NYQ?feature=oembed\" frameborder=\"0\" allow=\"accelerometer; autoplay; encrypted-media; gyroscope; picture-in-picture\" allowfullscreen><\/iframe>","_oembed_time_e901dfc336c47921446abe16793074cd":"1594916796","foto":"1157732","id_link_fotogallery":"939503","video":"944964","_oembed_bcfe42a5f3cdafc41a01a71187ea8903":"<iframe width=\"1520\" height=\"855\" src=\"https:\/\/www.youtube.com\/embed\/pqKo8sT-NYQ?feature=oembed\" frameborder=\"0\" allow=\"accelerometer; autoplay; clipboard-write; encrypted-media; gyroscope; picture-in-picture\" allowfullscreen><\/iframe>","_oembed_time_bcfe42a5f3cdafc41a01a71187ea8903":"1646140100"},"photos":[{"original":"https:\/\/staging.varesenews.it\/photogallery_new\/images\/2020\/06\/in-volo-con-il-drone-sui-beni-archeologici-del-varesotto-1157732.jpg","full":"https:\/\/staging.varesenews.it\/photogallery_new\/images\/2020\/06\/in-volo-con-il-drone-sui-beni-archeologici-del-varesotto-1157732.1024x768.jpg","large":"https:\/\/staging.varesenews.it\/photogallery_new\/images\/2020\/06\/in-volo-con-il-drone-sui-beni-archeologici-del-varesotto-1157732.610x431.jpg"}],"_links":{"self":[{"href":"https:\/\/staging.varesenews.it\/swgapi\/v1\/wp\/v2\/posts\/944940"}],"collection":[{"href":"https:\/\/staging.varesenews.it\/swgapi\/v1\/wp\/v2\/posts"}],"about":[{"href":"https:\/\/staging.varesenews.it\/swgapi\/v1\/wp\/v2\/types\/post"}],"author":[{"embeddable":true,"href":"https:\/\/staging.varesenews.it\/swgapi\/v1\/wp\/v2\/users\/42"}],"replies":[{"embeddable":true,"href":"https:\/\/staging.varesenews.it\/swgapi\/v1\/wp\/v2\/comments?post=944940"}],"version-history":[{"count":0,"href":"https:\/\/staging.varesenews.it\/swgapi\/v1\/wp\/v2\/posts\/944940\/revisions"}],"wp:attachment":[{"href":"https:\/\/staging.varesenews.it\/swgapi\/v1\/wp\/v2\/media?parent=944940"}],"wp:term":[{"taxonomy":"category","embeddable":true,"href":"https:\/\/staging.varesenews.it\/swgapi\/v1\/wp\/v2\/categories?post=944940"},{"taxonomy":"post_tag","embeddable":true,"href":"https:\/\/staging.varesenews.it\/swgapi\/v1\/wp\/v2\/tags?post=944940"}],"curies":[{"name":"wp","href":"https:\/\/api.w.org\/{rel}","templated":true}]}}