{"id":946084,"date":"2020-07-14T18:15:34","date_gmt":"2020-07-14T16:15:34","guid":{"rendered":"https:\/\/www.varesenews.it\/?p=946084"},"modified":"2020-07-14T18:15:34","modified_gmt":"2020-07-14T16:15:34","slug":"panperduto-somma-lombardo-un-gestore","status":"publish","type":"post","link":"https:\/\/staging.varesenews.it\/2020\/07\/panperduto-somma-lombardo-un-gestore\/946084\/","title":{"rendered":"Il Panperduto di Somma Lombardo ha un nuovo gestore"},"content":{"rendered":"<p><a href=\"https:\/\/www.varesenews.it\/2019\/10\/chiudono-bar-lostello-del-panperduto\/868914\/\">Dopo nove mesi di chiusura l&#8217;ostello e il bar del <strong>Panperduto<\/strong><\/a> possono riaprire: \u00e8 stato trovato il nuovo gestore, <strong>Alberto Zantomio<\/strong>, che possiede il ristorante dei Canottieri di fronte alla spiaggia. La chiusura era stata decretata lo scorso ottobre, quando il\u00a0<strong>Consorzio Est Ticino Villoresi\u00a0<\/strong>stava preparando un nuovo bando per la stagione estiva, bloccato poi dall&#8217;emergenza Covid-19.<\/p>\n<p>\u00abAvevo cercato l&#8217;ingresso al bando &#8211; racconta Zantomio &#8211; ma poi \u00e8 stato bloccato durante il lockdown. Sono poi stato nominato per gestire l&#8217;ostello: cercavano un gestore dato che le visite al Villoresi sono riprese e io sono quello pi\u00f9 vicino\u00bb. Zantomio ha ricevuto le chiavi dell&#8217;ostello per giovani questa mattina, <strong>marted\u00ec 14 luglio<\/strong>, mentre l&#8217;inaugurazione \u00a0&#8211; ristretta, in pieno rispetto delle norme del Dpcm &#8211; sar\u00e0 <strong>venerd\u00ec 24 luglio<\/strong>.<\/p>\n<blockquote class=\"wp-embedded-content\" data-secret=\"iHV6MiO9HZ\"><p><a href=\"https:\/\/www.varesenews.it\/2020\/02\/vuole-gestire-lostello-sul-ticino-al-panperduto\/899133\/\">Chi vuole gestire l&#8217;ostello sul Ticino al Panperduto?<\/a><\/p><\/blockquote>\n<p><iframe class=\"wp-embedded-content\" sandbox=\"allow-scripts\" security=\"restricted\" style=\"position: absolute; clip: rect(1px, 1px, 1px, 1px);\" src=\"https:\/\/www.varesenews.it\/2020\/02\/vuole-gestire-lostello-sul-ticino-al-panperduto\/899133\/embed\/#?secret=iHV6MiO9HZ\" data-secret=\"iHV6MiO9HZ\" width=\"500\" height=\"282\" title=\"&#8220;Chi vuole gestire l&#8217;ostello sul Ticino al Panperduto?&#8221; &#8212; VareseNews\" frameborder=\"0\" marginwidth=\"0\" marginheight=\"0\" scrolling=\"no\"><\/iframe><\/p>\n<p>L&#8217;ostello, per il momento, non sar\u00e0 aperto al pubblico.\u00a0\u00abNon abbiamo ancora ricevuto richieste di pernottamento e, vista la situazione di difficolt\u00e0 che stanno vivendo molti altri hotel della zona, per il momento non lo apriremo. Vedremo come si evolver\u00e0 la situazione giorno per giorno\u00bb, spiega Zantomio, \u00abl&#8217;ostello rimarr\u00e0 a disposizione ma \u00e8 gi\u00e0 uno sforzo aprire tutto in poche settimane, vista l&#8217;esigenza di aprire il bar e i servizi\u00bb.<\/p>\n<p>Per ora si punta a lavorare in sinergia tra il ristorante Canottieri e il bar e la gelatiera del Panperduto, all&#8217;insegna di una molteplice offerta di qualit\u00e0, sia per chi viene per una gita fuori porta sia per i sommesi:\u00a0\u00abPuntiamo a organizzare eventi nella nostra suggestiva location, come concerti o sfilate, nel rispetto delle norme della struttura dei Canottieri e del Parco del Ticino (quindi senza sforare oltre le 23 di sera)\u00bb.<\/p>\n<p>&nbsp;<\/p>\n<p><em>(La foto \u00e8 di Luca Sacchet)<\/em><\/p>\n","protected":false},"excerpt":{"rendered":"<p>Alberto Zantomio, che gestisce il ristorante Canottieri di fronte alla spiaggia, \u00e8 il nuovo gestore dell&#8217;ostello del Panperduto. Venerd\u00ec 24 luglio l&#8217;inaugurazione &#8220;ristretta&#8221; causa Covid-19<\/p>\n","protected":false},"author":15866,"featured_media":0,"comment_status":"open","ping_status":"open","sticky":false,"template":"","format":"standard","meta":{"footnotes":""},"categories":[3,46],"tags":[16087,107505],"acf":[],"yoast_head":"<!-- This site is optimized with the Yoast SEO plugin v20.1 - https:\/\/yoast.com\/wordpress\/plugins\/seo\/ -->\n<title>Il Panperduto di Somma Lombardo ha un nuovo gestore<\/title>\n<meta name=\"description\" content=\"Alberto Zantomio, che gestisce il ristorante Canottieri di fronte alla spiaggia, \u00e8 il nuovo gestore dell&#039;ostello del Panperduto. Venerd\u00ec 24 luglio l&#039;inaugurazione &quot;ristretta&quot; causa Covid-19\" \/>\n<meta name=\"robots\" content=\"noindex, follow, max-snippet:-1, max-image-preview:large, max-video-preview:-1\" \/>\n<meta property=\"og:locale\" content=\"it_IT\" \/>\n<meta property=\"og:type\" content=\"article\" \/>\n<meta property=\"og:title\" content=\"Il Panperduto di Somma Lombardo ha un nuovo gestore\" \/>\n<meta property=\"og:description\" content=\"Alberto Zantomio, che gestisce il ristorante Canottieri di fronte alla spiaggia, \u00e8 il nuovo gestore dell&#039;ostello del Panperduto. Venerd\u00ec 24 luglio l&#039;inaugurazione &quot;ristretta&quot; causa Covid-19\" \/>\n<meta property=\"og:url\" content=\"https:\/\/staging.varesenews.it\/2020\/07\/panperduto-somma-lombardo-un-gestore\/946084\/\" \/>\n<meta property=\"og:site_name\" content=\"VareseNews\" \/>\n<meta property=\"article:publisher\" content=\"https:\/\/www.facebook.com\/varesenews\" \/>\n<meta property=\"article:published_time\" content=\"2020-07-14T16:15:34+00:00\" \/>\n<meta name=\"author\" content=\"Nicole Erbetti\" \/>\n<meta name=\"twitter:card\" content=\"summary_large_image\" \/>\n<meta name=\"twitter:creator\" content=\"@varesenews\" \/>\n<meta name=\"twitter:site\" content=\"@varesenews\" \/>\n<meta name=\"twitter:label1\" content=\"Scritto da\" \/>\n\t<meta name=\"twitter:data1\" content=\"Nicole Erbetti\" \/>\n\t<meta name=\"twitter:label2\" content=\"Tempo di lettura stimato\" \/>\n\t<meta name=\"twitter:data2\" content=\"1 minuto\" \/>\n<script type=\"application\/ld+json\" class=\"yoast-schema-graph\">{\"@context\":\"https:\/\/schema.org\",\"@graph\":[{\"@type\":\"WebPage\",\"@id\":\"https:\/\/staging.varesenews.it\/2020\/07\/panperduto-somma-lombardo-un-gestore\/946084\/\",\"url\":\"https:\/\/staging.varesenews.it\/2020\/07\/panperduto-somma-lombardo-un-gestore\/946084\/\",\"name\":\"Il Panperduto di Somma Lombardo ha un nuovo gestore\",\"isPartOf\":{\"@id\":\"https:\/\/staging.varesenews.it\/#website\"},\"datePublished\":\"2020-07-14T16:15:34+00:00\",\"dateModified\":\"2020-07-14T16:15:34+00:00\",\"author\":{\"@id\":\"https:\/\/staging.varesenews.it\/#\/schema\/person\/8b180378471627e56865b54b75644650\"},\"description\":\"Alberto Zantomio, che gestisce il ristorante Canottieri di fronte alla spiaggia, \u00e8 il nuovo gestore dell'ostello del Panperduto. Venerd\u00ec 24 luglio l'inaugurazione \\\"ristretta\\\" causa Covid-19\",\"breadcrumb\":{\"@id\":\"https:\/\/staging.varesenews.it\/2020\/07\/panperduto-somma-lombardo-un-gestore\/946084\/#breadcrumb\"},\"inLanguage\":\"it-IT\",\"potentialAction\":[{\"@type\":\"ReadAction\",\"target\":[\"https:\/\/staging.varesenews.it\/2020\/07\/panperduto-somma-lombardo-un-gestore\/946084\/\"]}]},{\"@type\":\"BreadcrumbList\",\"@id\":\"https:\/\/staging.varesenews.it\/2020\/07\/panperduto-somma-lombardo-un-gestore\/946084\/#breadcrumb\",\"itemListElement\":[{\"@type\":\"ListItem\",\"position\":1,\"name\":\"Home\",\"item\":\"https:\/\/www.varesenews.it\/\"},{\"@type\":\"ListItem\",\"position\":2,\"name\":\"Il Panperduto di Somma Lombardo ha un nuovo gestore\"}]},{\"@type\":\"WebSite\",\"@id\":\"https:\/\/staging.varesenews.it\/#website\",\"url\":\"https:\/\/staging.varesenews.it\/\",\"name\":\"VareseNews\",\"description\":\"\",\"potentialAction\":[{\"@type\":\"SearchAction\",\"target\":{\"@type\":\"EntryPoint\",\"urlTemplate\":\"https:\/\/staging.varesenews.it\/?s={search_term_string}\"},\"query-input\":\"required name=search_term_string\"}],\"inLanguage\":\"it-IT\"},{\"@type\":\"Person\",\"@id\":\"https:\/\/staging.varesenews.it\/#\/schema\/person\/8b180378471627e56865b54b75644650\",\"name\":\"Nicole Erbetti\",\"image\":{\"@type\":\"ImageObject\",\"inLanguage\":\"it-IT\",\"@id\":\"https:\/\/staging.varesenews.it\/#\/schema\/person\/image\/\",\"url\":\"https:\/\/staging.varesenews.it\/wp-content\/uploads\/2020\/12\/nicole_erbetti_colori_500.jpg\",\"contentUrl\":\"https:\/\/staging.varesenews.it\/wp-content\/uploads\/2020\/12\/nicole_erbetti_colori_500.jpg\",\"caption\":\"Nicole Erbetti\"},\"description\":\"Classe 1995 e una laurea in Lettere. \u201cNata\u201d a VareseNews nel 2019 e co-responsabile di MalpensaNews. Mi occupo di cronaca politica e di storie in quella biosfera a met\u00e0 tra la vecchia anima provinciale e la Milano metropolitana che \u00e8 il gallaratese: insomma, \u00e8 un po\u2019 in bilico come me. Quando non scrivo leggo, recito, contemplo il Lago Maggiore o scappo in un paesaggio alpino.\u00a0\",\"url\":\"https:\/\/staging.varesenews.it\/persona\/nicole-erbetti\/\"}]}<\/script>\n<!-- \/ Yoast SEO plugin. -->","yoast_head_json":{"title":"Il Panperduto di Somma Lombardo ha un nuovo gestore","description":"Alberto Zantomio, che gestisce il ristorante Canottieri di fronte alla spiaggia, \u00e8 il nuovo gestore dell'ostello del Panperduto. Venerd\u00ec 24 luglio l'inaugurazione \"ristretta\" causa Covid-19","robots":{"index":"noindex","follow":"follow","max-snippet":"max-snippet:-1","max-image-preview":"max-image-preview:large","max-video-preview":"max-video-preview:-1"},"og_locale":"it_IT","og_type":"article","og_title":"Il Panperduto di Somma Lombardo ha un nuovo gestore","og_description":"Alberto Zantomio, che gestisce il ristorante Canottieri di fronte alla spiaggia, \u00e8 il nuovo gestore dell'ostello del Panperduto. Venerd\u00ec 24 luglio l'inaugurazione \"ristretta\" causa Covid-19","og_url":"https:\/\/staging.varesenews.it\/2020\/07\/panperduto-somma-lombardo-un-gestore\/946084\/","og_site_name":"VareseNews","article_publisher":"https:\/\/www.facebook.com\/varesenews","article_published_time":"2020-07-14T16:15:34+00:00","author":"Nicole Erbetti","twitter_card":"summary_large_image","twitter_creator":"@varesenews","twitter_site":"@varesenews","twitter_misc":{"Scritto da":"Nicole Erbetti","Tempo di lettura stimato":"1 minuto"},"schema":{"@context":"https:\/\/schema.org","@graph":[{"@type":"WebPage","@id":"https:\/\/staging.varesenews.it\/2020\/07\/panperduto-somma-lombardo-un-gestore\/946084\/","url":"https:\/\/staging.varesenews.it\/2020\/07\/panperduto-somma-lombardo-un-gestore\/946084\/","name":"Il Panperduto di Somma Lombardo ha un nuovo gestore","isPartOf":{"@id":"https:\/\/staging.varesenews.it\/#website"},"datePublished":"2020-07-14T16:15:34+00:00","dateModified":"2020-07-14T16:15:34+00:00","author":{"@id":"https:\/\/staging.varesenews.it\/#\/schema\/person\/8b180378471627e56865b54b75644650"},"description":"Alberto Zantomio, che gestisce il ristorante Canottieri di fronte alla spiaggia, \u00e8 il nuovo gestore dell'ostello del Panperduto. Venerd\u00ec 24 luglio l'inaugurazione \"ristretta\" causa Covid-19","breadcrumb":{"@id":"https:\/\/staging.varesenews.it\/2020\/07\/panperduto-somma-lombardo-un-gestore\/946084\/#breadcrumb"},"inLanguage":"it-IT","potentialAction":[{"@type":"ReadAction","target":["https:\/\/staging.varesenews.it\/2020\/07\/panperduto-somma-lombardo-un-gestore\/946084\/"]}]},{"@type":"BreadcrumbList","@id":"https:\/\/staging.varesenews.it\/2020\/07\/panperduto-somma-lombardo-un-gestore\/946084\/#breadcrumb","itemListElement":[{"@type":"ListItem","position":1,"name":"Home","item":"https:\/\/www.varesenews.it\/"},{"@type":"ListItem","position":2,"name":"Il Panperduto di Somma Lombardo ha un nuovo gestore"}]},{"@type":"WebSite","@id":"https:\/\/staging.varesenews.it\/#website","url":"https:\/\/staging.varesenews.it\/","name":"VareseNews","description":"","potentialAction":[{"@type":"SearchAction","target":{"@type":"EntryPoint","urlTemplate":"https:\/\/staging.varesenews.it\/?s={search_term_string}"},"query-input":"required name=search_term_string"}],"inLanguage":"it-IT"},{"@type":"Person","@id":"https:\/\/staging.varesenews.it\/#\/schema\/person\/8b180378471627e56865b54b75644650","name":"Nicole Erbetti","image":{"@type":"ImageObject","inLanguage":"it-IT","@id":"https:\/\/staging.varesenews.it\/#\/schema\/person\/image\/","url":"https:\/\/staging.varesenews.it\/wp-content\/uploads\/2020\/12\/nicole_erbetti_colori_500.jpg","contentUrl":"https:\/\/staging.varesenews.it\/wp-content\/uploads\/2020\/12\/nicole_erbetti_colori_500.jpg","caption":"Nicole Erbetti"},"description":"Classe 1995 e una laurea in Lettere. \u201cNata\u201d a VareseNews nel 2019 e co-responsabile di MalpensaNews. Mi occupo di cronaca politica e di storie in quella biosfera a met\u00e0 tra la vecchia anima provinciale e la Milano metropolitana che \u00e8 il gallaratese: insomma, \u00e8 un po\u2019 in bilico come me. Quando non scrivo leggo, recito, contemplo il Lago Maggiore o scappo in un paesaggio alpino.\u00a0","url":"https:\/\/staging.varesenews.it\/persona\/nicole-erbetti\/"}]}},"post_meta":{"_edit_lock":"1594743412:15866","_edit_last":"15866","_category_permalink":"a:1:{s:8:\"category\";s:0:\"\";}","foto":"778853","argomento":"Somma Lombardo","_yoast_wpseo_content_score":"30","_jd_tweet_this":"yes","_oembed_1924fb7b9954d1fdb31ab8216f74af38":"<blockquote class=\"wp-embedded-content\" data-secret=\"iHV6MiO9HZ\"><a href=\"https:\/\/www.varesenews.it\/2020\/02\/vuole-gestire-lostello-sul-ticino-al-panperduto\/899133\/\">Chi vuole gestire l&#8217;ostello sul Ticino al Panperduto?<\/a><\/blockquote><iframe class=\"wp-embedded-content\" sandbox=\"allow-scripts\" security=\"restricted\" style=\"position: absolute; clip: rect(1px, 1px, 1px, 1px);\" src=\"https:\/\/www.varesenews.it\/2020\/02\/vuole-gestire-lostello-sul-ticino-al-panperduto\/899133\/embed\/#?secret=iHV6MiO9HZ\" data-secret=\"iHV6MiO9HZ\" width=\"500\" height=\"282\" title=\"&#8220;Chi vuole gestire l&#8217;ostello sul Ticino al Panperduto?&#8221; &#8212; VareseNews\" frameborder=\"0\" marginwidth=\"0\" marginheight=\"0\" scrolling=\"no\"><\/iframe>","_oembed_time_1924fb7b9954d1fdb31ab8216f74af38":"1594742816","_encloseme":"1","ratings_users":"0","ratings_score":"0","ratings_average":"0","_wpt_short_url":"https:\/\/www.varesenews.it\/2020\/07\/panperduto-somma-lombardo-un-gestore\/946084\/","_wp_jd_target":"https:\/\/www.varesenews.it\/2020\/07\/panperduto-somma-lombardo-un-gestore\/946084\/","_jd_wp_twitter":"a:1:{i:0;s:147:\"Il Panperduto di Somma Lombardo ha un nuovo gestore https:\/\/www.varesenews.it\/2020\/07\/panperduto-somma-lombardo-un-gestore\/946084\/ #canalevilloresi\";}","_wpt_status_message":"Tweet inviato con successo."},"photos":[{"original":"https:\/\/staging.varesenews.it\/photogallery_new\/images\/2020\/01\/panperduto-foto-di-luca-sacchet-778853.jpg","full":"https:\/\/staging.varesenews.it\/photogallery_new\/images\/2020\/01\/panperduto-foto-di-luca-sacchet-778853.1024x768.jpg","large":"https:\/\/staging.varesenews.it\/photogallery_new\/images\/2020\/01\/panperduto-foto-di-luca-sacchet-778853.610x431.jpg"}],"_links":{"self":[{"href":"https:\/\/staging.varesenews.it\/swgapi\/v1\/wp\/v2\/posts\/946084"}],"collection":[{"href":"https:\/\/staging.varesenews.it\/swgapi\/v1\/wp\/v2\/posts"}],"about":[{"href":"https:\/\/staging.varesenews.it\/swgapi\/v1\/wp\/v2\/types\/post"}],"author":[{"embeddable":true,"href":"https:\/\/staging.varesenews.it\/swgapi\/v1\/wp\/v2\/users\/15866"}],"replies":[{"embeddable":true,"href":"https:\/\/staging.varesenews.it\/swgapi\/v1\/wp\/v2\/comments?post=946084"}],"version-history":[{"count":0,"href":"https:\/\/staging.varesenews.it\/swgapi\/v1\/wp\/v2\/posts\/946084\/revisions"}],"wp:attachment":[{"href":"https:\/\/staging.varesenews.it\/swgapi\/v1\/wp\/v2\/media?parent=946084"}],"wp:term":[{"taxonomy":"category","embeddable":true,"href":"https:\/\/staging.varesenews.it\/swgapi\/v1\/wp\/v2\/categories?post=946084"},{"taxonomy":"post_tag","embeddable":true,"href":"https:\/\/staging.varesenews.it\/swgapi\/v1\/wp\/v2\/tags?post=946084"}],"curies":[{"name":"wp","href":"https:\/\/api.w.org\/{rel}","templated":true}]}}