{"id":94702,"date":"2012-03-07T00:00:00","date_gmt":"2012-03-07T00:00:00","guid":{"rendered":""},"modified":"2012-03-07T00:00:00","modified_gmt":"2012-03-07T00:00:00","slug":"fine-settimana-al-santuccio-tra-musica-e-teatro","status":"publish","type":"post","link":"https:\/\/staging.varesenews.it\/2012\/03\/fine-settimana-al-santuccio-tra-musica-e-teatro\/94702\/","title":{"rendered":"Fine settimana al Santuccio, tra musica e teatro"},"content":{"rendered":"<p><img loading=\"lazy\" decoding=\"async\" width=\"320\" height=\"159\" vspace=\"5\" hspace=\"5\" border=\"1\" align=\"left\" alt=\"\" src=\"https:\/\/www3.varesenews.it\/immagini_articoli\/201202\/vivi_per_amore.jpg\" \/>Un fine settimana ricco di iniziative al Teatrino di Via Sacco.&nbsp;Gioved&igrave; 8 marzo alle ore 21.00, la seconda replica di &ldquo;<a target=\"_blank\" href=\"http:\/\/www3.varesenews.it\/varese\/articolo.php?id=227151\">Vi.vi per amore: 7 i vizi per distruggerlo, 7 le virt&ugrave; per ricrearlo&rdquo;<\/a>. Pi&ugrave; di uno spettacolo teatrale, un vero e proprio progetto culturale, artistico ed educativo, proposto dall&rsquo;Associazione &ldquo;La Via di Casa&rdquo;, in collaborazione con il Centro Gulliver di Varese. Il costo dello spettacolo sar&agrave; di &euro;15,00. Ma, dal momento che l&rsquo;8 marzo &egrave; anche la festa di tutte le donne, per ogni 3 donne che si presenteranno insieme una entrer&agrave; gratuitamente.<\/p>\n<p><strong>Venerd&igrave; 9 marzo, <\/strong>sempre alle ore 21, sar&agrave; la volta di<strong> &ldquo;A piano jazz night&rdquo; <\/strong>con il duo pianistico jazz Paolo Alderighi e Stephanie Trick. Un omaggio agli stili tradizionali del pianoforte jazz (ragtime, boogie woogie, stride, swing) da parte di due giovani, eccellenti interpreti, che ne hanno portato l&#8217;espressione ai massimi livelli. La serata &egrave; stata organizzata in collaborazione con Solevoci e Toro Assicurazioni con la Direzione Artistica di Aldo Cappellani. Ingresso libero<br \/>\n<strong>Domenica 11 marzo,<\/strong> alle ore 21, lo spettacolo teatrale <strong>&ldquo;Donne di sempre&rdquo; <\/strong>aprir&agrave; la Rassegna &ldquo;Teatro in Famiglia&rdquo;, con la Piccola Compagnia Instabile, sotto la direzione artistica di Luisa Oneto, responsabile artistica della Bottega d&rsquo;Arte Drammatica &ldquo;Splendor del Vero&rdquo;. Uno spettacolo che andr&agrave; a parlare delle donne di sempre, dalla Magna Grecia ad oggi, tempi lontani, tempi diversi, eppure cos&igrave; simili. Elena, Ecuba, Clitemnestra&hellip; le donne dell&rsquo;antica Grecia si confessano, raccontano la loro vita, le loro passioni, e i loro dolori. Sapienti, spiritose, ferite, forti: le donne del mondo greco hanno il coraggio degli eroi e la bellezza fiera delle dee. Sono le protagoniste della tragedia, della commedia, prese in prestito e lasciate libere di parlare, perch&eacute; hanno sempre una storia nuova da raccontare, oltre a quella che conosciamo gi&agrave;.&nbsp;Per maggiori informazioni sui prossimi appuntamenti, consultare il sito www.teatrosantuccio.it.&nbsp;<\/p>\n","protected":false},"excerpt":{"rendered":"<p>Si parte gioved\u00ec 8 marzo con lo spettacolo &#8220;Vivi per amore&#8221;. Venerd\u00ec musica jazz mentre domenica si terr\u00e0 la rappresentazione &#8220;Donne di sempre&#8221;<\/p>\n","protected":false},"author":10,"featured_media":0,"comment_status":"open","ping_status":"open","sticky":false,"template":"","format":"standard","meta":{"footnotes":""},"categories":[21,2],"tags":[2561,18663,314],"acf":[],"yoast_head":"<!-- This site is optimized with the Yoast SEO plugin v20.1 - https:\/\/yoast.com\/wordpress\/plugins\/seo\/ -->\n<title>Fine settimana al Santuccio, tra musica e teatro<\/title>\n<meta name=\"description\" content=\"Si parte gioved\u00ec 8 marzo con lo spettacolo &quot;Vivi per amore&quot;. Venerd\u00ec musica jazz mentre domenica si terr\u00e0 la rappresentazione &quot;Donne di sempre&quot;\" \/>\n<meta name=\"robots\" content=\"noindex, follow, max-snippet:-1, max-image-preview:large, max-video-preview:-1\" \/>\n<meta property=\"og:locale\" content=\"it_IT\" \/>\n<meta property=\"og:type\" content=\"article\" \/>\n<meta property=\"og:title\" content=\"Fine settimana al Santuccio, tra musica e teatro\" \/>\n<meta property=\"og:description\" content=\"Si parte gioved\u00ec 8 marzo con lo spettacolo &quot;Vivi per amore&quot;. Venerd\u00ec musica jazz mentre domenica si terr\u00e0 la rappresentazione &quot;Donne di sempre&quot;\" \/>\n<meta property=\"og:url\" content=\"https:\/\/staging.varesenews.it\/2012\/03\/fine-settimana-al-santuccio-tra-musica-e-teatro\/94702\/\" \/>\n<meta property=\"og:site_name\" content=\"VareseNews\" \/>\n<meta property=\"article:publisher\" content=\"https:\/\/www.facebook.com\/varesenews\" \/>\n<meta property=\"article:published_time\" content=\"2012-03-07T00:00:00+00:00\" \/>\n<meta property=\"og:image\" content=\"https:\/\/www3.varesenews.it\/immagini_articoli\/201202\/vivi_per_amore.jpg\" \/>\n<meta name=\"author\" content=\"Redazione VareseNews\" \/>\n<meta name=\"twitter:card\" content=\"summary_large_image\" \/>\n<meta name=\"twitter:creator\" content=\"@varesenews\" \/>\n<meta name=\"twitter:site\" content=\"@varesenews\" \/>\n<meta name=\"twitter:label1\" content=\"Scritto da\" \/>\n\t<meta name=\"twitter:data1\" content=\"Redazione VareseNews\" \/>\n\t<meta name=\"twitter:label2\" content=\"Tempo di lettura stimato\" \/>\n\t<meta name=\"twitter:data2\" content=\"2 minuti\" \/>\n<script type=\"application\/ld+json\" class=\"yoast-schema-graph\">{\"@context\":\"https:\/\/schema.org\",\"@graph\":[{\"@type\":\"WebPage\",\"@id\":\"https:\/\/staging.varesenews.it\/2012\/03\/fine-settimana-al-santuccio-tra-musica-e-teatro\/94702\/\",\"url\":\"https:\/\/staging.varesenews.it\/2012\/03\/fine-settimana-al-santuccio-tra-musica-e-teatro\/94702\/\",\"name\":\"Fine settimana al Santuccio, tra musica e teatro\",\"isPartOf\":{\"@id\":\"https:\/\/staging.varesenews.it\/#website\"},\"datePublished\":\"2012-03-07T00:00:00+00:00\",\"dateModified\":\"2012-03-07T00:00:00+00:00\",\"author\":{\"@id\":\"https:\/\/staging.varesenews.it\/#\/schema\/person\/fb20c4da0b7b16c291707a20db73e169\"},\"description\":\"Si parte gioved\u00ec 8 marzo con lo spettacolo \\\"Vivi per amore\\\". Venerd\u00ec musica jazz mentre domenica si terr\u00e0 la rappresentazione \\\"Donne di sempre\\\"\",\"breadcrumb\":{\"@id\":\"https:\/\/staging.varesenews.it\/2012\/03\/fine-settimana-al-santuccio-tra-musica-e-teatro\/94702\/#breadcrumb\"},\"inLanguage\":\"it-IT\",\"potentialAction\":[{\"@type\":\"ReadAction\",\"target\":[\"https:\/\/staging.varesenews.it\/2012\/03\/fine-settimana-al-santuccio-tra-musica-e-teatro\/94702\/\"]}]},{\"@type\":\"BreadcrumbList\",\"@id\":\"https:\/\/staging.varesenews.it\/2012\/03\/fine-settimana-al-santuccio-tra-musica-e-teatro\/94702\/#breadcrumb\",\"itemListElement\":[{\"@type\":\"ListItem\",\"position\":1,\"name\":\"Home\",\"item\":\"https:\/\/www.varesenews.it\/\"},{\"@type\":\"ListItem\",\"position\":2,\"name\":\"Fine settimana al Santuccio, tra musica e teatro\"}]},{\"@type\":\"WebSite\",\"@id\":\"https:\/\/staging.varesenews.it\/#website\",\"url\":\"https:\/\/staging.varesenews.it\/\",\"name\":\"VareseNews\",\"description\":\"\",\"potentialAction\":[{\"@type\":\"SearchAction\",\"target\":{\"@type\":\"EntryPoint\",\"urlTemplate\":\"https:\/\/staging.varesenews.it\/?s={search_term_string}\"},\"query-input\":\"required name=search_term_string\"}],\"inLanguage\":\"it-IT\"},{\"@type\":\"Person\",\"@id\":\"https:\/\/staging.varesenews.it\/#\/schema\/person\/fb20c4da0b7b16c291707a20db73e169\",\"name\":\"Redazione VareseNews\",\"image\":{\"@type\":\"ImageObject\",\"inLanguage\":\"it-IT\",\"@id\":\"https:\/\/staging.varesenews.it\/#\/schema\/person\/image\/\",\"url\":\"https:\/\/staging.varesenews.it\/wp-content\/uploads\/2020\/12\/logo_VN_colori_500.png\",\"contentUrl\":\"https:\/\/staging.varesenews.it\/wp-content\/uploads\/2020\/12\/logo_VN_colori_500.png\",\"caption\":\"Redazione VareseNews\"},\"url\":\"https:\/\/staging.varesenews.it\/persona\/redazione1\/\"}]}<\/script>\n<!-- \/ Yoast SEO plugin. -->","yoast_head_json":{"title":"Fine settimana al Santuccio, tra musica e teatro","description":"Si parte gioved\u00ec 8 marzo con lo spettacolo \"Vivi per amore\". Venerd\u00ec musica jazz mentre domenica si terr\u00e0 la rappresentazione \"Donne di sempre\"","robots":{"index":"noindex","follow":"follow","max-snippet":"max-snippet:-1","max-image-preview":"max-image-preview:large","max-video-preview":"max-video-preview:-1"},"og_locale":"it_IT","og_type":"article","og_title":"Fine settimana al Santuccio, tra musica e teatro","og_description":"Si parte gioved\u00ec 8 marzo con lo spettacolo \"Vivi per amore\". Venerd\u00ec musica jazz mentre domenica si terr\u00e0 la rappresentazione \"Donne di sempre\"","og_url":"https:\/\/staging.varesenews.it\/2012\/03\/fine-settimana-al-santuccio-tra-musica-e-teatro\/94702\/","og_site_name":"VareseNews","article_publisher":"https:\/\/www.facebook.com\/varesenews","article_published_time":"2012-03-07T00:00:00+00:00","og_image":[{"url":"https:\/\/www3.varesenews.it\/immagini_articoli\/201202\/vivi_per_amore.jpg"}],"author":"Redazione VareseNews","twitter_card":"summary_large_image","twitter_creator":"@varesenews","twitter_site":"@varesenews","twitter_misc":{"Scritto da":"Redazione VareseNews","Tempo di lettura stimato":"2 minuti"},"schema":{"@context":"https:\/\/schema.org","@graph":[{"@type":"WebPage","@id":"https:\/\/staging.varesenews.it\/2012\/03\/fine-settimana-al-santuccio-tra-musica-e-teatro\/94702\/","url":"https:\/\/staging.varesenews.it\/2012\/03\/fine-settimana-al-santuccio-tra-musica-e-teatro\/94702\/","name":"Fine settimana al Santuccio, tra musica e teatro","isPartOf":{"@id":"https:\/\/staging.varesenews.it\/#website"},"datePublished":"2012-03-07T00:00:00+00:00","dateModified":"2012-03-07T00:00:00+00:00","author":{"@id":"https:\/\/staging.varesenews.it\/#\/schema\/person\/fb20c4da0b7b16c291707a20db73e169"},"description":"Si parte gioved\u00ec 8 marzo con lo spettacolo \"Vivi per amore\". Venerd\u00ec musica jazz mentre domenica si terr\u00e0 la rappresentazione \"Donne di sempre\"","breadcrumb":{"@id":"https:\/\/staging.varesenews.it\/2012\/03\/fine-settimana-al-santuccio-tra-musica-e-teatro\/94702\/#breadcrumb"},"inLanguage":"it-IT","potentialAction":[{"@type":"ReadAction","target":["https:\/\/staging.varesenews.it\/2012\/03\/fine-settimana-al-santuccio-tra-musica-e-teatro\/94702\/"]}]},{"@type":"BreadcrumbList","@id":"https:\/\/staging.varesenews.it\/2012\/03\/fine-settimana-al-santuccio-tra-musica-e-teatro\/94702\/#breadcrumb","itemListElement":[{"@type":"ListItem","position":1,"name":"Home","item":"https:\/\/www.varesenews.it\/"},{"@type":"ListItem","position":2,"name":"Fine settimana al Santuccio, tra musica e teatro"}]},{"@type":"WebSite","@id":"https:\/\/staging.varesenews.it\/#website","url":"https:\/\/staging.varesenews.it\/","name":"VareseNews","description":"","potentialAction":[{"@type":"SearchAction","target":{"@type":"EntryPoint","urlTemplate":"https:\/\/staging.varesenews.it\/?s={search_term_string}"},"query-input":"required name=search_term_string"}],"inLanguage":"it-IT"},{"@type":"Person","@id":"https:\/\/staging.varesenews.it\/#\/schema\/person\/fb20c4da0b7b16c291707a20db73e169","name":"Redazione VareseNews","image":{"@type":"ImageObject","inLanguage":"it-IT","@id":"https:\/\/staging.varesenews.it\/#\/schema\/person\/image\/","url":"https:\/\/staging.varesenews.it\/wp-content\/uploads\/2020\/12\/logo_VN_colori_500.png","contentUrl":"https:\/\/staging.varesenews.it\/wp-content\/uploads\/2020\/12\/logo_VN_colori_500.png","caption":"Redazione VareseNews"},"url":"https:\/\/staging.varesenews.it\/persona\/redazione1\/"}]}},"post_meta":{"id_old":"227802","argomento":"Varese"},"photos":[],"_links":{"self":[{"href":"https:\/\/staging.varesenews.it\/swgapi\/v1\/wp\/v2\/posts\/94702"}],"collection":[{"href":"https:\/\/staging.varesenews.it\/swgapi\/v1\/wp\/v2\/posts"}],"about":[{"href":"https:\/\/staging.varesenews.it\/swgapi\/v1\/wp\/v2\/types\/post"}],"author":[{"embeddable":true,"href":"https:\/\/staging.varesenews.it\/swgapi\/v1\/wp\/v2\/users\/10"}],"replies":[{"embeddable":true,"href":"https:\/\/staging.varesenews.it\/swgapi\/v1\/wp\/v2\/comments?post=94702"}],"version-history":[{"count":0,"href":"https:\/\/staging.varesenews.it\/swgapi\/v1\/wp\/v2\/posts\/94702\/revisions"}],"wp:attachment":[{"href":"https:\/\/staging.varesenews.it\/swgapi\/v1\/wp\/v2\/media?parent=94702"}],"wp:term":[{"taxonomy":"category","embeddable":true,"href":"https:\/\/staging.varesenews.it\/swgapi\/v1\/wp\/v2\/categories?post=94702"},{"taxonomy":"post_tag","embeddable":true,"href":"https:\/\/staging.varesenews.it\/swgapi\/v1\/wp\/v2\/tags?post=94702"}],"curies":[{"name":"wp","href":"https:\/\/api.w.org\/{rel}","templated":true}]}}