{"id":947237,"date":"2020-07-19T10:21:11","date_gmt":"2020-07-19T08:21:11","guid":{"rendered":"https:\/\/www.varesenews.it\/?p=947237"},"modified":"2020-07-19T11:00:51","modified_gmt":"2020-07-19T09:00:51","slug":"la-prima-stella","status":"publish","type":"post","link":"https:\/\/staging.varesenews.it\/2020\/07\/la-prima-stella\/947237\/","title":{"rendered":"La prima stella"},"content":{"rendered":"<p><em>Il <strong><a href=\"https:\/\/www.varesenews.it\/tag\/il-racconto-della-domenica\/\">racconto della domenica<\/a><\/strong>\u00a0\u00a0\u00e8 a cura della scuola di scrittura\u00a0creativa Edizioni del Cavedio coordinata da Fiorenzo Croci.<\/em><br \/>\n___________________________________________<\/p>\n<p>Quel sabato nella via c\u2019era la solita marmaglia di turisti affamata di souvenir. Victor tir\u00f2 su la saracinesca della bottega di antiquariato in Portobello Road. Da quando la moglie Elisabeth lo aveva lasciato, ogni azione era pi\u00f9 pesante: aprire il negozio, portare fuori gli scaffali e riporvi la mercanzia. Aveva sempre dubbi sugli abbinamenti, \u201cCose da donne \u201c bofonchiava sotto la barba incolta. Lei non avrebbe sopportato quel look trasandato, ma ormai non c\u2019era pi\u00f9 e anche l\u2019uomo ben rasato e curato se n\u2019era andato con lei. Era tornato quello burbero e selvatico, quello che si metteva i vestiti del giorno prima. Aveva anche ripreso a fumare, perfino di notte, ogni volta che il pensiero di lei lo teneva sveglio.<br \/>\nUna parvenza di dignit\u00e0 l\u2019aveva mantenuta, per Bess, sua figlia. Il musetto roseo illuminato dai dentini da latte aguzzi spunt\u00f2 dall\u2019uscio a cercarlo.<br \/>\n\u201cCiao pap\u00e0!\u201d la sua voce cristallina lo fece trasalire, mentre disponeva la targa vintage dei sigari cubani di fianco a quella del rum Havana Club. \u201cCiao Bessy, cosa ci fai qui? Non dovevi fare i compiti?\u201d, la rimprover\u00f2, \u201cs\u00ec, ma mi annoiavo, ti aiuto?\u201d, sugger\u00ec lei, \u201cnon \u00e8 necessario, vieni gi\u00f9 dopo, chiudo il negozio e ti porto in un posto speciale, ok?\u201d Victor sfoggi\u00f2 il suo sorriso migliore, e le dette un buffetto sulla testa ricciuta. Bess spar\u00ec mogia nel locale, e lui appese un modellino di Fairey Swordfish, vicino al triplano del Barone Rosso.<br \/>\nArrivavano i primi clienti. Lui si fingeva impegnato, ma appena perdevano interesse, si fiondava da loro per illustrare gli ultimi arrivi e le offerte del giorno. Era tardi, e di Bess nemmeno l\u2019ombra. Gir\u00f2 il cartello sulla la scritta \u201cClosed\u201d. Si diresse verso la porta dietro al bancone, e imbocc\u00f2 le scale che portavano al loro appartamento.<br \/>\nLa bambina era ferma alla finestra, gli occhi puntati al cielo che imbruniva. Aspettava la prima stella, quella della mamma, come lui le aveva raccontato tante volte. \u201cEccola \u00e8 lei, pap\u00e0, ci sta guardando!\u201d Victor la strinse dolcemente tra le braccia e le sussurr\u00f2: \u201cStasera andiamo sul London Eye (1) , cos\u00ec quando saremo in cima ci sembrer\u00e0 di essere l\u00ec con lei e potremo quasi toccarla con un dito\u201d.<\/p>\n<p>(1)<em>\u00a0ruota panoramica di Londra situata sulla riva sud del Tamig<\/em>i<\/p>\n<p><strong>Racconto di Olga Riva Rovaglio, illustrazione di Silvia Gabardi<\/strong><\/p>\n<p><a href=\"https:\/\/www.varesenews.it\/tag\/il-racconto-della-domenica\/\"><strong>TUTTI I RACCONTI DELLA DOMENICA<\/strong><\/a><\/p>\n","protected":false},"excerpt":{"rendered":"<p>di Olga Riva Rovaglio<\/p>\n","protected":false},"author":45,"featured_media":0,"comment_status":"open","ping_status":"open","sticky":false,"template":"","format":"standard","meta":{"footnotes":""},"categories":[18,2],"tags":[794,2678,102400,767],"acf":[],"yoast_head":"<!-- This site is optimized with the Yoast SEO plugin v20.1 - https:\/\/yoast.com\/wordpress\/plugins\/seo\/ -->\n<title>La prima stella<\/title>\n<meta name=\"description\" content=\"di Olga Riva Rovaglio\" \/>\n<meta name=\"robots\" content=\"noindex, follow, max-snippet:-1, max-image-preview:large, max-video-preview:-1\" \/>\n<meta property=\"og:locale\" content=\"it_IT\" \/>\n<meta property=\"og:type\" content=\"article\" \/>\n<meta property=\"og:title\" content=\"La prima stella\" \/>\n<meta property=\"og:description\" content=\"di Olga Riva Rovaglio\" \/>\n<meta property=\"og:url\" content=\"https:\/\/staging.varesenews.it\/2020\/07\/la-prima-stella\/947237\/\" \/>\n<meta property=\"og:site_name\" content=\"VareseNews\" \/>\n<meta property=\"article:publisher\" content=\"https:\/\/www.facebook.com\/varesenews\" \/>\n<meta property=\"article:author\" content=\"https:\/\/www.facebook.com\/michele.mancino.5\" \/>\n<meta property=\"article:published_time\" content=\"2020-07-19T08:21:11+00:00\" \/>\n<meta property=\"article:modified_time\" content=\"2020-07-19T09:00:51+00:00\" \/>\n<meta name=\"author\" content=\"Michele Mancino\" \/>\n<meta name=\"twitter:card\" content=\"summary_large_image\" \/>\n<meta name=\"twitter:creator\" content=\"@micmancio\" \/>\n<meta name=\"twitter:site\" content=\"@varesenews\" \/>\n<meta name=\"twitter:label1\" content=\"Scritto da\" \/>\n\t<meta name=\"twitter:data1\" content=\"Michele Mancino\" \/>\n\t<meta name=\"twitter:label2\" content=\"Tempo di lettura stimato\" \/>\n\t<meta name=\"twitter:data2\" content=\"2 minuti\" \/>\n<script type=\"application\/ld+json\" class=\"yoast-schema-graph\">{\"@context\":\"https:\/\/schema.org\",\"@graph\":[{\"@type\":\"WebPage\",\"@id\":\"https:\/\/staging.varesenews.it\/2020\/07\/la-prima-stella\/947237\/\",\"url\":\"https:\/\/staging.varesenews.it\/2020\/07\/la-prima-stella\/947237\/\",\"name\":\"La prima stella\",\"isPartOf\":{\"@id\":\"https:\/\/staging.varesenews.it\/#website\"},\"datePublished\":\"2020-07-19T08:21:11+00:00\",\"dateModified\":\"2020-07-19T09:00:51+00:00\",\"author\":{\"@id\":\"https:\/\/staging.varesenews.it\/#\/schema\/person\/308b491d3cb680ead199e5ff6c6ce540\"},\"description\":\"di Olga Riva Rovaglio\",\"breadcrumb\":{\"@id\":\"https:\/\/staging.varesenews.it\/2020\/07\/la-prima-stella\/947237\/#breadcrumb\"},\"inLanguage\":\"it-IT\",\"potentialAction\":[{\"@type\":\"ReadAction\",\"target\":[\"https:\/\/staging.varesenews.it\/2020\/07\/la-prima-stella\/947237\/\"]}]},{\"@type\":\"BreadcrumbList\",\"@id\":\"https:\/\/staging.varesenews.it\/2020\/07\/la-prima-stella\/947237\/#breadcrumb\",\"itemListElement\":[{\"@type\":\"ListItem\",\"position\":1,\"name\":\"Home\",\"item\":\"https:\/\/www.varesenews.it\/\"},{\"@type\":\"ListItem\",\"position\":2,\"name\":\"La prima stella\"}]},{\"@type\":\"WebSite\",\"@id\":\"https:\/\/staging.varesenews.it\/#website\",\"url\":\"https:\/\/staging.varesenews.it\/\",\"name\":\"VareseNews\",\"description\":\"\",\"potentialAction\":[{\"@type\":\"SearchAction\",\"target\":{\"@type\":\"EntryPoint\",\"urlTemplate\":\"https:\/\/staging.varesenews.it\/?s={search_term_string}\"},\"query-input\":\"required name=search_term_string\"}],\"inLanguage\":\"it-IT\"},{\"@type\":\"Person\",\"@id\":\"https:\/\/staging.varesenews.it\/#\/schema\/person\/308b491d3cb680ead199e5ff6c6ce540\",\"name\":\"Michele Mancino\",\"image\":{\"@type\":\"ImageObject\",\"inLanguage\":\"it-IT\",\"@id\":\"https:\/\/staging.varesenews.it\/#\/schema\/person\/image\/\",\"url\":\"https:\/\/staging.varesenews.it\/wp-content\/uploads\/2020\/12\/michele_mancino_colori_500.jpg\",\"contentUrl\":\"https:\/\/staging.varesenews.it\/wp-content\/uploads\/2020\/12\/michele_mancino_colori_500.jpg\",\"caption\":\"Michele Mancino\"},\"description\":\"Sono a VareseNews da prima che nascesse. Ho inserito le prime notizie in una stringa di codice html, la lingua di internet. Aprivo i computer, cambiavo schede di rete e portavo i server dal provider. A met&agrave; degli anni &rsquo;90 il giornalista online doveva saper fare anche questo. Ho vissuto gli anni drammatici della bolla speculativa di Internet e quelli entusiastici della crescita, anni in cui VareseNews era un Davide in mezzo a tanti Golia. Poi sono arrivati i social, le nuove piattaforme e soprattutto gli smartphone, una postazione di lavoro racchiusa in una mano. Una nuova rivoluzione. Insomma, &egrave; stata, ed &egrave; ancora, un&rsquo;avventura entusiasmante perch&eacute; mi insegna giorno dopo giorno che il cambiamento &egrave; l&rsquo;unica certezza di questa fragile esistenza.\",\"sameAs\":[\"https:\/\/www.facebook.com\/michele.mancino.5\",\"micmancio\",\"Aggiorna le impostazioni del tuo profilo pubblicoit.linkedin.com\/pub\/michele-mancino\/28\/b71\/890\/it\",\"https:\/\/twitter.com\/micmancio\"],\"url\":\"https:\/\/staging.varesenews.it\/persona\/michele_mancino\/\"}]}<\/script>\n<!-- \/ Yoast SEO plugin. -->","yoast_head_json":{"title":"La prima stella","description":"di Olga Riva Rovaglio","robots":{"index":"noindex","follow":"follow","max-snippet":"max-snippet:-1","max-image-preview":"max-image-preview:large","max-video-preview":"max-video-preview:-1"},"og_locale":"it_IT","og_type":"article","og_title":"La prima stella","og_description":"di Olga Riva Rovaglio","og_url":"https:\/\/staging.varesenews.it\/2020\/07\/la-prima-stella\/947237\/","og_site_name":"VareseNews","article_publisher":"https:\/\/www.facebook.com\/varesenews","article_author":"https:\/\/www.facebook.com\/michele.mancino.5","article_published_time":"2020-07-19T08:21:11+00:00","article_modified_time":"2020-07-19T09:00:51+00:00","author":"Michele Mancino","twitter_card":"summary_large_image","twitter_creator":"@micmancio","twitter_site":"@varesenews","twitter_misc":{"Scritto da":"Michele Mancino","Tempo di lettura stimato":"2 minuti"},"schema":{"@context":"https:\/\/schema.org","@graph":[{"@type":"WebPage","@id":"https:\/\/staging.varesenews.it\/2020\/07\/la-prima-stella\/947237\/","url":"https:\/\/staging.varesenews.it\/2020\/07\/la-prima-stella\/947237\/","name":"La prima stella","isPartOf":{"@id":"https:\/\/staging.varesenews.it\/#website"},"datePublished":"2020-07-19T08:21:11+00:00","dateModified":"2020-07-19T09:00:51+00:00","author":{"@id":"https:\/\/staging.varesenews.it\/#\/schema\/person\/308b491d3cb680ead199e5ff6c6ce540"},"description":"di Olga Riva Rovaglio","breadcrumb":{"@id":"https:\/\/staging.varesenews.it\/2020\/07\/la-prima-stella\/947237\/#breadcrumb"},"inLanguage":"it-IT","potentialAction":[{"@type":"ReadAction","target":["https:\/\/staging.varesenews.it\/2020\/07\/la-prima-stella\/947237\/"]}]},{"@type":"BreadcrumbList","@id":"https:\/\/staging.varesenews.it\/2020\/07\/la-prima-stella\/947237\/#breadcrumb","itemListElement":[{"@type":"ListItem","position":1,"name":"Home","item":"https:\/\/www.varesenews.it\/"},{"@type":"ListItem","position":2,"name":"La prima stella"}]},{"@type":"WebSite","@id":"https:\/\/staging.varesenews.it\/#website","url":"https:\/\/staging.varesenews.it\/","name":"VareseNews","description":"","potentialAction":[{"@type":"SearchAction","target":{"@type":"EntryPoint","urlTemplate":"https:\/\/staging.varesenews.it\/?s={search_term_string}"},"query-input":"required name=search_term_string"}],"inLanguage":"it-IT"},{"@type":"Person","@id":"https:\/\/staging.varesenews.it\/#\/schema\/person\/308b491d3cb680ead199e5ff6c6ce540","name":"Michele Mancino","image":{"@type":"ImageObject","inLanguage":"it-IT","@id":"https:\/\/staging.varesenews.it\/#\/schema\/person\/image\/","url":"https:\/\/staging.varesenews.it\/wp-content\/uploads\/2020\/12\/michele_mancino_colori_500.jpg","contentUrl":"https:\/\/staging.varesenews.it\/wp-content\/uploads\/2020\/12\/michele_mancino_colori_500.jpg","caption":"Michele Mancino"},"description":"Sono a VareseNews da prima che nascesse. Ho inserito le prime notizie in una stringa di codice html, la lingua di internet. Aprivo i computer, cambiavo schede di rete e portavo i server dal provider. A met&agrave; degli anni &rsquo;90 il giornalista online doveva saper fare anche questo. Ho vissuto gli anni drammatici della bolla speculativa di Internet e quelli entusiastici della crescita, anni in cui VareseNews era un Davide in mezzo a tanti Golia. Poi sono arrivati i social, le nuove piattaforme e soprattutto gli smartphone, una postazione di lavoro racchiusa in una mano. Una nuova rivoluzione. Insomma, &egrave; stata, ed &egrave; ancora, un&rsquo;avventura entusiasmante perch&eacute; mi insegna giorno dopo giorno che il cambiamento &egrave; l&rsquo;unica certezza di questa fragile esistenza.","sameAs":["https:\/\/www.facebook.com\/michele.mancino.5","micmancio","Aggiorna le impostazioni del tuo profilo pubblicoit.linkedin.com\/pub\/michele-mancino\/28\/b71\/890\/it","https:\/\/twitter.com\/micmancio"],"url":"https:\/\/staging.varesenews.it\/persona\/michele_mancino\/"}]}},"post_meta":{"_edit_lock":"1595151626:45","_edit_last":"45","_category_permalink":"a:1:{s:8:\"category\";s:2:\"18\";}","_encloseme":"1","ratings_users":"0","ratings_score":"0","ratings_average":"0","foto":"1164383","firma-personalizzata":"Olga Riva Rovaglio","argomento":"IL RACCONTO DELLA DOMENICA","_yoast_wpseo_focuskw_text_input":"il racconto della domenica","_yoast_wpseo_focuskw":"il racconto della domenica","_yoast_wpseo_linkdex":"63","_yoast_wpseo_content_score":"30","_jd_tweet_this":"yes","_wpt_short_url":"https:\/\/www.varesenews.it\/2020\/07\/la-prima-stella\/947237\/","_wp_jd_target":"https:\/\/www.varesenews.it\/2020\/07\/la-prima-stella\/947237\/","_jd_wp_twitter":"a:1:{i:0;s:100:\"La prima stella https:\/\/www.varesenews.it\/2020\/07\/la-prima-stella\/947237\/ #cultura #ilcavedio #libri\";}","_wpt_status_message":"Tweet inviato con successo."},"photos":[{"original":"https:\/\/staging.varesenews.it\/photogallery_new\/images\/2020\/07\/il-racconto-della-domenica-1164383.jpg","full":"https:\/\/staging.varesenews.it\/photogallery_new\/images\/2020\/07\/il-racconto-della-domenica-1164383.1024x768.jpg","large":"https:\/\/staging.varesenews.it\/photogallery_new\/images\/2020\/07\/il-racconto-della-domenica-1164383.610x431.jpg"}],"_links":{"self":[{"href":"https:\/\/staging.varesenews.it\/swgapi\/v1\/wp\/v2\/posts\/947237"}],"collection":[{"href":"https:\/\/staging.varesenews.it\/swgapi\/v1\/wp\/v2\/posts"}],"about":[{"href":"https:\/\/staging.varesenews.it\/swgapi\/v1\/wp\/v2\/types\/post"}],"author":[{"embeddable":true,"href":"https:\/\/staging.varesenews.it\/swgapi\/v1\/wp\/v2\/users\/45"}],"replies":[{"embeddable":true,"href":"https:\/\/staging.varesenews.it\/swgapi\/v1\/wp\/v2\/comments?post=947237"}],"version-history":[{"count":0,"href":"https:\/\/staging.varesenews.it\/swgapi\/v1\/wp\/v2\/posts\/947237\/revisions"}],"wp:attachment":[{"href":"https:\/\/staging.varesenews.it\/swgapi\/v1\/wp\/v2\/media?parent=947237"}],"wp:term":[{"taxonomy":"category","embeddable":true,"href":"https:\/\/staging.varesenews.it\/swgapi\/v1\/wp\/v2\/categories?post=947237"},{"taxonomy":"post_tag","embeddable":true,"href":"https:\/\/staging.varesenews.it\/swgapi\/v1\/wp\/v2\/tags?post=947237"}],"curies":[{"name":"wp","href":"https:\/\/api.w.org\/{rel}","templated":true}]}}