{"id":948636,"date":"2020-07-23T20:12:01","date_gmt":"2020-07-23T18:12:01","guid":{"rendered":"https:\/\/www.varesenews.it\/?p=948636"},"modified":"2020-07-24T00:29:02","modified_gmt":"2020-07-23T22:29:02","slug":"lily-adam-la-web-serie-teatrale-bambini","status":"publish","type":"post","link":"https:\/\/staging.varesenews.it\/2020\/07\/lily-adam-la-web-serie-teatrale-bambini\/948636\/","title":{"rendered":"&#8220;Lily e Adam&#8221;: la prima web serie teatrale per bambini"},"content":{"rendered":"<p>Dodicesimo e ultimo appuntamento sabato mattina con <strong>la web serie teatrale per bambini &#8220;Lily e Adam&#8221;<\/strong>, promossa da Karakorum teatro all&#8217;interno del pi\u00f9 ampio progetto artistico <a href=\"https:\/\/www.varesenews.it\/2020\/05\/teatro-sui-balconi-sul-web-karakorum-presenta-yak-around\/930321\/\">Yak around<\/a>, volto proprio a <strong>coinvolgere &#8220;fisicamente&#8221; il pubblico nella creazione artistica. Anche i pi\u00f9 piccoli, con le loro famiglie,\u00a0 che sono parte attiva della web serie costruita attraverso delle dirette di teatro online<\/strong>, cui si partecipa via zoom, <strong>per poi creare, assieme agli attori, ogni video puntata<\/strong>.<\/p>\n<p>Partiamo dalla storia: quella della <strong>protagonista, Lily (interpretata da Susanna Miotto), la scienziata impegnata nel suo laboratorio a fare tutto velocissimo per battere &#8220;Il baleno&#8221;<\/strong>. Nella sua casa si materializza un giorno <strong>un alieno, Adam (Riccardo Trovato), scovato dalla webcam, che non si ricorda quasi nulla della sua quotidianit\u00e0<\/strong>. La sfida, puntata dopo puntata, \u00e8 insegnare di nuovo ad Alan come si fanno le cose e aiutarlo cos\u00ec anche a ricordare.<br \/>\nPer riuscire in questa impresa i bambini, oltre a partecipare agli appuntamenti &#8220;live&#8221;, realizzano poi dei video assieme ai loro genitori per mostrare ad Adam come si cucina la pasta, come si risolva un problema o si condivide un ricordo. E dal montaggio dei video (il live teatrale pi\u00f9 quelli che inviano i bambini) nasce ogni puntata (pubblicata sul<a href=\"https:\/\/www.karakorumteatro.it\/lily-e-adam\/\"> sito<\/a> e sui <a href=\"https:\/\/www.facebook.com\/yak.karakorumteatro\/\">social<\/a> di Karakorum), che diventa la base per scrivere il live successivo.<br \/>\n(Qui sotto il primo episodio).<\/p>\n<div class=\"responsive-video\"><iframe loading=\"lazy\" width=\"500\" height=\"281\" src=\"https:\/\/www.youtube.com\/embed\/hAvTu-Bm3Ho?feature=oembed\" frameborder=\"0\" allow=\"accelerometer; autoplay; encrypted-media; gyroscope; picture-in-picture\" allowfullscreen><\/iframe><\/div>\n<p>&#8220;<strong>La particolare situazione di Adam, lontano da una quotidianit\u00e0 che quasi non ricorda pi\u00f9, \u00e8 molto vicina a quella dei bambini che hanno vissuto il lockdown<\/strong> perdendo all&#8217;improvviso le loro abitudini &#8211; spiega <strong>Stefano Beghi, regista della web serie basata sui testi di Angela Dematt\u00e9<\/strong> &#8211; Partecipare a Lily e Alan per molti \u00e8 stata l&#8217;occasione per rielaborare quanto accaduto, il proprio vissuto e fare esperienze nuove con i genitori da condividere con gli amici in maniera differente ma comunque molto significativa, tanto che alcuni hanno continuato a partecipare anche dalla spiaggia&#8221;.<\/p>\n<p>Il progetto, finanziato da Fondazione comunitaria\u00a0 del Varesotto, \u00e8 <strong>un\u00a0esperimento teatrale innovativo, unico nel suo genere,<\/strong> che oltre a coinvolgere ed appassionare una trentina di famiglie (solo in parte del quartiere Bustecche &#8211; dove si trova Spazio Yak, sede della residenza teatrale di Karakorum &#8211; e altre a loro legate ma residenti in diverse parti d&#8217;Italia e del mondo), <strong>ha destato l&#8217;interesse e la curiosit\u00e0 di diversi festival e operatori del mondo dello spettacolo. Tanto da mettere le basi per una\u00a0 evoluzione del progetto al termine di questa prima &#8220;stagione&#8221;<\/strong>.<\/p>\n<p>&nbsp;<\/p>\n","protected":false},"excerpt":{"rendered":"<p>Sabato 25 luglio appuntamento per creare, assieme agli attori, la 12^ e ultima puntata della prima serie, proposta con successo da Karakorum Teatro<\/p>\n","protected":false},"author":14095,"featured_media":0,"comment_status":"open","ping_status":"open","sticky":false,"template":"","format":"standard","meta":{"footnotes":""},"categories":[23,18,21,2],"tags":[87200,64387,87767,158],"acf":[],"yoast_head":"<!-- This site is optimized with the Yoast SEO plugin v20.1 - https:\/\/yoast.com\/wordpress\/plugins\/seo\/ -->\n<title>&quot;Lily e Adam&quot;: la prima web serie teatrale per bambini<\/title>\n<meta name=\"description\" content=\"Sabato 25 luglio appuntamento per creare, assieme agli attori, la 12^ e ultima puntata della prima serie, proposta con successo da Karakorum Teatro\" \/>\n<meta name=\"robots\" content=\"noindex, follow, max-snippet:-1, max-image-preview:large, max-video-preview:-1\" \/>\n<meta property=\"og:locale\" content=\"it_IT\" \/>\n<meta property=\"og:type\" content=\"article\" \/>\n<meta property=\"og:title\" content=\"&quot;Lily e Adam&quot;: la prima web serie teatrale per bambini\" \/>\n<meta property=\"og:description\" content=\"Sabato 25 luglio appuntamento per creare, assieme agli attori, la 12^ e ultima puntata della prima serie, proposta con successo da Karakorum Teatro\" \/>\n<meta property=\"og:url\" content=\"https:\/\/www.varesenews.it\/2020\/07\/lily-adam-la-web-serie-teatrale-bambini\/948636\/\" \/>\n<meta property=\"og:site_name\" content=\"VareseNews\" \/>\n<meta property=\"article:publisher\" content=\"https:\/\/www.facebook.com\/varesenews\" \/>\n<meta property=\"article:published_time\" content=\"2020-07-23T18:12:01+00:00\" \/>\n<meta property=\"article:modified_time\" content=\"2020-07-23T22:29:02+00:00\" \/>\n<meta name=\"author\" content=\"Lidia Romeo\" \/>\n<meta name=\"twitter:card\" content=\"summary_large_image\" \/>\n<meta name=\"twitter:creator\" content=\"@varesenews\" \/>\n<meta name=\"twitter:site\" content=\"@varesenews\" \/>\n<meta name=\"twitter:label1\" content=\"Scritto da\" \/>\n\t<meta name=\"twitter:data1\" content=\"Lidia Romeo\" \/>\n\t<meta name=\"twitter:label2\" content=\"Tempo di lettura stimato\" \/>\n\t<meta name=\"twitter:data2\" content=\"2 minuti\" \/>\n<script type=\"application\/ld+json\" class=\"yoast-schema-graph\">{\"@context\":\"https:\/\/schema.org\",\"@graph\":[{\"@type\":\"WebPage\",\"@id\":\"https:\/\/www.varesenews.it\/2020\/07\/lily-adam-la-web-serie-teatrale-bambini\/948636\/\",\"url\":\"https:\/\/www.varesenews.it\/2020\/07\/lily-adam-la-web-serie-teatrale-bambini\/948636\/\",\"name\":\"\\\"Lily e Adam\\\": la prima web serie teatrale per bambini\",\"isPartOf\":{\"@id\":\"https:\/\/staging.varesenews.it\/#website\"},\"datePublished\":\"2020-07-23T18:12:01+00:00\",\"dateModified\":\"2020-07-23T22:29:02+00:00\",\"author\":{\"@id\":\"https:\/\/staging.varesenews.it\/#\/schema\/person\/83b39e5ac77662e18c07cdb07f0b4e7a\"},\"description\":\"Sabato 25 luglio appuntamento per creare, assieme agli attori, la 12^ e ultima puntata della prima serie, proposta con successo da Karakorum Teatro\",\"breadcrumb\":{\"@id\":\"https:\/\/www.varesenews.it\/2020\/07\/lily-adam-la-web-serie-teatrale-bambini\/948636\/#breadcrumb\"},\"inLanguage\":\"it-IT\",\"potentialAction\":[{\"@type\":\"ReadAction\",\"target\":[\"https:\/\/www.varesenews.it\/2020\/07\/lily-adam-la-web-serie-teatrale-bambini\/948636\/\"]}]},{\"@type\":\"BreadcrumbList\",\"@id\":\"https:\/\/www.varesenews.it\/2020\/07\/lily-adam-la-web-serie-teatrale-bambini\/948636\/#breadcrumb\",\"itemListElement\":[{\"@type\":\"ListItem\",\"position\":1,\"name\":\"Home\",\"item\":\"https:\/\/www.varesenews.it\/\"},{\"@type\":\"ListItem\",\"position\":2,\"name\":\"&#8220;Lily e Adam&#8221;: la prima web serie teatrale per bambini\"}]},{\"@type\":\"WebSite\",\"@id\":\"https:\/\/staging.varesenews.it\/#website\",\"url\":\"https:\/\/staging.varesenews.it\/\",\"name\":\"VareseNews\",\"description\":\"\",\"potentialAction\":[{\"@type\":\"SearchAction\",\"target\":{\"@type\":\"EntryPoint\",\"urlTemplate\":\"https:\/\/staging.varesenews.it\/?s={search_term_string}\"},\"query-input\":\"required name=search_term_string\"}],\"inLanguage\":\"it-IT\"},{\"@type\":\"Person\",\"@id\":\"https:\/\/staging.varesenews.it\/#\/schema\/person\/83b39e5ac77662e18c07cdb07f0b4e7a\",\"name\":\"Lidia Romeo\",\"image\":{\"@type\":\"ImageObject\",\"inLanguage\":\"it-IT\",\"@id\":\"https:\/\/staging.varesenews.it\/#\/schema\/person\/image\/\",\"url\":\"https:\/\/staging.varesenews.it\/wp-content\/uploads\/2020\/12\/lidia_romeo_colori_500.jpg\",\"contentUrl\":\"https:\/\/staging.varesenews.it\/wp-content\/uploads\/2020\/12\/lidia_romeo_colori_500.jpg\",\"caption\":\"Lidia Romeo\"},\"description\":\"Giornalista professionista dal 2010, una laurea in Scienze politiche e tante, tantissime domande. Ascolto risposte, ne cerco altre e alcune le scrivo. Mi piacciono le chiacchiere, le idee capaci di guardare lontano e camminare in spazi aperti senza altra meta che l&rsquo;orizzonte.&nbsp;Per VareseNews sono responsabile del canale Bambini, a proposito di orizzonti ampi... quanto il futuro. &nbsp;\",\"url\":\"https:\/\/staging.varesenews.it\/persona\/lidia-romeo-a\/\"}]}<\/script>\n<!-- \/ Yoast SEO plugin. -->","yoast_head_json":{"title":"\"Lily e Adam\": la prima web serie teatrale per bambini","description":"Sabato 25 luglio appuntamento per creare, assieme agli attori, la 12^ e ultima puntata della prima serie, proposta con successo da Karakorum Teatro","robots":{"index":"noindex","follow":"follow","max-snippet":"max-snippet:-1","max-image-preview":"max-image-preview:large","max-video-preview":"max-video-preview:-1"},"og_locale":"it_IT","og_type":"article","og_title":"\"Lily e Adam\": la prima web serie teatrale per bambini","og_description":"Sabato 25 luglio appuntamento per creare, assieme agli attori, la 12^ e ultima puntata della prima serie, proposta con successo da Karakorum Teatro","og_url":"https:\/\/www.varesenews.it\/2020\/07\/lily-adam-la-web-serie-teatrale-bambini\/948636\/","og_site_name":"VareseNews","article_publisher":"https:\/\/www.facebook.com\/varesenews","article_published_time":"2020-07-23T18:12:01+00:00","article_modified_time":"2020-07-23T22:29:02+00:00","author":"Lidia Romeo","twitter_card":"summary_large_image","twitter_creator":"@varesenews","twitter_site":"@varesenews","twitter_misc":{"Scritto da":"Lidia Romeo","Tempo di lettura stimato":"2 minuti"},"schema":{"@context":"https:\/\/schema.org","@graph":[{"@type":"WebPage","@id":"https:\/\/www.varesenews.it\/2020\/07\/lily-adam-la-web-serie-teatrale-bambini\/948636\/","url":"https:\/\/www.varesenews.it\/2020\/07\/lily-adam-la-web-serie-teatrale-bambini\/948636\/","name":"\"Lily e Adam\": la prima web serie teatrale per bambini","isPartOf":{"@id":"https:\/\/staging.varesenews.it\/#website"},"datePublished":"2020-07-23T18:12:01+00:00","dateModified":"2020-07-23T22:29:02+00:00","author":{"@id":"https:\/\/staging.varesenews.it\/#\/schema\/person\/83b39e5ac77662e18c07cdb07f0b4e7a"},"description":"Sabato 25 luglio appuntamento per creare, assieme agli attori, la 12^ e ultima puntata della prima serie, proposta con successo da Karakorum Teatro","breadcrumb":{"@id":"https:\/\/www.varesenews.it\/2020\/07\/lily-adam-la-web-serie-teatrale-bambini\/948636\/#breadcrumb"},"inLanguage":"it-IT","potentialAction":[{"@type":"ReadAction","target":["https:\/\/www.varesenews.it\/2020\/07\/lily-adam-la-web-serie-teatrale-bambini\/948636\/"]}]},{"@type":"BreadcrumbList","@id":"https:\/\/www.varesenews.it\/2020\/07\/lily-adam-la-web-serie-teatrale-bambini\/948636\/#breadcrumb","itemListElement":[{"@type":"ListItem","position":1,"name":"Home","item":"https:\/\/www.varesenews.it\/"},{"@type":"ListItem","position":2,"name":"&#8220;Lily e Adam&#8221;: la prima web serie teatrale per bambini"}]},{"@type":"WebSite","@id":"https:\/\/staging.varesenews.it\/#website","url":"https:\/\/staging.varesenews.it\/","name":"VareseNews","description":"","potentialAction":[{"@type":"SearchAction","target":{"@type":"EntryPoint","urlTemplate":"https:\/\/staging.varesenews.it\/?s={search_term_string}"},"query-input":"required name=search_term_string"}],"inLanguage":"it-IT"},{"@type":"Person","@id":"https:\/\/staging.varesenews.it\/#\/schema\/person\/83b39e5ac77662e18c07cdb07f0b4e7a","name":"Lidia Romeo","image":{"@type":"ImageObject","inLanguage":"it-IT","@id":"https:\/\/staging.varesenews.it\/#\/schema\/person\/image\/","url":"https:\/\/staging.varesenews.it\/wp-content\/uploads\/2020\/12\/lidia_romeo_colori_500.jpg","contentUrl":"https:\/\/staging.varesenews.it\/wp-content\/uploads\/2020\/12\/lidia_romeo_colori_500.jpg","caption":"Lidia Romeo"},"description":"Giornalista professionista dal 2010, una laurea in Scienze politiche e tante, tantissime domande. Ascolto risposte, ne cerco altre e alcune le scrivo. Mi piacciono le chiacchiere, le idee capaci di guardare lontano e camminare in spazi aperti senza altra meta che l&rsquo;orizzonte.&nbsp;Per VareseNews sono responsabile del canale Bambini, a proposito di orizzonti ampi... quanto il futuro. &nbsp;","url":"https:\/\/staging.varesenews.it\/persona\/lidia-romeo-a\/"}]}},"post_meta":{"_edit_lock":"1595543279:14095","_edit_last":"14095","_oembed_a0e19110067c815df2259e0fc3d2678c":"<iframe width=\"500\" height=\"281\" src=\"https:\/\/www.youtube.com\/embed\/hAvTu-Bm3Ho?feature=oembed\" frameborder=\"0\" allow=\"accelerometer; autoplay; encrypted-media; gyroscope; picture-in-picture\" allowfullscreen><\/iframe>","_oembed_time_a0e19110067c815df2259e0fc3d2678c":"1595523644","_category_permalink":"a:1:{s:8:\"category\";s:2:\"23\";}","_encloseme":"1","ratings_users":"0","ratings_score":"0","ratings_average":"0","foto":"1165550","firma-personalizzata":"bambini@varesenews.it","nascondi_adsense":"1","argomento":"Varese","_yoast_wpseo_content_score":"30","_jd_tweet_this":"yes","_wpt_short_url":"https:\/\/www.varesenews.it\/2020\/07\/lily-adam-la-web-serie-teatrale-bambini\/948636\/","_wp_jd_target":"https:\/\/www.varesenews.it\/2020\/07\/lily-adam-la-web-serie-teatrale-bambini\/948636\/","_jd_wp_twitter":"a:1:{i:0;s:181:\"\u201cLily e Adam\u201d: la prima web serie teatrale per bambini https:\/\/www.varesenews.it\/2020\/07\/lily-adam-la-web-serie-teatrale-bambini\/948636\/ #Eventibambini #karakorumteatro #weekend\";}","_wpt_status_message":"Tweet inviato con successo.","id_leggi_anche":"1274653,1303969,1328263,1431638"},"photos":[{"original":"https:\/\/staging.varesenews.it\/photogallery_new\/images\/2020\/07\/generico-2018-1165550.jpg","full":"https:\/\/staging.varesenews.it\/photogallery_new\/images\/2020\/07\/generico-2018-1165550.1024x768.jpg","large":"https:\/\/staging.varesenews.it\/photogallery_new\/images\/2020\/07\/generico-2018-1165550.610x431.jpg"}],"_links":{"self":[{"href":"https:\/\/staging.varesenews.it\/swgapi\/v1\/wp\/v2\/posts\/948636"}],"collection":[{"href":"https:\/\/staging.varesenews.it\/swgapi\/v1\/wp\/v2\/posts"}],"about":[{"href":"https:\/\/staging.varesenews.it\/swgapi\/v1\/wp\/v2\/types\/post"}],"author":[{"embeddable":true,"href":"https:\/\/staging.varesenews.it\/swgapi\/v1\/wp\/v2\/users\/14095"}],"replies":[{"embeddable":true,"href":"https:\/\/staging.varesenews.it\/swgapi\/v1\/wp\/v2\/comments?post=948636"}],"version-history":[{"count":0,"href":"https:\/\/staging.varesenews.it\/swgapi\/v1\/wp\/v2\/posts\/948636\/revisions"}],"wp:attachment":[{"href":"https:\/\/staging.varesenews.it\/swgapi\/v1\/wp\/v2\/media?parent=948636"}],"wp:term":[{"taxonomy":"category","embeddable":true,"href":"https:\/\/staging.varesenews.it\/swgapi\/v1\/wp\/v2\/categories?post=948636"},{"taxonomy":"post_tag","embeddable":true,"href":"https:\/\/staging.varesenews.it\/swgapi\/v1\/wp\/v2\/tags?post=948636"}],"curies":[{"name":"wp","href":"https:\/\/api.w.org\/{rel}","templated":true}]}}