{"id":949032,"date":"2020-07-24T22:20:57","date_gmt":"2020-07-24T20:20:57","guid":{"rendered":"https:\/\/www.varesenews.it\/?p=949032"},"modified":"2020-07-24T22:20:57","modified_gmt":"2020-07-24T20:20:57","slug":"busto-arsizio-citta-antifascista","status":"publish","type":"post","link":"https:\/\/staging.varesenews.it\/2020\/07\/busto-arsizio-citta-antifascista\/949032\/","title":{"rendered":"&#8220;Busto Arsizio \u00e8 una citt\u00e0 antifascista&#8221;"},"content":{"rendered":"<p><em>Pubblichiamo un comunicato di alcune associazioni bustocche.<\/em><\/p>\n<p>In data 21 luglio, sui muri della nostra citt\u00e0 \u00e8 apparso uno striscione commemorativo, a firma CasaPound, in onore di un&#8217;anziana ausiliaria\u00a0appartenuta alla tristemente famosa Repubblica Sociale di Sal\u00f2 e recentemente deceduta.<\/p>\n<p>La citt\u00e0 di Busto Arsizio, Medaglia di Bronzo per la Lotta Resistenziale, condanna in modo esplicito tale atto lesivo del patrimonio democratico e Antifascista dei cittadini bustocchi e bustesi.<\/p>\n<p>Per questo motivo le seguenti organizzazioni culturali, sindacali e politiche, sottoscrittrici del presente comunicato, invitano il Sindaco della\u00a0 nostra citt\u00e0 e le pubbliche autorit\u00e0, le istituzioni, a perseguire a norma di legge l&#8217;organizzazione politica promotrice di questa inaccettabile provocazione effettuata contemporaneamente in altrettanti 34 comuni italiani, con lo striscione significativamente posto all&#8217;ingresso della citt\u00e0.<\/p>\n<p>Busto Arsizio \u00e8 una citt\u00e0 antifascista e soprattutto non ha dimenticato il suo tributo di sangue per la democrazia e per la libert\u00e0 del popolo italiano, gi\u00e0 annunciato in prima battuta dalla radio locale nel lontano 1945-<br \/>\nOra e\u00a0sempre Resistenza.<\/p>\n<p>Comitato Antifascista Busto A., Antifascisti Sempre Busto A., Adl Varese, Cascina Burattana Busto A., Emergency Busto A., Pci sez. Busto A., Ass.ne Il Quadrifoglio<\/p>\n","protected":false},"excerpt":{"rendered":"<p>Alcune associazioni invitano il sindaco a denunciare Casa Pound che ha affisso uno striscione &#8220;in onore di un&#8217;anziana ausiliaria\u00a0appartenuta alla tristemente famosa Repubblica Sociale di Sal\u00f2 e recentemente deceduta&#8221;<\/p>\n","protected":false},"author":54,"featured_media":0,"comment_status":"open","ping_status":"open","sticky":false,"template":"","format":"standard","meta":{"footnotes":""},"categories":[4],"tags":[6816,11108],"acf":[],"yoast_head":"<!-- This site is optimized with the Yoast SEO plugin v20.1 - https:\/\/yoast.com\/wordpress\/plugins\/seo\/ -->\n<title>&quot;Busto Arsizio \u00e8 una citt\u00e0 antifascista&quot;<\/title>\n<meta name=\"description\" content=\"Alcune associazioni invitano il sindaco a denunciare Casa Pound che ha affisso uno striscione &quot;in onore di un&#039;anziana ausiliaria\u00a0appartenuta alla tristemente famosa Repubblica Sociale di Sal\u00f2 e recentemente deceduta&quot;\" \/>\n<meta name=\"robots\" content=\"noindex, follow, max-snippet:-1, max-image-preview:large, max-video-preview:-1\" \/>\n<meta property=\"og:locale\" content=\"it_IT\" \/>\n<meta property=\"og:type\" content=\"article\" \/>\n<meta property=\"og:title\" content=\"&quot;Busto Arsizio \u00e8 una citt\u00e0 antifascista&quot;\" \/>\n<meta property=\"og:description\" content=\"Alcune associazioni invitano il sindaco a denunciare Casa Pound che ha affisso uno striscione &quot;in onore di un&#039;anziana ausiliaria\u00a0appartenuta alla tristemente famosa Repubblica Sociale di Sal\u00f2 e recentemente deceduta&quot;\" \/>\n<meta property=\"og:url\" content=\"https:\/\/staging.varesenews.it\/2020\/07\/busto-arsizio-citta-antifascista\/949032\/\" \/>\n<meta property=\"og:site_name\" content=\"VareseNews\" \/>\n<meta property=\"article:publisher\" content=\"https:\/\/www.facebook.com\/varesenews\" \/>\n<meta property=\"article:author\" content=\"https:\/\/www.facebook.com\/giovannelli.marco?fref=ts\" \/>\n<meta property=\"article:published_time\" content=\"2020-07-24T20:20:57+00:00\" \/>\n<meta name=\"author\" content=\"Marco Giovannelli\" \/>\n<meta name=\"twitter:card\" content=\"summary_large_image\" \/>\n<meta name=\"twitter:creator\" content=\"@marcogio59\" \/>\n<meta name=\"twitter:site\" content=\"@varesenews\" \/>\n<meta name=\"twitter:label1\" content=\"Scritto da\" \/>\n\t<meta name=\"twitter:data1\" content=\"Marco Giovannelli\" \/>\n\t<meta name=\"twitter:label2\" content=\"Tempo di lettura stimato\" \/>\n\t<meta name=\"twitter:data2\" content=\"1 minuto\" \/>\n<script type=\"application\/ld+json\" class=\"yoast-schema-graph\">{\"@context\":\"https:\/\/schema.org\",\"@graph\":[{\"@type\":\"WebPage\",\"@id\":\"https:\/\/staging.varesenews.it\/2020\/07\/busto-arsizio-citta-antifascista\/949032\/\",\"url\":\"https:\/\/staging.varesenews.it\/2020\/07\/busto-arsizio-citta-antifascista\/949032\/\",\"name\":\"\\\"Busto Arsizio \u00e8 una citt\u00e0 antifascista\\\"\",\"isPartOf\":{\"@id\":\"https:\/\/staging.varesenews.it\/#website\"},\"datePublished\":\"2020-07-24T20:20:57+00:00\",\"dateModified\":\"2020-07-24T20:20:57+00:00\",\"author\":{\"@id\":\"https:\/\/staging.varesenews.it\/#\/schema\/person\/b32b6f44664f8274f79469e452856024\"},\"description\":\"Alcune associazioni invitano il sindaco a denunciare Casa Pound che ha affisso uno striscione \\\"in onore di un'anziana ausiliaria\u00a0appartenuta alla tristemente famosa Repubblica Sociale di Sal\u00f2 e recentemente deceduta\\\"\",\"breadcrumb\":{\"@id\":\"https:\/\/staging.varesenews.it\/2020\/07\/busto-arsizio-citta-antifascista\/949032\/#breadcrumb\"},\"inLanguage\":\"it-IT\",\"potentialAction\":[{\"@type\":\"ReadAction\",\"target\":[\"https:\/\/staging.varesenews.it\/2020\/07\/busto-arsizio-citta-antifascista\/949032\/\"]}]},{\"@type\":\"BreadcrumbList\",\"@id\":\"https:\/\/staging.varesenews.it\/2020\/07\/busto-arsizio-citta-antifascista\/949032\/#breadcrumb\",\"itemListElement\":[{\"@type\":\"ListItem\",\"position\":1,\"name\":\"Home\",\"item\":\"https:\/\/www.varesenews.it\/\"},{\"@type\":\"ListItem\",\"position\":2,\"name\":\"&#8220;Busto Arsizio \u00e8 una citt\u00e0 antifascista&#8221;\"}]},{\"@type\":\"WebSite\",\"@id\":\"https:\/\/staging.varesenews.it\/#website\",\"url\":\"https:\/\/staging.varesenews.it\/\",\"name\":\"VareseNews\",\"description\":\"\",\"potentialAction\":[{\"@type\":\"SearchAction\",\"target\":{\"@type\":\"EntryPoint\",\"urlTemplate\":\"https:\/\/staging.varesenews.it\/?s={search_term_string}\"},\"query-input\":\"required name=search_term_string\"}],\"inLanguage\":\"it-IT\"},{\"@type\":\"Person\",\"@id\":\"https:\/\/staging.varesenews.it\/#\/schema\/person\/b32b6f44664f8274f79469e452856024\",\"name\":\"Marco Giovannelli\",\"image\":{\"@type\":\"ImageObject\",\"inLanguage\":\"it-IT\",\"@id\":\"https:\/\/staging.varesenews.it\/#\/schema\/person\/image\/\",\"url\":\"https:\/\/staging.varesenews.it\/wp-content\/uploads\/2020\/12\/marco_giovannelli_colori_500.jpg\",\"contentUrl\":\"https:\/\/staging.varesenews.it\/wp-content\/uploads\/2020\/12\/marco_giovannelli_colori_500.jpg\",\"caption\":\"Marco Giovannelli\"},\"description\":\"Viterbese di origine vivo a Varese dal 1978. Due figli grandi, due lauree in scienze &ldquo;inutili&rdquo; quanto affascinanti che mi portano a mettere lo studio ancora al primo posto. Dopo aver lavorato per il sindacato, fondato e lavorato al centro Gulliver, in una cooperativa che gestiva il Circolino a Varese, con un altro viterbese e un lucano ho fondato VareseNews quando nessuno o quasi sapeva cosa fosse Internet. Ho alcune grandi passioni, la prima &egrave; il cammino che cerco di vivere quotidianamente. Averne percorsi alcuni storici con Santiago e la Francigena mi ha poi portato a far diventare anche lavoro la loro valorizzazione e in particolare la Via Francisca del Lucomagno. Amo leggere, andare al cinema, viaggiare. Mi piace conoscere. La mia migliore attitudine &egrave; connettere mondi e per questo mi affascina la contemporaneit&agrave; e il digitale. Ho insegnato diritto ed economia per un decennio nelle scuole superiori. Ho tenuto diverse lezioni e laboratori allo Iulm e ora all&rsquo;Universit&agrave; dell&rsquo;Insubria con un corso di Giornalismo digitale alla specialistica. Ho fondato diversi progetti editoriali.&nbsp;\",\"sameAs\":[\"https:\/\/www.facebook.com\/giovannelli.marco?fref=ts\",\"marcogio59\",\"https:\/\/it.linkedin.com\/in\/giovannellimarco\",\"https:\/\/twitter.com\/marcogio59\"],\"url\":\"https:\/\/staging.varesenews.it\/persona\/marco_giovannelli-2\/\"}]}<\/script>\n<!-- \/ Yoast SEO plugin. -->","yoast_head_json":{"title":"\"Busto Arsizio \u00e8 una citt\u00e0 antifascista\"","description":"Alcune associazioni invitano il sindaco a denunciare Casa Pound che ha affisso uno striscione \"in onore di un'anziana ausiliaria\u00a0appartenuta alla tristemente famosa Repubblica Sociale di Sal\u00f2 e recentemente deceduta\"","robots":{"index":"noindex","follow":"follow","max-snippet":"max-snippet:-1","max-image-preview":"max-image-preview:large","max-video-preview":"max-video-preview:-1"},"og_locale":"it_IT","og_type":"article","og_title":"\"Busto Arsizio \u00e8 una citt\u00e0 antifascista\"","og_description":"Alcune associazioni invitano il sindaco a denunciare Casa Pound che ha affisso uno striscione \"in onore di un'anziana ausiliaria\u00a0appartenuta alla tristemente famosa Repubblica Sociale di Sal\u00f2 e recentemente deceduta\"","og_url":"https:\/\/staging.varesenews.it\/2020\/07\/busto-arsizio-citta-antifascista\/949032\/","og_site_name":"VareseNews","article_publisher":"https:\/\/www.facebook.com\/varesenews","article_author":"https:\/\/www.facebook.com\/giovannelli.marco?fref=ts","article_published_time":"2020-07-24T20:20:57+00:00","author":"Marco Giovannelli","twitter_card":"summary_large_image","twitter_creator":"@marcogio59","twitter_site":"@varesenews","twitter_misc":{"Scritto da":"Marco Giovannelli","Tempo di lettura stimato":"1 minuto"},"schema":{"@context":"https:\/\/schema.org","@graph":[{"@type":"WebPage","@id":"https:\/\/staging.varesenews.it\/2020\/07\/busto-arsizio-citta-antifascista\/949032\/","url":"https:\/\/staging.varesenews.it\/2020\/07\/busto-arsizio-citta-antifascista\/949032\/","name":"\"Busto Arsizio \u00e8 una citt\u00e0 antifascista\"","isPartOf":{"@id":"https:\/\/staging.varesenews.it\/#website"},"datePublished":"2020-07-24T20:20:57+00:00","dateModified":"2020-07-24T20:20:57+00:00","author":{"@id":"https:\/\/staging.varesenews.it\/#\/schema\/person\/b32b6f44664f8274f79469e452856024"},"description":"Alcune associazioni invitano il sindaco a denunciare Casa Pound che ha affisso uno striscione \"in onore di un'anziana ausiliaria\u00a0appartenuta alla tristemente famosa Repubblica Sociale di Sal\u00f2 e recentemente deceduta\"","breadcrumb":{"@id":"https:\/\/staging.varesenews.it\/2020\/07\/busto-arsizio-citta-antifascista\/949032\/#breadcrumb"},"inLanguage":"it-IT","potentialAction":[{"@type":"ReadAction","target":["https:\/\/staging.varesenews.it\/2020\/07\/busto-arsizio-citta-antifascista\/949032\/"]}]},{"@type":"BreadcrumbList","@id":"https:\/\/staging.varesenews.it\/2020\/07\/busto-arsizio-citta-antifascista\/949032\/#breadcrumb","itemListElement":[{"@type":"ListItem","position":1,"name":"Home","item":"https:\/\/www.varesenews.it\/"},{"@type":"ListItem","position":2,"name":"&#8220;Busto Arsizio \u00e8 una citt\u00e0 antifascista&#8221;"}]},{"@type":"WebSite","@id":"https:\/\/staging.varesenews.it\/#website","url":"https:\/\/staging.varesenews.it\/","name":"VareseNews","description":"","potentialAction":[{"@type":"SearchAction","target":{"@type":"EntryPoint","urlTemplate":"https:\/\/staging.varesenews.it\/?s={search_term_string}"},"query-input":"required name=search_term_string"}],"inLanguage":"it-IT"},{"@type":"Person","@id":"https:\/\/staging.varesenews.it\/#\/schema\/person\/b32b6f44664f8274f79469e452856024","name":"Marco Giovannelli","image":{"@type":"ImageObject","inLanguage":"it-IT","@id":"https:\/\/staging.varesenews.it\/#\/schema\/person\/image\/","url":"https:\/\/staging.varesenews.it\/wp-content\/uploads\/2020\/12\/marco_giovannelli_colori_500.jpg","contentUrl":"https:\/\/staging.varesenews.it\/wp-content\/uploads\/2020\/12\/marco_giovannelli_colori_500.jpg","caption":"Marco Giovannelli"},"description":"Viterbese di origine vivo a Varese dal 1978. Due figli grandi, due lauree in scienze &ldquo;inutili&rdquo; quanto affascinanti che mi portano a mettere lo studio ancora al primo posto. Dopo aver lavorato per il sindacato, fondato e lavorato al centro Gulliver, in una cooperativa che gestiva il Circolino a Varese, con un altro viterbese e un lucano ho fondato VareseNews quando nessuno o quasi sapeva cosa fosse Internet. Ho alcune grandi passioni, la prima &egrave; il cammino che cerco di vivere quotidianamente. Averne percorsi alcuni storici con Santiago e la Francigena mi ha poi portato a far diventare anche lavoro la loro valorizzazione e in particolare la Via Francisca del Lucomagno. Amo leggere, andare al cinema, viaggiare. Mi piace conoscere. La mia migliore attitudine &egrave; connettere mondi e per questo mi affascina la contemporaneit&agrave; e il digitale. Ho insegnato diritto ed economia per un decennio nelle scuole superiori. Ho tenuto diverse lezioni e laboratori allo Iulm e ora all&rsquo;Universit&agrave; dell&rsquo;Insubria con un corso di Giornalismo digitale alla specialistica. Ho fondato diversi progetti editoriali.&nbsp;","sameAs":["https:\/\/www.facebook.com\/giovannelli.marco?fref=ts","marcogio59","https:\/\/it.linkedin.com\/in\/giovannellimarco","https:\/\/twitter.com\/marcogio59"],"url":"https:\/\/staging.varesenews.it\/persona\/marco_giovannelli-2\/"}]}},"post_meta":{"_edit_lock":"1595625210:54","_edit_last":"54","_category_permalink":"a:1:{s:8:\"category\";s:0:\"\";}","_encloseme":"1","ratings_users":"0","ratings_score":"0","ratings_average":"0","foto":"795907","firma_come_redazione":"1","argomento":"Busto Arsizio","_yoast_wpseo_content_score":"30","_jd_tweet_this":"yes","_wpt_short_url":"https:\/\/www.varesenews.it\/2020\/07\/busto-arsizio-citta-antifascista\/949032\/","_wp_jd_target":"https:\/\/www.varesenews.it\/2020\/07\/busto-arsizio-citta-antifascista\/949032\/","_jd_wp_twitter":"a:1:{i:0;s:146:\"\u201cBusto Arsizio \u00e8 una citt\u00e0 antifascista\u201d https:\/\/www.varesenews.it\/2020\/07\/busto-arsizio-citta-antifascista\/949032\/ #antifascismo #casapound\";}","_wpt_status_message":"Tweet inviato con successo."},"photos":[{"original":"https:\/\/staging.varesenews.it\/photogallery_new\/images\/2020\/04\/busto-arisio-deserta-795907.jpg","full":"https:\/\/staging.varesenews.it\/photogallery_new\/images\/2020\/04\/busto-arisio-deserta-795907.1024x768.jpg","large":"https:\/\/staging.varesenews.it\/photogallery_new\/images\/2020\/04\/busto-arisio-deserta-795907.610x431.jpg"}],"_links":{"self":[{"href":"https:\/\/staging.varesenews.it\/swgapi\/v1\/wp\/v2\/posts\/949032"}],"collection":[{"href":"https:\/\/staging.varesenews.it\/swgapi\/v1\/wp\/v2\/posts"}],"about":[{"href":"https:\/\/staging.varesenews.it\/swgapi\/v1\/wp\/v2\/types\/post"}],"author":[{"embeddable":true,"href":"https:\/\/staging.varesenews.it\/swgapi\/v1\/wp\/v2\/users\/54"}],"replies":[{"embeddable":true,"href":"https:\/\/staging.varesenews.it\/swgapi\/v1\/wp\/v2\/comments?post=949032"}],"version-history":[{"count":0,"href":"https:\/\/staging.varesenews.it\/swgapi\/v1\/wp\/v2\/posts\/949032\/revisions"}],"wp:attachment":[{"href":"https:\/\/staging.varesenews.it\/swgapi\/v1\/wp\/v2\/media?parent=949032"}],"wp:term":[{"taxonomy":"category","embeddable":true,"href":"https:\/\/staging.varesenews.it\/swgapi\/v1\/wp\/v2\/categories?post=949032"},{"taxonomy":"post_tag","embeddable":true,"href":"https:\/\/staging.varesenews.it\/swgapi\/v1\/wp\/v2\/tags?post=949032"}],"curies":[{"name":"wp","href":"https:\/\/api.w.org\/{rel}","templated":true}]}}