{"id":949215,"date":"2020-07-26T10:32:53","date_gmt":"2020-07-26T08:32:53","guid":{"rendered":"https:\/\/www.varesenews.it\/?p=949215"},"modified":"2020-07-26T10:42:44","modified_gmt":"2020-07-26T08:42:44","slug":"la-ragazza-uccello","status":"publish","type":"post","link":"https:\/\/staging.varesenews.it\/2020\/07\/la-ragazza-uccello\/949215\/","title":{"rendered":"La ragazza uccello"},"content":{"rendered":"<p><em><strong><a href=\"https:\/\/www.varesenews.it\/tag\/il-racconto-della-domenica\/\">Il\u00a0racconto della domenica<\/a><\/strong>\u00a0\u00a0\u00e8 a cura della scuola di scrittura\u00a0creativa Edizioni del Cavedio coordinata da <strong>Fiorenzo Croci<\/strong>.<\/em><br \/>\n___________________________________________<\/p>\n<p>Era la mia vicina di banco, era una ragazza uccello, e la sua bellezza per la mia giovane anima fu un vortice fin dal primo giorno di scuola, io cercavo esperienze, e invece davanti a lei ammutolivo, ero confuso \u2026 E quella ragazza uccello l&#8217;avevo gi\u00e0 vista una volta, l&#8217;estate prima, al fiume, c&#8217;era un gruppo di giovinette e con loro tre o quattro suore di un istituto, passeggiavano con i piedi nell&#8217;acqua, i sandali nelle mani, allineate nei loro colori azzurro e bianco, e in quell&#8217;insieme di corpi, dall&#8217;altra parte del fiume, io vedevo il suo petto risplendere al sole, e lei si stacc\u00f2 dalle compagne, e procedeva da sola, pi\u00f9 indietro, aveva le gonne rimboccate ai fianchi e si chinava a raccogliere sassetti nell&#8217;acqua, li afferrava con le labbra a forma di becco e li lanciava in alto per giocare, scuoteva il lungo collo e dai capelli si staccavano gocce d&#8217;acqua tutto attorno, e camminava con passo lento, le sue gambe erano magre, e poi affrett\u00f2 il passo, prese a correre e raggiunse le compagne, le sorpass\u00f2 e tutte si misero a rincorrerla, e gridavano di gioia, lei volava radendo l&#8217;acqua e dietro uno sciame uniforme, e anche le suore correvano con le ragazze, e scomparvero alla vista, laggi\u00f9 all&#8217;ansa del fiume&#8230; E quel primo giorno di scuola, nella confusione degli studenti, la riconobbi da dietro, dalle ali raccolte sotto la giacca e l&#8217;immagine di quella volta al fiume era fissa nella mia mente, quell&#8217;immagine era un sogno che non si dimentica&#8230; e ogni giorno lasciavo i libri a casa e cos\u00ec avevo una scusa per avvicinarmi al suo banco e seguire la lezione, mi sedevo l\u00ec accanto e non facevo che tremare, tutti i ragazzi erano innamorati di lei, e un giorno mi decisi, da tanto tempo preparavo le parole, e la toccai con una mano sulla spalla, era un giorno di pioggia, aveva le piume ancora umide, si volt\u00f2 verso di me e mi guard\u00f2 con i suoi occhi che erano gli occhi di un uccello, ebbi paura, le sorrisi appena e lei avvicin\u00f2 il suo viso al mio e mi diede un bacio su un sopracciglio, e il sangue mi gocciol\u00f2 nell&#8217;occhio, alla sera nello specchio guardavo quel segno, e quella cicatrice l&#8217;avrei portata per tutta la vita&#8230;e la mattina dopo mi alzai e sentivo di essere speciale, ero unico, e non temevo pi\u00f9 la bellezza della ragazza uccello, ma il suo banco era vuoto, e tutta la settimana rimase cos\u00ec, nessuno sapeva niente, e allora andai dritto in presidenza, anche l\u00ec non avevano notizie, ma sul registro, accanto al suo nome, qualcuno aveva scritto che era volata via.<\/p>\n<p><strong>Racconto di Abramo Vane, illustrazione di Renato Pegoraro<\/strong><\/p>\n<p><strong><a href=\"https:\/\/www.varesenews.it\/tag\/il-racconto-della-domenica\/\">IL RACCONTO DELLA DOMENICA<\/a><\/strong><\/p>\n<p>&nbsp;<\/p>\n","protected":false},"excerpt":{"rendered":"<p>di Abramo Vane<\/p>\n","protected":false},"author":45,"featured_media":0,"comment_status":"open","ping_status":"open","sticky":false,"template":"","format":"standard","meta":{"footnotes":""},"categories":[18,2],"tags":[794,2678,102400,767],"acf":[],"yoast_head":"<!-- This site is optimized with the Yoast SEO plugin v20.1 - https:\/\/yoast.com\/wordpress\/plugins\/seo\/ -->\n<title>La ragazza uccello<\/title>\n<meta name=\"description\" content=\"di Abramo Vane\" \/>\n<meta name=\"robots\" content=\"noindex, follow, max-snippet:-1, max-image-preview:large, max-video-preview:-1\" \/>\n<meta property=\"og:locale\" content=\"it_IT\" \/>\n<meta property=\"og:type\" content=\"article\" \/>\n<meta property=\"og:title\" content=\"La ragazza uccello\" \/>\n<meta property=\"og:description\" content=\"di Abramo Vane\" \/>\n<meta property=\"og:url\" content=\"https:\/\/staging.varesenews.it\/2020\/07\/la-ragazza-uccello\/949215\/\" \/>\n<meta property=\"og:site_name\" content=\"VareseNews\" \/>\n<meta property=\"article:publisher\" content=\"https:\/\/www.facebook.com\/varesenews\" \/>\n<meta property=\"article:author\" content=\"https:\/\/www.facebook.com\/michele.mancino.5\" \/>\n<meta property=\"article:published_time\" content=\"2020-07-26T08:32:53+00:00\" \/>\n<meta property=\"article:modified_time\" content=\"2020-07-26T08:42:44+00:00\" \/>\n<meta name=\"author\" content=\"Michele Mancino\" \/>\n<meta name=\"twitter:card\" content=\"summary_large_image\" \/>\n<meta name=\"twitter:creator\" content=\"@micmancio\" \/>\n<meta name=\"twitter:site\" content=\"@varesenews\" \/>\n<meta name=\"twitter:label1\" content=\"Scritto da\" \/>\n\t<meta name=\"twitter:data1\" content=\"Michele Mancino\" \/>\n\t<meta name=\"twitter:label2\" content=\"Tempo di lettura stimato\" \/>\n\t<meta name=\"twitter:data2\" content=\"2 minuti\" \/>\n<script type=\"application\/ld+json\" class=\"yoast-schema-graph\">{\"@context\":\"https:\/\/schema.org\",\"@graph\":[{\"@type\":\"WebPage\",\"@id\":\"https:\/\/staging.varesenews.it\/2020\/07\/la-ragazza-uccello\/949215\/\",\"url\":\"https:\/\/staging.varesenews.it\/2020\/07\/la-ragazza-uccello\/949215\/\",\"name\":\"La ragazza uccello\",\"isPartOf\":{\"@id\":\"https:\/\/staging.varesenews.it\/#website\"},\"datePublished\":\"2020-07-26T08:32:53+00:00\",\"dateModified\":\"2020-07-26T08:42:44+00:00\",\"author\":{\"@id\":\"https:\/\/staging.varesenews.it\/#\/schema\/person\/308b491d3cb680ead199e5ff6c6ce540\"},\"description\":\"di Abramo Vane\",\"breadcrumb\":{\"@id\":\"https:\/\/staging.varesenews.it\/2020\/07\/la-ragazza-uccello\/949215\/#breadcrumb\"},\"inLanguage\":\"it-IT\",\"potentialAction\":[{\"@type\":\"ReadAction\",\"target\":[\"https:\/\/staging.varesenews.it\/2020\/07\/la-ragazza-uccello\/949215\/\"]}]},{\"@type\":\"BreadcrumbList\",\"@id\":\"https:\/\/staging.varesenews.it\/2020\/07\/la-ragazza-uccello\/949215\/#breadcrumb\",\"itemListElement\":[{\"@type\":\"ListItem\",\"position\":1,\"name\":\"Home\",\"item\":\"https:\/\/www.varesenews.it\/\"},{\"@type\":\"ListItem\",\"position\":2,\"name\":\"La ragazza uccello\"}]},{\"@type\":\"WebSite\",\"@id\":\"https:\/\/staging.varesenews.it\/#website\",\"url\":\"https:\/\/staging.varesenews.it\/\",\"name\":\"VareseNews\",\"description\":\"\",\"potentialAction\":[{\"@type\":\"SearchAction\",\"target\":{\"@type\":\"EntryPoint\",\"urlTemplate\":\"https:\/\/staging.varesenews.it\/?s={search_term_string}\"},\"query-input\":\"required name=search_term_string\"}],\"inLanguage\":\"it-IT\"},{\"@type\":\"Person\",\"@id\":\"https:\/\/staging.varesenews.it\/#\/schema\/person\/308b491d3cb680ead199e5ff6c6ce540\",\"name\":\"Michele Mancino\",\"image\":{\"@type\":\"ImageObject\",\"inLanguage\":\"it-IT\",\"@id\":\"https:\/\/staging.varesenews.it\/#\/schema\/person\/image\/\",\"url\":\"https:\/\/staging.varesenews.it\/wp-content\/uploads\/2020\/12\/michele_mancino_colori_500.jpg\",\"contentUrl\":\"https:\/\/staging.varesenews.it\/wp-content\/uploads\/2020\/12\/michele_mancino_colori_500.jpg\",\"caption\":\"Michele Mancino\"},\"description\":\"Sono a VareseNews da prima che nascesse. Ho inserito le prime notizie in una stringa di codice html, la lingua di internet. Aprivo i computer, cambiavo schede di rete e portavo i server dal provider. A met&agrave; degli anni &rsquo;90 il giornalista online doveva saper fare anche questo. Ho vissuto gli anni drammatici della bolla speculativa di Internet e quelli entusiastici della crescita, anni in cui VareseNews era un Davide in mezzo a tanti Golia. Poi sono arrivati i social, le nuove piattaforme e soprattutto gli smartphone, una postazione di lavoro racchiusa in una mano. Una nuova rivoluzione. Insomma, &egrave; stata, ed &egrave; ancora, un&rsquo;avventura entusiasmante perch&eacute; mi insegna giorno dopo giorno che il cambiamento &egrave; l&rsquo;unica certezza di questa fragile esistenza.\",\"sameAs\":[\"https:\/\/www.facebook.com\/michele.mancino.5\",\"micmancio\",\"Aggiorna le impostazioni del tuo profilo pubblicoit.linkedin.com\/pub\/michele-mancino\/28\/b71\/890\/it\",\"https:\/\/twitter.com\/micmancio\"],\"url\":\"https:\/\/staging.varesenews.it\/persona\/michele_mancino\/\"}]}<\/script>\n<!-- \/ Yoast SEO plugin. -->","yoast_head_json":{"title":"La ragazza uccello","description":"di Abramo Vane","robots":{"index":"noindex","follow":"follow","max-snippet":"max-snippet:-1","max-image-preview":"max-image-preview:large","max-video-preview":"max-video-preview:-1"},"og_locale":"it_IT","og_type":"article","og_title":"La ragazza uccello","og_description":"di Abramo Vane","og_url":"https:\/\/staging.varesenews.it\/2020\/07\/la-ragazza-uccello\/949215\/","og_site_name":"VareseNews","article_publisher":"https:\/\/www.facebook.com\/varesenews","article_author":"https:\/\/www.facebook.com\/michele.mancino.5","article_published_time":"2020-07-26T08:32:53+00:00","article_modified_time":"2020-07-26T08:42:44+00:00","author":"Michele Mancino","twitter_card":"summary_large_image","twitter_creator":"@micmancio","twitter_site":"@varesenews","twitter_misc":{"Scritto da":"Michele Mancino","Tempo di lettura stimato":"2 minuti"},"schema":{"@context":"https:\/\/schema.org","@graph":[{"@type":"WebPage","@id":"https:\/\/staging.varesenews.it\/2020\/07\/la-ragazza-uccello\/949215\/","url":"https:\/\/staging.varesenews.it\/2020\/07\/la-ragazza-uccello\/949215\/","name":"La ragazza uccello","isPartOf":{"@id":"https:\/\/staging.varesenews.it\/#website"},"datePublished":"2020-07-26T08:32:53+00:00","dateModified":"2020-07-26T08:42:44+00:00","author":{"@id":"https:\/\/staging.varesenews.it\/#\/schema\/person\/308b491d3cb680ead199e5ff6c6ce540"},"description":"di Abramo Vane","breadcrumb":{"@id":"https:\/\/staging.varesenews.it\/2020\/07\/la-ragazza-uccello\/949215\/#breadcrumb"},"inLanguage":"it-IT","potentialAction":[{"@type":"ReadAction","target":["https:\/\/staging.varesenews.it\/2020\/07\/la-ragazza-uccello\/949215\/"]}]},{"@type":"BreadcrumbList","@id":"https:\/\/staging.varesenews.it\/2020\/07\/la-ragazza-uccello\/949215\/#breadcrumb","itemListElement":[{"@type":"ListItem","position":1,"name":"Home","item":"https:\/\/www.varesenews.it\/"},{"@type":"ListItem","position":2,"name":"La ragazza uccello"}]},{"@type":"WebSite","@id":"https:\/\/staging.varesenews.it\/#website","url":"https:\/\/staging.varesenews.it\/","name":"VareseNews","description":"","potentialAction":[{"@type":"SearchAction","target":{"@type":"EntryPoint","urlTemplate":"https:\/\/staging.varesenews.it\/?s={search_term_string}"},"query-input":"required name=search_term_string"}],"inLanguage":"it-IT"},{"@type":"Person","@id":"https:\/\/staging.varesenews.it\/#\/schema\/person\/308b491d3cb680ead199e5ff6c6ce540","name":"Michele Mancino","image":{"@type":"ImageObject","inLanguage":"it-IT","@id":"https:\/\/staging.varesenews.it\/#\/schema\/person\/image\/","url":"https:\/\/staging.varesenews.it\/wp-content\/uploads\/2020\/12\/michele_mancino_colori_500.jpg","contentUrl":"https:\/\/staging.varesenews.it\/wp-content\/uploads\/2020\/12\/michele_mancino_colori_500.jpg","caption":"Michele Mancino"},"description":"Sono a VareseNews da prima che nascesse. Ho inserito le prime notizie in una stringa di codice html, la lingua di internet. Aprivo i computer, cambiavo schede di rete e portavo i server dal provider. A met&agrave; degli anni &rsquo;90 il giornalista online doveva saper fare anche questo. Ho vissuto gli anni drammatici della bolla speculativa di Internet e quelli entusiastici della crescita, anni in cui VareseNews era un Davide in mezzo a tanti Golia. Poi sono arrivati i social, le nuove piattaforme e soprattutto gli smartphone, una postazione di lavoro racchiusa in una mano. Una nuova rivoluzione. Insomma, &egrave; stata, ed &egrave; ancora, un&rsquo;avventura entusiasmante perch&eacute; mi insegna giorno dopo giorno che il cambiamento &egrave; l&rsquo;unica certezza di questa fragile esistenza.","sameAs":["https:\/\/www.facebook.com\/michele.mancino.5","micmancio","Aggiorna le impostazioni del tuo profilo pubblicoit.linkedin.com\/pub\/michele-mancino\/28\/b71\/890\/it","https:\/\/twitter.com\/micmancio"],"url":"https:\/\/staging.varesenews.it\/persona\/michele_mancino\/"}]}},"post_meta":{"_edit_lock":"1595752967:45","_edit_last":"45","_category_permalink":"a:1:{s:8:\"category\";s:2:\"18\";}","_encloseme":"1","ratings_users":"0","ratings_score":"0","ratings_average":"0","firma-personalizzata":"Abramo Vane","argomento":"IL RACCONTO DELLA DOMENICA","_yoast_wpseo_content_score":"30","_jd_tweet_this":"yes","_wpt_short_url":"https:\/\/www.varesenews.it\/2020\/07\/la-ragazza-uccello\/949215\/","_wp_jd_target":"https:\/\/www.varesenews.it\/2020\/07\/la-ragazza-uccello\/949215\/","_jd_wp_twitter":"a:1:{i:0;s:90:\"La ragazza uccello https:\/\/www.varesenews.it\/2020\/07\/la-ragazza-uccello\/949215\/ #ilcavedio\";}","_wpt_status_message":"Tweet inviato con successo.","foto":"1166048"},"photos":[{"original":"https:\/\/staging.varesenews.it\/photogallery_new\/images\/2020\/07\/il-racconto-della-domenica-1166048.jpg","full":"https:\/\/staging.varesenews.it\/photogallery_new\/images\/2020\/07\/il-racconto-della-domenica-1166048.1024x768.jpg","large":"https:\/\/staging.varesenews.it\/photogallery_new\/images\/2020\/07\/il-racconto-della-domenica-1166048.610x431.jpg"}],"_links":{"self":[{"href":"https:\/\/staging.varesenews.it\/swgapi\/v1\/wp\/v2\/posts\/949215"}],"collection":[{"href":"https:\/\/staging.varesenews.it\/swgapi\/v1\/wp\/v2\/posts"}],"about":[{"href":"https:\/\/staging.varesenews.it\/swgapi\/v1\/wp\/v2\/types\/post"}],"author":[{"embeddable":true,"href":"https:\/\/staging.varesenews.it\/swgapi\/v1\/wp\/v2\/users\/45"}],"replies":[{"embeddable":true,"href":"https:\/\/staging.varesenews.it\/swgapi\/v1\/wp\/v2\/comments?post=949215"}],"version-history":[{"count":0,"href":"https:\/\/staging.varesenews.it\/swgapi\/v1\/wp\/v2\/posts\/949215\/revisions"}],"wp:attachment":[{"href":"https:\/\/staging.varesenews.it\/swgapi\/v1\/wp\/v2\/media?parent=949215"}],"wp:term":[{"taxonomy":"category","embeddable":true,"href":"https:\/\/staging.varesenews.it\/swgapi\/v1\/wp\/v2\/categories?post=949215"},{"taxonomy":"post_tag","embeddable":true,"href":"https:\/\/staging.varesenews.it\/swgapi\/v1\/wp\/v2\/tags?post=949215"}],"curies":[{"name":"wp","href":"https:\/\/api.w.org\/{rel}","templated":true}]}}