{"id":949387,"date":"2020-07-27T11:20:24","date_gmt":"2020-07-27T09:20:24","guid":{"rendered":"https:\/\/www.varesenews.it\/?p=949387"},"modified":"2020-07-27T11:25:44","modified_gmt":"2020-07-27T09:25:44","slug":"corsa-quattro-le-elezioni-comunali-luino","status":"publish","type":"post","link":"https:\/\/staging.varesenews.it\/2020\/07\/corsa-quattro-le-elezioni-comunali-luino\/949387\/","title":{"rendered":"Corsa a quattro per le elezioni comunali a Luino"},"content":{"rendered":"<p>Sorprese e non da poco a Luino. Al momento per le prossime elezioni amministrative ci saranno quattro candidati sindaco, Furio Artoni, Enrico Bianchi, Alessandro Casali e Franco Compagnoni, e altrettante liste. Ricordiamo che la cittadina del Verbano \u00e8 sotto 15mila abitanti e quindi avr\u00e0 un turno unico di voto il 20 e 21 settembre prossimo.<\/p>\n<p>La citt\u00e0 vive forti dinamiche politiche, almeno nel campo del centrodestra dove si \u00e8 consumata una profonda frattura tra la Lega e le altre forze alleate. L&#8217;attuale sindaco Andrea Pellicini ha un ruolo centrale nella vicenda tanto da dichiarare apertamente la sua candidatura come capolista nella lista\u00a0 che vede Compagnoni come suo successore.<\/p>\n<p>La situazione \u00e8 diversa nell&#8217;altro campo. Enrico Bianchi si presenta con una lista civica che \u00e8 vicina al centrosinistra. Al momento non \u00e8 ancora certa la posizione degli attivisti del Movimento cinque stelle.<\/p>\n<h3>FURIO ARTONI<\/h3>\n<p>Il primo a rompere gli indugi \u00e8 stato Furio Artoni con la lista <a href=\"https:\/\/www.varesenews.it\/2020\/07\/amministrative-luino-la-lista-artoni-simbolo\/943544\/\" target=\"_blank\" rel=\"noopener\"><strong>Azione civica<\/strong><\/a>.\u00a0La sua candidatura \u00e8 maturata nella galassia del mondo civico che fa riferimento a diverse componenti, in parte gi\u00e0 oggi rappresentate in consiglio comunale: c\u2019\u00e8 per esempio il nome di\u00a0Pietro Agostinelli\u00a0in lista con lui, attualmente consigliere di minoranza eletto cinque anni fa con il Min (Movimento Italia nazione).<\/p>\n<blockquote class=\"wp-embedded-content\" data-secret=\"aqJ88lHEAo\"><p><a href=\"https:\/\/www.varesenews.it\/2020\/06\/luino-scende-campo-furio-artoni-candidato-sindaco-dellarea-civica\/940183\/\">Luino, scende in campo Furio Artoni candidato sindaco dell\u2019area civica<\/a><\/p><\/blockquote>\n<p><iframe class=\"wp-embedded-content\" sandbox=\"allow-scripts\" security=\"restricted\" style=\"position: absolute; clip: rect(1px, 1px, 1px, 1px);\" src=\"https:\/\/www.varesenews.it\/2020\/06\/luino-scende-campo-furio-artoni-candidato-sindaco-dellarea-civica\/940183\/embed\/#?secret=aqJ88lHEAo\" data-secret=\"aqJ88lHEAo\" width=\"500\" height=\"282\" title=\"&#8220;Luino, scende in campo Furio Artoni candidato sindaco dell\u2019area civica&#8221; &#8212; VareseNews\" frameborder=\"0\" marginwidth=\"0\" marginheight=\"0\" scrolling=\"no\"><\/iframe><\/p>\n<h3>ENRICO BIANCHI<\/h3>\n<p>Enrico Bianchi \u00e8 il candidato sindaco della lista Proposta per Luino. La compagine non ha bandiere di partito ed \u00e8 eterogenea anche se il riferimento politico \u00e8 all&#8217;area del centrosinistra. Bianchi \u00e8 nato a Luino\u00a0da genitori che arrivavano dal lago Maggiore, Cald\u00e8 e Laveno. Ha 62 anni, tre figli tutti universitari: Alessandro di 23 anni, le gemelle Giulia e Beatrice di 22. Farmacista con un passato nelle aziende farmaceutiche con diversi ruoli.<\/p>\n<blockquote class=\"wp-embedded-content\" data-secret=\"57qjCtsX8m\"><p><a href=\"https:\/\/www.varesenews.it\/2020\/07\/luino-puo-volare-alto\/949174\/\">\u201cAi nostri candidati non chiediamo da dove arrivano ma dove vogliono andare&#8221;<\/a><\/p><\/blockquote>\n<p><iframe class=\"wp-embedded-content\" sandbox=\"allow-scripts\" security=\"restricted\" style=\"position: absolute; clip: rect(1px, 1px, 1px, 1px);\" src=\"https:\/\/www.varesenews.it\/2020\/07\/luino-puo-volare-alto\/949174\/embed\/#?secret=57qjCtsX8m\" data-secret=\"57qjCtsX8m\" width=\"500\" height=\"282\" title=\"&#8220;\u201cAi nostri candidati non chiediamo da dove arrivano ma dove vogliono andare&#8221;&#8221; &#8212; VareseNews\" frameborder=\"0\" marginwidth=\"0\" marginheight=\"0\" scrolling=\"no\"><\/iframe><\/p>\n<h3>ALESSANDRO CASALI<\/h3>\n<p>L&#8217;attuale vice sindaco\u00a0<a href=\"https:\/\/www.varesenews.it\/2020\/07\/luino-la-lega-candida-casali-sostenuto-lombardia-ideale-civici\/947713\/\" target=\"_blank\" rel=\"noopener\">proposto dalla Lega \u00e8 sostenuto da Lombardia ideale e Civici<\/a>.\u00a0 Davide Cataldo, responsabile della Lega ha motivato la scelta. \u201cNon ci interessa far parte di queste polemiche, (riferendosi alle relazioni tra i partiti del centrodestra, ndr) stiamo lavorando ad un progetto ambizioso e innovativo che far\u00e0 davvero bene alla Citt\u00e0 ed ai suoi cittadini, con uomini della societ\u00e0 civile luinese che come noi hanno voglia di lavorare a testa bassa e basta&#8221;.<\/p>\n<blockquote class=\"wp-embedded-content\" data-secret=\"IegrGHceDi\"><p><a href=\"https:\/\/www.varesenews.it\/2020\/07\/la-lega-luino-tira-dritto-casali-cataldo-unita-del-centrodestra-la-porta-aperta\/948499\/\">La Lega di Luino tira dritto con Casali. Cataldo: &#8220;Unit\u00e0 del centrodestra? La porta \u00e8 aperta&#8221;<\/a><\/p><\/blockquote>\n<p><iframe class=\"wp-embedded-content\" sandbox=\"allow-scripts\" security=\"restricted\" style=\"position: absolute; clip: rect(1px, 1px, 1px, 1px);\" src=\"https:\/\/www.varesenews.it\/2020\/07\/la-lega-luino-tira-dritto-casali-cataldo-unita-del-centrodestra-la-porta-aperta\/948499\/embed\/#?secret=IegrGHceDi\" data-secret=\"IegrGHceDi\" width=\"500\" height=\"282\" title=\"&#8220;La Lega di Luino tira dritto con Casali. Cataldo: &#8220;Unit\u00e0 del centrodestra? La porta \u00e8 aperta&#8221;&#8221; &#8212; VareseNews\" frameborder=\"0\" marginwidth=\"0\" marginheight=\"0\" scrolling=\"no\"><\/iframe><\/p>\n<h3>FRANCO COMPAGNONI<\/h3>\n<p>Franco Compagnoni \u00e8 un volto molto noto a Luino e non solo. Medico ospedaliero ha una passione per la politica. Vicino alla Lega si candid\u00f2 cinque anni fa con una lista del centrosinistra perdendo contro Pellicini. Lo stesso che ha lavorato per candidarlo alla sua successiva. <a href=\"https:\/\/www.varesenews.it\/2020\/07\/luino-la-lega-corre-sola-resto-del-centrodestra-candida-franco-compagnoni\/949239\/\" target=\"_blank\" rel=\"noopener\">Le segreterie cittadine di\u00a0Fratelli d\u2019Italia, Forza Italia e Noi per l\u2019Italia<\/a>\u00a0hanno deciso di candidare a sindaco Franco Compagnoni, storico medico dell\u2019Ospedale di Luino. \u00abPrendiamo\u00a0atto \u2013 sottolineano\u00a0Mario Contini (Fdi) e Piero Carletti (Forza Italia) \u2013\u00a0dell\u2019incredibile decisione della Lega di correre da sola\u00a0alle prossime elezioni comunali, non rispettando un accordo scritto che impegnava all\u2019unit\u00e0 del centrodestra e non raccogliendo neppure il successivo appello ad un ripensamento rispetto a tale posizione\u00bb.<\/p>\n<blockquote class=\"wp-embedded-content\" data-secret=\"tm6Cypf7qc\"><p><a href=\"https:\/\/www.varesenews.it\/2020\/07\/compagnoni-ringrazia-commosso-manda-un-messaggio-alla-lega\/949257\/\">Compagnoni ringrazia commosso e manda un messaggio alla Lega<\/a><\/p><\/blockquote>\n<p><iframe class=\"wp-embedded-content\" sandbox=\"allow-scripts\" security=\"restricted\" style=\"position: absolute; clip: rect(1px, 1px, 1px, 1px);\" src=\"https:\/\/www.varesenews.it\/2020\/07\/compagnoni-ringrazia-commosso-manda-un-messaggio-alla-lega\/949257\/embed\/#?secret=tm6Cypf7qc\" data-secret=\"tm6Cypf7qc\" width=\"500\" height=\"282\" title=\"&#8220;Compagnoni ringrazia commosso e manda un messaggio alla Lega&#8221; &#8212; VareseNews\" frameborder=\"0\" marginwidth=\"0\" marginheight=\"0\" scrolling=\"no\"><\/iframe><\/p>\n<h3>TUTTE LE INFORMAZIONI ELETTORALI LE TROVATE<\/h3>\n<p>Su <a href=\"https:\/\/www.varesenews.it\/tag\/elezioni-amministrative-2020-luino\/\" target=\"_blank\" rel=\"noopener\">Varesenews<\/a>, su <a href=\"https:\/\/www.verbanonews.it\/citta\/luino\/\" target=\"_blank\" rel=\"noopener\">Verbanonews<\/a> e sullo <a href=\"https:\/\/elezioni2020.varesenews.it\/\" target=\"_blank\" rel=\"noopener\">speciale elettorale<\/a><\/p>\n<p>&nbsp;<\/p>\n","protected":false},"excerpt":{"rendered":"<p>Artoni, Bianchi, Casali e Compagnoni i quattro candidati in ordine alfabetico. Tre sono espressione politica del centrodestra e uno del centrosinistra<\/p>\n","protected":false},"author":54,"featured_media":0,"comment_status":"open","ping_status":"open","sticky":false,"template":"","format":"standard","meta":{"footnotes":""},"categories":[16,2],"tags":[97471,102232],"acf":[],"yoast_head":"<!-- This site is optimized with the Yoast SEO plugin v20.1 - https:\/\/yoast.com\/wordpress\/plugins\/seo\/ -->\n<title>Corsa a quattro per le elezioni comunali a Luino<\/title>\n<meta name=\"description\" content=\"Artoni, Bianchi, Casali e Compagnoni i quattro candidati in ordine alfabetico. Tre sono espressione politica del centrodestra e uno del centrosinistra\" \/>\n<meta name=\"robots\" content=\"noindex, follow, max-snippet:-1, max-image-preview:large, max-video-preview:-1\" \/>\n<meta property=\"og:locale\" content=\"it_IT\" \/>\n<meta property=\"og:type\" content=\"article\" \/>\n<meta property=\"og:title\" content=\"Corsa a quattro per le elezioni comunali a Luino\" \/>\n<meta property=\"og:description\" content=\"Artoni, Bianchi, Casali e Compagnoni i quattro candidati in ordine alfabetico. Tre sono espressione politica del centrodestra e uno del centrosinistra\" \/>\n<meta property=\"og:url\" content=\"https:\/\/staging.varesenews.it\/2020\/07\/corsa-quattro-le-elezioni-comunali-luino\/949387\/\" \/>\n<meta property=\"og:site_name\" content=\"VareseNews\" \/>\n<meta property=\"article:publisher\" content=\"https:\/\/www.facebook.com\/varesenews\" \/>\n<meta property=\"article:author\" content=\"https:\/\/www.facebook.com\/giovannelli.marco?fref=ts\" \/>\n<meta property=\"article:published_time\" content=\"2020-07-27T09:20:24+00:00\" \/>\n<meta property=\"article:modified_time\" content=\"2020-07-27T09:25:44+00:00\" \/>\n<meta name=\"author\" content=\"Marco Giovannelli\" \/>\n<meta name=\"twitter:card\" content=\"summary_large_image\" \/>\n<meta name=\"twitter:creator\" content=\"@marcogio59\" \/>\n<meta name=\"twitter:site\" content=\"@varesenews\" \/>\n<meta name=\"twitter:label1\" content=\"Scritto da\" \/>\n\t<meta name=\"twitter:data1\" content=\"Marco Giovannelli\" \/>\n\t<meta name=\"twitter:label2\" content=\"Tempo di lettura stimato\" \/>\n\t<meta name=\"twitter:data2\" content=\"3 minuti\" \/>\n<script type=\"application\/ld+json\" class=\"yoast-schema-graph\">{\"@context\":\"https:\/\/schema.org\",\"@graph\":[{\"@type\":\"WebPage\",\"@id\":\"https:\/\/staging.varesenews.it\/2020\/07\/corsa-quattro-le-elezioni-comunali-luino\/949387\/\",\"url\":\"https:\/\/staging.varesenews.it\/2020\/07\/corsa-quattro-le-elezioni-comunali-luino\/949387\/\",\"name\":\"Corsa a quattro per le elezioni comunali a Luino\",\"isPartOf\":{\"@id\":\"https:\/\/staging.varesenews.it\/#website\"},\"datePublished\":\"2020-07-27T09:20:24+00:00\",\"dateModified\":\"2020-07-27T09:25:44+00:00\",\"author\":{\"@id\":\"https:\/\/staging.varesenews.it\/#\/schema\/person\/b32b6f44664f8274f79469e452856024\"},\"description\":\"Artoni, Bianchi, Casali e Compagnoni i quattro candidati in ordine alfabetico. Tre sono espressione politica del centrodestra e uno del centrosinistra\",\"breadcrumb\":{\"@id\":\"https:\/\/staging.varesenews.it\/2020\/07\/corsa-quattro-le-elezioni-comunali-luino\/949387\/#breadcrumb\"},\"inLanguage\":\"it-IT\",\"potentialAction\":[{\"@type\":\"ReadAction\",\"target\":[\"https:\/\/staging.varesenews.it\/2020\/07\/corsa-quattro-le-elezioni-comunali-luino\/949387\/\"]}]},{\"@type\":\"BreadcrumbList\",\"@id\":\"https:\/\/staging.varesenews.it\/2020\/07\/corsa-quattro-le-elezioni-comunali-luino\/949387\/#breadcrumb\",\"itemListElement\":[{\"@type\":\"ListItem\",\"position\":1,\"name\":\"Home\",\"item\":\"https:\/\/www.varesenews.it\/\"},{\"@type\":\"ListItem\",\"position\":2,\"name\":\"Corsa a quattro per le elezioni comunali a Luino\"}]},{\"@type\":\"WebSite\",\"@id\":\"https:\/\/staging.varesenews.it\/#website\",\"url\":\"https:\/\/staging.varesenews.it\/\",\"name\":\"VareseNews\",\"description\":\"\",\"potentialAction\":[{\"@type\":\"SearchAction\",\"target\":{\"@type\":\"EntryPoint\",\"urlTemplate\":\"https:\/\/staging.varesenews.it\/?s={search_term_string}\"},\"query-input\":\"required name=search_term_string\"}],\"inLanguage\":\"it-IT\"},{\"@type\":\"Person\",\"@id\":\"https:\/\/staging.varesenews.it\/#\/schema\/person\/b32b6f44664f8274f79469e452856024\",\"name\":\"Marco Giovannelli\",\"image\":{\"@type\":\"ImageObject\",\"inLanguage\":\"it-IT\",\"@id\":\"https:\/\/staging.varesenews.it\/#\/schema\/person\/image\/\",\"url\":\"https:\/\/staging.varesenews.it\/wp-content\/uploads\/2020\/12\/marco_giovannelli_colori_500.jpg\",\"contentUrl\":\"https:\/\/staging.varesenews.it\/wp-content\/uploads\/2020\/12\/marco_giovannelli_colori_500.jpg\",\"caption\":\"Marco Giovannelli\"},\"description\":\"Viterbese di origine vivo a Varese dal 1978. Due figli grandi, due lauree in scienze &ldquo;inutili&rdquo; quanto affascinanti che mi portano a mettere lo studio ancora al primo posto. Dopo aver lavorato per il sindacato, fondato e lavorato al centro Gulliver, in una cooperativa che gestiva il Circolino a Varese, con un altro viterbese e un lucano ho fondato VareseNews quando nessuno o quasi sapeva cosa fosse Internet. Ho alcune grandi passioni, la prima &egrave; il cammino che cerco di vivere quotidianamente. Averne percorsi alcuni storici con Santiago e la Francigena mi ha poi portato a far diventare anche lavoro la loro valorizzazione e in particolare la Via Francisca del Lucomagno. Amo leggere, andare al cinema, viaggiare. Mi piace conoscere. La mia migliore attitudine &egrave; connettere mondi e per questo mi affascina la contemporaneit&agrave; e il digitale. Ho insegnato diritto ed economia per un decennio nelle scuole superiori. Ho tenuto diverse lezioni e laboratori allo Iulm e ora all&rsquo;Universit&agrave; dell&rsquo;Insubria con un corso di Giornalismo digitale alla specialistica. Ho fondato diversi progetti editoriali.&nbsp;\",\"sameAs\":[\"https:\/\/www.facebook.com\/giovannelli.marco?fref=ts\",\"marcogio59\",\"https:\/\/it.linkedin.com\/in\/giovannellimarco\",\"https:\/\/twitter.com\/marcogio59\"],\"url\":\"https:\/\/staging.varesenews.it\/persona\/marco_giovannelli-2\/\"}]}<\/script>\n<!-- \/ Yoast SEO plugin. -->","yoast_head_json":{"title":"Corsa a quattro per le elezioni comunali a Luino","description":"Artoni, Bianchi, Casali e Compagnoni i quattro candidati in ordine alfabetico. Tre sono espressione politica del centrodestra e uno del centrosinistra","robots":{"index":"noindex","follow":"follow","max-snippet":"max-snippet:-1","max-image-preview":"max-image-preview:large","max-video-preview":"max-video-preview:-1"},"og_locale":"it_IT","og_type":"article","og_title":"Corsa a quattro per le elezioni comunali a Luino","og_description":"Artoni, Bianchi, Casali e Compagnoni i quattro candidati in ordine alfabetico. Tre sono espressione politica del centrodestra e uno del centrosinistra","og_url":"https:\/\/staging.varesenews.it\/2020\/07\/corsa-quattro-le-elezioni-comunali-luino\/949387\/","og_site_name":"VareseNews","article_publisher":"https:\/\/www.facebook.com\/varesenews","article_author":"https:\/\/www.facebook.com\/giovannelli.marco?fref=ts","article_published_time":"2020-07-27T09:20:24+00:00","article_modified_time":"2020-07-27T09:25:44+00:00","author":"Marco Giovannelli","twitter_card":"summary_large_image","twitter_creator":"@marcogio59","twitter_site":"@varesenews","twitter_misc":{"Scritto da":"Marco Giovannelli","Tempo di lettura stimato":"3 minuti"},"schema":{"@context":"https:\/\/schema.org","@graph":[{"@type":"WebPage","@id":"https:\/\/staging.varesenews.it\/2020\/07\/corsa-quattro-le-elezioni-comunali-luino\/949387\/","url":"https:\/\/staging.varesenews.it\/2020\/07\/corsa-quattro-le-elezioni-comunali-luino\/949387\/","name":"Corsa a quattro per le elezioni comunali a Luino","isPartOf":{"@id":"https:\/\/staging.varesenews.it\/#website"},"datePublished":"2020-07-27T09:20:24+00:00","dateModified":"2020-07-27T09:25:44+00:00","author":{"@id":"https:\/\/staging.varesenews.it\/#\/schema\/person\/b32b6f44664f8274f79469e452856024"},"description":"Artoni, Bianchi, Casali e Compagnoni i quattro candidati in ordine alfabetico. Tre sono espressione politica del centrodestra e uno del centrosinistra","breadcrumb":{"@id":"https:\/\/staging.varesenews.it\/2020\/07\/corsa-quattro-le-elezioni-comunali-luino\/949387\/#breadcrumb"},"inLanguage":"it-IT","potentialAction":[{"@type":"ReadAction","target":["https:\/\/staging.varesenews.it\/2020\/07\/corsa-quattro-le-elezioni-comunali-luino\/949387\/"]}]},{"@type":"BreadcrumbList","@id":"https:\/\/staging.varesenews.it\/2020\/07\/corsa-quattro-le-elezioni-comunali-luino\/949387\/#breadcrumb","itemListElement":[{"@type":"ListItem","position":1,"name":"Home","item":"https:\/\/www.varesenews.it\/"},{"@type":"ListItem","position":2,"name":"Corsa a quattro per le elezioni comunali a Luino"}]},{"@type":"WebSite","@id":"https:\/\/staging.varesenews.it\/#website","url":"https:\/\/staging.varesenews.it\/","name":"VareseNews","description":"","potentialAction":[{"@type":"SearchAction","target":{"@type":"EntryPoint","urlTemplate":"https:\/\/staging.varesenews.it\/?s={search_term_string}"},"query-input":"required name=search_term_string"}],"inLanguage":"it-IT"},{"@type":"Person","@id":"https:\/\/staging.varesenews.it\/#\/schema\/person\/b32b6f44664f8274f79469e452856024","name":"Marco Giovannelli","image":{"@type":"ImageObject","inLanguage":"it-IT","@id":"https:\/\/staging.varesenews.it\/#\/schema\/person\/image\/","url":"https:\/\/staging.varesenews.it\/wp-content\/uploads\/2020\/12\/marco_giovannelli_colori_500.jpg","contentUrl":"https:\/\/staging.varesenews.it\/wp-content\/uploads\/2020\/12\/marco_giovannelli_colori_500.jpg","caption":"Marco Giovannelli"},"description":"Viterbese di origine vivo a Varese dal 1978. Due figli grandi, due lauree in scienze &ldquo;inutili&rdquo; quanto affascinanti che mi portano a mettere lo studio ancora al primo posto. Dopo aver lavorato per il sindacato, fondato e lavorato al centro Gulliver, in una cooperativa che gestiva il Circolino a Varese, con un altro viterbese e un lucano ho fondato VareseNews quando nessuno o quasi sapeva cosa fosse Internet. Ho alcune grandi passioni, la prima &egrave; il cammino che cerco di vivere quotidianamente. Averne percorsi alcuni storici con Santiago e la Francigena mi ha poi portato a far diventare anche lavoro la loro valorizzazione e in particolare la Via Francisca del Lucomagno. Amo leggere, andare al cinema, viaggiare. Mi piace conoscere. La mia migliore attitudine &egrave; connettere mondi e per questo mi affascina la contemporaneit&agrave; e il digitale. Ho insegnato diritto ed economia per un decennio nelle scuole superiori. Ho tenuto diverse lezioni e laboratori allo Iulm e ora all&rsquo;Universit&agrave; dell&rsquo;Insubria con un corso di Giornalismo digitale alla specialistica. Ho fondato diversi progetti editoriali.&nbsp;","sameAs":["https:\/\/www.facebook.com\/giovannelli.marco?fref=ts","marcogio59","https:\/\/it.linkedin.com\/in\/giovannellimarco","https:\/\/twitter.com\/marcogio59"],"url":"https:\/\/staging.varesenews.it\/persona\/marco_giovannelli-2\/"}]}},"post_meta":{"_edit_lock":"1595846913:54","_edit_last":"54","_oembed_72042f95658dbc6aced322945cd33a99":"<blockquote class=\"wp-embedded-content\" data-secret=\"aqJ88lHEAo\"><a href=\"https:\/\/www.varesenews.it\/2020\/06\/luino-scende-campo-furio-artoni-candidato-sindaco-dellarea-civica\/940183\/\">Luino, scende in campo Furio Artoni candidato sindaco dell\u2019area civica<\/a><\/blockquote><iframe class=\"wp-embedded-content\" sandbox=\"allow-scripts\" security=\"restricted\" style=\"position: absolute; clip: rect(1px, 1px, 1px, 1px);\" src=\"https:\/\/www.varesenews.it\/2020\/06\/luino-scende-campo-furio-artoni-candidato-sindaco-dellarea-civica\/940183\/embed\/#?secret=aqJ88lHEAo\" data-secret=\"aqJ88lHEAo\" width=\"500\" height=\"282\" title=\"&#8220;Luino, scende in campo Furio Artoni candidato sindaco dell\u2019area civica&#8221; &#8212; VareseNews\" frameborder=\"0\" marginwidth=\"0\" marginheight=\"0\" scrolling=\"no\"><\/iframe>","_oembed_time_72042f95658dbc6aced322945cd33a99":"1595839834","_oembed_8f114fad2fc20addccbe2eab4c3ec927":"<blockquote class=\"wp-embedded-content\" data-secret=\"57qjCtsX8m\"><a href=\"https:\/\/www.varesenews.it\/2020\/07\/luino-puo-volare-alto\/949174\/\">\u201cAi nostri candidati non chiediamo da dove arrivano ma dove vogliono andare&#8221;<\/a><\/blockquote><iframe class=\"wp-embedded-content\" sandbox=\"allow-scripts\" security=\"restricted\" style=\"position: absolute; clip: rect(1px, 1px, 1px, 1px);\" src=\"https:\/\/www.varesenews.it\/2020\/07\/luino-puo-volare-alto\/949174\/embed\/#?secret=57qjCtsX8m\" data-secret=\"57qjCtsX8m\" width=\"500\" height=\"282\" title=\"&#8220;\u201cAi nostri candidati non chiediamo da dove arrivano ma dove vogliono andare&#8221;&#8221; &#8212; VareseNews\" frameborder=\"0\" marginwidth=\"0\" marginheight=\"0\" scrolling=\"no\"><\/iframe>","_oembed_time_8f114fad2fc20addccbe2eab4c3ec927":"1595840216","_oembed_5f9405bbdb866e7dd2949440463e3bc5":"<blockquote class=\"wp-embedded-content\" data-secret=\"IegrGHceDi\"><a href=\"https:\/\/www.varesenews.it\/2020\/07\/la-lega-luino-tira-dritto-casali-cataldo-unita-del-centrodestra-la-porta-aperta\/948499\/\">La Lega di Luino tira dritto con Casali. Cataldo: &#8220;Unit\u00e0 del centrodestra? La porta \u00e8 aperta&#8221;<\/a><\/blockquote><iframe class=\"wp-embedded-content\" sandbox=\"allow-scripts\" security=\"restricted\" style=\"position: absolute; clip: rect(1px, 1px, 1px, 1px);\" src=\"https:\/\/www.varesenews.it\/2020\/07\/la-lega-luino-tira-dritto-casali-cataldo-unita-del-centrodestra-la-porta-aperta\/948499\/embed\/#?secret=IegrGHceDi\" data-secret=\"IegrGHceDi\" width=\"500\" height=\"282\" title=\"&#8220;La Lega di Luino tira dritto con Casali. Cataldo: &#8220;Unit\u00e0 del centrodestra? La porta \u00e8 aperta&#8221;&#8221; &#8212; VareseNews\" frameborder=\"0\" marginwidth=\"0\" marginheight=\"0\" scrolling=\"no\"><\/iframe>","_oembed_time_5f9405bbdb866e7dd2949440463e3bc5":"1595840592","_oembed_07b1662bb5baf21f254fd14d660f5821":"<blockquote class=\"wp-embedded-content\" data-secret=\"tm6Cypf7qc\"><a href=\"https:\/\/www.varesenews.it\/2020\/07\/compagnoni-ringrazia-commosso-manda-un-messaggio-alla-lega\/949257\/\">Compagnoni ringrazia commosso e manda un messaggio alla Lega<\/a><\/blockquote><iframe class=\"wp-embedded-content\" sandbox=\"allow-scripts\" security=\"restricted\" style=\"position: absolute; clip: rect(1px, 1px, 1px, 1px);\" src=\"https:\/\/www.varesenews.it\/2020\/07\/compagnoni-ringrazia-commosso-manda-un-messaggio-alla-lega\/949257\/embed\/#?secret=tm6Cypf7qc\" data-secret=\"tm6Cypf7qc\" width=\"500\" height=\"282\" title=\"&#8220;Compagnoni ringrazia commosso e manda un messaggio alla Lega&#8221; &#8212; VareseNews\" frameborder=\"0\" marginwidth=\"0\" marginheight=\"0\" scrolling=\"no\"><\/iframe>","_oembed_time_07b1662bb5baf21f254fd14d660f5821":"1595840961","_category_permalink":"a:1:{s:8:\"category\";s:0:\"\";}","_encloseme":"1","ratings_users":"0","ratings_score":"0","ratings_average":"0","foto":"776500","firma_come_redazione":"1","argomento":"Luino","_yoast_wpseo_content_score":"60","_jd_tweet_this":"yes","_wpt_short_url":"https:\/\/www.varesenews.it\/2020\/07\/corsa-quattro-le-elezioni-comunali-luino\/949387\/","_wp_jd_target":"https:\/\/www.varesenews.it\/2020\/07\/corsa-quattro-le-elezioni-comunali-luino\/949387\/","_jd_wp_twitter":"a:1:{i:0;s:132:\"Corsa a quattro per le elezioni comunali a Luino https:\/\/www.varesenews.it\/2020\/07\/corsa-quattro-le-elezioni-comunali-luino\/949387\/ \";}","_wpt_status_message":"Tweet inviato con successo."},"photos":[{"original":"https:\/\/staging.varesenews.it\/photogallery_new\/images\/2019\/12\/boldini-luino-776500.jpg","full":"https:\/\/staging.varesenews.it\/photogallery_new\/images\/2019\/12\/boldini-luino-776500.1024x768.jpg","large":"https:\/\/staging.varesenews.it\/photogallery_new\/images\/2019\/12\/boldini-luino-776500.610x431.jpg"}],"_links":{"self":[{"href":"https:\/\/staging.varesenews.it\/swgapi\/v1\/wp\/v2\/posts\/949387"}],"collection":[{"href":"https:\/\/staging.varesenews.it\/swgapi\/v1\/wp\/v2\/posts"}],"about":[{"href":"https:\/\/staging.varesenews.it\/swgapi\/v1\/wp\/v2\/types\/post"}],"author":[{"embeddable":true,"href":"https:\/\/staging.varesenews.it\/swgapi\/v1\/wp\/v2\/users\/54"}],"replies":[{"embeddable":true,"href":"https:\/\/staging.varesenews.it\/swgapi\/v1\/wp\/v2\/comments?post=949387"}],"version-history":[{"count":0,"href":"https:\/\/staging.varesenews.it\/swgapi\/v1\/wp\/v2\/posts\/949387\/revisions"}],"wp:attachment":[{"href":"https:\/\/staging.varesenews.it\/swgapi\/v1\/wp\/v2\/media?parent=949387"}],"wp:term":[{"taxonomy":"category","embeddable":true,"href":"https:\/\/staging.varesenews.it\/swgapi\/v1\/wp\/v2\/categories?post=949387"},{"taxonomy":"post_tag","embeddable":true,"href":"https:\/\/staging.varesenews.it\/swgapi\/v1\/wp\/v2\/tags?post=949387"}],"curies":[{"name":"wp","href":"https:\/\/api.w.org\/{rel}","templated":true}]}}