{"id":950072,"date":"2020-07-29T16:40:36","date_gmt":"2020-07-29T14:40:36","guid":{"rendered":"https:\/\/www.varesenews.it\/?p=950072"},"modified":"2020-07-29T19:09:03","modified_gmt":"2020-07-29T17:09:03","slug":"auser-filo-dargento-ora-anche-quattro-ruote","status":"publish","type":"post","link":"https:\/\/staging.varesenews.it\/2020\/07\/auser-filo-dargento-ora-anche-quattro-ruote\/950072\/","title":{"rendered":"Auser Filo d\u2019Argento ora \u00e8 anche a quattro ruote"},"content":{"rendered":"<p>Questa mattina alla sede <strong>Auser Insieme<\/strong> di Busto Arsizio \u00e8 stato ufficialmente consegnato al <strong>Filo d\u2019Argento<\/strong>, il servizio di accompagnamento familiare aperto ai cittadini bustesi e patrocinato dalla Citt\u00e0, l\u2019<strong>automezzo<\/strong> <strong>attrezzato per l\u2019accompagnamento di affetti da disabilit\u00e0 motorie ed attrezzato con dispositivi antiCovid<\/strong>.<span class=\"Apple-converted-space\">\u00a0Il Dobl\u00f2 attrezzato per il trasporto di persone disabili \u00e8 stato\u00a0offerto dalla <strong>Societ\u00e0 &#8220;Pulmino\u00a0Amico&#8221;<\/strong> con il sostegno delle <strong>imprese locali<\/strong> che hanno sponsorizzato l&#8217;iniziativa.\u00a0<\/span><\/p>\n<p>Auser Filo d\u2019Argento \u00e8 un servizio di aiuto alla persona, che consiste nell\u2019assistenza tramite sportello telefonico e nell\u2019attivit\u00e0 di accompagnamento familiare basato sul contributo dei volontari che accompagnano le persone a fare le proprie commissioni quotidiane, dalla spesa al medico. Necessario, dunque, era un automezzo con cui poter trasportare anche gli utenti disabili.<span class=\"Apple-converted-space\">\u00a0<\/span><\/p>\n<p>\u00abIl progetto ci permette di risparmiare sulle spese vive che non vanno a cadere sul bilancio dell\u2019associazione; per noi questo mezzo \u00e8 ossigeno &#8211; ha spiegato il presidente di Auser <strong>Maurizio Maggioni<\/strong> ringraziando gli sponsor -.<span class=\"Apple-converted-space\">\u00a0 <\/span>L\u2019associazione si prende l\u2019onere di pagare la benzina; contribuisce raccogliendo i fondi per sostenere le spese vive attraverso le iniziative di promozione sociale. Inoltre, poter trasportare anche i disabili in carrozzina \u00e8 un orgoglio, si tratta di uno strumento in pi\u00f9 e un aumento qualitativo della nostra offerta\u00bb.<span class=\"Apple-converted-space\">\u00a0<\/span><\/p>\n<p>\u00abSe voi non ci foste saremmo messi malissimo; come tutte le associazioni siete essenziali, un patrimonio per la citt\u00e0\u00bb ha esordito il sindaco<strong> Emanuele Antonelli<\/strong>, orgoglioso di Auser e di tutte quelle associazioni che arrivano dove il comune non riesce ad arrivare: \u00abAiutate moltissime persone, mentre il Covid non vi ha aiutato a coprire molte spese e questa iniziativa offre certamente una grossa mano grazie ai privati e alla pubblicit\u00e0; mi dispiace solo che il comune non riesca a comprarlo\u00bb. <span class=\"Apple-converted-space\">\u00a0<\/span><\/p>\n<p>\u00abLe aziende non avevano bisogno di pubblicit\u00e0, perch\u00e9 sono gi\u00e0 ben conosciute sul territorio, ma \u00e8 un modo per avere dei fondi e fare sempre di pi\u00f9 e meglio. &#8211; ha sottolineato l\u2019assessore all\u2019inclusione sociale <strong>Osvaldo Attolini<\/strong> &#8211; E ben venga alla concorrenza di queste associazioni perch\u00e9 significa correre insieme verso servizi sempre migliori. Auguri a quest\u2019attivit\u00e0 e grazie al sostegno delle aziende e ai volontari che si donano a queste persone\u00bb.<span class=\"Apple-converted-space\">\u00a0<\/span><\/p>\n","protected":false},"excerpt":{"rendered":"<p>Auser di Busto Arsizio ha ricevuto tramite &#8220;Pulmino Amico&#8221; e alcune aziende del territorio l\u2019automezzo attrezzato anche per i disabili. Il sindaco: \u201cSiete un patrimonio per la citt\u00e0\u201d<\/p>\n","protected":false},"author":17729,"featured_media":0,"comment_status":"open","ping_status":"open","sticky":false,"template":"","format":"standard","meta":{"footnotes":""},"categories":[4,7],"tags":[91756,107906],"acf":[],"yoast_head":"<!-- This site is optimized with the Yoast SEO plugin v20.1 - https:\/\/yoast.com\/wordpress\/plugins\/seo\/ -->\n<title>Auser Filo d\u2019Argento ora \u00e8 anche a quattro ruote<\/title>\n<meta name=\"description\" content=\"Auser di Busto Arsizio ha ricevuto tramite &quot;Pulmino Amico&quot; e alcune aziende del territorio l\u2019automezzo attrezzato anche per i disabili. Il sindaco: \u201cSiete un patrimonio per la citt\u00e0\u201d\" \/>\n<meta name=\"robots\" content=\"noindex, follow, max-snippet:-1, max-image-preview:large, max-video-preview:-1\" \/>\n<meta property=\"og:locale\" content=\"it_IT\" \/>\n<meta property=\"og:type\" content=\"article\" \/>\n<meta property=\"og:title\" content=\"Auser Filo d\u2019Argento ora \u00e8 anche a quattro ruote\" \/>\n<meta property=\"og:description\" content=\"Auser di Busto Arsizio ha ricevuto tramite &quot;Pulmino Amico&quot; e alcune aziende del territorio l\u2019automezzo attrezzato anche per i disabili. Il sindaco: \u201cSiete un patrimonio per la citt\u00e0\u201d\" \/>\n<meta property=\"og:url\" content=\"https:\/\/www.varesenews.it\/2020\/07\/auser-filo-dargento-ora-anche-quattro-ruote\/950072\/\" \/>\n<meta property=\"og:site_name\" content=\"VareseNews\" \/>\n<meta property=\"article:publisher\" content=\"https:\/\/www.facebook.com\/varesenews\" \/>\n<meta property=\"article:published_time\" content=\"2020-07-29T14:40:36+00:00\" \/>\n<meta property=\"article:modified_time\" content=\"2020-07-29T17:09:03+00:00\" \/>\n<meta name=\"author\" content=\"Francesca Cisotto\" \/>\n<meta name=\"twitter:card\" content=\"summary_large_image\" \/>\n<meta name=\"twitter:creator\" content=\"@varesenews\" \/>\n<meta name=\"twitter:site\" content=\"@varesenews\" \/>\n<meta name=\"twitter:label1\" content=\"Scritto da\" \/>\n\t<meta name=\"twitter:data1\" content=\"Francesca Cisotto\" \/>\n\t<meta name=\"twitter:label2\" content=\"Tempo di lettura stimato\" \/>\n\t<meta name=\"twitter:data2\" content=\"2 minuti\" \/>\n<script type=\"application\/ld+json\" class=\"yoast-schema-graph\">{\"@context\":\"https:\/\/schema.org\",\"@graph\":[{\"@type\":\"WebPage\",\"@id\":\"https:\/\/www.varesenews.it\/2020\/07\/auser-filo-dargento-ora-anche-quattro-ruote\/950072\/\",\"url\":\"https:\/\/www.varesenews.it\/2020\/07\/auser-filo-dargento-ora-anche-quattro-ruote\/950072\/\",\"name\":\"Auser Filo d\u2019Argento ora \u00e8 anche a quattro ruote\",\"isPartOf\":{\"@id\":\"https:\/\/staging.varesenews.it\/#website\"},\"datePublished\":\"2020-07-29T14:40:36+00:00\",\"dateModified\":\"2020-07-29T17:09:03+00:00\",\"author\":{\"@id\":\"https:\/\/staging.varesenews.it\/#\/schema\/person\/5234dcf3acb41ac146cf9a2819c3fe5b\"},\"description\":\"Auser di Busto Arsizio ha ricevuto tramite \\\"Pulmino Amico\\\" e alcune aziende del territorio l\u2019automezzo attrezzato anche per i disabili. Il sindaco: \u201cSiete un patrimonio per la citt\u00e0\u201d\",\"breadcrumb\":{\"@id\":\"https:\/\/www.varesenews.it\/2020\/07\/auser-filo-dargento-ora-anche-quattro-ruote\/950072\/#breadcrumb\"},\"inLanguage\":\"it-IT\",\"potentialAction\":[{\"@type\":\"ReadAction\",\"target\":[\"https:\/\/www.varesenews.it\/2020\/07\/auser-filo-dargento-ora-anche-quattro-ruote\/950072\/\"]}]},{\"@type\":\"BreadcrumbList\",\"@id\":\"https:\/\/www.varesenews.it\/2020\/07\/auser-filo-dargento-ora-anche-quattro-ruote\/950072\/#breadcrumb\",\"itemListElement\":[{\"@type\":\"ListItem\",\"position\":1,\"name\":\"Home\",\"item\":\"https:\/\/www.varesenews.it\/\"},{\"@type\":\"ListItem\",\"position\":2,\"name\":\"Auser Filo d\u2019Argento ora \u00e8 anche a quattro ruote\"}]},{\"@type\":\"WebSite\",\"@id\":\"https:\/\/staging.varesenews.it\/#website\",\"url\":\"https:\/\/staging.varesenews.it\/\",\"name\":\"VareseNews\",\"description\":\"\",\"potentialAction\":[{\"@type\":\"SearchAction\",\"target\":{\"@type\":\"EntryPoint\",\"urlTemplate\":\"https:\/\/staging.varesenews.it\/?s={search_term_string}\"},\"query-input\":\"required name=search_term_string\"}],\"inLanguage\":\"it-IT\"},{\"@type\":\"Person\",\"@id\":\"https:\/\/staging.varesenews.it\/#\/schema\/person\/5234dcf3acb41ac146cf9a2819c3fe5b\",\"name\":\"Francesca Cisotto\",\"image\":{\"@type\":\"ImageObject\",\"inLanguage\":\"it-IT\",\"@id\":\"https:\/\/staging.varesenews.it\/#\/schema\/person\/image\/\",\"url\":\"https:\/\/staging.varesenews.it\/wp-content\/uploads\/2020\/12\/francesca_cisotto_colori_500.jpg\",\"contentUrl\":\"https:\/\/staging.varesenews.it\/wp-content\/uploads\/2020\/12\/francesca_cisotto_colori_500.jpg\",\"caption\":\"Francesca Cisotto\"},\"description\":\"Classe &rsquo;97. Scorpione. Figlia adottiva di VareseNews dalla primavera del 2019. E mi fermerei qui, per&ograve; mi &egrave; stato chiesto di andare oltre. Dunque, la capacit&agrave; di raccontarmi &egrave; inversamente proporzionale alla facilit&agrave; con cui narro la vita degli altri e le vicissitudini del territorio bustocco tra cui passeggio spesso per dare voce a Busto Arsizio e ai suoi cittadini. Sono una laureata triennale e studentessa magistrale di Scienze e Tecniche della Comunicazione dell&rsquo;Insubria di Varese. Una grande passione, oltre al lago \\\"Ceresio\\\" (che secondo gli storici deriva dal latino di \\\"ciliegia\\\", altra passione smodata), &egrave; la criminologia; a proposito, seguo un corso di alta formazione in prevenzione al cyberbullismo. Ma nonostante questo interesse per il noir, sono un potpourri di romanticismo disneyano, gusti musicali anni '70 e, per le amiche, un pizzico di sana follia.\",\"url\":\"https:\/\/staging.varesenews.it\/persona\/francesca-cisotto\/\"}]}<\/script>\n<!-- \/ Yoast SEO plugin. -->","yoast_head_json":{"title":"Auser Filo d\u2019Argento ora \u00e8 anche a quattro ruote","description":"Auser di Busto Arsizio ha ricevuto tramite \"Pulmino Amico\" e alcune aziende del territorio l\u2019automezzo attrezzato anche per i disabili. Il sindaco: \u201cSiete un patrimonio per la citt\u00e0\u201d","robots":{"index":"noindex","follow":"follow","max-snippet":"max-snippet:-1","max-image-preview":"max-image-preview:large","max-video-preview":"max-video-preview:-1"},"og_locale":"it_IT","og_type":"article","og_title":"Auser Filo d\u2019Argento ora \u00e8 anche a quattro ruote","og_description":"Auser di Busto Arsizio ha ricevuto tramite \"Pulmino Amico\" e alcune aziende del territorio l\u2019automezzo attrezzato anche per i disabili. Il sindaco: \u201cSiete un patrimonio per la citt\u00e0\u201d","og_url":"https:\/\/www.varesenews.it\/2020\/07\/auser-filo-dargento-ora-anche-quattro-ruote\/950072\/","og_site_name":"VareseNews","article_publisher":"https:\/\/www.facebook.com\/varesenews","article_published_time":"2020-07-29T14:40:36+00:00","article_modified_time":"2020-07-29T17:09:03+00:00","author":"Francesca Cisotto","twitter_card":"summary_large_image","twitter_creator":"@varesenews","twitter_site":"@varesenews","twitter_misc":{"Scritto da":"Francesca Cisotto","Tempo di lettura stimato":"2 minuti"},"schema":{"@context":"https:\/\/schema.org","@graph":[{"@type":"WebPage","@id":"https:\/\/www.varesenews.it\/2020\/07\/auser-filo-dargento-ora-anche-quattro-ruote\/950072\/","url":"https:\/\/www.varesenews.it\/2020\/07\/auser-filo-dargento-ora-anche-quattro-ruote\/950072\/","name":"Auser Filo d\u2019Argento ora \u00e8 anche a quattro ruote","isPartOf":{"@id":"https:\/\/staging.varesenews.it\/#website"},"datePublished":"2020-07-29T14:40:36+00:00","dateModified":"2020-07-29T17:09:03+00:00","author":{"@id":"https:\/\/staging.varesenews.it\/#\/schema\/person\/5234dcf3acb41ac146cf9a2819c3fe5b"},"description":"Auser di Busto Arsizio ha ricevuto tramite \"Pulmino Amico\" e alcune aziende del territorio l\u2019automezzo attrezzato anche per i disabili. Il sindaco: \u201cSiete un patrimonio per la citt\u00e0\u201d","breadcrumb":{"@id":"https:\/\/www.varesenews.it\/2020\/07\/auser-filo-dargento-ora-anche-quattro-ruote\/950072\/#breadcrumb"},"inLanguage":"it-IT","potentialAction":[{"@type":"ReadAction","target":["https:\/\/www.varesenews.it\/2020\/07\/auser-filo-dargento-ora-anche-quattro-ruote\/950072\/"]}]},{"@type":"BreadcrumbList","@id":"https:\/\/www.varesenews.it\/2020\/07\/auser-filo-dargento-ora-anche-quattro-ruote\/950072\/#breadcrumb","itemListElement":[{"@type":"ListItem","position":1,"name":"Home","item":"https:\/\/www.varesenews.it\/"},{"@type":"ListItem","position":2,"name":"Auser Filo d\u2019Argento ora \u00e8 anche a quattro ruote"}]},{"@type":"WebSite","@id":"https:\/\/staging.varesenews.it\/#website","url":"https:\/\/staging.varesenews.it\/","name":"VareseNews","description":"","potentialAction":[{"@type":"SearchAction","target":{"@type":"EntryPoint","urlTemplate":"https:\/\/staging.varesenews.it\/?s={search_term_string}"},"query-input":"required name=search_term_string"}],"inLanguage":"it-IT"},{"@type":"Person","@id":"https:\/\/staging.varesenews.it\/#\/schema\/person\/5234dcf3acb41ac146cf9a2819c3fe5b","name":"Francesca Cisotto","image":{"@type":"ImageObject","inLanguage":"it-IT","@id":"https:\/\/staging.varesenews.it\/#\/schema\/person\/image\/","url":"https:\/\/staging.varesenews.it\/wp-content\/uploads\/2020\/12\/francesca_cisotto_colori_500.jpg","contentUrl":"https:\/\/staging.varesenews.it\/wp-content\/uploads\/2020\/12\/francesca_cisotto_colori_500.jpg","caption":"Francesca Cisotto"},"description":"Classe &rsquo;97. Scorpione. Figlia adottiva di VareseNews dalla primavera del 2019. E mi fermerei qui, per&ograve; mi &egrave; stato chiesto di andare oltre. Dunque, la capacit&agrave; di raccontarmi &egrave; inversamente proporzionale alla facilit&agrave; con cui narro la vita degli altri e le vicissitudini del territorio bustocco tra cui passeggio spesso per dare voce a Busto Arsizio e ai suoi cittadini. Sono una laureata triennale e studentessa magistrale di Scienze e Tecniche della Comunicazione dell&rsquo;Insubria di Varese. Una grande passione, oltre al lago \"Ceresio\" (che secondo gli storici deriva dal latino di \"ciliegia\", altra passione smodata), &egrave; la criminologia; a proposito, seguo un corso di alta formazione in prevenzione al cyberbullismo. Ma nonostante questo interesse per il noir, sono un potpourri di romanticismo disneyano, gusti musicali anni '70 e, per le amiche, un pizzico di sana follia.","url":"https:\/\/staging.varesenews.it\/persona\/francesca-cisotto\/"}]}},"post_meta":{"_edit_lock":"1596042600:17729","_edit_last":"17729","_category_permalink":"a:1:{s:8:\"category\";s:0:\"\";}","argomento":"Auser Filo d'Argento","_yoast_wpseo_content_score":"30","_jd_tweet_this":"yes","foto":"1166742","id_link_fotogallery":"950125","_encloseme":"1","ratings_users":"0","ratings_score":"0","ratings_average":"0","_wpt_short_url":"https:\/\/www.varesenews.it\/2020\/07\/auser-filo-dargento-ora-anche-quattro-ruote\/950072\/","_wp_jd_target":"https:\/\/www.varesenews.it\/2020\/07\/auser-filo-dargento-ora-anche-quattro-ruote\/950072\/","_jd_wp_twitter":"a:1:{i:0;s:138:\"Auser Filo d\u2019Argento ora \u00e8 anche a quattro ruote https:\/\/www.varesenews.it\/2020\/07\/auser-filo-dargento-ora-anche-quattro-ruote\/950072\/ \";}","_wpt_status_message":"Tweet inviato con successo."},"photos":[{"original":"https:\/\/staging.varesenews.it\/photogallery_new\/images\/2020\/07\/auser-filo-d-argento-1166742.jpg","full":"https:\/\/staging.varesenews.it\/photogallery_new\/images\/2020\/07\/auser-filo-d-argento-1166742.1024x768.jpg","large":"https:\/\/staging.varesenews.it\/photogallery_new\/images\/2020\/07\/auser-filo-d-argento-1166742.610x431.jpg"}],"_links":{"self":[{"href":"https:\/\/staging.varesenews.it\/swgapi\/v1\/wp\/v2\/posts\/950072"}],"collection":[{"href":"https:\/\/staging.varesenews.it\/swgapi\/v1\/wp\/v2\/posts"}],"about":[{"href":"https:\/\/staging.varesenews.it\/swgapi\/v1\/wp\/v2\/types\/post"}],"author":[{"embeddable":true,"href":"https:\/\/staging.varesenews.it\/swgapi\/v1\/wp\/v2\/users\/17729"}],"replies":[{"embeddable":true,"href":"https:\/\/staging.varesenews.it\/swgapi\/v1\/wp\/v2\/comments?post=950072"}],"version-history":[{"count":0,"href":"https:\/\/staging.varesenews.it\/swgapi\/v1\/wp\/v2\/posts\/950072\/revisions"}],"wp:attachment":[{"href":"https:\/\/staging.varesenews.it\/swgapi\/v1\/wp\/v2\/media?parent=950072"}],"wp:term":[{"taxonomy":"category","embeddable":true,"href":"https:\/\/staging.varesenews.it\/swgapi\/v1\/wp\/v2\/categories?post=950072"},{"taxonomy":"post_tag","embeddable":true,"href":"https:\/\/staging.varesenews.it\/swgapi\/v1\/wp\/v2\/tags?post=950072"}],"curies":[{"name":"wp","href":"https:\/\/api.w.org\/{rel}","templated":true}]}}