{"id":950247,"date":"2020-07-30T09:44:31","date_gmt":"2020-07-30T07:44:31","guid":{"rendered":"https:\/\/www.varesenews.it\/?p=950247"},"modified":"2020-07-30T09:44:31","modified_gmt":"2020-07-30T07:44:31","slug":"esce-luglio-70-doppio-live-dei-doors","status":"publish","type":"post","link":"https:\/\/staging.varesenews.it\/2020\/07\/esce-luglio-70-doppio-live-dei-doors\/950247\/","title":{"rendered":"Esce a luglio &#8217;70 il doppio live dei Doors"},"content":{"rendered":"<p>Un concerto dei Doors nel 1970 poteva sempre riservare sorprese: \u00e8 vero che con Morrison Hotel li avevamo visti tornare in forma, ma anche se il gruppo in generale mostrava una sua solidit\u00e0, gli umori alterni di Jim &#8211; ed ovviamente il suo stato di sobriet\u00e0 &#8211; non potevano non influire sulla qualit\u00e0 complessiva della musica. Ecco allora che al momento di far uscire un album doppio live nel luglio del 1970, il loro produttore Paul Rothchild scelse non solo di prendere pezzi da differenti concerti (pratica abbastanza comune tuttora) ma disse poi che addirittura aveva costruito i brani \u201ccucendo\u201d pezzi di differenti performance: addirittura disse che c\u2019erano 2.000 tagli! Era vero? Pare di no, dato che in anni recenti i concerti originali sono stati pubblicati interamente e chi ha controllato parla di un paio di casi al massimo. E\u2019 un disco che non vendette molto e che tuttora vede critiche molto contrastanti: forse interi concerti pubblicati in anni recenti possono essere qualitativamente superiori, ma insomma\u2026 per chi ha vissuto quei tempi \u201cIL\u201d live dei Doors \u00e8 questo, con la mitica versione da oltre 16 minuti di When the music\u2019s over!<\/p>\n<p><strong>Curiosit\u00e0:<\/strong> pare che la copertina non piacesse per nulla a Jim. In quei tempi, infatti, il suo look era completamente cambiato: si era fatto crescere la barba, era trasandato e non vestiva pi\u00f9 gli iconici e attillati pantaloni di pelle da sex symbol. Ma ovviamente come appeal per vendere il disco era tutta un\u2019altra cosa\u2026<\/p>\n<p>Per sentirlo interamente andate su:<\/p>\n<div class=\"responsive-video\"><iframe loading=\"lazy\" width=\"500\" height=\"281\" src=\"https:\/\/www.youtube.com\/embed\/videoseries?list=OLAK5uy_mufEL0IQtrQ8-um33KkrPALRFoWcoICqU\" frameborder=\"0\" allow=\"accelerometer; autoplay; encrypted-media; gyroscope; picture-in-picture\" allowfullscreen><\/iframe><\/div>\n<p>#50annifalamusica va in vacanza: ci rivediamo a fine agosto con un altro grande live.<\/p>\n<p>Tutte le puntate di <a href=\"https:\/\/www.varesenews.it\/tag\/50-anni-fa-la-musica\/\" target=\"_blank\" rel=\"noopener\">50 anni fa la musica\u00a0<\/a><\/p>\n","protected":false},"excerpt":{"rendered":"<p>\u2026 che per\u00f2 caus\u00f2 pareri contrastanti<\/p>\n","protected":false},"author":32,"featured_media":0,"comment_status":"open","ping_status":"open","sticky":false,"template":"","format":"standard","meta":{"footnotes":""},"categories":[20],"tags":[97049],"acf":[],"yoast_head":"<!-- This site is optimized with the Yoast SEO plugin v20.1 - https:\/\/yoast.com\/wordpress\/plugins\/seo\/ -->\n<title>Esce a luglio &#039;70 il doppio live dei Doors<\/title>\n<meta name=\"description\" content=\"\u2026 che per\u00f2 caus\u00f2 pareri contrastanti\" \/>\n<meta name=\"robots\" content=\"noindex, follow, max-snippet:-1, max-image-preview:large, max-video-preview:-1\" \/>\n<meta property=\"og:locale\" content=\"it_IT\" \/>\n<meta property=\"og:type\" content=\"article\" \/>\n<meta property=\"og:title\" content=\"Esce a luglio &#039;70 il doppio live dei Doors\" \/>\n<meta property=\"og:description\" content=\"\u2026 che per\u00f2 caus\u00f2 pareri contrastanti\" \/>\n<meta property=\"og:url\" content=\"https:\/\/www.varesenews.it\/2020\/07\/esce-luglio-70-doppio-live-dei-doors\/950247\/\" \/>\n<meta property=\"og:site_name\" content=\"VareseNews\" \/>\n<meta property=\"article:publisher\" content=\"https:\/\/www.facebook.com\/varesenews\" \/>\n<meta property=\"article:published_time\" content=\"2020-07-30T07:44:31+00:00\" \/>\n<meta name=\"author\" content=\"Adelia Brigo\" \/>\n<meta name=\"twitter:card\" content=\"summary_large_image\" \/>\n<meta name=\"twitter:creator\" content=\"@AdeliaBrigo\" \/>\n<meta name=\"twitter:site\" content=\"@varesenews\" \/>\n<meta name=\"twitter:label1\" content=\"Scritto da\" \/>\n\t<meta name=\"twitter:data1\" content=\"Adelia Brigo\" \/>\n\t<meta name=\"twitter:label2\" content=\"Tempo di lettura stimato\" \/>\n\t<meta name=\"twitter:data2\" content=\"1 minuto\" \/>\n<script type=\"application\/ld+json\" class=\"yoast-schema-graph\">{\"@context\":\"https:\/\/schema.org\",\"@graph\":[{\"@type\":\"WebPage\",\"@id\":\"https:\/\/www.varesenews.it\/2020\/07\/esce-luglio-70-doppio-live-dei-doors\/950247\/\",\"url\":\"https:\/\/www.varesenews.it\/2020\/07\/esce-luglio-70-doppio-live-dei-doors\/950247\/\",\"name\":\"Esce a luglio '70 il doppio live dei Doors\",\"isPartOf\":{\"@id\":\"https:\/\/staging.varesenews.it\/#website\"},\"datePublished\":\"2020-07-30T07:44:31+00:00\",\"dateModified\":\"2020-07-30T07:44:31+00:00\",\"author\":{\"@id\":\"https:\/\/staging.varesenews.it\/#\/schema\/person\/272ac0f5b2dbfd572218c2d86e013f1a\"},\"description\":\"\u2026 che per\u00f2 caus\u00f2 pareri contrastanti\",\"breadcrumb\":{\"@id\":\"https:\/\/www.varesenews.it\/2020\/07\/esce-luglio-70-doppio-live-dei-doors\/950247\/#breadcrumb\"},\"inLanguage\":\"it-IT\",\"potentialAction\":[{\"@type\":\"ReadAction\",\"target\":[\"https:\/\/www.varesenews.it\/2020\/07\/esce-luglio-70-doppio-live-dei-doors\/950247\/\"]}]},{\"@type\":\"BreadcrumbList\",\"@id\":\"https:\/\/www.varesenews.it\/2020\/07\/esce-luglio-70-doppio-live-dei-doors\/950247\/#breadcrumb\",\"itemListElement\":[{\"@type\":\"ListItem\",\"position\":1,\"name\":\"Home\",\"item\":\"https:\/\/www.varesenews.it\/\"},{\"@type\":\"ListItem\",\"position\":2,\"name\":\"Esce a luglio &#8217;70 il doppio live dei Doors\"}]},{\"@type\":\"WebSite\",\"@id\":\"https:\/\/staging.varesenews.it\/#website\",\"url\":\"https:\/\/staging.varesenews.it\/\",\"name\":\"VareseNews\",\"description\":\"\",\"potentialAction\":[{\"@type\":\"SearchAction\",\"target\":{\"@type\":\"EntryPoint\",\"urlTemplate\":\"https:\/\/staging.varesenews.it\/?s={search_term_string}\"},\"query-input\":\"required name=search_term_string\"}],\"inLanguage\":\"it-IT\"},{\"@type\":\"Person\",\"@id\":\"https:\/\/staging.varesenews.it\/#\/schema\/person\/272ac0f5b2dbfd572218c2d86e013f1a\",\"name\":\"Adelia Brigo\",\"image\":{\"@type\":\"ImageObject\",\"inLanguage\":\"it-IT\",\"@id\":\"https:\/\/staging.varesenews.it\/#\/schema\/person\/image\/\",\"url\":\"https:\/\/staging.varesenews.it\/wp-content\/uploads\/2020\/12\/adelia_brigo_colori_500.jpg\",\"contentUrl\":\"https:\/\/staging.varesenews.it\/wp-content\/uploads\/2020\/12\/adelia_brigo_colori_500.jpg\",\"caption\":\"Adelia Brigo\"},\"description\":\"Giornalista pubblicista, lavoro a VareseNews dal 2007 e mi occupo di cronaca locale e del settore dedicato alla cultura. In questi anni ho seguito diversi progetti di comunicazione, amo sperimentare strategie per i Social Network e raccontare storie. Varesina, classe 1984, sono laureata in Scienze della Comunicazione.&nbsp;\",\"sameAs\":[\"AdeliaBrigo\",\"https:\/\/twitter.com\/AdeliaBrigo\"],\"url\":\"https:\/\/staging.varesenews.it\/persona\/adelia_brigo\/\"}]}<\/script>\n<!-- \/ Yoast SEO plugin. -->","yoast_head_json":{"title":"Esce a luglio '70 il doppio live dei Doors","description":"\u2026 che per\u00f2 caus\u00f2 pareri contrastanti","robots":{"index":"noindex","follow":"follow","max-snippet":"max-snippet:-1","max-image-preview":"max-image-preview:large","max-video-preview":"max-video-preview:-1"},"og_locale":"it_IT","og_type":"article","og_title":"Esce a luglio '70 il doppio live dei Doors","og_description":"\u2026 che per\u00f2 caus\u00f2 pareri contrastanti","og_url":"https:\/\/www.varesenews.it\/2020\/07\/esce-luglio-70-doppio-live-dei-doors\/950247\/","og_site_name":"VareseNews","article_publisher":"https:\/\/www.facebook.com\/varesenews","article_published_time":"2020-07-30T07:44:31+00:00","author":"Adelia Brigo","twitter_card":"summary_large_image","twitter_creator":"@AdeliaBrigo","twitter_site":"@varesenews","twitter_misc":{"Scritto da":"Adelia Brigo","Tempo di lettura stimato":"1 minuto"},"schema":{"@context":"https:\/\/schema.org","@graph":[{"@type":"WebPage","@id":"https:\/\/www.varesenews.it\/2020\/07\/esce-luglio-70-doppio-live-dei-doors\/950247\/","url":"https:\/\/www.varesenews.it\/2020\/07\/esce-luglio-70-doppio-live-dei-doors\/950247\/","name":"Esce a luglio '70 il doppio live dei Doors","isPartOf":{"@id":"https:\/\/staging.varesenews.it\/#website"},"datePublished":"2020-07-30T07:44:31+00:00","dateModified":"2020-07-30T07:44:31+00:00","author":{"@id":"https:\/\/staging.varesenews.it\/#\/schema\/person\/272ac0f5b2dbfd572218c2d86e013f1a"},"description":"\u2026 che per\u00f2 caus\u00f2 pareri contrastanti","breadcrumb":{"@id":"https:\/\/www.varesenews.it\/2020\/07\/esce-luglio-70-doppio-live-dei-doors\/950247\/#breadcrumb"},"inLanguage":"it-IT","potentialAction":[{"@type":"ReadAction","target":["https:\/\/www.varesenews.it\/2020\/07\/esce-luglio-70-doppio-live-dei-doors\/950247\/"]}]},{"@type":"BreadcrumbList","@id":"https:\/\/www.varesenews.it\/2020\/07\/esce-luglio-70-doppio-live-dei-doors\/950247\/#breadcrumb","itemListElement":[{"@type":"ListItem","position":1,"name":"Home","item":"https:\/\/www.varesenews.it\/"},{"@type":"ListItem","position":2,"name":"Esce a luglio &#8217;70 il doppio live dei Doors"}]},{"@type":"WebSite","@id":"https:\/\/staging.varesenews.it\/#website","url":"https:\/\/staging.varesenews.it\/","name":"VareseNews","description":"","potentialAction":[{"@type":"SearchAction","target":{"@type":"EntryPoint","urlTemplate":"https:\/\/staging.varesenews.it\/?s={search_term_string}"},"query-input":"required name=search_term_string"}],"inLanguage":"it-IT"},{"@type":"Person","@id":"https:\/\/staging.varesenews.it\/#\/schema\/person\/272ac0f5b2dbfd572218c2d86e013f1a","name":"Adelia Brigo","image":{"@type":"ImageObject","inLanguage":"it-IT","@id":"https:\/\/staging.varesenews.it\/#\/schema\/person\/image\/","url":"https:\/\/staging.varesenews.it\/wp-content\/uploads\/2020\/12\/adelia_brigo_colori_500.jpg","contentUrl":"https:\/\/staging.varesenews.it\/wp-content\/uploads\/2020\/12\/adelia_brigo_colori_500.jpg","caption":"Adelia Brigo"},"description":"Giornalista pubblicista, lavoro a VareseNews dal 2007 e mi occupo di cronaca locale e del settore dedicato alla cultura. In questi anni ho seguito diversi progetti di comunicazione, amo sperimentare strategie per i Social Network e raccontare storie. Varesina, classe 1984, sono laureata in Scienze della Comunicazione.&nbsp;","sameAs":["AdeliaBrigo","https:\/\/twitter.com\/AdeliaBrigo"],"url":"https:\/\/staging.varesenews.it\/persona\/adelia_brigo\/"}]}},"post_meta":{"_edit_lock":"1596095028:32","_edit_last":"32","_oembed_cde236f558bf3f765988c6729f6d1563":"<iframe width=\"500\" height=\"281\" src=\"https:\/\/www.youtube.com\/embed\/videoseries?list=OLAK5uy_mufEL0IQtrQ8-um33KkrPALRFoWcoICqU\" frameborder=\"0\" allow=\"accelerometer; autoplay; encrypted-media; gyroscope; picture-in-picture\" allowfullscreen><\/iframe>","_oembed_time_cde236f558bf3f765988c6729f6d1563":"1596094739","_category_permalink":"a:1:{s:8:\"category\";s:2:\"20\";}","_encloseme":"1","ratings_users":"0","ratings_score":"0","ratings_average":"0","foto":"1166814","firma-personalizzata":"G.P.","argomento":"CINQUANT'ANNI FA LA MUSICA - 56","_yoast_wpseo_content_score":"30","_jd_tweet_this":"yes","_wpt_short_url":"https:\/\/www.varesenews.it\/2020\/07\/esce-luglio-70-doppio-live-dei-doors\/950247\/","_wp_jd_target":"https:\/\/www.varesenews.it\/2020\/07\/esce-luglio-70-doppio-live-dei-doors\/950247\/","_jd_wp_twitter":"a:1:{i:0;s:124:\"Esce a luglio \u201970 il doppio live dei Doors https:\/\/www.varesenews.it\/2020\/07\/esce-luglio-70-doppio-live-dei-doors\/950247\/ \";}","_wpt_status_message":"Tweet inviato con successo."},"photos":[{"original":"https:\/\/staging.varesenews.it\/photogallery_new\/images\/2020\/07\/50-anni-fa-la-musica-1166814.jpg","full":"https:\/\/staging.varesenews.it\/photogallery_new\/images\/2020\/07\/50-anni-fa-la-musica-1166814.1024x768.jpg","large":"https:\/\/staging.varesenews.it\/photogallery_new\/images\/2020\/07\/50-anni-fa-la-musica-1166814.610x431.jpg"}],"_links":{"self":[{"href":"https:\/\/staging.varesenews.it\/swgapi\/v1\/wp\/v2\/posts\/950247"}],"collection":[{"href":"https:\/\/staging.varesenews.it\/swgapi\/v1\/wp\/v2\/posts"}],"about":[{"href":"https:\/\/staging.varesenews.it\/swgapi\/v1\/wp\/v2\/types\/post"}],"author":[{"embeddable":true,"href":"https:\/\/staging.varesenews.it\/swgapi\/v1\/wp\/v2\/users\/32"}],"replies":[{"embeddable":true,"href":"https:\/\/staging.varesenews.it\/swgapi\/v1\/wp\/v2\/comments?post=950247"}],"version-history":[{"count":0,"href":"https:\/\/staging.varesenews.it\/swgapi\/v1\/wp\/v2\/posts\/950247\/revisions"}],"wp:attachment":[{"href":"https:\/\/staging.varesenews.it\/swgapi\/v1\/wp\/v2\/media?parent=950247"}],"wp:term":[{"taxonomy":"category","embeddable":true,"href":"https:\/\/staging.varesenews.it\/swgapi\/v1\/wp\/v2\/categories?post=950247"},{"taxonomy":"post_tag","embeddable":true,"href":"https:\/\/staging.varesenews.it\/swgapi\/v1\/wp\/v2\/tags?post=950247"}],"curies":[{"name":"wp","href":"https:\/\/api.w.org\/{rel}","templated":true}]}}