{"id":951920,"date":"2020-08-05T18:08:28","date_gmt":"2020-08-05T16:08:28","guid":{"rendered":"https:\/\/www.varesenews.it\/?p=951920"},"modified":"2020-08-05T18:16:52","modified_gmt":"2020-08-05T16:16:52","slug":"federico-gatti-primo-acquisto-della-pro-patria","status":"publish","type":"post","link":"https:\/\/staging.varesenews.it\/2020\/08\/federico-gatti-primo-acquisto-della-pro-patria\/951920\/","title":{"rendered":"Federico Gatti \u00e8 il primo acquisto della Pro Patria"},"content":{"rendered":"<p>Manca una settimana esatta al raduno della <strong>Pro Patria,<\/strong> che si allener\u00e0 allo &#8220;Speroni&#8221; per iniziare la stagione 2020-2021 di Serie C.<\/p>\n<p>La societ\u00e0, con il <strong>direttore sportivo Sandro Turotti<\/strong> al comando, si sta muovendo sul mercato per comporre la squadra da affidare a mister Ivan Javorcic.<\/p>\n<p>Il primo acquisto ufficiale della nuova stagione \u00e8 il <strong>difensore centrale classe 1998 Federico Gatti<\/strong>. Un &#8220;colpo&#8221; in linea con la politica societaria, che punta su giovani di talento da valorizzare. Accordo fino al 3o giugno 2021<\/p>\n<div id=\"fb-root\"><\/div>\n<p><script async=\"1\" defer=\"1\" crossorigin=\"anonymous\" src=\"https:\/\/connect.facebook.net\/it_IT\/sdk.js#xfbml=1&amp;version=v8.0\" nonce=\"9db4hS5M\"><\/script><\/p>\n<div class=\"fb-post\" data-href=\"https:\/\/www.facebook.com\/aurorapropatria1919official\/photos\/a.1520649964819639\/2684303131787644\/\" data-width=\"500\">\n<blockquote cite=\"https:\/\/www.facebook.com\/aurorapropatria1919official\/photos\/a.1520649964819639\/2684303131787644\/?type=3\" class=\"fb-xfbml-parse-ignore\">\n<p>GATTI IN DIFESA DELLA PROAurora Pro Patria 1919 comunica di aver ingaggiato il calciatore Federico Gatti.Il&#8230;<\/p>\n<p>Pubblicato da <a href=\"https:\/\/www.facebook.com\/aurorapropatria1919official\/\">Aurora Pro Patria 1919 &#8211; Official<\/a> su&nbsp;<a href=\"https:\/\/www.facebook.com\/aurorapropatria1919official\/photos\/a.1520649964819639\/2684303131787644\/?type=3\">Mercoled\u00ec 5 agosto 2020<\/a><\/p><\/blockquote>\n<\/div>\n<p>Gatti, nonostante i 22 anni appena compiuti, ha gi\u00e0 una discreta esperienza nel calcio dei grandi, anche se sar\u00e0 la sua prima esperienza da professionista. Ha esordito in Eccellenza tre stagioni fa con i piemontesi del Pavarolo per poi passare <strong>al Verbania dove ha vinto il campionato di Eccellenza e giocato da protagonista in Serie D con 22 presenze e 3 gol.<\/strong><\/p>\n<p>Il comunicato della societ\u00e0:<\/p>\n<blockquote><p>Aurora Pro Patria 1919 comunica di aver ingaggiato il calciatore Federico Gatti.<\/p>\n<p>Il difensore, classe 1998, ha firmato un contratto che lo legher\u00e0 alla Pro Patria fino al 30 Giugno 2021.<\/p>\n<p>Gatti la scorsa Stagione ha collezionato 22 presenze realizzando 3 gol in Serie D con la maglia del Verbania.<\/p>\n<p>B\u00c9NVIGN\u00dc A B\u00dcSTI FEDERICO!<\/p><\/blockquote>\n<blockquote class=\"wp-embedded-content\" data-secret=\"ukpLW8ynqr\"><p><a href=\"https:\/\/www.varesenews.it\/2020\/08\/pro-patria-precampionato-mercato\/947443\/\">Pro Patria, precampionato e mercato<\/a><\/p><\/blockquote>\n<p><iframe class=\"wp-embedded-content\" sandbox=\"allow-scripts\" security=\"restricted\" style=\"position: absolute; clip: rect(1px, 1px, 1px, 1px);\" src=\"https:\/\/www.varesenews.it\/2020\/08\/pro-patria-precampionato-mercato\/947443\/embed\/#?secret=ukpLW8ynqr\" data-secret=\"ukpLW8ynqr\" width=\"500\" height=\"282\" title=\"&#8220;Pro Patria, precampionato e mercato&#8221; &#8212; VareseNews\" frameborder=\"0\" marginwidth=\"0\" marginheight=\"0\" scrolling=\"no\"><\/iframe><\/p>\n<p>&nbsp;<\/p>\n","protected":false},"excerpt":{"rendered":"<p>Centrale difensivo del 1998, nelle ultime due stagioni ha giocato nel Verbania<\/p>\n","protected":false},"author":37,"featured_media":0,"comment_status":"open","ping_status":"open","sticky":false,"template":"","format":"standard","meta":{"footnotes":""},"categories":[14],"tags":[144,147,1919],"acf":[],"yoast_head":"<!-- This site is optimized with the Yoast SEO plugin v20.1 - https:\/\/yoast.com\/wordpress\/plugins\/seo\/ -->\n<title>Federico Gatti \u00e8 il primo acquisto della Pro Patria<\/title>\n<meta name=\"description\" content=\"Centrale difensivo del 1998, nelle ultime due stagioni ha giocato nel Verbania\" \/>\n<meta name=\"robots\" content=\"noindex, follow, max-snippet:-1, max-image-preview:large, max-video-preview:-1\" \/>\n<meta property=\"og:locale\" content=\"it_IT\" \/>\n<meta property=\"og:type\" content=\"article\" \/>\n<meta property=\"og:title\" content=\"Federico Gatti \u00e8 il primo acquisto della Pro Patria\" \/>\n<meta property=\"og:description\" content=\"Centrale difensivo del 1998, nelle ultime due stagioni ha giocato nel Verbania\" \/>\n<meta property=\"og:url\" content=\"https:\/\/staging.varesenews.it\/2020\/08\/federico-gatti-primo-acquisto-della-pro-patria\/951920\/\" \/>\n<meta property=\"og:site_name\" content=\"VareseNews\" \/>\n<meta property=\"article:publisher\" content=\"https:\/\/www.facebook.com\/varesenews\" \/>\n<meta property=\"article:published_time\" content=\"2020-08-05T16:08:28+00:00\" \/>\n<meta property=\"article:modified_time\" content=\"2020-08-05T16:16:52+00:00\" \/>\n<meta name=\"author\" content=\"Francesco Mazzoleni\" \/>\n<meta name=\"twitter:card\" content=\"summary_large_image\" \/>\n<meta name=\"twitter:creator\" content=\"@fmazzof\" \/>\n<meta name=\"twitter:site\" content=\"@varesenews\" \/>\n<meta name=\"twitter:label1\" content=\"Scritto da\" \/>\n\t<meta name=\"twitter:data1\" content=\"Francesco Mazzoleni\" \/>\n\t<meta name=\"twitter:label2\" content=\"Tempo di lettura stimato\" \/>\n\t<meta name=\"twitter:data2\" content=\"1 minuto\" \/>\n<script type=\"application\/ld+json\" class=\"yoast-schema-graph\">{\"@context\":\"https:\/\/schema.org\",\"@graph\":[{\"@type\":\"WebPage\",\"@id\":\"https:\/\/staging.varesenews.it\/2020\/08\/federico-gatti-primo-acquisto-della-pro-patria\/951920\/\",\"url\":\"https:\/\/staging.varesenews.it\/2020\/08\/federico-gatti-primo-acquisto-della-pro-patria\/951920\/\",\"name\":\"Federico Gatti \u00e8 il primo acquisto della Pro Patria\",\"isPartOf\":{\"@id\":\"https:\/\/staging.varesenews.it\/#website\"},\"datePublished\":\"2020-08-05T16:08:28+00:00\",\"dateModified\":\"2020-08-05T16:16:52+00:00\",\"author\":{\"@id\":\"https:\/\/staging.varesenews.it\/#\/schema\/person\/e82236e79160d30d4e1f942004ac3038\"},\"description\":\"Centrale difensivo del 1998, nelle ultime due stagioni ha giocato nel Verbania\",\"breadcrumb\":{\"@id\":\"https:\/\/staging.varesenews.it\/2020\/08\/federico-gatti-primo-acquisto-della-pro-patria\/951920\/#breadcrumb\"},\"inLanguage\":\"it-IT\",\"potentialAction\":[{\"@type\":\"ReadAction\",\"target\":[\"https:\/\/staging.varesenews.it\/2020\/08\/federico-gatti-primo-acquisto-della-pro-patria\/951920\/\"]}]},{\"@type\":\"BreadcrumbList\",\"@id\":\"https:\/\/staging.varesenews.it\/2020\/08\/federico-gatti-primo-acquisto-della-pro-patria\/951920\/#breadcrumb\",\"itemListElement\":[{\"@type\":\"ListItem\",\"position\":1,\"name\":\"Home\",\"item\":\"https:\/\/www.varesenews.it\/\"},{\"@type\":\"ListItem\",\"position\":2,\"name\":\"Federico Gatti \u00e8 il primo acquisto della Pro Patria\"}]},{\"@type\":\"WebSite\",\"@id\":\"https:\/\/staging.varesenews.it\/#website\",\"url\":\"https:\/\/staging.varesenews.it\/\",\"name\":\"VareseNews\",\"description\":\"\",\"potentialAction\":[{\"@type\":\"SearchAction\",\"target\":{\"@type\":\"EntryPoint\",\"urlTemplate\":\"https:\/\/staging.varesenews.it\/?s={search_term_string}\"},\"query-input\":\"required name=search_term_string\"}],\"inLanguage\":\"it-IT\"},{\"@type\":\"Person\",\"@id\":\"https:\/\/staging.varesenews.it\/#\/schema\/person\/e82236e79160d30d4e1f942004ac3038\",\"name\":\"Francesco Mazzoleni\",\"image\":{\"@type\":\"ImageObject\",\"inLanguage\":\"it-IT\",\"@id\":\"https:\/\/staging.varesenews.it\/#\/schema\/person\/image\/\",\"url\":\"https:\/\/staging.varesenews.it\/wp-content\/uploads\/2020\/12\/francesco_mazzoleni_colori_500-1.jpg\",\"contentUrl\":\"https:\/\/staging.varesenews.it\/wp-content\/uploads\/2020\/12\/francesco_mazzoleni_colori_500-1.jpg\",\"caption\":\"Francesco Mazzoleni\"},\"description\":\"\\\"Uomo di campo\\\" della redazione sportiva. Nutro una vera passione per il calcio, che sia ad alti livelli, sui campi di provincia o in altri continenti. Sono nato a Varese nel 1984, vivo da sempre a Malnate e ho una laurea in Scienze Motorie. Ho mosso i primi passi a VareseNews da stagista nel 2002; nel 2008 ho iniziato a collaborare con maggiore continuit\u00e0 e dal 2018 sono giornalista professionista. Orgoglioso pap\u00e0 di Federico e Adelaide.\",\"sameAs\":[\"fmazzof\",\"it.linkedin.com\/in\/francescomazzolenif\",\"https:\/\/twitter.com\/fmazzof\"],\"url\":\"https:\/\/staging.varesenews.it\/persona\/francesco_mazzoleniferracini\/\"}]}<\/script>\n<!-- \/ Yoast SEO plugin. -->","yoast_head_json":{"title":"Federico Gatti \u00e8 il primo acquisto della Pro Patria","description":"Centrale difensivo del 1998, nelle ultime due stagioni ha giocato nel Verbania","robots":{"index":"noindex","follow":"follow","max-snippet":"max-snippet:-1","max-image-preview":"max-image-preview:large","max-video-preview":"max-video-preview:-1"},"og_locale":"it_IT","og_type":"article","og_title":"Federico Gatti \u00e8 il primo acquisto della Pro Patria","og_description":"Centrale difensivo del 1998, nelle ultime due stagioni ha giocato nel Verbania","og_url":"https:\/\/staging.varesenews.it\/2020\/08\/federico-gatti-primo-acquisto-della-pro-patria\/951920\/","og_site_name":"VareseNews","article_publisher":"https:\/\/www.facebook.com\/varesenews","article_published_time":"2020-08-05T16:08:28+00:00","article_modified_time":"2020-08-05T16:16:52+00:00","author":"Francesco Mazzoleni","twitter_card":"summary_large_image","twitter_creator":"@fmazzof","twitter_site":"@varesenews","twitter_misc":{"Scritto da":"Francesco Mazzoleni","Tempo di lettura stimato":"1 minuto"},"schema":{"@context":"https:\/\/schema.org","@graph":[{"@type":"WebPage","@id":"https:\/\/staging.varesenews.it\/2020\/08\/federico-gatti-primo-acquisto-della-pro-patria\/951920\/","url":"https:\/\/staging.varesenews.it\/2020\/08\/federico-gatti-primo-acquisto-della-pro-patria\/951920\/","name":"Federico Gatti \u00e8 il primo acquisto della Pro Patria","isPartOf":{"@id":"https:\/\/staging.varesenews.it\/#website"},"datePublished":"2020-08-05T16:08:28+00:00","dateModified":"2020-08-05T16:16:52+00:00","author":{"@id":"https:\/\/staging.varesenews.it\/#\/schema\/person\/e82236e79160d30d4e1f942004ac3038"},"description":"Centrale difensivo del 1998, nelle ultime due stagioni ha giocato nel Verbania","breadcrumb":{"@id":"https:\/\/staging.varesenews.it\/2020\/08\/federico-gatti-primo-acquisto-della-pro-patria\/951920\/#breadcrumb"},"inLanguage":"it-IT","potentialAction":[{"@type":"ReadAction","target":["https:\/\/staging.varesenews.it\/2020\/08\/federico-gatti-primo-acquisto-della-pro-patria\/951920\/"]}]},{"@type":"BreadcrumbList","@id":"https:\/\/staging.varesenews.it\/2020\/08\/federico-gatti-primo-acquisto-della-pro-patria\/951920\/#breadcrumb","itemListElement":[{"@type":"ListItem","position":1,"name":"Home","item":"https:\/\/www.varesenews.it\/"},{"@type":"ListItem","position":2,"name":"Federico Gatti \u00e8 il primo acquisto della Pro Patria"}]},{"@type":"WebSite","@id":"https:\/\/staging.varesenews.it\/#website","url":"https:\/\/staging.varesenews.it\/","name":"VareseNews","description":"","potentialAction":[{"@type":"SearchAction","target":{"@type":"EntryPoint","urlTemplate":"https:\/\/staging.varesenews.it\/?s={search_term_string}"},"query-input":"required name=search_term_string"}],"inLanguage":"it-IT"},{"@type":"Person","@id":"https:\/\/staging.varesenews.it\/#\/schema\/person\/e82236e79160d30d4e1f942004ac3038","name":"Francesco Mazzoleni","image":{"@type":"ImageObject","inLanguage":"it-IT","@id":"https:\/\/staging.varesenews.it\/#\/schema\/person\/image\/","url":"https:\/\/staging.varesenews.it\/wp-content\/uploads\/2020\/12\/francesco_mazzoleni_colori_500-1.jpg","contentUrl":"https:\/\/staging.varesenews.it\/wp-content\/uploads\/2020\/12\/francesco_mazzoleni_colori_500-1.jpg","caption":"Francesco Mazzoleni"},"description":"\"Uomo di campo\" della redazione sportiva. Nutro una vera passione per il calcio, che sia ad alti livelli, sui campi di provincia o in altri continenti. Sono nato a Varese nel 1984, vivo da sempre a Malnate e ho una laurea in Scienze Motorie. Ho mosso i primi passi a VareseNews da stagista nel 2002; nel 2008 ho iniziato a collaborare con maggiore continuit\u00e0 e dal 2018 sono giornalista professionista. Orgoglioso pap\u00e0 di Federico e Adelaide.","sameAs":["fmazzof","it.linkedin.com\/in\/francescomazzolenif","https:\/\/twitter.com\/fmazzof"],"url":"https:\/\/staging.varesenews.it\/persona\/francesco_mazzoleniferracini\/"}]}},"post_meta":{"_edit_lock":"1596644136:37","_edit_last":"37","_oembed_52c257c03d8371315dbb621ce7f557c0":"<blockquote class=\"wp-embedded-content\" data-secret=\"ukpLW8ynqr\"><a href=\"https:\/\/www.varesenews.it\/2020\/08\/pro-patria-precampionato-mercato\/947443\/\">Pro Patria, precampionato e mercato<\/a><\/blockquote><iframe class=\"wp-embedded-content\" sandbox=\"allow-scripts\" security=\"restricted\" style=\"position: absolute; clip: rect(1px, 1px, 1px, 1px);\" src=\"https:\/\/www.varesenews.it\/2020\/08\/pro-patria-precampionato-mercato\/947443\/embed\/#?secret=ukpLW8ynqr\" data-secret=\"ukpLW8ynqr\" width=\"500\" height=\"282\" title=\"&#8220;Pro Patria, precampionato e mercato&#8221; &#8212; VareseNews\" frameborder=\"0\" marginwidth=\"0\" marginheight=\"0\" scrolling=\"no\"><\/iframe>","_oembed_time_52c257c03d8371315dbb621ce7f557c0":"1596642898","_category_permalink":"a:1:{s:8:\"category\";s:2:\"14\";}","foto":"1167992","firma-personalizzata":"fmf","argomento":"Calcio","_yoast_wpseo_content_score":"60","_jd_tweet_this":"yes","_oembed_cfa944c51a9ada477828fc6b72473537":"<div id=\"fb-root\"><\/div><script async=\"1\" defer=\"1\" crossorigin=\"anonymous\" src=\"https:\/\/connect.facebook.net\/it_IT\/sdk.js#xfbml=1&amp;version=v8.0\" nonce=\"9db4hS5M\"><\/script><div class=\"fb-post\" data-href=\"https:\/\/www.facebook.com\/aurorapropatria1919official\/photos\/a.1520649964819639\/2684303131787644\/\" data-width=\"500\"><blockquote cite=\"https:\/\/www.facebook.com\/aurorapropatria1919official\/photos\/a.1520649964819639\/2684303131787644\/?type=3\" class=\"fb-xfbml-parse-ignore\"><p>GATTI IN DIFESA DELLA PROAurora Pro Patria 1919 comunica di aver ingaggiato il calciatore Federico Gatti.Il...<\/p>Pubblicato da <a href=\"https:\/\/www.facebook.com\/aurorapropatria1919official\/\">Aurora Pro Patria 1919 - Official<\/a> su&nbsp;<a href=\"https:\/\/www.facebook.com\/aurorapropatria1919official\/photos\/a.1520649964819639\/2684303131787644\/?type=3\">Mercoled\u00ec 5 agosto 2020<\/a><\/blockquote><\/div>","_oembed_time_cfa944c51a9ada477828fc6b72473537":"1596643619","_encloseme":"1","ratings_users":"0","ratings_score":"0","ratings_average":"0","_wpt_short_url":"https:\/\/www.varesenews.it\/2020\/08\/federico-gatti-primo-acquisto-della-pro-patria\/951920\/","_wp_jd_target":"https:\/\/www.varesenews.it\/2020\/08\/federico-gatti-primo-acquisto-della-pro-patria\/951920\/","_jd_wp_twitter":"a:1:{i:0;s:168:\"Federico Gatti \u00e8 il primo acquisto della Pro Patria https:\/\/www.varesenews.it\/2020\/08\/federico-gatti-primo-acquisto-della-pro-patria\/951920\/ #calcio #ProPatria #seriec\";}","_wpt_status_message":"Tweet inviato con successo."},"photos":[{"original":"https:\/\/staging.varesenews.it\/photogallery_new\/images\/2020\/08\/pro-patria-federico-gatti-1167992.jpg","full":"https:\/\/staging.varesenews.it\/photogallery_new\/images\/2020\/08\/pro-patria-federico-gatti-1167992.1024x768.jpg","large":"https:\/\/staging.varesenews.it\/photogallery_new\/images\/2020\/08\/pro-patria-federico-gatti-1167992.610x431.jpg"}],"_links":{"self":[{"href":"https:\/\/staging.varesenews.it\/swgapi\/v1\/wp\/v2\/posts\/951920"}],"collection":[{"href":"https:\/\/staging.varesenews.it\/swgapi\/v1\/wp\/v2\/posts"}],"about":[{"href":"https:\/\/staging.varesenews.it\/swgapi\/v1\/wp\/v2\/types\/post"}],"author":[{"embeddable":true,"href":"https:\/\/staging.varesenews.it\/swgapi\/v1\/wp\/v2\/users\/37"}],"replies":[{"embeddable":true,"href":"https:\/\/staging.varesenews.it\/swgapi\/v1\/wp\/v2\/comments?post=951920"}],"version-history":[{"count":0,"href":"https:\/\/staging.varesenews.it\/swgapi\/v1\/wp\/v2\/posts\/951920\/revisions"}],"wp:attachment":[{"href":"https:\/\/staging.varesenews.it\/swgapi\/v1\/wp\/v2\/media?parent=951920"}],"wp:term":[{"taxonomy":"category","embeddable":true,"href":"https:\/\/staging.varesenews.it\/swgapi\/v1\/wp\/v2\/categories?post=951920"},{"taxonomy":"post_tag","embeddable":true,"href":"https:\/\/staging.varesenews.it\/swgapi\/v1\/wp\/v2\/tags?post=951920"}],"curies":[{"name":"wp","href":"https:\/\/api.w.org\/{rel}","templated":true}]}}