{"id":954417,"date":"2020-08-18T16:41:29","date_gmt":"2020-08-18T14:41:29","guid":{"rendered":"https:\/\/www.varesenews.it\/?p=954417"},"modified":"2020-08-18T16:46:53","modified_gmt":"2020-08-18T14:46:53","slug":"nuove-modalita-accesso-allospedale-circolo","status":"publish","type":"post","link":"https:\/\/staging.varesenews.it\/2020\/08\/nuove-modalita-accesso-allospedale-circolo\/954417\/","title":{"rendered":"Nuove modalit\u00e0 di accesso all&#8217;Ospedale di Circolo"},"content":{"rendered":"<p>Da domattina scattano <strong>nuove regole per accedere all&#8217;Ospedale di Circolo<\/strong>.<\/p>\n<p>In attuazione delle disposizioni previste nel decreto 9583 del 6 agosto scorso emanato dalla Direzione Generale Welfare di Regione Lombardia, ASST dei Sette Laghi ha messo a punto<strong> un nuovo sistema di accessi che garantisce al tempo stesso maggior controllo e pi\u00f9 fluidit\u00e0 per evitare assembramenti e code e assicurare il pieno rispetto delle norme di distanziamento.<\/strong><\/p>\n<p>Nel decreto citato si sottolinea fra l&#8217;altro che &#8220;in linea generale l&#8217;accesso alla struttura sanitaria dev&#8217;essere consentito solo a chi ne ha effettiva necessit\u00e0 tenendo conto dei volumi di afflusso e in modo da evitare gli assembramenti. <strong>Dev&#8217;essere altres\u00ec privilegiato quanto pi\u00f9 possibile l&#8217;accesso alle prestazioni sanitarie previa prenotazione&#8221;<\/strong>.<\/p>\n<p>L&#8217;Azienda si \u00e8 perci\u00f2 dotata di nuovo personale di vigilanza che presidier\u00e0 i varchi di accesso, controller\u00e0 la temperatura e indirizzer\u00e0 l&#8217;utenza a reparti e ambulatori cos\u00ec come al CUP per le prenotazioni. Non verr\u00e0 pi\u00f9 rilasciato alcun badge agli utenti e il personale non sar\u00e0 pi\u00f9 tenuto a firmare i fogli firma.<\/p>\n<p>Ricordiamo ancora una volta che per accedere in ospedale e nelle altre strutture dell&#8217;Azienda la temperatura corporea non deve superare i 37,5\u00b0, occorre indossare la mascherina di tipo chirurgico (a chi ne fosse sprovvisto verr\u00e0 fornito ai varchi un esemplare del modello attualmente disponibile), \u00e8 vietato presentarsi con un anticipo superiore a 15 minuti rispetto all&#8217;orario dell&#8217;appuntamento, non si possono accompagnare i pazienti salvo i casi previsti (persone non autosufficienti, diversamente abili, ecc.)<\/p>\n<p>Ecco i check point attivi dalle h.07.00 alle h.19.00 dal luned\u00ec alla domenica:<br \/>\n1) Via Lazio (pedonale per utenti e dipendenti)<br \/>\n2) Via Lazio (automobilistico per utenti e dipendenti) Le autovetture in entrata da Via Lazio saranno controllate all&#8217;altezza dell&#8217;ingresso di Via Tamagno che sar\u00e0 chiuso ai pedoni sia in entrata che in uscita. Via Tamagno rester\u00e0 aperto solo in uscita per i veicoli che a seguito dei controlli non potessero proseguire. I passeggeri delle autovetture con utenti disabili e\/o non autosufficienti dirette al Centro Prelievi del Padiglione Santa Maria verranno controllati all&#8217;ingresso del padiglione<br \/>\n3) Viale Borri (pedonale per utenti e dipendenti in entrata e uscita, autoveicoli solo in uscita).<br \/>\n4) Hall centrale di Via Guicciardini (pedonale per utenti e dipendenti in entrata e in uscita). Questo varco resta attivo h24.<br \/>\n5) Via San Michele del Carso\/Tornello (pedonale per utenti e dipendenti che provengano dai parcheggi e per i mezzi di soccorso)<br \/>\nResta attiva la possibilit\u00e0 per gli utenti disabili di parcheggiare nell&#8217;area retrostante la Medicina Legale. Il controllo temperatura verr\u00e0 effettuato al check point Tornello e l&#8217;ingresso al Monoblocco avverr\u00e0 dal retro. Al di fuori di questi orari \u00e8 necessario utilizzare la hall centrale di Via Guicciardini che \u00e8 sempre aperta. Procedure analoghe saranno estese progressivamente a tutte le strutture dell&#8217;ASST Sette Laghi. Di volta in volta verr\u00e0 data specifica comunicazione con la dovuta diffusione.<\/p>\n","protected":false},"excerpt":{"rendered":"<p>L&#8217;Azienda si \u00e8 dotata di nuovo personale di vigilanza che presidier\u00e0 i varchi di accesso, controller\u00e0 la temperatura e indirizzer\u00e0 l&#8217;utenza a reparti e ambulatori<\/p>\n","protected":false},"author":43,"featured_media":0,"comment_status":"open","ping_status":"open","sticky":false,"template":"","format":"standard","meta":{"footnotes":""},"categories":[24,2],"tags":[64796,113],"acf":[],"yoast_head":"<!-- This site is optimized with the Yoast SEO plugin v20.1 - https:\/\/yoast.com\/wordpress\/plugins\/seo\/ -->\n<title>Nuove modalit\u00e0 di accesso all&#039;Ospedale di Circolo<\/title>\n<meta name=\"description\" content=\"L&#039;Azienda si \u00e8 dotata di nuovo personale di vigilanza che presidier\u00e0 i varchi di accesso, controller\u00e0 la temperatura e indirizzer\u00e0 l&#039;utenza a reparti e ambulatori\" \/>\n<meta name=\"robots\" content=\"noindex, follow, max-snippet:-1, max-image-preview:large, max-video-preview:-1\" \/>\n<meta property=\"og:locale\" content=\"it_IT\" \/>\n<meta property=\"og:type\" content=\"article\" \/>\n<meta property=\"og:title\" content=\"Nuove modalit\u00e0 di accesso all&#039;Ospedale di Circolo\" \/>\n<meta property=\"og:description\" content=\"L&#039;Azienda si \u00e8 dotata di nuovo personale di vigilanza che presidier\u00e0 i varchi di accesso, controller\u00e0 la temperatura e indirizzer\u00e0 l&#039;utenza a reparti e ambulatori\" \/>\n<meta property=\"og:url\" content=\"https:\/\/staging.varesenews.it\/2020\/08\/nuove-modalita-accesso-allospedale-circolo\/954417\/\" \/>\n<meta property=\"og:site_name\" content=\"VareseNews\" \/>\n<meta property=\"article:publisher\" content=\"https:\/\/www.facebook.com\/varesenews\" \/>\n<meta property=\"article:author\" content=\"https:\/\/www.facebook.com\/mariacarla.cebrelli\" \/>\n<meta property=\"article:published_time\" content=\"2020-08-18T14:41:29+00:00\" \/>\n<meta property=\"article:modified_time\" content=\"2020-08-18T14:46:53+00:00\" \/>\n<meta name=\"author\" content=\"Maria Carla Cebrelli\" \/>\n<meta name=\"twitter:card\" content=\"summary_large_image\" \/>\n<meta name=\"twitter:creator\" content=\"@pikapiketti\" \/>\n<meta name=\"twitter:site\" content=\"@varesenews\" \/>\n<meta name=\"twitter:label1\" content=\"Scritto da\" \/>\n\t<meta name=\"twitter:data1\" content=\"Maria Carla Cebrelli\" \/>\n\t<meta name=\"twitter:label2\" content=\"Tempo di lettura stimato\" \/>\n\t<meta name=\"twitter:data2\" content=\"2 minuti\" \/>\n<script type=\"application\/ld+json\" class=\"yoast-schema-graph\">{\"@context\":\"https:\/\/schema.org\",\"@graph\":[{\"@type\":\"WebPage\",\"@id\":\"https:\/\/staging.varesenews.it\/2020\/08\/nuove-modalita-accesso-allospedale-circolo\/954417\/\",\"url\":\"https:\/\/staging.varesenews.it\/2020\/08\/nuove-modalita-accesso-allospedale-circolo\/954417\/\",\"name\":\"Nuove modalit\u00e0 di accesso all'Ospedale di Circolo\",\"isPartOf\":{\"@id\":\"https:\/\/staging.varesenews.it\/#website\"},\"datePublished\":\"2020-08-18T14:41:29+00:00\",\"dateModified\":\"2020-08-18T14:46:53+00:00\",\"author\":{\"@id\":\"https:\/\/staging.varesenews.it\/#\/schema\/person\/5bf790e99d7ec50061119cc825c454de\"},\"description\":\"L'Azienda si \u00e8 dotata di nuovo personale di vigilanza che presidier\u00e0 i varchi di accesso, controller\u00e0 la temperatura e indirizzer\u00e0 l'utenza a reparti e ambulatori\",\"breadcrumb\":{\"@id\":\"https:\/\/staging.varesenews.it\/2020\/08\/nuove-modalita-accesso-allospedale-circolo\/954417\/#breadcrumb\"},\"inLanguage\":\"it-IT\",\"potentialAction\":[{\"@type\":\"ReadAction\",\"target\":[\"https:\/\/staging.varesenews.it\/2020\/08\/nuove-modalita-accesso-allospedale-circolo\/954417\/\"]}]},{\"@type\":\"BreadcrumbList\",\"@id\":\"https:\/\/staging.varesenews.it\/2020\/08\/nuove-modalita-accesso-allospedale-circolo\/954417\/#breadcrumb\",\"itemListElement\":[{\"@type\":\"ListItem\",\"position\":1,\"name\":\"Home\",\"item\":\"https:\/\/www.varesenews.it\/\"},{\"@type\":\"ListItem\",\"position\":2,\"name\":\"Nuove modalit\u00e0 di accesso all&#8217;Ospedale di Circolo\"}]},{\"@type\":\"WebSite\",\"@id\":\"https:\/\/staging.varesenews.it\/#website\",\"url\":\"https:\/\/staging.varesenews.it\/\",\"name\":\"VareseNews\",\"description\":\"\",\"potentialAction\":[{\"@type\":\"SearchAction\",\"target\":{\"@type\":\"EntryPoint\",\"urlTemplate\":\"https:\/\/staging.varesenews.it\/?s={search_term_string}\"},\"query-input\":\"required name=search_term_string\"}],\"inLanguage\":\"it-IT\"},{\"@type\":\"Person\",\"@id\":\"https:\/\/staging.varesenews.it\/#\/schema\/person\/5bf790e99d7ec50061119cc825c454de\",\"name\":\"Maria Carla Cebrelli\",\"image\":{\"@type\":\"ImageObject\",\"inLanguage\":\"it-IT\",\"@id\":\"https:\/\/staging.varesenews.it\/#\/schema\/person\/image\/\",\"url\":\"https:\/\/staging.varesenews.it\/wp-content\/uploads\/2020\/12\/mariacarla_cebrelli_colori_500-1.jpg\",\"contentUrl\":\"https:\/\/staging.varesenews.it\/wp-content\/uploads\/2020\/12\/mariacarla_cebrelli_colori_500-1.jpg\",\"caption\":\"Maria Carla Cebrelli\"},\"description\":\"Economista di formazione, giornalista per passione. A VareseNews dal 2005, mi sono occupata negli anni di universit&agrave;, tematiche di confine, news locali e comunicazione nel settore sociale. Attualmente sono responsabile di VerbanoNews, del canale di VareseNews dedicato al Turismo e seguo i social dell'area business.\",\"sameAs\":[\"https:\/\/www.facebook.com\/mariacarla.cebrelli\",\"pikapiketti\",\"https:\/\/twitter.com\/pikapiketti\"],\"url\":\"https:\/\/staging.varesenews.it\/persona\/mariacarla-cebrelli1\/\"}]}<\/script>\n<!-- \/ Yoast SEO plugin. -->","yoast_head_json":{"title":"Nuove modalit\u00e0 di accesso all'Ospedale di Circolo","description":"L'Azienda si \u00e8 dotata di nuovo personale di vigilanza che presidier\u00e0 i varchi di accesso, controller\u00e0 la temperatura e indirizzer\u00e0 l'utenza a reparti e ambulatori","robots":{"index":"noindex","follow":"follow","max-snippet":"max-snippet:-1","max-image-preview":"max-image-preview:large","max-video-preview":"max-video-preview:-1"},"og_locale":"it_IT","og_type":"article","og_title":"Nuove modalit\u00e0 di accesso all'Ospedale di Circolo","og_description":"L'Azienda si \u00e8 dotata di nuovo personale di vigilanza che presidier\u00e0 i varchi di accesso, controller\u00e0 la temperatura e indirizzer\u00e0 l'utenza a reparti e ambulatori","og_url":"https:\/\/staging.varesenews.it\/2020\/08\/nuove-modalita-accesso-allospedale-circolo\/954417\/","og_site_name":"VareseNews","article_publisher":"https:\/\/www.facebook.com\/varesenews","article_author":"https:\/\/www.facebook.com\/mariacarla.cebrelli","article_published_time":"2020-08-18T14:41:29+00:00","article_modified_time":"2020-08-18T14:46:53+00:00","author":"Maria Carla Cebrelli","twitter_card":"summary_large_image","twitter_creator":"@pikapiketti","twitter_site":"@varesenews","twitter_misc":{"Scritto da":"Maria Carla Cebrelli","Tempo di lettura stimato":"2 minuti"},"schema":{"@context":"https:\/\/schema.org","@graph":[{"@type":"WebPage","@id":"https:\/\/staging.varesenews.it\/2020\/08\/nuove-modalita-accesso-allospedale-circolo\/954417\/","url":"https:\/\/staging.varesenews.it\/2020\/08\/nuove-modalita-accesso-allospedale-circolo\/954417\/","name":"Nuove modalit\u00e0 di accesso all'Ospedale di Circolo","isPartOf":{"@id":"https:\/\/staging.varesenews.it\/#website"},"datePublished":"2020-08-18T14:41:29+00:00","dateModified":"2020-08-18T14:46:53+00:00","author":{"@id":"https:\/\/staging.varesenews.it\/#\/schema\/person\/5bf790e99d7ec50061119cc825c454de"},"description":"L'Azienda si \u00e8 dotata di nuovo personale di vigilanza che presidier\u00e0 i varchi di accesso, controller\u00e0 la temperatura e indirizzer\u00e0 l'utenza a reparti e ambulatori","breadcrumb":{"@id":"https:\/\/staging.varesenews.it\/2020\/08\/nuove-modalita-accesso-allospedale-circolo\/954417\/#breadcrumb"},"inLanguage":"it-IT","potentialAction":[{"@type":"ReadAction","target":["https:\/\/staging.varesenews.it\/2020\/08\/nuove-modalita-accesso-allospedale-circolo\/954417\/"]}]},{"@type":"BreadcrumbList","@id":"https:\/\/staging.varesenews.it\/2020\/08\/nuove-modalita-accesso-allospedale-circolo\/954417\/#breadcrumb","itemListElement":[{"@type":"ListItem","position":1,"name":"Home","item":"https:\/\/www.varesenews.it\/"},{"@type":"ListItem","position":2,"name":"Nuove modalit\u00e0 di accesso all&#8217;Ospedale di Circolo"}]},{"@type":"WebSite","@id":"https:\/\/staging.varesenews.it\/#website","url":"https:\/\/staging.varesenews.it\/","name":"VareseNews","description":"","potentialAction":[{"@type":"SearchAction","target":{"@type":"EntryPoint","urlTemplate":"https:\/\/staging.varesenews.it\/?s={search_term_string}"},"query-input":"required name=search_term_string"}],"inLanguage":"it-IT"},{"@type":"Person","@id":"https:\/\/staging.varesenews.it\/#\/schema\/person\/5bf790e99d7ec50061119cc825c454de","name":"Maria Carla Cebrelli","image":{"@type":"ImageObject","inLanguage":"it-IT","@id":"https:\/\/staging.varesenews.it\/#\/schema\/person\/image\/","url":"https:\/\/staging.varesenews.it\/wp-content\/uploads\/2020\/12\/mariacarla_cebrelli_colori_500-1.jpg","contentUrl":"https:\/\/staging.varesenews.it\/wp-content\/uploads\/2020\/12\/mariacarla_cebrelli_colori_500-1.jpg","caption":"Maria Carla Cebrelli"},"description":"Economista di formazione, giornalista per passione. A VareseNews dal 2005, mi sono occupata negli anni di universit&agrave;, tematiche di confine, news locali e comunicazione nel settore sociale. Attualmente sono responsabile di VerbanoNews, del canale di VareseNews dedicato al Turismo e seguo i social dell'area business.","sameAs":["https:\/\/www.facebook.com\/mariacarla.cebrelli","pikapiketti","https:\/\/twitter.com\/pikapiketti"],"url":"https:\/\/staging.varesenews.it\/persona\/mariacarla-cebrelli1\/"}]}},"post_meta":{"_edit_lock":"1597762283:43","_edit_last":"43","_category_permalink":"a:1:{s:8:\"category\";s:0:\"\";}","_encloseme":"1","ratings_users":"0","ratings_score":"0","ratings_average":"0","foto":"796798","firma_come_redazione":"1","argomento":"Varese","_yoast_wpseo_content_score":"30","_jd_tweet_this":"yes","_wpt_short_url":"https:\/\/www.varesenews.it\/2020\/08\/nuove-modalita-accesso-allospedale-circolo\/954417\/","_wp_jd_target":"https:\/\/www.varesenews.it\/2020\/08\/nuove-modalita-accesso-allospedale-circolo\/954417\/","_jd_wp_twitter":"a:1:{i:0;s:138:\"Nuove modalit\u00e0 di accesso all\u2019Ospedale di Circolo https:\/\/www.varesenews.it\/2020\/08\/nuove-modalita-accesso-allospedale-circolo\/954417\/ \";}","_wpt_status_message":"Tweet inviato con successo."},"photos":[{"original":"https:\/\/staging.varesenews.it\/photogallery_new\/images\/2020\/04\/pronto-soccorso-ospedale-circolo-varese-796798.jpg","full":"https:\/\/staging.varesenews.it\/photogallery_new\/images\/2020\/04\/pronto-soccorso-ospedale-circolo-varese-796798.1024x768.jpg","large":"https:\/\/staging.varesenews.it\/photogallery_new\/images\/2020\/04\/pronto-soccorso-ospedale-circolo-varese-796798.610x431.jpg"}],"_links":{"self":[{"href":"https:\/\/staging.varesenews.it\/swgapi\/v1\/wp\/v2\/posts\/954417"}],"collection":[{"href":"https:\/\/staging.varesenews.it\/swgapi\/v1\/wp\/v2\/posts"}],"about":[{"href":"https:\/\/staging.varesenews.it\/swgapi\/v1\/wp\/v2\/types\/post"}],"author":[{"embeddable":true,"href":"https:\/\/staging.varesenews.it\/swgapi\/v1\/wp\/v2\/users\/43"}],"replies":[{"embeddable":true,"href":"https:\/\/staging.varesenews.it\/swgapi\/v1\/wp\/v2\/comments?post=954417"}],"version-history":[{"count":0,"href":"https:\/\/staging.varesenews.it\/swgapi\/v1\/wp\/v2\/posts\/954417\/revisions"}],"wp:attachment":[{"href":"https:\/\/staging.varesenews.it\/swgapi\/v1\/wp\/v2\/media?parent=954417"}],"wp:term":[{"taxonomy":"category","embeddable":true,"href":"https:\/\/staging.varesenews.it\/swgapi\/v1\/wp\/v2\/categories?post=954417"},{"taxonomy":"post_tag","embeddable":true,"href":"https:\/\/staging.varesenews.it\/swgapi\/v1\/wp\/v2\/tags?post=954417"}],"curies":[{"name":"wp","href":"https:\/\/api.w.org\/{rel}","templated":true}]}}